{"id":47506,"date":"2023-03-05T07:43:41","date_gmt":"2023-03-05T12:43:41","guid":{"rendered":"https:\/\/luchonoticias.com\/?p=47506"},"modified":"2023-03-05T07:43:42","modified_gmt":"2023-03-05T12:43:42","slug":"prision-a-terapeuta-que-presuntamente-abuso-sexualmente-de-una-menor-en-un-centro-de-proteccion","status":"publish","type":"post","link":"https:\/\/luchonoticias.com\/editor\/prision-a-terapeuta-que-presuntamente-abuso-sexualmente-de-una-menor-en-un-centro-de-proteccion\/","title":{"rendered":"Prisi\u00f3n a terapeuta que presuntamente abus\u00f3 sexualmente de una menor en un Centro de Protecci\u00f3n"},"content":{"rendered":"\n<p>Por solicitud de un fiscal del Caivas de Funza, adscrito a la Seccional Cundinamarca, un juez con funci\u00f3n de control de garant\u00edas de Bogot\u00e1 impuso medida de aseguramiento en c\u00e1rcel contra Ramiro Ib\u00e1\u00f1ez quien se desempe\u00f1aba como terapeuta y cuidador de un centro de protecci\u00f3n para menores de edad.<\/p>\n\n\n\n<p>Seg\u00fan la investigaci\u00f3n, los hechos ocurrieron entre agosto y octubre de 2022, en una instituci\u00f3n que alberga a menores de edad que requieren protecci\u00f3n especial y donde laboraba el presunto agresor. El material de prueba recaudado demuestra que el investigado pudo haber incurrido en actos sexuales violentos con una ni\u00f1a de 12 a\u00f1os que se encontraba interna en la fundaci\u00f3n.<\/p>\n\n\n\n<p>Al parecer, al procesado le era encomendado el cuidado de los adolescentes durante las horas de la noche. Este horario habr\u00eda sido aprovechado por el hombre para, presuntamente, incurrir en tocamientos de \u00edndole sexual contra la v\u00edctima.<\/p>\n\n\n\n<p>La Fiscal\u00eda cuenta con evidencia que permite establecer que la menor de edad era sometida a tratos crueles cuando se resist\u00eda a los abusos, como realizar actividades f\u00edsicas hasta altas horas de la noche a manera de castigo.<\/p>\n\n\n\n<p>Este caso fue denunciado por la v\u00edctima luego de que lograr huir de la referida instituci\u00f3n, cuando le fue concedido un permiso para asistir a una cita m\u00e9dica. Solo hasta a ese momento pudo informarle a sus padres y a las autoridades lo sucedido.<\/p>\n\n\n\n<p>El presunto agresor fue capturado por servidores del Cuerpo T\u00e9cnico de Investigaci\u00f3n (CTI) y la Polic\u00eda Nacional en Cota (Cundinamarca). La Fiscal\u00eda le imput\u00f3 los delitos de actos sexuales \u00a0violentos agravados.<\/p>\n\n\n\n<figure class=\"wp-block-video\"><video autoplay controls src=\"https:\/\/luchonoticias.com\/wp-content\/uploads\/2023\/03\/WhatsApp-Video-2023-03-04-at-1.58.54-PM-1.mp4\"><\/video><\/figure>\n","protected":false},"excerpt":{"rendered":"<p>Por solicitud de un fiscal del Caivas de Funza, adscrito a la Seccional Cundinamarca, un juez con funci\u00f3n de control de garant\u00edas de Bogot\u00e1 impuso medida de aseguramiento en c\u00e1rcel contra Ramiro Ib\u00e1\u00f1ez quien se desempe\u00f1aba como terapeuta y cuidador de un centro de protecci\u00f3n para menores de edad. Seg\u00fan la investigaci\u00f3n, los hechos ocurrieron [&hellip;]<\/p>\n","protected":false},"author":2,"featured_media":0,"comment_status":"open","ping_status":"open","sticky":false,"template":"","format":"standard","meta":{"footnotes":""},"categories":[36,29],"tags":[],"class_list":["post-47506","post","type-post","status-publish","format-standard","hentry","category-destacado","category-judicial"],"yoast_head":"<!-- This site is optimized with the Yoast SEO plugin v26.6 - https:\/\/yoast.com\/wordpress\/plugins\/seo\/ -->\n<title>Prisi\u00f3n a terapeuta que presuntamente abus\u00f3 sexualmente de una menor en un Centro de Protecci\u00f3n -<\/title>\n<meta name=\"robots\" content=\"index, follow, max-snippet:-1, max-image-preview:large, max-video-preview:-1\" \/>\n<link rel=\"canonical\" href=\"https:\/\/luchonoticias.com\/editor\/prision-a-terapeuta-que-presuntamente-abuso-sexualmente-de-una-menor-en-un-centro-de-proteccion\/\" \/>\n<meta property=\"og:locale\" content=\"es_ES\" \/>\n<meta property=\"og:type\" content=\"article\" \/>\n<meta property=\"og:title\" content=\"Prisi\u00f3n a terapeuta que presuntamente abus\u00f3 sexualmente de una menor en un Centro de Protecci\u00f3n -\" \/>\n<meta property=\"og:url\" content=\"https:\/\/luchonoticias.com\/editor\/prision-a-terapeuta-que-presuntamente-abuso-sexualmente-de-una-menor-en-un-centro-de-proteccion\/\" \/>\n<meta property=\"article:publisher\" content=\"https:\/\/www.facebook.com\/luchonoticiasneiva\" \/>\n<meta property=\"article:published_time\" content=\"2023-03-05T12:43:41+00:00\" \/>\n<meta property=\"article:modified_time\" content=\"2023-03-05T12:43:42+00:00\" \/>\n<meta name=\"author\" content=\"Editor General\" \/>\n<meta name=\"twitter:card\" content=\"summary_large_image\" \/>\n<meta name=\"twitter:label1\" content=\"Escrito por\" \/>\n\t<meta name=\"twitter:data1\" content=\"Editor General\" \/>\n\t<meta name=\"twitter:label2\" content=\"Tiempo de lectura\" \/>\n\t<meta name=\"twitter:data2\" content=\"1 minuto\" \/>\n<script type=\"application\/ld+json\" class=\"yoast-schema-graph\">{\"@context\":\"https:\/\/schema.org\",\"@graph\":[{\"@type\":\"Article\",\"@id\":\"https:\/\/luchonoticias.com\/editor\/prision-a-terapeuta-que-presuntamente-abuso-sexualmente-de-una-menor-en-un-centro-de-proteccion\/#article\",\"isPartOf\":{\"@id\":\"https:\/\/luchonoticias.com\/editor\/prision-a-terapeuta-que-presuntamente-abuso-sexualmente-de-una-menor-en-un-centro-de-proteccion\/\"},\"author\":{\"name\":\"Editor General\",\"@id\":\"https:\/\/luchonoticias.com\/editor\/#\/schema\/person\/29217990ddf6f14e35912b2866d591fb\"},\"headline\":\"Prisi\u00f3n a terapeuta que presuntamente abus\u00f3 sexualmente de una menor en un Centro de Protecci\u00f3n\",\"datePublished\":\"2023-03-05T12:43:41+00:00\",\"dateModified\":\"2023-03-05T12:43:42+00:00\",\"mainEntityOfPage\":{\"@id\":\"https:\/\/luchonoticias.com\/editor\/prision-a-terapeuta-que-presuntamente-abuso-sexualmente-de-una-menor-en-un-centro-de-proteccion\/\"},\"wordCount\":299,\"commentCount\":0,\"publisher\":{\"@id\":\"https:\/\/luchonoticias.com\/editor\/#\/schema\/person\/7a7fd911f58561fd056dbac7b55af9cd\"},\"articleSection\":[\"Destacado\",\"Judicial\"],\"inLanguage\":\"es\",\"potentialAction\":[{\"@type\":\"CommentAction\",\"name\":\"Comment\",\"target\":[\"https:\/\/luchonoticias.com\/editor\/prision-a-terapeuta-que-presuntamente-abuso-sexualmente-de-una-menor-en-un-centro-de-proteccion\/#respond\"]}]},{\"@type\":\"WebPage\",\"@id\":\"https:\/\/luchonoticias.com\/editor\/prision-a-terapeuta-que-presuntamente-abuso-sexualmente-de-una-menor-en-un-centro-de-proteccion\/\",\"url\":\"https:\/\/luchonoticias.com\/editor\/prision-a-terapeuta-que-presuntamente-abuso-sexualmente-de-una-menor-en-un-centro-de-proteccion\/\",\"name\":\"Prisi\u00f3n a terapeuta que presuntamente abus\u00f3 sexualmente de una menor en un Centro de Protecci\u00f3n -\",\"isPartOf\":{\"@id\":\"https:\/\/luchonoticias.com\/editor\/#website\"},\"datePublished\":\"2023-03-05T12:43:41+00:00\",\"dateModified\":\"2023-03-05T12:43:42+00:00\",\"breadcrumb\":{\"@id\":\"https:\/\/luchonoticias.com\/editor\/prision-a-terapeuta-que-presuntamente-abuso-sexualmente-de-una-menor-en-un-centro-de-proteccion\/#breadcrumb\"},\"inLanguage\":\"es\",\"potentialAction\":[{\"@type\":\"ReadAction\",\"target\":[\"https:\/\/luchonoticias.com\/editor\/prision-a-terapeuta-que-presuntamente-abuso-sexualmente-de-una-menor-en-un-centro-de-proteccion\/\"]}]},{\"@type\":\"BreadcrumbList\",\"@id\":\"https:\/\/luchonoticias.com\/editor\/prision-a-terapeuta-que-presuntamente-abuso-sexualmente-de-una-menor-en-un-centro-de-proteccion\/#breadcrumb\",\"itemListElement\":[{\"@type\":\"ListItem\",\"position\":1,\"name\":\"Portada\",\"item\":\"https:\/\/luchonoticias.com\/editor\/\"},{\"@type\":\"ListItem\",\"position\":2,\"name\":\"Prisi\u00f3n a terapeuta que presuntamente abus\u00f3 sexualmente de una menor en un Centro de Protecci\u00f3n\"}]},{\"@type\":\"WebSite\",\"@id\":\"https:\/\/luchonoticias.com\/editor\/#website\",\"url\":\"https:\/\/luchonoticias.com\/editor\/\",\"name\":\"\",\"description\":\"\",\"publisher\":{\"@id\":\"https:\/\/luchonoticias.com\/editor\/#\/schema\/person\/7a7fd911f58561fd056dbac7b55af9cd\"},\"potentialAction\":[{\"@type\":\"SearchAction\",\"target\":{\"@type\":\"EntryPoint\",\"urlTemplate\":\"https:\/\/luchonoticias.com\/editor\/?s={search_term_string}\"},\"query-input\":{\"@type\":\"PropertyValueSpecification\",\"valueRequired\":true,\"valueName\":\"search_term_string\"}}],\"inLanguage\":\"es\"},{\"@type\":[\"Person\",\"Organization\"],\"@id\":\"https:\/\/luchonoticias.com\/editor\/#\/schema\/person\/7a7fd911f58561fd056dbac7b55af9cd\",\"name\":\"admin\",\"image\":{\"@type\":\"ImageObject\",\"inLanguage\":\"es\",\"@id\":\"https:\/\/luchonoticias.com\/editor\/#\/schema\/person\/image\/\",\"url\":\"https:\/\/luchonoticias.com\/editor\/wp-content\/uploads\/2024\/02\/cropped-cropped-logolu.webp\",\"contentUrl\":\"https:\/\/luchonoticias.com\/editor\/wp-content\/uploads\/2024\/02\/cropped-cropped-logolu.webp\",\"width\":382,\"height\":170,\"caption\":\"admin\"},\"logo\":{\"@id\":\"https:\/\/luchonoticias.com\/editor\/#\/schema\/person\/image\/\"},\"sameAs\":[\"https:\/\/www.facebook.com\/luchonoticiasneiva\"]},{\"@type\":\"Person\",\"@id\":\"https:\/\/luchonoticias.com\/editor\/#\/schema\/person\/29217990ddf6f14e35912b2866d591fb\",\"name\":\"Editor General\",\"image\":{\"@type\":\"ImageObject\",\"inLanguage\":\"es\",\"@id\":\"https:\/\/luchonoticias.com\/editor\/#\/schema\/person\/image\/\",\"url\":\"https:\/\/luchonoticias.com\/editor\/wp-content\/uploads\/2024\/02\/cropped-cropped-logolu-150x150.webp\",\"contentUrl\":\"https:\/\/luchonoticias.com\/editor\/wp-content\/uploads\/2024\/02\/cropped-cropped-logolu-150x150.webp\",\"caption\":\"Editor General\"},\"sameAs\":[\"https:\/\/luchonoticias.com\/\"],\"url\":\"https:\/\/luchonoticias.com\/editor\/author\/editor-general\/\"}]}<\/script>\n<!-- \/ Yoast SEO plugin. -->","yoast_head_json":{"title":"Prisi\u00f3n a terapeuta que presuntamente abus\u00f3 sexualmente de una menor en un Centro de Protecci\u00f3n -","robots":{"index":"index","follow":"follow","max-snippet":"max-snippet:-1","max-image-preview":"max-image-preview:large","max-video-preview":"max-video-preview:-1"},"canonical":"https:\/\/luchonoticias.com\/editor\/prision-a-terapeuta-que-presuntamente-abuso-sexualmente-de-una-menor-en-un-centro-de-proteccion\/","og_locale":"es_ES","og_type":"article","og_title":"Prisi\u00f3n a terapeuta que presuntamente abus\u00f3 sexualmente de una menor en un Centro de Protecci\u00f3n -","og_url":"https:\/\/luchonoticias.com\/editor\/prision-a-terapeuta-que-presuntamente-abuso-sexualmente-de-una-menor-en-un-centro-de-proteccion\/","article_publisher":"https:\/\/www.facebook.com\/luchonoticiasneiva","article_published_time":"2023-03-05T12:43:41+00:00","article_modified_time":"2023-03-05T12:43:42+00:00","author":"Editor General","twitter_card":"summary_large_image","twitter_misc":{"Escrito por":"Editor General","Tiempo de lectura":"1 minuto"},"schema":{"@context":"https:\/\/schema.org","@graph":[{"@type":"Article","@id":"https:\/\/luchonoticias.com\/editor\/prision-a-terapeuta-que-presuntamente-abuso-sexualmente-de-una-menor-en-un-centro-de-proteccion\/#article","isPartOf":{"@id":"https:\/\/luchonoticias.com\/editor\/prision-a-terapeuta-que-presuntamente-abuso-sexualmente-de-una-menor-en-un-centro-de-proteccion\/"},"author":{"name":"Editor General","@id":"https:\/\/luchonoticias.com\/editor\/#\/schema\/person\/29217990ddf6f14e35912b2866d591fb"},"headline":"Prisi\u00f3n a terapeuta que presuntamente abus\u00f3 sexualmente de una menor en un Centro de Protecci\u00f3n","datePublished":"2023-03-05T12:43:41+00:00","dateModified":"2023-03-05T12:43:42+00:00","mainEntityOfPage":{"@id":"https:\/\/luchonoticias.com\/editor\/prision-a-terapeuta-que-presuntamente-abuso-sexualmente-de-una-menor-en-un-centro-de-proteccion\/"},"wordCount":299,"commentCount":0,"publisher":{"@id":"https:\/\/luchonoticias.com\/editor\/#\/schema\/person\/7a7fd911f58561fd056dbac7b55af9cd"},"articleSection":["Destacado","Judicial"],"inLanguage":"es","potentialAction":[{"@type":"CommentAction","name":"Comment","target":["https:\/\/luchonoticias.com\/editor\/prision-a-terapeuta-que-presuntamente-abuso-sexualmente-de-una-menor-en-un-centro-de-proteccion\/#respond"]}]},{"@type":"WebPage","@id":"https:\/\/luchonoticias.com\/editor\/prision-a-terapeuta-que-presuntamente-abuso-sexualmente-de-una-menor-en-un-centro-de-proteccion\/","url":"https:\/\/luchonoticias.com\/editor\/prision-a-terapeuta-que-presuntamente-abuso-sexualmente-de-una-menor-en-un-centro-de-proteccion\/","name":"Prisi\u00f3n a terapeuta que presuntamente abus\u00f3 sexualmente de una menor en un Centro de Protecci\u00f3n -","isPartOf":{"@id":"https:\/\/luchonoticias.com\/editor\/#website"},"datePublished":"2023-03-05T12:43:41+00:00","dateModified":"2023-03-05T12:43:42+00:00","breadcrumb":{"@id":"https:\/\/luchonoticias.com\/editor\/prision-a-terapeuta-que-presuntamente-abuso-sexualmente-de-una-menor-en-un-centro-de-proteccion\/#breadcrumb"},"inLanguage":"es","potentialAction":[{"@type":"ReadAction","target":["https:\/\/luchonoticias.com\/editor\/prision-a-terapeuta-que-presuntamente-abuso-sexualmente-de-una-menor-en-un-centro-de-proteccion\/"]}]},{"@type":"BreadcrumbList","@id":"https:\/\/luchonoticias.com\/editor\/prision-a-terapeuta-que-presuntamente-abuso-sexualmente-de-una-menor-en-un-centro-de-proteccion\/#breadcrumb","itemListElement":[{"@type":"ListItem","position":1,"name":"Portada","item":"https:\/\/luchonoticias.com\/editor\/"},{"@type":"ListItem","position":2,"name":"Prisi\u00f3n a terapeuta que presuntamente abus\u00f3 sexualmente de una menor en un Centro de Protecci\u00f3n"}]},{"@type":"WebSite","@id":"https:\/\/luchonoticias.com\/editor\/#website","url":"https:\/\/luchonoticias.com\/editor\/","name":"","description":"","publisher":{"@id":"https:\/\/luchonoticias.com\/editor\/#\/schema\/person\/7a7fd911f58561fd056dbac7b55af9cd"},"potentialAction":[{"@type":"SearchAction","target":{"@type":"EntryPoint","urlTemplate":"https:\/\/luchonoticias.com\/editor\/?s={search_term_string}"},"query-input":{"@type":"PropertyValueSpecification","valueRequired":true,"valueName":"search_term_string"}}],"inLanguage":"es"},{"@type":["Person","Organization"],"@id":"https:\/\/luchonoticias.com\/editor\/#\/schema\/person\/7a7fd911f58561fd056dbac7b55af9cd","name":"admin","image":{"@type":"ImageObject","inLanguage":"es","@id":"https:\/\/luchonoticias.com\/editor\/#\/schema\/person\/image\/","url":"https:\/\/luchonoticias.com\/editor\/wp-content\/uploads\/2024\/02\/cropped-cropped-logolu.webp","contentUrl":"https:\/\/luchonoticias.com\/editor\/wp-content\/uploads\/2024\/02\/cropped-cropped-logolu.webp","width":382,"height":170,"caption":"admin"},"logo":{"@id":"https:\/\/luchonoticias.com\/editor\/#\/schema\/person\/image\/"},"sameAs":["https:\/\/www.facebook.com\/luchonoticiasneiva"]},{"@type":"Person","@id":"https:\/\/luchonoticias.com\/editor\/#\/schema\/person\/29217990ddf6f14e35912b2866d591fb","name":"Editor General","image":{"@type":"ImageObject","inLanguage":"es","@id":"https:\/\/luchonoticias.com\/editor\/#\/schema\/person\/image\/","url":"https:\/\/luchonoticias.com\/editor\/wp-content\/uploads\/2024\/02\/cropped-cropped-logolu-150x150.webp","contentUrl":"https:\/\/luchonoticias.com\/editor\/wp-content\/uploads\/2024\/02\/cropped-cropped-logolu-150x150.webp","caption":"Editor General"},"sameAs":["https:\/\/luchonoticias.com\/"],"url":"https:\/\/luchonoticias.com\/editor\/author\/editor-general\/"}]}},"_links":{"self":[{"href":"https:\/\/luchonoticias.com\/editor\/wp-json\/wp\/v2\/posts\/47506","targetHints":{"allow":["GET"]}}],"collection":[{"href":"https:\/\/luchonoticias.com\/editor\/wp-json\/wp\/v2\/posts"}],"about":[{"href":"https:\/\/luchonoticias.com\/editor\/wp-json\/wp\/v2\/types\/post"}],"author":[{"embeddable":true,"href":"https:\/\/luchonoticias.com\/editor\/wp-json\/wp\/v2\/users\/2"}],"replies":[{"embeddable":true,"href":"https:\/\/luchonoticias.com\/editor\/wp-json\/wp\/v2\/comments?post=47506"}],"version-history":[{"count":0,"href":"https:\/\/luchonoticias.com\/editor\/wp-json\/wp\/v2\/posts\/47506\/revisions"}],"wp:attachment":[{"href":"https:\/\/luchonoticias.com\/editor\/wp-json\/wp\/v2\/media?parent=47506"}],"wp:term":[{"taxonomy":"category","embeddable":true,"href":"https:\/\/luchonoticias.com\/editor\/wp-json\/wp\/v2\/categories?post=47506"},{"taxonomy":"post_tag","embeddable":true,"href":"https:\/\/luchonoticias.com\/editor\/wp-json\/wp\/v2\/tags?post=47506"}],"curies":[{"name":"wp","href":"https:\/\/api.w.org\/{rel}","templated":true}]}}