{"id":47510,"date":"2023-03-05T08:00:02","date_gmt":"2023-03-05T13:00:02","guid":{"rendered":"https:\/\/luchonoticias.com\/?p=47510"},"modified":"2023-03-05T08:00:03","modified_gmt":"2023-03-05T13:00:03","slug":"chats-revelarian-como-nicolas-petro-se-reunia-con-politicos-colombianos-buscando-contratos","status":"publish","type":"post","link":"https:\/\/luchonoticias.com\/editor\/chats-revelarian-como-nicolas-petro-se-reunia-con-politicos-colombianos-buscando-contratos\/","title":{"rendered":"Chats revelar\u00edan c\u00f3mo Nicol\u00e1s Petro se reun\u00eda con pol\u00edticos colombianos buscando contratos"},"content":{"rendered":"\n<p>Tras las declaraciones de Day V\u00e1squez, exesposa de Nicol\u00e1s Petro Burgos, hijo del presidente Gustavo Petro, al respecto de que Nicol\u00e1s recib\u00eda dineros de personas vinculadas o se\u00f1aladas del delito de narcotr\u00e1fico para, al parecer, contribuir a la campa\u00f1a presidencial de su padre, se conocieron varios chats que probar\u00edan que el joven se reun\u00eda con pol\u00edticos para buscar contratos.<\/p>\n\n\n\n<p>El ministro del Interior, Alfonso Prada, y el exsenador Gustavo Bol\u00edvar son algunos de los nombres con los que el hijo del presidente de Colombia, Gustavo Petro, se habr\u00eda reunido, as\u00ed fue revelado en las ultimas horas, los chats en el cual evidencia c\u00f3mo Nicol\u00e1s Petro se reun\u00eda con pol\u00edticos colombianos para buscar y dar contratos.<\/p>\n\n\n\n<p>Este esc\u00e1ndalo toma fuerza a medida que pasan las horas, tras las declaraciones de la exesposa de Nicol\u00e1s Petro, Day V\u00e1squez, quien le dijo a la periodista Vicky D\u00e1vila que Nicol\u00e1s recibi\u00f3 $600 millones del ex narcotraficante Santa L\u00f3pez Sierra, conocido como el \u2018Hombre Marlboro\u2019.<\/p>\n\n\n\n<p>\u201cDeja de reunirte con ministros y dem\u00e1s (&#8230;). P\u00e1rale a eso, le van a mandar una carta a tu pap\u00e1 (&#8230;) te falta mucho por aprender\u201d. Con esta declaraci\u00f3n Day V\u00e1squez le advirti\u00f3 a Nicol\u00e1s Petro sobre sus jugadas pol\u00edticas cuando a\u00fan eran esposos.<\/p>\n\n\n\n<p>Chats<\/p>\n\n\n\n<p><em>Day V\u00e1squez: \u00bfT\u00fa cu\u00e1ndo viajas?<\/em><\/p>\n\n\n\n<p><em>Nicol\u00e1s Petro: El lunes.<\/em><\/p>\n\n\n\n<p><em>Day V\u00e1squez: \u00bfA qu\u00e9 hora?<\/em><\/p>\n\n\n\n<p><em>Nicol\u00e1s Petro: Estoy esperando que me confirmen dos reuniones.<\/em><\/p>\n\n\n\n<p><em>Nicol\u00e1s Petro: Prada y la ministra de Deporte y DPS (Departamento de Prosperidad Social).<\/em><\/p>\n\n\n\n<p><em>A los pocos d\u00edas, el 27 de ese mismo mes, se habr\u00eda dado el encuentro en el que le confirmaron los \u201ccupos\u201d.<\/em><\/p>\n\n\n\n<p><em>Nicol\u00e1s Petro: \u00bfTienes a alg\u00fan abogado que quieras ayudar?<\/em><\/p>\n\n\n\n<p><em>Nicol\u00e1s Petro: Eso s\u00ed, se tendr\u00eda que venir para ac\u00e1.<\/em><\/p>\n\n\n\n<p><em>Nicol\u00e1s Petro: Prada me dio unos cupos.<\/em><\/p>\n\n\n\n<p><em>Nicol\u00e1s Petro: Me dio 10 cupos.<\/em><\/p>\n\n\n\n<p><em>Nicol\u00e1s Petro: 3 los voy a dar para Ci\u00e9naga, uno para ayudar a mi mam\u00e1, uno para ti y 5 para el tema pol\u00edtico de Barranquilla.<\/em><\/p>\n\n\n\n<p><em>Nicol\u00e1s Petro: Amor, el abogado, ya me est\u00e1n pidiendo eso.<\/em><\/p>\n\n\n\n<p><em>Day V\u00e1squez: Es que no s\u00e9 qui\u00e9n.<\/em><\/p>\n\n\n\n<p><em>Day V\u00e1squez: No se me viene nadie a la mente.<\/em><\/p>\n\n\n\n<p><em>Day V\u00e1squez: La \u00fanica es Laura.<\/em><\/p>\n\n\n\n<p><em>Nicol\u00e1s Petro: Amor, al que sea.<\/em><\/p>\n\n\n\n<p><em>Nicol\u00e1s Petro: No importa, para no perder el espacio.<\/em><\/p>\n\n\n\n<p><em>Day V\u00e1squez: Ya le dije a ella.<\/em><\/p>\n\n\n\n<p><em>Nicol\u00e1s Petro: Ya M\u00e1ximo me va a enviar 5, tengo 3 de Ci\u00e9naga, el de mi mam\u00e1 que es el marido de mi prima Sibila, y el tuyo que ser\u00eda Laura.<\/em><\/p>\n\n\n\n<p><em>Nicol\u00e1s Petro: Necesito la hoja de vida.<\/em><\/p>\n\n\n\n<p><em>Day V\u00e1squez: Tambi\u00e9n est\u00e1 una t\u00eda de Maira.<\/em><\/p>\n\n\n\n<p><em>Nicol\u00e1s Petro: ???<\/em><\/p>\n\n\n\n<p><em>Day V\u00e1squez: Que es abogada.<\/em><\/p>\n\n\n\n<p><em>Nicol\u00e1s Petro: T\u00fa decides, amor.<\/em><\/p>\n\n\n\n<p><em>Nicol\u00e1s Petro: Entre el Ministerio del Interior y la Defensor\u00eda del Pueblo.<\/em><\/p>\n\n\n\n<p><em>Nicol\u00e1s Petro: \u00bfQu\u00e9 los van a poner hacer? No s\u00e9.<\/em><\/p>\n\n\n\n<p><em>Day V\u00e1squez: Bueno.<\/em><\/p>\n\n\n\n<p><em>Day V\u00e1squez: hoja de vida laura 2022 (1) (1) (1).pdf \u2022<\/em><\/p>\n\n\n\n<p><em>Nicol\u00e1s Petro: Bueno, hoy env\u00edo eso, debe estar pendiente cuando la llamen.<\/em><\/p>\n\n\n\n<p><em>Day V\u00e1squez: Bueno.<\/em><\/p>\n\n\n\n<p><em>Nicol\u00e1s Petro: A la t\u00eda de Mayra la metemos en la Supernotariado y Registro, que estoy seguro de que ah\u00ed me van a pedir m\u00e1s abogados.<\/em><\/p>\n","protected":false},"excerpt":{"rendered":"<p>Tras las declaraciones de Day V\u00e1squez, exesposa de Nicol\u00e1s Petro Burgos, hijo del presidente Gustavo Petro, al respecto de que Nicol\u00e1s recib\u00eda dineros de personas vinculadas o se\u00f1aladas del delito de narcotr\u00e1fico para, al parecer, contribuir a la campa\u00f1a presidencial de su padre, se conocieron varios chats que probar\u00edan que el joven se reun\u00eda con [&hellip;]<\/p>\n","protected":false},"author":2,"featured_media":0,"comment_status":"open","ping_status":"open","sticky":false,"template":"","format":"standard","meta":{"footnotes":""},"categories":[28,36],"tags":[],"class_list":["post-47510","post","type-post","status-publish","format-standard","hentry","category-actualidad","category-destacado"],"yoast_head":"<!-- This site is optimized with the Yoast SEO plugin v26.6 - https:\/\/yoast.com\/wordpress\/plugins\/seo\/ -->\n<title>Chats revelar\u00edan c\u00f3mo Nicol\u00e1s Petro se reun\u00eda con pol\u00edticos colombianos buscando contratos -<\/title>\n<meta name=\"robots\" content=\"index, follow, max-snippet:-1, max-image-preview:large, max-video-preview:-1\" \/>\n<link rel=\"canonical\" href=\"https:\/\/luchonoticias.com\/editor\/chats-revelarian-como-nicolas-petro-se-reunia-con-politicos-colombianos-buscando-contratos\/\" \/>\n<meta property=\"og:locale\" content=\"es_ES\" \/>\n<meta property=\"og:type\" content=\"article\" \/>\n<meta property=\"og:title\" content=\"Chats revelar\u00edan c\u00f3mo Nicol\u00e1s Petro se reun\u00eda con pol\u00edticos colombianos buscando contratos -\" \/>\n<meta property=\"og:url\" content=\"https:\/\/luchonoticias.com\/editor\/chats-revelarian-como-nicolas-petro-se-reunia-con-politicos-colombianos-buscando-contratos\/\" \/>\n<meta property=\"article:publisher\" content=\"https:\/\/www.facebook.com\/luchonoticiasneiva\" \/>\n<meta property=\"article:published_time\" content=\"2023-03-05T13:00:02+00:00\" \/>\n<meta property=\"article:modified_time\" content=\"2023-03-05T13:00:03+00:00\" \/>\n<meta name=\"author\" content=\"Editor General\" \/>\n<meta name=\"twitter:card\" content=\"summary_large_image\" \/>\n<meta name=\"twitter:label1\" content=\"Escrito por\" \/>\n\t<meta name=\"twitter:data1\" content=\"Editor General\" \/>\n\t<meta name=\"twitter:label2\" content=\"Tiempo de lectura\" \/>\n\t<meta name=\"twitter:data2\" content=\"3 minutos\" \/>\n<script type=\"application\/ld+json\" class=\"yoast-schema-graph\">{\"@context\":\"https:\/\/schema.org\",\"@graph\":[{\"@type\":\"Article\",\"@id\":\"https:\/\/luchonoticias.com\/editor\/chats-revelarian-como-nicolas-petro-se-reunia-con-politicos-colombianos-buscando-contratos\/#article\",\"isPartOf\":{\"@id\":\"https:\/\/luchonoticias.com\/editor\/chats-revelarian-como-nicolas-petro-se-reunia-con-politicos-colombianos-buscando-contratos\/\"},\"author\":{\"name\":\"Editor General\",\"@id\":\"https:\/\/luchonoticias.com\/editor\/#\/schema\/person\/29217990ddf6f14e35912b2866d591fb\"},\"headline\":\"Chats revelar\u00edan c\u00f3mo Nicol\u00e1s Petro se reun\u00eda con pol\u00edticos colombianos buscando contratos\",\"datePublished\":\"2023-03-05T13:00:02+00:00\",\"dateModified\":\"2023-03-05T13:00:03+00:00\",\"mainEntityOfPage\":{\"@id\":\"https:\/\/luchonoticias.com\/editor\/chats-revelarian-como-nicolas-petro-se-reunia-con-politicos-colombianos-buscando-contratos\/\"},\"wordCount\":593,\"commentCount\":0,\"publisher\":{\"@id\":\"https:\/\/luchonoticias.com\/editor\/#\/schema\/person\/7a7fd911f58561fd056dbac7b55af9cd\"},\"articleSection\":[\"Actualidad\",\"Destacado\"],\"inLanguage\":\"es\",\"potentialAction\":[{\"@type\":\"CommentAction\",\"name\":\"Comment\",\"target\":[\"https:\/\/luchonoticias.com\/editor\/chats-revelarian-como-nicolas-petro-se-reunia-con-politicos-colombianos-buscando-contratos\/#respond\"]}]},{\"@type\":\"WebPage\",\"@id\":\"https:\/\/luchonoticias.com\/editor\/chats-revelarian-como-nicolas-petro-se-reunia-con-politicos-colombianos-buscando-contratos\/\",\"url\":\"https:\/\/luchonoticias.com\/editor\/chats-revelarian-como-nicolas-petro-se-reunia-con-politicos-colombianos-buscando-contratos\/\",\"name\":\"Chats revelar\u00edan c\u00f3mo Nicol\u00e1s Petro se reun\u00eda con pol\u00edticos colombianos buscando contratos -\",\"isPartOf\":{\"@id\":\"https:\/\/luchonoticias.com\/editor\/#website\"},\"datePublished\":\"2023-03-05T13:00:02+00:00\",\"dateModified\":\"2023-03-05T13:00:03+00:00\",\"breadcrumb\":{\"@id\":\"https:\/\/luchonoticias.com\/editor\/chats-revelarian-como-nicolas-petro-se-reunia-con-politicos-colombianos-buscando-contratos\/#breadcrumb\"},\"inLanguage\":\"es\",\"potentialAction\":[{\"@type\":\"ReadAction\",\"target\":[\"https:\/\/luchonoticias.com\/editor\/chats-revelarian-como-nicolas-petro-se-reunia-con-politicos-colombianos-buscando-contratos\/\"]}]},{\"@type\":\"BreadcrumbList\",\"@id\":\"https:\/\/luchonoticias.com\/editor\/chats-revelarian-como-nicolas-petro-se-reunia-con-politicos-colombianos-buscando-contratos\/#breadcrumb\",\"itemListElement\":[{\"@type\":\"ListItem\",\"position\":1,\"name\":\"Portada\",\"item\":\"https:\/\/luchonoticias.com\/editor\/\"},{\"@type\":\"ListItem\",\"position\":2,\"name\":\"Chats revelar\u00edan c\u00f3mo Nicol\u00e1s Petro se reun\u00eda con pol\u00edticos colombianos buscando contratos\"}]},{\"@type\":\"WebSite\",\"@id\":\"https:\/\/luchonoticias.com\/editor\/#website\",\"url\":\"https:\/\/luchonoticias.com\/editor\/\",\"name\":\"\",\"description\":\"\",\"publisher\":{\"@id\":\"https:\/\/luchonoticias.com\/editor\/#\/schema\/person\/7a7fd911f58561fd056dbac7b55af9cd\"},\"potentialAction\":[{\"@type\":\"SearchAction\",\"target\":{\"@type\":\"EntryPoint\",\"urlTemplate\":\"https:\/\/luchonoticias.com\/editor\/?s={search_term_string}\"},\"query-input\":{\"@type\":\"PropertyValueSpecification\",\"valueRequired\":true,\"valueName\":\"search_term_string\"}}],\"inLanguage\":\"es\"},{\"@type\":[\"Person\",\"Organization\"],\"@id\":\"https:\/\/luchonoticias.com\/editor\/#\/schema\/person\/7a7fd911f58561fd056dbac7b55af9cd\",\"name\":\"admin\",\"image\":{\"@type\":\"ImageObject\",\"inLanguage\":\"es\",\"@id\":\"https:\/\/luchonoticias.com\/editor\/#\/schema\/person\/image\/\",\"url\":\"https:\/\/luchonoticias.com\/editor\/wp-content\/uploads\/2024\/02\/cropped-cropped-logolu.webp\",\"contentUrl\":\"https:\/\/luchonoticias.com\/editor\/wp-content\/uploads\/2024\/02\/cropped-cropped-logolu.webp\",\"width\":382,\"height\":170,\"caption\":\"admin\"},\"logo\":{\"@id\":\"https:\/\/luchonoticias.com\/editor\/#\/schema\/person\/image\/\"},\"sameAs\":[\"https:\/\/www.facebook.com\/luchonoticiasneiva\"]},{\"@type\":\"Person\",\"@id\":\"https:\/\/luchonoticias.com\/editor\/#\/schema\/person\/29217990ddf6f14e35912b2866d591fb\",\"name\":\"Editor General\",\"image\":{\"@type\":\"ImageObject\",\"inLanguage\":\"es\",\"@id\":\"https:\/\/luchonoticias.com\/editor\/#\/schema\/person\/image\/\",\"url\":\"https:\/\/luchonoticias.com\/editor\/wp-content\/uploads\/2024\/02\/cropped-cropped-logolu-150x150.webp\",\"contentUrl\":\"https:\/\/luchonoticias.com\/editor\/wp-content\/uploads\/2024\/02\/cropped-cropped-logolu-150x150.webp\",\"caption\":\"Editor General\"},\"sameAs\":[\"https:\/\/luchonoticias.com\/\"],\"url\":\"https:\/\/luchonoticias.com\/editor\/author\/editor-general\/\"}]}<\/script>\n<!-- \/ Yoast SEO plugin. -->","yoast_head_json":{"title":"Chats revelar\u00edan c\u00f3mo Nicol\u00e1s Petro se reun\u00eda con pol\u00edticos colombianos buscando contratos -","robots":{"index":"index","follow":"follow","max-snippet":"max-snippet:-1","max-image-preview":"max-image-preview:large","max-video-preview":"max-video-preview:-1"},"canonical":"https:\/\/luchonoticias.com\/editor\/chats-revelarian-como-nicolas-petro-se-reunia-con-politicos-colombianos-buscando-contratos\/","og_locale":"es_ES","og_type":"article","og_title":"Chats revelar\u00edan c\u00f3mo Nicol\u00e1s Petro se reun\u00eda con pol\u00edticos colombianos buscando contratos -","og_url":"https:\/\/luchonoticias.com\/editor\/chats-revelarian-como-nicolas-petro-se-reunia-con-politicos-colombianos-buscando-contratos\/","article_publisher":"https:\/\/www.facebook.com\/luchonoticiasneiva","article_published_time":"2023-03-05T13:00:02+00:00","article_modified_time":"2023-03-05T13:00:03+00:00","author":"Editor General","twitter_card":"summary_large_image","twitter_misc":{"Escrito por":"Editor General","Tiempo de lectura":"3 minutos"},"schema":{"@context":"https:\/\/schema.org","@graph":[{"@type":"Article","@id":"https:\/\/luchonoticias.com\/editor\/chats-revelarian-como-nicolas-petro-se-reunia-con-politicos-colombianos-buscando-contratos\/#article","isPartOf":{"@id":"https:\/\/luchonoticias.com\/editor\/chats-revelarian-como-nicolas-petro-se-reunia-con-politicos-colombianos-buscando-contratos\/"},"author":{"name":"Editor General","@id":"https:\/\/luchonoticias.com\/editor\/#\/schema\/person\/29217990ddf6f14e35912b2866d591fb"},"headline":"Chats revelar\u00edan c\u00f3mo Nicol\u00e1s Petro se reun\u00eda con pol\u00edticos colombianos buscando contratos","datePublished":"2023-03-05T13:00:02+00:00","dateModified":"2023-03-05T13:00:03+00:00","mainEntityOfPage":{"@id":"https:\/\/luchonoticias.com\/editor\/chats-revelarian-como-nicolas-petro-se-reunia-con-politicos-colombianos-buscando-contratos\/"},"wordCount":593,"commentCount":0,"publisher":{"@id":"https:\/\/luchonoticias.com\/editor\/#\/schema\/person\/7a7fd911f58561fd056dbac7b55af9cd"},"articleSection":["Actualidad","Destacado"],"inLanguage":"es","potentialAction":[{"@type":"CommentAction","name":"Comment","target":["https:\/\/luchonoticias.com\/editor\/chats-revelarian-como-nicolas-petro-se-reunia-con-politicos-colombianos-buscando-contratos\/#respond"]}]},{"@type":"WebPage","@id":"https:\/\/luchonoticias.com\/editor\/chats-revelarian-como-nicolas-petro-se-reunia-con-politicos-colombianos-buscando-contratos\/","url":"https:\/\/luchonoticias.com\/editor\/chats-revelarian-como-nicolas-petro-se-reunia-con-politicos-colombianos-buscando-contratos\/","name":"Chats revelar\u00edan c\u00f3mo Nicol\u00e1s Petro se reun\u00eda con pol\u00edticos colombianos buscando contratos -","isPartOf":{"@id":"https:\/\/luchonoticias.com\/editor\/#website"},"datePublished":"2023-03-05T13:00:02+00:00","dateModified":"2023-03-05T13:00:03+00:00","breadcrumb":{"@id":"https:\/\/luchonoticias.com\/editor\/chats-revelarian-como-nicolas-petro-se-reunia-con-politicos-colombianos-buscando-contratos\/#breadcrumb"},"inLanguage":"es","potentialAction":[{"@type":"ReadAction","target":["https:\/\/luchonoticias.com\/editor\/chats-revelarian-como-nicolas-petro-se-reunia-con-politicos-colombianos-buscando-contratos\/"]}]},{"@type":"BreadcrumbList","@id":"https:\/\/luchonoticias.com\/editor\/chats-revelarian-como-nicolas-petro-se-reunia-con-politicos-colombianos-buscando-contratos\/#breadcrumb","itemListElement":[{"@type":"ListItem","position":1,"name":"Portada","item":"https:\/\/luchonoticias.com\/editor\/"},{"@type":"ListItem","position":2,"name":"Chats revelar\u00edan c\u00f3mo Nicol\u00e1s Petro se reun\u00eda con pol\u00edticos colombianos buscando contratos"}]},{"@type":"WebSite","@id":"https:\/\/luchonoticias.com\/editor\/#website","url":"https:\/\/luchonoticias.com\/editor\/","name":"","description":"","publisher":{"@id":"https:\/\/luchonoticias.com\/editor\/#\/schema\/person\/7a7fd911f58561fd056dbac7b55af9cd"},"potentialAction":[{"@type":"SearchAction","target":{"@type":"EntryPoint","urlTemplate":"https:\/\/luchonoticias.com\/editor\/?s={search_term_string}"},"query-input":{"@type":"PropertyValueSpecification","valueRequired":true,"valueName":"search_term_string"}}],"inLanguage":"es"},{"@type":["Person","Organization"],"@id":"https:\/\/luchonoticias.com\/editor\/#\/schema\/person\/7a7fd911f58561fd056dbac7b55af9cd","name":"admin","image":{"@type":"ImageObject","inLanguage":"es","@id":"https:\/\/luchonoticias.com\/editor\/#\/schema\/person\/image\/","url":"https:\/\/luchonoticias.com\/editor\/wp-content\/uploads\/2024\/02\/cropped-cropped-logolu.webp","contentUrl":"https:\/\/luchonoticias.com\/editor\/wp-content\/uploads\/2024\/02\/cropped-cropped-logolu.webp","width":382,"height":170,"caption":"admin"},"logo":{"@id":"https:\/\/luchonoticias.com\/editor\/#\/schema\/person\/image\/"},"sameAs":["https:\/\/www.facebook.com\/luchonoticiasneiva"]},{"@type":"Person","@id":"https:\/\/luchonoticias.com\/editor\/#\/schema\/person\/29217990ddf6f14e35912b2866d591fb","name":"Editor General","image":{"@type":"ImageObject","inLanguage":"es","@id":"https:\/\/luchonoticias.com\/editor\/#\/schema\/person\/image\/","url":"https:\/\/luchonoticias.com\/editor\/wp-content\/uploads\/2024\/02\/cropped-cropped-logolu-150x150.webp","contentUrl":"https:\/\/luchonoticias.com\/editor\/wp-content\/uploads\/2024\/02\/cropped-cropped-logolu-150x150.webp","caption":"Editor General"},"sameAs":["https:\/\/luchonoticias.com\/"],"url":"https:\/\/luchonoticias.com\/editor\/author\/editor-general\/"}]}},"_links":{"self":[{"href":"https:\/\/luchonoticias.com\/editor\/wp-json\/wp\/v2\/posts\/47510","targetHints":{"allow":["GET"]}}],"collection":[{"href":"https:\/\/luchonoticias.com\/editor\/wp-json\/wp\/v2\/posts"}],"about":[{"href":"https:\/\/luchonoticias.com\/editor\/wp-json\/wp\/v2\/types\/post"}],"author":[{"embeddable":true,"href":"https:\/\/luchonoticias.com\/editor\/wp-json\/wp\/v2\/users\/2"}],"replies":[{"embeddable":true,"href":"https:\/\/luchonoticias.com\/editor\/wp-json\/wp\/v2\/comments?post=47510"}],"version-history":[{"count":0,"href":"https:\/\/luchonoticias.com\/editor\/wp-json\/wp\/v2\/posts\/47510\/revisions"}],"wp:attachment":[{"href":"https:\/\/luchonoticias.com\/editor\/wp-json\/wp\/v2\/media?parent=47510"}],"wp:term":[{"taxonomy":"category","embeddable":true,"href":"https:\/\/luchonoticias.com\/editor\/wp-json\/wp\/v2\/categories?post=47510"},{"taxonomy":"post_tag","embeddable":true,"href":"https:\/\/luchonoticias.com\/editor\/wp-json\/wp\/v2\/tags?post=47510"}],"curies":[{"name":"wp","href":"https:\/\/api.w.org\/{rel}","templated":true}]}}