{"id":47513,"date":"2023-03-05T08:06:33","date_gmt":"2023-03-05T13:06:33","guid":{"rendered":"https:\/\/luchonoticias.com\/?p=47513"},"modified":"2023-03-05T08:06:34","modified_gmt":"2023-03-05T13:06:34","slug":"inflacion-en-colombia-cerro-en-febrero-con-un-ipc-del-1328","status":"publish","type":"post","link":"https:\/\/luchonoticias.com\/editor\/inflacion-en-colombia-cerro-en-febrero-con-un-ipc-del-1328\/","title":{"rendered":"Inflaci\u00f3n en Colombia cerr\u00f3 en febrero con un IPC del 13,28%"},"content":{"rendered":"\n<p>\u00abEl comportamiento anual del IPC (\u00cdndice de Precios del Consumidor) total se explic\u00f3 principalmente por la variaci\u00f3n anual de las divisiones Alimentos y bebidas no alcoh\u00f3licas y Alojamiento, agua, electricidad, gas y otros combustibles\u00bb, detall\u00f3 el DANE en un comunicado.<\/p>\n\n\n\n<p>Los alimentos y bebidas no alcoh\u00f3licas tuvieron una inflaci\u00f3n del 24,14 %, impulsada por el aumento de precio de las subclases \u00abarracacha, \u00f1ame y otros tub\u00e9rculos (103,9 %), cebolla (75,78 %) y pl\u00e1tanos (48,84 %)\u00bb.<\/p>\n\n\n\n<p>Entre tanto, \u00abla divisi\u00f3n restaurantes y hoteles registr\u00f3 una variaci\u00f3n anual de 18,77 %\u00bb, que est\u00e1 explicada principalmente por los incrementos del costo de \u00abcomidas preparadas fuera del hogar para consumo inmediato en establecimientos de servicio a la mesa y autoservicio (20,9 %), bebidas calientes (20,44 %) y comidas en establecimientos de servicio a la mesa y autoservicio (18,89 %)\u00bb.<\/p>\n\n\n\n<p><strong>Otras cifras<\/strong><\/p>\n\n\n\n<p>Si compara la cifra de inflaci\u00f3n interanual del 13,28 %, esta es 5,27 puntos porcentuales mayores si se le compara con el mismo dato de febrero del a\u00f1o pasado. Igualmente, el DANE se\u00f1al\u00f3 que la variaci\u00f3n mensual de IPC en el segundo mes de 2023 fue del 3,47 %, un crecimiento de 14 puntos frente al mismo periodo del a\u00f1o pasado.<\/p>\n\n\n\n<p>\u00abEntre enero y febrero de 2023, la variaci\u00f3n del IPC total fue del 3,47 %. Esta variaci\u00f3n fue mayor en 0,14 que la reportada en el mismo periodo del a\u00f1o anterior, cuando fue del 3,33 %\u00bb, a\u00f1adi\u00f3 el Departamento Administrativo Nacional de Estad\u00edstica.<\/p>\n","protected":false},"excerpt":{"rendered":"<p>\u00abEl comportamiento anual del IPC (\u00cdndice de Precios del Consumidor) total se explic\u00f3 principalmente por la variaci\u00f3n anual de las divisiones Alimentos y bebidas no alcoh\u00f3licas y Alojamiento, agua, electricidad, gas y otros combustibles\u00bb, detall\u00f3 el DANE en un comunicado. Los alimentos y bebidas no alcoh\u00f3licas tuvieron una inflaci\u00f3n del 24,14 %, impulsada por el [&hellip;]<\/p>\n","protected":false},"author":2,"featured_media":0,"comment_status":"open","ping_status":"open","sticky":false,"template":"","format":"standard","meta":{"footnotes":""},"categories":[36,32],"tags":[],"class_list":["post-47513","post","type-post","status-publish","format-standard","hentry","category-destacado","category-nacional"],"yoast_head":"<!-- This site is optimized with the Yoast SEO plugin v26.6 - https:\/\/yoast.com\/wordpress\/plugins\/seo\/ -->\n<title>Inflaci\u00f3n en Colombia cerr\u00f3 en febrero con un IPC del 13,28% -<\/title>\n<meta name=\"robots\" content=\"index, follow, max-snippet:-1, max-image-preview:large, max-video-preview:-1\" \/>\n<link rel=\"canonical\" href=\"https:\/\/luchonoticias.com\/editor\/inflacion-en-colombia-cerro-en-febrero-con-un-ipc-del-1328\/\" \/>\n<meta property=\"og:locale\" content=\"es_ES\" \/>\n<meta property=\"og:type\" content=\"article\" \/>\n<meta property=\"og:title\" content=\"Inflaci\u00f3n en Colombia cerr\u00f3 en febrero con un IPC del 13,28% -\" \/>\n<meta property=\"og:url\" content=\"https:\/\/luchonoticias.com\/editor\/inflacion-en-colombia-cerro-en-febrero-con-un-ipc-del-1328\/\" \/>\n<meta property=\"article:publisher\" content=\"https:\/\/www.facebook.com\/luchonoticiasneiva\" \/>\n<meta property=\"article:published_time\" content=\"2023-03-05T13:06:33+00:00\" \/>\n<meta property=\"article:modified_time\" content=\"2023-03-05T13:06:34+00:00\" \/>\n<meta name=\"author\" content=\"Editor General\" \/>\n<meta name=\"twitter:card\" content=\"summary_large_image\" \/>\n<meta name=\"twitter:label1\" content=\"Escrito por\" \/>\n\t<meta name=\"twitter:data1\" content=\"Editor General\" \/>\n\t<meta name=\"twitter:label2\" content=\"Tiempo de lectura\" \/>\n\t<meta name=\"twitter:data2\" content=\"1 minuto\" \/>\n<script type=\"application\/ld+json\" class=\"yoast-schema-graph\">{\"@context\":\"https:\/\/schema.org\",\"@graph\":[{\"@type\":\"Article\",\"@id\":\"https:\/\/luchonoticias.com\/editor\/inflacion-en-colombia-cerro-en-febrero-con-un-ipc-del-1328\/#article\",\"isPartOf\":{\"@id\":\"https:\/\/luchonoticias.com\/editor\/inflacion-en-colombia-cerro-en-febrero-con-un-ipc-del-1328\/\"},\"author\":{\"name\":\"Editor General\",\"@id\":\"https:\/\/luchonoticias.com\/editor\/#\/schema\/person\/29217990ddf6f14e35912b2866d591fb\"},\"headline\":\"Inflaci\u00f3n en Colombia cerr\u00f3 en febrero con un IPC del 13,28%\",\"datePublished\":\"2023-03-05T13:06:33+00:00\",\"dateModified\":\"2023-03-05T13:06:34+00:00\",\"mainEntityOfPage\":{\"@id\":\"https:\/\/luchonoticias.com\/editor\/inflacion-en-colombia-cerro-en-febrero-con-un-ipc-del-1328\/\"},\"wordCount\":241,\"commentCount\":0,\"publisher\":{\"@id\":\"https:\/\/luchonoticias.com\/editor\/#\/schema\/person\/7a7fd911f58561fd056dbac7b55af9cd\"},\"articleSection\":[\"Destacado\",\"Nacional\"],\"inLanguage\":\"es\",\"potentialAction\":[{\"@type\":\"CommentAction\",\"name\":\"Comment\",\"target\":[\"https:\/\/luchonoticias.com\/editor\/inflacion-en-colombia-cerro-en-febrero-con-un-ipc-del-1328\/#respond\"]}]},{\"@type\":\"WebPage\",\"@id\":\"https:\/\/luchonoticias.com\/editor\/inflacion-en-colombia-cerro-en-febrero-con-un-ipc-del-1328\/\",\"url\":\"https:\/\/luchonoticias.com\/editor\/inflacion-en-colombia-cerro-en-febrero-con-un-ipc-del-1328\/\",\"name\":\"Inflaci\u00f3n en Colombia cerr\u00f3 en febrero con un IPC del 13,28% -\",\"isPartOf\":{\"@id\":\"https:\/\/luchonoticias.com\/editor\/#website\"},\"datePublished\":\"2023-03-05T13:06:33+00:00\",\"dateModified\":\"2023-03-05T13:06:34+00:00\",\"breadcrumb\":{\"@id\":\"https:\/\/luchonoticias.com\/editor\/inflacion-en-colombia-cerro-en-febrero-con-un-ipc-del-1328\/#breadcrumb\"},\"inLanguage\":\"es\",\"potentialAction\":[{\"@type\":\"ReadAction\",\"target\":[\"https:\/\/luchonoticias.com\/editor\/inflacion-en-colombia-cerro-en-febrero-con-un-ipc-del-1328\/\"]}]},{\"@type\":\"BreadcrumbList\",\"@id\":\"https:\/\/luchonoticias.com\/editor\/inflacion-en-colombia-cerro-en-febrero-con-un-ipc-del-1328\/#breadcrumb\",\"itemListElement\":[{\"@type\":\"ListItem\",\"position\":1,\"name\":\"Portada\",\"item\":\"https:\/\/luchonoticias.com\/editor\/\"},{\"@type\":\"ListItem\",\"position\":2,\"name\":\"Inflaci\u00f3n en Colombia cerr\u00f3 en febrero con un IPC del 13,28%\"}]},{\"@type\":\"WebSite\",\"@id\":\"https:\/\/luchonoticias.com\/editor\/#website\",\"url\":\"https:\/\/luchonoticias.com\/editor\/\",\"name\":\"\",\"description\":\"\",\"publisher\":{\"@id\":\"https:\/\/luchonoticias.com\/editor\/#\/schema\/person\/7a7fd911f58561fd056dbac7b55af9cd\"},\"potentialAction\":[{\"@type\":\"SearchAction\",\"target\":{\"@type\":\"EntryPoint\",\"urlTemplate\":\"https:\/\/luchonoticias.com\/editor\/?s={search_term_string}\"},\"query-input\":{\"@type\":\"PropertyValueSpecification\",\"valueRequired\":true,\"valueName\":\"search_term_string\"}}],\"inLanguage\":\"es\"},{\"@type\":[\"Person\",\"Organization\"],\"@id\":\"https:\/\/luchonoticias.com\/editor\/#\/schema\/person\/7a7fd911f58561fd056dbac7b55af9cd\",\"name\":\"admin\",\"image\":{\"@type\":\"ImageObject\",\"inLanguage\":\"es\",\"@id\":\"https:\/\/luchonoticias.com\/editor\/#\/schema\/person\/image\/\",\"url\":\"https:\/\/luchonoticias.com\/editor\/wp-content\/uploads\/2024\/02\/cropped-cropped-logolu.webp\",\"contentUrl\":\"https:\/\/luchonoticias.com\/editor\/wp-content\/uploads\/2024\/02\/cropped-cropped-logolu.webp\",\"width\":382,\"height\":170,\"caption\":\"admin\"},\"logo\":{\"@id\":\"https:\/\/luchonoticias.com\/editor\/#\/schema\/person\/image\/\"},\"sameAs\":[\"https:\/\/www.facebook.com\/luchonoticiasneiva\"]},{\"@type\":\"Person\",\"@id\":\"https:\/\/luchonoticias.com\/editor\/#\/schema\/person\/29217990ddf6f14e35912b2866d591fb\",\"name\":\"Editor General\",\"image\":{\"@type\":\"ImageObject\",\"inLanguage\":\"es\",\"@id\":\"https:\/\/luchonoticias.com\/editor\/#\/schema\/person\/image\/\",\"url\":\"https:\/\/luchonoticias.com\/editor\/wp-content\/uploads\/2024\/02\/cropped-cropped-logolu-150x150.webp\",\"contentUrl\":\"https:\/\/luchonoticias.com\/editor\/wp-content\/uploads\/2024\/02\/cropped-cropped-logolu-150x150.webp\",\"caption\":\"Editor General\"},\"sameAs\":[\"https:\/\/luchonoticias.com\/\"],\"url\":\"https:\/\/luchonoticias.com\/editor\/author\/editor-general\/\"}]}<\/script>\n<!-- \/ Yoast SEO plugin. -->","yoast_head_json":{"title":"Inflaci\u00f3n en Colombia cerr\u00f3 en febrero con un IPC del 13,28% -","robots":{"index":"index","follow":"follow","max-snippet":"max-snippet:-1","max-image-preview":"max-image-preview:large","max-video-preview":"max-video-preview:-1"},"canonical":"https:\/\/luchonoticias.com\/editor\/inflacion-en-colombia-cerro-en-febrero-con-un-ipc-del-1328\/","og_locale":"es_ES","og_type":"article","og_title":"Inflaci\u00f3n en Colombia cerr\u00f3 en febrero con un IPC del 13,28% -","og_url":"https:\/\/luchonoticias.com\/editor\/inflacion-en-colombia-cerro-en-febrero-con-un-ipc-del-1328\/","article_publisher":"https:\/\/www.facebook.com\/luchonoticiasneiva","article_published_time":"2023-03-05T13:06:33+00:00","article_modified_time":"2023-03-05T13:06:34+00:00","author":"Editor General","twitter_card":"summary_large_image","twitter_misc":{"Escrito por":"Editor General","Tiempo de lectura":"1 minuto"},"schema":{"@context":"https:\/\/schema.org","@graph":[{"@type":"Article","@id":"https:\/\/luchonoticias.com\/editor\/inflacion-en-colombia-cerro-en-febrero-con-un-ipc-del-1328\/#article","isPartOf":{"@id":"https:\/\/luchonoticias.com\/editor\/inflacion-en-colombia-cerro-en-febrero-con-un-ipc-del-1328\/"},"author":{"name":"Editor General","@id":"https:\/\/luchonoticias.com\/editor\/#\/schema\/person\/29217990ddf6f14e35912b2866d591fb"},"headline":"Inflaci\u00f3n en Colombia cerr\u00f3 en febrero con un IPC del 13,28%","datePublished":"2023-03-05T13:06:33+00:00","dateModified":"2023-03-05T13:06:34+00:00","mainEntityOfPage":{"@id":"https:\/\/luchonoticias.com\/editor\/inflacion-en-colombia-cerro-en-febrero-con-un-ipc-del-1328\/"},"wordCount":241,"commentCount":0,"publisher":{"@id":"https:\/\/luchonoticias.com\/editor\/#\/schema\/person\/7a7fd911f58561fd056dbac7b55af9cd"},"articleSection":["Destacado","Nacional"],"inLanguage":"es","potentialAction":[{"@type":"CommentAction","name":"Comment","target":["https:\/\/luchonoticias.com\/editor\/inflacion-en-colombia-cerro-en-febrero-con-un-ipc-del-1328\/#respond"]}]},{"@type":"WebPage","@id":"https:\/\/luchonoticias.com\/editor\/inflacion-en-colombia-cerro-en-febrero-con-un-ipc-del-1328\/","url":"https:\/\/luchonoticias.com\/editor\/inflacion-en-colombia-cerro-en-febrero-con-un-ipc-del-1328\/","name":"Inflaci\u00f3n en Colombia cerr\u00f3 en febrero con un IPC del 13,28% -","isPartOf":{"@id":"https:\/\/luchonoticias.com\/editor\/#website"},"datePublished":"2023-03-05T13:06:33+00:00","dateModified":"2023-03-05T13:06:34+00:00","breadcrumb":{"@id":"https:\/\/luchonoticias.com\/editor\/inflacion-en-colombia-cerro-en-febrero-con-un-ipc-del-1328\/#breadcrumb"},"inLanguage":"es","potentialAction":[{"@type":"ReadAction","target":["https:\/\/luchonoticias.com\/editor\/inflacion-en-colombia-cerro-en-febrero-con-un-ipc-del-1328\/"]}]},{"@type":"BreadcrumbList","@id":"https:\/\/luchonoticias.com\/editor\/inflacion-en-colombia-cerro-en-febrero-con-un-ipc-del-1328\/#breadcrumb","itemListElement":[{"@type":"ListItem","position":1,"name":"Portada","item":"https:\/\/luchonoticias.com\/editor\/"},{"@type":"ListItem","position":2,"name":"Inflaci\u00f3n en Colombia cerr\u00f3 en febrero con un IPC del 13,28%"}]},{"@type":"WebSite","@id":"https:\/\/luchonoticias.com\/editor\/#website","url":"https:\/\/luchonoticias.com\/editor\/","name":"","description":"","publisher":{"@id":"https:\/\/luchonoticias.com\/editor\/#\/schema\/person\/7a7fd911f58561fd056dbac7b55af9cd"},"potentialAction":[{"@type":"SearchAction","target":{"@type":"EntryPoint","urlTemplate":"https:\/\/luchonoticias.com\/editor\/?s={search_term_string}"},"query-input":{"@type":"PropertyValueSpecification","valueRequired":true,"valueName":"search_term_string"}}],"inLanguage":"es"},{"@type":["Person","Organization"],"@id":"https:\/\/luchonoticias.com\/editor\/#\/schema\/person\/7a7fd911f58561fd056dbac7b55af9cd","name":"admin","image":{"@type":"ImageObject","inLanguage":"es","@id":"https:\/\/luchonoticias.com\/editor\/#\/schema\/person\/image\/","url":"https:\/\/luchonoticias.com\/editor\/wp-content\/uploads\/2024\/02\/cropped-cropped-logolu.webp","contentUrl":"https:\/\/luchonoticias.com\/editor\/wp-content\/uploads\/2024\/02\/cropped-cropped-logolu.webp","width":382,"height":170,"caption":"admin"},"logo":{"@id":"https:\/\/luchonoticias.com\/editor\/#\/schema\/person\/image\/"},"sameAs":["https:\/\/www.facebook.com\/luchonoticiasneiva"]},{"@type":"Person","@id":"https:\/\/luchonoticias.com\/editor\/#\/schema\/person\/29217990ddf6f14e35912b2866d591fb","name":"Editor General","image":{"@type":"ImageObject","inLanguage":"es","@id":"https:\/\/luchonoticias.com\/editor\/#\/schema\/person\/image\/","url":"https:\/\/luchonoticias.com\/editor\/wp-content\/uploads\/2024\/02\/cropped-cropped-logolu-150x150.webp","contentUrl":"https:\/\/luchonoticias.com\/editor\/wp-content\/uploads\/2024\/02\/cropped-cropped-logolu-150x150.webp","caption":"Editor General"},"sameAs":["https:\/\/luchonoticias.com\/"],"url":"https:\/\/luchonoticias.com\/editor\/author\/editor-general\/"}]}},"_links":{"self":[{"href":"https:\/\/luchonoticias.com\/editor\/wp-json\/wp\/v2\/posts\/47513","targetHints":{"allow":["GET"]}}],"collection":[{"href":"https:\/\/luchonoticias.com\/editor\/wp-json\/wp\/v2\/posts"}],"about":[{"href":"https:\/\/luchonoticias.com\/editor\/wp-json\/wp\/v2\/types\/post"}],"author":[{"embeddable":true,"href":"https:\/\/luchonoticias.com\/editor\/wp-json\/wp\/v2\/users\/2"}],"replies":[{"embeddable":true,"href":"https:\/\/luchonoticias.com\/editor\/wp-json\/wp\/v2\/comments?post=47513"}],"version-history":[{"count":0,"href":"https:\/\/luchonoticias.com\/editor\/wp-json\/wp\/v2\/posts\/47513\/revisions"}],"wp:attachment":[{"href":"https:\/\/luchonoticias.com\/editor\/wp-json\/wp\/v2\/media?parent=47513"}],"wp:term":[{"taxonomy":"category","embeddable":true,"href":"https:\/\/luchonoticias.com\/editor\/wp-json\/wp\/v2\/categories?post=47513"},{"taxonomy":"post_tag","embeddable":true,"href":"https:\/\/luchonoticias.com\/editor\/wp-json\/wp\/v2\/tags?post=47513"}],"curies":[{"name":"wp","href":"https:\/\/api.w.org\/{rel}","templated":true}]}}