{"id":47516,"date":"2023-03-06T06:45:05","date_gmt":"2023-03-06T11:45:05","guid":{"rendered":"https:\/\/luchonoticias.com\/?p=47516"},"modified":"2023-03-06T06:45:06","modified_gmt":"2023-03-06T11:45:06","slug":"san-luis-ya-goza-de-un-centro-de-salud-totalmente-remodelado","status":"publish","type":"post","link":"https:\/\/luchonoticias.com\/editor\/san-luis-ya-goza-de-un-centro-de-salud-totalmente-remodelado\/","title":{"rendered":"San Luis ya goza de un Centro de Salud totalmente remodelado"},"content":{"rendered":"\n<p>La remodelaci\u00f3n del centro de salud del corregimiento de San Luis, cuyos habitantes llevaban m\u00e1s de 10 a\u00f1os gestionando y apoyando para que se realizaran los trabajos, ya es una realidad. La obra tiene una inversi\u00f3n de $200 millones.<\/p>\n\n\n\n<p>Este proyecto realizado por la ESE &#8216;Carmen Emilia Ospina&#8217;, con la ayuda de la Administraci\u00f3n Municipal, permite una mejora necesaria en la estructura f\u00edsica de la sede del corregimiento de San Luis, toda vez que se requiere el mantenimiento y adecuaciones locativas, dando cumplimiento a la norma de habilitaci\u00f3n y contribuyendo de manera positiva en la atenci\u00f3n de los usuarios y comunidad en general, que garantiza la prestaci\u00f3n de servicios de salud a los usuarios en condiciones de accesibilidad y seguridad requeridos.<\/p>\n\n\n\n<figure class=\"wp-block-gallery has-nested-images columns-default is-cropped wp-block-gallery-1 is-layout-flex wp-block-gallery-is-layout-flex\">\n<figure class=\"wp-block-image size-large\"><img decoding=\"async\" data-id=\"47520\" src=\"https:\/\/luchonoticias.com\/wp-content\/uploads\/2023\/03\/WhatsApp-Image-2023-03-05-at-6.05.55-PM-1-1024x768.jpeg\" alt=\"\" class=\"wp-image-47520\"\/><\/figure>\n\n\n\n<figure class=\"wp-block-image size-large\"><img decoding=\"async\" data-id=\"47518\" src=\"https:\/\/luchonoticias.com\/wp-content\/uploads\/2023\/03\/WhatsApp-Image-2023-03-05-at-6.05.52-PM-1-1024x768.jpeg\" alt=\"\" class=\"wp-image-47518\"\/><\/figure>\n\n\n\n<figure class=\"wp-block-image size-large\"><img decoding=\"async\" data-id=\"47519\" src=\"https:\/\/luchonoticias.com\/wp-content\/uploads\/2023\/03\/WhatsApp-Image-2023-03-05-at-6.05.51-PM-1024x682.jpeg\" alt=\"\" class=\"wp-image-47519\"\/><\/figure>\n<\/figure>\n\n\n\n<p><strong>Las adecuaciones<\/strong><\/p>\n\n\n\n<p>Entre los principales trabajos que se realizaron est\u00e1n, el cambio de cubierta, que era en tejas de asbesto y ahora quedar\u00e1 con una moderna teja met\u00e1lica montada sobre cerchas de hierro. Los accesos desde la calle tambi\u00e9n se arreglaron. Se realiz\u00f3 el cambio de la red de aguas pluviales, tambi\u00e9n se construyeron ba\u00f1os en la zona de usuarios y en los consultorios, la fachada, sala de espera y recepci\u00f3n. A lo anterior se suma otro tipo de adecuaciones como reparaci\u00f3n de zonas donde la humedad deterior\u00f3 los muros.<\/p>\n\n\n\n<p>A este centro de salud acuden mensualmente unas 2.000 personas, que se benefician de aproximadamente 2.500 intervenciones en salud.<\/p>\n\n\n\n<p>\u201cEste centro de salud hab\u00eda sido construido hace unos 40 a\u00f1os, nunca se hab\u00eda hecho una remodelaci\u00f3n como esta. Ahora es m\u00e1s amplio, m\u00e1s comodidad para los pacientes, es m\u00e1s c\u00f3modo y de mejor presentaci\u00f3n, ac\u00e1 llegan de unas 34 veredas, una poblaci\u00f3n aproximada de 8.000 personas. Le agradecemos al alcalde Gorky Mu\u00f1oz por tenernos en cuenta\u201d, expres\u00f3 el presidente de la junta de acci\u00f3n comunal de San Luis, Mario Guzm\u00e1n Alarc\u00f3n.<\/p>\n\n\n\n<figure class=\"wp-block-gallery has-nested-images columns-default is-cropped wp-block-gallery-2 is-layout-flex wp-block-gallery-is-layout-flex\">\n<figure class=\"wp-block-image size-large\"><img decoding=\"async\" data-id=\"47523\" src=\"https:\/\/luchonoticias.com\/wp-content\/uploads\/2023\/03\/WhatsApp-Image-2023-03-05-at-6.05.55-PM-1024x666.jpeg\" alt=\"\" class=\"wp-image-47523\"\/><\/figure>\n\n\n\n<figure class=\"wp-block-image size-large\"><img decoding=\"async\" data-id=\"47521\" src=\"https:\/\/luchonoticias.com\/wp-content\/uploads\/2023\/03\/WhatsApp-Image-2023-03-05-at-6.05.52-PM-1024x683.jpeg\" alt=\"\" class=\"wp-image-47521\"\/><\/figure>\n\n\n\n<figure class=\"wp-block-image size-large\"><img decoding=\"async\" data-id=\"47522\" src=\"https:\/\/luchonoticias.com\/wp-content\/uploads\/2023\/03\/WhatsApp-Image-2023-03-05-at-6.05.51-PM-1-1024x683.jpeg\" alt=\"\" class=\"wp-image-47522\"\/><\/figure>\n<\/figure>\n\n\n\n<p>\u201cTenemos mucha alegr\u00eda porque nos remodelaron el centro de salud, muchas gracias al alcalde, antes era muy incomodo venir a solicitar los servicios, ahora est\u00e1 como nuevo y si lo dejan con toda la dotaci\u00f3n que dicen pues nos va a mejorar mucho la situaci\u00f3n en salud\u201d, se\u00f1al\u00f3 Am\u00edn Canacu\u00e9, habitante de San Luis.<\/p>\n\n\n\n<p>Por su parte el gerente de la ESE &#8216;Carmen Emilia Ospina&#8217;, Jos\u00e9 Antonio Mu\u00f1oz Paz, resalt\u00f3 que \u201cha sido muy importante priorizar el sector rural, de la mano del se\u00f1or alcalde estamos remodelando todos los centros de salud de los centros poblados, construimos el centro de salud de Aipecito, remodelamos el de Vegalarga, Pe\u00f1as Blancas, hoy entregamos San Luis y ya tenemos los recursos para ampliar el de El Cagu\u00e1n. Es lo que venimos haciendo con la ayuda de la alcald\u00eda para dignificar a las personas a trav\u00e9s de los servicios de salud\u201d.<\/p>\n","protected":false},"excerpt":{"rendered":"<p>La remodelaci\u00f3n del centro de salud del corregimiento de San Luis, cuyos habitantes llevaban m\u00e1s de 10 a\u00f1os gestionando y apoyando para que se realizaran los trabajos, ya es una realidad. La obra tiene una inversi\u00f3n de $200 millones. Este proyecto realizado por la ESE &#8216;Carmen Emilia Ospina&#8217;, con la ayuda de la Administraci\u00f3n Municipal, [&hellip;]<\/p>\n","protected":false},"author":2,"featured_media":0,"comment_status":"open","ping_status":"open","sticky":false,"template":"","format":"standard","meta":{"footnotes":""},"categories":[36,31],"tags":[],"class_list":["post-47516","post","type-post","status-publish","format-standard","hentry","category-destacado","category-local"],"yoast_head":"<!-- This site is optimized with the Yoast SEO plugin v26.6 - https:\/\/yoast.com\/wordpress\/plugins\/seo\/ -->\n<title>San Luis ya goza de un Centro de Salud totalmente remodelado -<\/title>\n<meta name=\"robots\" content=\"index, follow, max-snippet:-1, max-image-preview:large, max-video-preview:-1\" \/>\n<link rel=\"canonical\" href=\"https:\/\/luchonoticias.com\/editor\/san-luis-ya-goza-de-un-centro-de-salud-totalmente-remodelado\/\" \/>\n<meta property=\"og:locale\" content=\"es_ES\" \/>\n<meta property=\"og:type\" content=\"article\" \/>\n<meta property=\"og:title\" content=\"San Luis ya goza de un Centro de Salud totalmente remodelado -\" \/>\n<meta property=\"og:url\" content=\"https:\/\/luchonoticias.com\/editor\/san-luis-ya-goza-de-un-centro-de-salud-totalmente-remodelado\/\" \/>\n<meta property=\"article:publisher\" content=\"https:\/\/www.facebook.com\/luchonoticiasneiva\" \/>\n<meta property=\"article:published_time\" content=\"2023-03-06T11:45:05+00:00\" \/>\n<meta property=\"article:modified_time\" content=\"2023-03-06T11:45:06+00:00\" \/>\n<meta property=\"og:image\" content=\"https:\/\/luchonoticias.com\/wp-content\/uploads\/2023\/03\/WhatsApp-Image-2023-03-05-at-6.05.55-PM-1-1024x768.jpeg\" \/>\n<meta name=\"author\" content=\"Editor General\" \/>\n<meta name=\"twitter:card\" content=\"summary_large_image\" \/>\n<meta name=\"twitter:label1\" content=\"Escrito por\" \/>\n\t<meta name=\"twitter:data1\" content=\"Editor General\" \/>\n\t<meta name=\"twitter:label2\" content=\"Tiempo de lectura\" \/>\n\t<meta name=\"twitter:data2\" content=\"2 minutos\" \/>\n<script type=\"application\/ld+json\" class=\"yoast-schema-graph\">{\"@context\":\"https:\/\/schema.org\",\"@graph\":[{\"@type\":\"Article\",\"@id\":\"https:\/\/luchonoticias.com\/editor\/san-luis-ya-goza-de-un-centro-de-salud-totalmente-remodelado\/#article\",\"isPartOf\":{\"@id\":\"https:\/\/luchonoticias.com\/editor\/san-luis-ya-goza-de-un-centro-de-salud-totalmente-remodelado\/\"},\"author\":{\"name\":\"Editor General\",\"@id\":\"https:\/\/luchonoticias.com\/editor\/#\/schema\/person\/29217990ddf6f14e35912b2866d591fb\"},\"headline\":\"San Luis ya goza de un Centro de Salud totalmente remodelado\",\"datePublished\":\"2023-03-06T11:45:05+00:00\",\"dateModified\":\"2023-03-06T11:45:06+00:00\",\"mainEntityOfPage\":{\"@id\":\"https:\/\/luchonoticias.com\/editor\/san-luis-ya-goza-de-un-centro-de-salud-totalmente-remodelado\/\"},\"wordCount\":494,\"commentCount\":0,\"publisher\":{\"@id\":\"https:\/\/luchonoticias.com\/editor\/#\/schema\/person\/7a7fd911f58561fd056dbac7b55af9cd\"},\"image\":{\"@id\":\"https:\/\/luchonoticias.com\/editor\/san-luis-ya-goza-de-un-centro-de-salud-totalmente-remodelado\/#primaryimage\"},\"thumbnailUrl\":\"https:\/\/luchonoticias.com\/wp-content\/uploads\/2023\/03\/WhatsApp-Image-2023-03-05-at-6.05.55-PM-1-1024x768.jpeg\",\"articleSection\":[\"Destacado\",\"Local\"],\"inLanguage\":\"es\",\"potentialAction\":[{\"@type\":\"CommentAction\",\"name\":\"Comment\",\"target\":[\"https:\/\/luchonoticias.com\/editor\/san-luis-ya-goza-de-un-centro-de-salud-totalmente-remodelado\/#respond\"]}]},{\"@type\":\"WebPage\",\"@id\":\"https:\/\/luchonoticias.com\/editor\/san-luis-ya-goza-de-un-centro-de-salud-totalmente-remodelado\/\",\"url\":\"https:\/\/luchonoticias.com\/editor\/san-luis-ya-goza-de-un-centro-de-salud-totalmente-remodelado\/\",\"name\":\"San Luis ya goza de un Centro de Salud totalmente remodelado -\",\"isPartOf\":{\"@id\":\"https:\/\/luchonoticias.com\/editor\/#website\"},\"primaryImageOfPage\":{\"@id\":\"https:\/\/luchonoticias.com\/editor\/san-luis-ya-goza-de-un-centro-de-salud-totalmente-remodelado\/#primaryimage\"},\"image\":{\"@id\":\"https:\/\/luchonoticias.com\/editor\/san-luis-ya-goza-de-un-centro-de-salud-totalmente-remodelado\/#primaryimage\"},\"thumbnailUrl\":\"https:\/\/luchonoticias.com\/wp-content\/uploads\/2023\/03\/WhatsApp-Image-2023-03-05-at-6.05.55-PM-1-1024x768.jpeg\",\"datePublished\":\"2023-03-06T11:45:05+00:00\",\"dateModified\":\"2023-03-06T11:45:06+00:00\",\"breadcrumb\":{\"@id\":\"https:\/\/luchonoticias.com\/editor\/san-luis-ya-goza-de-un-centro-de-salud-totalmente-remodelado\/#breadcrumb\"},\"inLanguage\":\"es\",\"potentialAction\":[{\"@type\":\"ReadAction\",\"target\":[\"https:\/\/luchonoticias.com\/editor\/san-luis-ya-goza-de-un-centro-de-salud-totalmente-remodelado\/\"]}]},{\"@type\":\"ImageObject\",\"inLanguage\":\"es\",\"@id\":\"https:\/\/luchonoticias.com\/editor\/san-luis-ya-goza-de-un-centro-de-salud-totalmente-remodelado\/#primaryimage\",\"url\":\"https:\/\/luchonoticias.com\/wp-content\/uploads\/2023\/03\/WhatsApp-Image-2023-03-05-at-6.05.55-PM-1-1024x768.jpeg\",\"contentUrl\":\"https:\/\/luchonoticias.com\/wp-content\/uploads\/2023\/03\/WhatsApp-Image-2023-03-05-at-6.05.55-PM-1-1024x768.jpeg\"},{\"@type\":\"BreadcrumbList\",\"@id\":\"https:\/\/luchonoticias.com\/editor\/san-luis-ya-goza-de-un-centro-de-salud-totalmente-remodelado\/#breadcrumb\",\"itemListElement\":[{\"@type\":\"ListItem\",\"position\":1,\"name\":\"Portada\",\"item\":\"https:\/\/luchonoticias.com\/editor\/\"},{\"@type\":\"ListItem\",\"position\":2,\"name\":\"San Luis ya goza de un Centro de Salud totalmente remodelado\"}]},{\"@type\":\"WebSite\",\"@id\":\"https:\/\/luchonoticias.com\/editor\/#website\",\"url\":\"https:\/\/luchonoticias.com\/editor\/\",\"name\":\"\",\"description\":\"\",\"publisher\":{\"@id\":\"https:\/\/luchonoticias.com\/editor\/#\/schema\/person\/7a7fd911f58561fd056dbac7b55af9cd\"},\"potentialAction\":[{\"@type\":\"SearchAction\",\"target\":{\"@type\":\"EntryPoint\",\"urlTemplate\":\"https:\/\/luchonoticias.com\/editor\/?s={search_term_string}\"},\"query-input\":{\"@type\":\"PropertyValueSpecification\",\"valueRequired\":true,\"valueName\":\"search_term_string\"}}],\"inLanguage\":\"es\"},{\"@type\":[\"Person\",\"Organization\"],\"@id\":\"https:\/\/luchonoticias.com\/editor\/#\/schema\/person\/7a7fd911f58561fd056dbac7b55af9cd\",\"name\":\"admin\",\"image\":{\"@type\":\"ImageObject\",\"inLanguage\":\"es\",\"@id\":\"https:\/\/luchonoticias.com\/editor\/#\/schema\/person\/image\/\",\"url\":\"https:\/\/luchonoticias.com\/editor\/wp-content\/uploads\/2024\/02\/cropped-cropped-logolu.webp\",\"contentUrl\":\"https:\/\/luchonoticias.com\/editor\/wp-content\/uploads\/2024\/02\/cropped-cropped-logolu.webp\",\"width\":382,\"height\":170,\"caption\":\"admin\"},\"logo\":{\"@id\":\"https:\/\/luchonoticias.com\/editor\/#\/schema\/person\/image\/\"},\"sameAs\":[\"https:\/\/www.facebook.com\/luchonoticiasneiva\"]},{\"@type\":\"Person\",\"@id\":\"https:\/\/luchonoticias.com\/editor\/#\/schema\/person\/29217990ddf6f14e35912b2866d591fb\",\"name\":\"Editor General\",\"image\":{\"@type\":\"ImageObject\",\"inLanguage\":\"es\",\"@id\":\"https:\/\/luchonoticias.com\/editor\/#\/schema\/person\/image\/\",\"url\":\"https:\/\/luchonoticias.com\/editor\/wp-content\/uploads\/2024\/02\/cropped-cropped-logolu-150x150.webp\",\"contentUrl\":\"https:\/\/luchonoticias.com\/editor\/wp-content\/uploads\/2024\/02\/cropped-cropped-logolu-150x150.webp\",\"caption\":\"Editor General\"},\"sameAs\":[\"https:\/\/luchonoticias.com\/\"],\"url\":\"https:\/\/luchonoticias.com\/editor\/author\/editor-general\/\"}]}<\/script>\n<!-- \/ Yoast SEO plugin. -->","yoast_head_json":{"title":"San Luis ya goza de un Centro de Salud totalmente remodelado -","robots":{"index":"index","follow":"follow","max-snippet":"max-snippet:-1","max-image-preview":"max-image-preview:large","max-video-preview":"max-video-preview:-1"},"canonical":"https:\/\/luchonoticias.com\/editor\/san-luis-ya-goza-de-un-centro-de-salud-totalmente-remodelado\/","og_locale":"es_ES","og_type":"article","og_title":"San Luis ya goza de un Centro de Salud totalmente remodelado -","og_url":"https:\/\/luchonoticias.com\/editor\/san-luis-ya-goza-de-un-centro-de-salud-totalmente-remodelado\/","article_publisher":"https:\/\/www.facebook.com\/luchonoticiasneiva","article_published_time":"2023-03-06T11:45:05+00:00","article_modified_time":"2023-03-06T11:45:06+00:00","og_image":[{"url":"https:\/\/luchonoticias.com\/wp-content\/uploads\/2023\/03\/WhatsApp-Image-2023-03-05-at-6.05.55-PM-1-1024x768.jpeg","type":"","width":"","height":""}],"author":"Editor General","twitter_card":"summary_large_image","twitter_misc":{"Escrito por":"Editor General","Tiempo de lectura":"2 minutos"},"schema":{"@context":"https:\/\/schema.org","@graph":[{"@type":"Article","@id":"https:\/\/luchonoticias.com\/editor\/san-luis-ya-goza-de-un-centro-de-salud-totalmente-remodelado\/#article","isPartOf":{"@id":"https:\/\/luchonoticias.com\/editor\/san-luis-ya-goza-de-un-centro-de-salud-totalmente-remodelado\/"},"author":{"name":"Editor General","@id":"https:\/\/luchonoticias.com\/editor\/#\/schema\/person\/29217990ddf6f14e35912b2866d591fb"},"headline":"San Luis ya goza de un Centro de Salud totalmente remodelado","datePublished":"2023-03-06T11:45:05+00:00","dateModified":"2023-03-06T11:45:06+00:00","mainEntityOfPage":{"@id":"https:\/\/luchonoticias.com\/editor\/san-luis-ya-goza-de-un-centro-de-salud-totalmente-remodelado\/"},"wordCount":494,"commentCount":0,"publisher":{"@id":"https:\/\/luchonoticias.com\/editor\/#\/schema\/person\/7a7fd911f58561fd056dbac7b55af9cd"},"image":{"@id":"https:\/\/luchonoticias.com\/editor\/san-luis-ya-goza-de-un-centro-de-salud-totalmente-remodelado\/#primaryimage"},"thumbnailUrl":"https:\/\/luchonoticias.com\/wp-content\/uploads\/2023\/03\/WhatsApp-Image-2023-03-05-at-6.05.55-PM-1-1024x768.jpeg","articleSection":["Destacado","Local"],"inLanguage":"es","potentialAction":[{"@type":"CommentAction","name":"Comment","target":["https:\/\/luchonoticias.com\/editor\/san-luis-ya-goza-de-un-centro-de-salud-totalmente-remodelado\/#respond"]}]},{"@type":"WebPage","@id":"https:\/\/luchonoticias.com\/editor\/san-luis-ya-goza-de-un-centro-de-salud-totalmente-remodelado\/","url":"https:\/\/luchonoticias.com\/editor\/san-luis-ya-goza-de-un-centro-de-salud-totalmente-remodelado\/","name":"San Luis ya goza de un Centro de Salud totalmente remodelado -","isPartOf":{"@id":"https:\/\/luchonoticias.com\/editor\/#website"},"primaryImageOfPage":{"@id":"https:\/\/luchonoticias.com\/editor\/san-luis-ya-goza-de-un-centro-de-salud-totalmente-remodelado\/#primaryimage"},"image":{"@id":"https:\/\/luchonoticias.com\/editor\/san-luis-ya-goza-de-un-centro-de-salud-totalmente-remodelado\/#primaryimage"},"thumbnailUrl":"https:\/\/luchonoticias.com\/wp-content\/uploads\/2023\/03\/WhatsApp-Image-2023-03-05-at-6.05.55-PM-1-1024x768.jpeg","datePublished":"2023-03-06T11:45:05+00:00","dateModified":"2023-03-06T11:45:06+00:00","breadcrumb":{"@id":"https:\/\/luchonoticias.com\/editor\/san-luis-ya-goza-de-un-centro-de-salud-totalmente-remodelado\/#breadcrumb"},"inLanguage":"es","potentialAction":[{"@type":"ReadAction","target":["https:\/\/luchonoticias.com\/editor\/san-luis-ya-goza-de-un-centro-de-salud-totalmente-remodelado\/"]}]},{"@type":"ImageObject","inLanguage":"es","@id":"https:\/\/luchonoticias.com\/editor\/san-luis-ya-goza-de-un-centro-de-salud-totalmente-remodelado\/#primaryimage","url":"https:\/\/luchonoticias.com\/wp-content\/uploads\/2023\/03\/WhatsApp-Image-2023-03-05-at-6.05.55-PM-1-1024x768.jpeg","contentUrl":"https:\/\/luchonoticias.com\/wp-content\/uploads\/2023\/03\/WhatsApp-Image-2023-03-05-at-6.05.55-PM-1-1024x768.jpeg"},{"@type":"BreadcrumbList","@id":"https:\/\/luchonoticias.com\/editor\/san-luis-ya-goza-de-un-centro-de-salud-totalmente-remodelado\/#breadcrumb","itemListElement":[{"@type":"ListItem","position":1,"name":"Portada","item":"https:\/\/luchonoticias.com\/editor\/"},{"@type":"ListItem","position":2,"name":"San Luis ya goza de un Centro de Salud totalmente remodelado"}]},{"@type":"WebSite","@id":"https:\/\/luchonoticias.com\/editor\/#website","url":"https:\/\/luchonoticias.com\/editor\/","name":"","description":"","publisher":{"@id":"https:\/\/luchonoticias.com\/editor\/#\/schema\/person\/7a7fd911f58561fd056dbac7b55af9cd"},"potentialAction":[{"@type":"SearchAction","target":{"@type":"EntryPoint","urlTemplate":"https:\/\/luchonoticias.com\/editor\/?s={search_term_string}"},"query-input":{"@type":"PropertyValueSpecification","valueRequired":true,"valueName":"search_term_string"}}],"inLanguage":"es"},{"@type":["Person","Organization"],"@id":"https:\/\/luchonoticias.com\/editor\/#\/schema\/person\/7a7fd911f58561fd056dbac7b55af9cd","name":"admin","image":{"@type":"ImageObject","inLanguage":"es","@id":"https:\/\/luchonoticias.com\/editor\/#\/schema\/person\/image\/","url":"https:\/\/luchonoticias.com\/editor\/wp-content\/uploads\/2024\/02\/cropped-cropped-logolu.webp","contentUrl":"https:\/\/luchonoticias.com\/editor\/wp-content\/uploads\/2024\/02\/cropped-cropped-logolu.webp","width":382,"height":170,"caption":"admin"},"logo":{"@id":"https:\/\/luchonoticias.com\/editor\/#\/schema\/person\/image\/"},"sameAs":["https:\/\/www.facebook.com\/luchonoticiasneiva"]},{"@type":"Person","@id":"https:\/\/luchonoticias.com\/editor\/#\/schema\/person\/29217990ddf6f14e35912b2866d591fb","name":"Editor General","image":{"@type":"ImageObject","inLanguage":"es","@id":"https:\/\/luchonoticias.com\/editor\/#\/schema\/person\/image\/","url":"https:\/\/luchonoticias.com\/editor\/wp-content\/uploads\/2024\/02\/cropped-cropped-logolu-150x150.webp","contentUrl":"https:\/\/luchonoticias.com\/editor\/wp-content\/uploads\/2024\/02\/cropped-cropped-logolu-150x150.webp","caption":"Editor General"},"sameAs":["https:\/\/luchonoticias.com\/"],"url":"https:\/\/luchonoticias.com\/editor\/author\/editor-general\/"}]}},"_links":{"self":[{"href":"https:\/\/luchonoticias.com\/editor\/wp-json\/wp\/v2\/posts\/47516","targetHints":{"allow":["GET"]}}],"collection":[{"href":"https:\/\/luchonoticias.com\/editor\/wp-json\/wp\/v2\/posts"}],"about":[{"href":"https:\/\/luchonoticias.com\/editor\/wp-json\/wp\/v2\/types\/post"}],"author":[{"embeddable":true,"href":"https:\/\/luchonoticias.com\/editor\/wp-json\/wp\/v2\/users\/2"}],"replies":[{"embeddable":true,"href":"https:\/\/luchonoticias.com\/editor\/wp-json\/wp\/v2\/comments?post=47516"}],"version-history":[{"count":0,"href":"https:\/\/luchonoticias.com\/editor\/wp-json\/wp\/v2\/posts\/47516\/revisions"}],"wp:attachment":[{"href":"https:\/\/luchonoticias.com\/editor\/wp-json\/wp\/v2\/media?parent=47516"}],"wp:term":[{"taxonomy":"category","embeddable":true,"href":"https:\/\/luchonoticias.com\/editor\/wp-json\/wp\/v2\/categories?post=47516"},{"taxonomy":"post_tag","embeddable":true,"href":"https:\/\/luchonoticias.com\/editor\/wp-json\/wp\/v2\/tags?post=47516"}],"curies":[{"name":"wp","href":"https:\/\/api.w.org\/{rel}","templated":true}]}}