{"id":47525,"date":"2023-03-06T06:50:33","date_gmt":"2023-03-06T11:50:33","guid":{"rendered":"https:\/\/luchonoticias.com\/?p=47525"},"modified":"2023-03-06T06:50:34","modified_gmt":"2023-03-06T11:50:34","slug":"maratonico-alcalde-de-neiva-entrego-obras-en-los-corregimientos-de-aipecito-y-san-luis","status":"publish","type":"post","link":"https:\/\/luchonoticias.com\/editor\/maratonico-alcalde-de-neiva-entrego-obras-en-los-corregimientos-de-aipecito-y-san-luis\/","title":{"rendered":"\u00a1Marat\u00f3nico!: Alcalde de Neiva entreg\u00f3 obras en los corregimientos de Aipecito y San Luis"},"content":{"rendered":"\n<p>El alcalde de Neiva, Gorky Mu\u00f1oz Calder\u00f3n y su equipo de gobierno visitaron los corregimientos de Aipecito y San Luis para entregar inversiones representadas en obras y proyectos destinados a mejorar la calidad de vida de los habitantes de la zona rural y entender las problem\u00e1ticas y necesidades sociales que hay desde el territorio.<\/p>\n\n\n\n<p>Durante los tres a\u00f1os y tres meses de gobierno, el mandatario de los neivanos ha logrado una ejecuci\u00f3n presupuestal hist\u00f3rica para el campo neivano, a trav\u00e9s de estas acciones se le ha cumplido y seguir\u00e1 cumpliendo a las comunidades.<\/p>\n\n\n\n<p>\u201cSomos un gobierno amigo del campo y por esa consigna hemos invertido un total de $53.076 millones, discriminado as\u00ed: Aipecito $5.648 millones, Chapinero $3.345millones, Cagu\u00e1n $16.311 millones, Fortalecillas $4.290 millones, Guacirco $3.794 millones, R\u00edo Las Ceibas $4.053 millones, San Luis $5.513 millones y Vegalarga $10.118 millones\u201d, revel\u00f3 el alcalde Gorky Mu\u00f1oz Calder\u00f3n.<\/p>\n\n\n\n<figure class=\"wp-block-gallery has-nested-images columns-default is-cropped wp-block-gallery-1 is-layout-flex wp-block-gallery-is-layout-flex\">\n<figure class=\"wp-block-image size-large\"><img decoding=\"async\" data-id=\"47528\" src=\"https:\/\/luchonoticias.com\/wp-content\/uploads\/2023\/03\/WhatsApp-Image-2023-03-05-at-7.06.32-PM-1024x683.jpeg\" alt=\"\" class=\"wp-image-47528\"\/><\/figure>\n\n\n\n<figure class=\"wp-block-image size-large\"><img decoding=\"async\" data-id=\"47527\" src=\"https:\/\/luchonoticias.com\/wp-content\/uploads\/2023\/03\/WhatsApp-Image-2023-03-05-at-6.56.05-PM-2.jpeg\" alt=\"\" class=\"wp-image-47527\"\/><\/figure>\n\n\n\n<figure class=\"wp-block-image size-large\"><img decoding=\"async\" data-id=\"47529\" src=\"https:\/\/luchonoticias.com\/wp-content\/uploads\/2023\/03\/WhatsApp-Image-2023-03-05-at-6.56.01-PM-1024x682.jpeg\" alt=\"\" class=\"wp-image-47529\"\/><\/figure>\n<\/figure>\n\n\n\n<p><strong>Aipecito<\/strong><\/p>\n\n\n\n<p>La entrega de obras y di\u00e1logos con la comunidad de dichos corregimientos, inici\u00f3 desde muy temprano en Aipecito, donde el alcalde Gorky Mu\u00f1oz Calder\u00f3n instal\u00f3 la sesi\u00f3n extraordinaria del Consejo Municipal de Paz y entreg\u00f3 un informe detallado sobre la inversi\u00f3n en la zona.<\/p>\n\n\n\n<p>Entre ellas se encuentran la entrega de dos instituciones educativas, La Pradera y La Primavera, as\u00ed como un acueducto optimizado y la entrega de 360 metros de placa huella y 9 alcantarillas en las veredas La Uni\u00f3n, Aipecito, Pradera, Primavera, Triunfo, Nogal, Cristalina y Florida.<\/p>\n\n\n\n<figure class=\"wp-block-gallery has-nested-images columns-default is-cropped wp-block-gallery-2 is-layout-flex wp-block-gallery-is-layout-flex\">\n<figure class=\"wp-block-image size-large\"><img decoding=\"async\" data-id=\"47531\" src=\"https:\/\/luchonoticias.com\/wp-content\/uploads\/2023\/03\/WhatsApp-Image-2023-03-05-at-6.56.02-PM-1024x684.jpeg\" alt=\"\" class=\"wp-image-47531\"\/><\/figure>\n\n\n\n<figure class=\"wp-block-image size-large\"><img decoding=\"async\" data-id=\"47532\" src=\"https:\/\/luchonoticias.com\/wp-content\/uploads\/2023\/03\/WhatsApp-Image-2023-03-05-at-6.56.00-PM-2-1024x683.jpeg\" alt=\"\" class=\"wp-image-47532\"\/><\/figure>\n\n\n\n<figure class=\"wp-block-image size-large\"><img decoding=\"async\" data-id=\"47530\" src=\"https:\/\/luchonoticias.com\/wp-content\/uploads\/2023\/03\/WhatsApp-Image-2023-03-05-at-6.56.00-PM-1-1024x683.jpeg\" alt=\"\" class=\"wp-image-47530\"\/><\/figure>\n<\/figure>\n\n\n\n<p><strong>San Luis<\/strong><\/p>\n\n\n\n<p>Posteriormente, en San Luis, el alcalde inaugur\u00f3 la escuela La Julia, que ha sido totalmente adecuada para que los estudiantes puedan recibir clases de manera digna.<\/p>\n\n\n\n<p>Continuamente, el alcalde y el gerente de la ESE Carmen Emilia Ospina, Jos\u00e9 Antonio Mu\u00f1oz Calder\u00f3n, tambi\u00e9n entregaron la infraestructura remodelada del centro de salud San Luis.<\/p>\n\n\n\n<p>Ah\u00ed mismo, el mandatario inform\u00f3 a la comunidad sobre la inversi\u00f3n realizada en dicho corregimiento, donde se han construido tres acueductos optimizados y se han entregado 360 metros de placa, as\u00ed como 9 alcantarillas que benefician a los habitantes de las veredas Quebrad\u00f3n, \u00c1vila, Pi\u00f1uelos, Corozal, Palmar, La Julia, Cocal y en El Centro.<\/p>\n\n\n\n<p>Conectividad<\/p>\n\n\n\n<p>En San Luis, el burgomaestre inaugur\u00f3 la zona Wifi-gratuita que tuvo una inversi\u00f3n de $56 millones; cuenta con infraestructura tecnol\u00f3gica y servicio de conectividad las 24 horas del d\u00eda y se resalta que posee alimentaci\u00f3n a trav\u00e9s de energ\u00eda solar. Para este a\u00f1o, se proyect\u00f3 otros puntos para Aipecito y Chapinero, que se esperan sean entregados en el mes de junio.<\/p>\n\n\n\n<figure class=\"wp-block-gallery has-nested-images columns-default is-cropped wp-block-gallery-3 is-layout-flex wp-block-gallery-is-layout-flex\">\n<figure class=\"wp-block-image size-large\"><img decoding=\"async\" data-id=\"47533\" src=\"https:\/\/luchonoticias.com\/wp-content\/uploads\/2023\/03\/WhatsApp-Image-2023-03-05-at-6.56.05-PM-1.jpeg\" alt=\"\" class=\"wp-image-47533\"\/><\/figure>\n\n\n\n<figure class=\"wp-block-image size-large\"><img decoding=\"async\" data-id=\"47535\" src=\"https:\/\/luchonoticias.com\/wp-content\/uploads\/2023\/03\/WhatsApp-Image-2023-03-05-at-6.56.03-PM-1-1024x684.jpeg\" alt=\"\" class=\"wp-image-47535\"\/><\/figure>\n\n\n\n<figure class=\"wp-block-image size-large\"><img decoding=\"async\" data-id=\"47534\" src=\"https:\/\/luchonoticias.com\/wp-content\/uploads\/2023\/03\/WhatsApp-Image-2023-03-05-at-6.56.00-PM-1024x683.jpeg\" alt=\"\" class=\"wp-image-47534\"\/><\/figure>\n<\/figure>\n\n\n\n<p>\u00datiles escolares<\/p>\n\n\n\n<p>Tambi\u00e9n el mandatario entreg\u00f3 m\u00e1s de 300 kits escolares en los corregimientos de San Luis y Aipecito. Las veredas que se vieron beneficiadas son: Horizonte, Altamira, La Julia, La Primavera y La Pradera.<\/p>\n\n\n\n<p>Con estas ayudas gestionadas por la Gestora Social de Neiva, se busca ayudar a los ni\u00f1os de bajos recursos, cuyos padres hoy no cuentan con el dinero y las condiciones para comprar sus \u00fatiles escolares.<\/p>\n\n\n\n<figure class=\"wp-block-gallery has-nested-images columns-default is-cropped wp-block-gallery-4 is-layout-flex wp-block-gallery-is-layout-flex\">\n<figure class=\"wp-block-image size-large\"><img decoding=\"async\" data-id=\"47539\" src=\"https:\/\/luchonoticias.com\/wp-content\/uploads\/2023\/03\/WhatsApp-Image-2023-03-05-at-6.56.04-PM-1024x684.jpeg\" alt=\"\" class=\"wp-image-47539\"\/><\/figure>\n\n\n\n<figure class=\"wp-block-image size-large\"><img decoding=\"async\" data-id=\"47541\" src=\"https:\/\/luchonoticias.com\/wp-content\/uploads\/2023\/03\/WhatsApp-Image-2023-03-05-at-6.56.01-PM-1-1024x683.jpeg\" alt=\"\" class=\"wp-image-47541\"\/><\/figure>\n\n\n\n<figure class=\"wp-block-image size-large\"><img decoding=\"async\" data-id=\"47540\" src=\"https:\/\/luchonoticias.com\/wp-content\/uploads\/2023\/03\/WhatsApp-Image-2023-03-05-at-6.56.00-PM-1-1-1024x683.jpeg\" alt=\"\" class=\"wp-image-47540\"\/><\/figure>\n<\/figure>\n\n\n\n<p>\u201cSeguiremos cumpliendo\u201d<\/p>\n\n\n\n<p>En cada una de las intervenciones, el alcalde ha reiterado su compromiso con la zona rural y ha asegurado que seguir\u00e1 trabajando para mejorar la calidad de vida de los habitantes no solo de estos corregimientos, sino tambi\u00e9n de todos los dem\u00e1s.<\/p>\n\n\n\n<p>Las inversiones anteriormente expuestas corresponden a recursos propios, convenios y cofinanciaciones, esto gracias al recurso del cr\u00e9dito de los $60 mil millones, demostrando que la inversi\u00f3n no solo ha llegado a la ciudad sino al campo neivano.<\/p>\n","protected":false},"excerpt":{"rendered":"<p>El alcalde de Neiva, Gorky Mu\u00f1oz Calder\u00f3n y su equipo de gobierno visitaron los corregimientos de Aipecito y San Luis para entregar inversiones representadas en obras y proyectos destinados a mejorar la calidad de vida de los habitantes de la zona rural y entender las problem\u00e1ticas y necesidades sociales que hay desde el territorio. Durante [&hellip;]<\/p>\n","protected":false},"author":2,"featured_media":0,"comment_status":"open","ping_status":"open","sticky":false,"template":"","format":"standard","meta":{"footnotes":""},"categories":[36,53],"tags":[],"class_list":["post-47525","post","type-post","status-publish","format-standard","hentry","category-destacado","category-neiva"],"yoast_head":"<!-- This site is optimized with the Yoast SEO plugin v26.6 - https:\/\/yoast.com\/wordpress\/plugins\/seo\/ -->\n<title>\u00a1Marat\u00f3nico!: Alcalde de Neiva entreg\u00f3 obras en los corregimientos de Aipecito y San Luis -<\/title>\n<meta name=\"robots\" content=\"index, follow, max-snippet:-1, max-image-preview:large, max-video-preview:-1\" \/>\n<link rel=\"canonical\" href=\"https:\/\/luchonoticias.com\/editor\/maratonico-alcalde-de-neiva-entrego-obras-en-los-corregimientos-de-aipecito-y-san-luis\/\" \/>\n<meta property=\"og:locale\" content=\"es_ES\" \/>\n<meta property=\"og:type\" content=\"article\" \/>\n<meta property=\"og:title\" content=\"\u00a1Marat\u00f3nico!: Alcalde de Neiva entreg\u00f3 obras en los corregimientos de Aipecito y San Luis -\" \/>\n<meta property=\"og:url\" content=\"https:\/\/luchonoticias.com\/editor\/maratonico-alcalde-de-neiva-entrego-obras-en-los-corregimientos-de-aipecito-y-san-luis\/\" \/>\n<meta property=\"article:publisher\" content=\"https:\/\/www.facebook.com\/luchonoticiasneiva\" \/>\n<meta property=\"article:published_time\" content=\"2023-03-06T11:50:33+00:00\" \/>\n<meta property=\"article:modified_time\" content=\"2023-03-06T11:50:34+00:00\" \/>\n<meta property=\"og:image\" content=\"https:\/\/luchonoticias.com\/wp-content\/uploads\/2023\/03\/WhatsApp-Image-2023-03-05-at-7.06.32-PM-1024x683.jpeg\" \/>\n<meta name=\"author\" content=\"Editor General\" \/>\n<meta name=\"twitter:card\" content=\"summary_large_image\" \/>\n<meta name=\"twitter:label1\" content=\"Escrito por\" \/>\n\t<meta name=\"twitter:data1\" content=\"Editor General\" \/>\n\t<meta name=\"twitter:label2\" content=\"Tiempo de lectura\" \/>\n\t<meta name=\"twitter:data2\" content=\"3 minutos\" \/>\n<script type=\"application\/ld+json\" class=\"yoast-schema-graph\">{\"@context\":\"https:\/\/schema.org\",\"@graph\":[{\"@type\":\"Article\",\"@id\":\"https:\/\/luchonoticias.com\/editor\/maratonico-alcalde-de-neiva-entrego-obras-en-los-corregimientos-de-aipecito-y-san-luis\/#article\",\"isPartOf\":{\"@id\":\"https:\/\/luchonoticias.com\/editor\/maratonico-alcalde-de-neiva-entrego-obras-en-los-corregimientos-de-aipecito-y-san-luis\/\"},\"author\":{\"name\":\"Editor General\",\"@id\":\"https:\/\/luchonoticias.com\/editor\/#\/schema\/person\/29217990ddf6f14e35912b2866d591fb\"},\"headline\":\"\u00a1Marat\u00f3nico!: Alcalde de Neiva entreg\u00f3 obras en los corregimientos de Aipecito y San Luis\",\"datePublished\":\"2023-03-06T11:50:33+00:00\",\"dateModified\":\"2023-03-06T11:50:34+00:00\",\"mainEntityOfPage\":{\"@id\":\"https:\/\/luchonoticias.com\/editor\/maratonico-alcalde-de-neiva-entrego-obras-en-los-corregimientos-de-aipecito-y-san-luis\/\"},\"wordCount\":593,\"commentCount\":0,\"publisher\":{\"@id\":\"https:\/\/luchonoticias.com\/editor\/#\/schema\/person\/7a7fd911f58561fd056dbac7b55af9cd\"},\"image\":{\"@id\":\"https:\/\/luchonoticias.com\/editor\/maratonico-alcalde-de-neiva-entrego-obras-en-los-corregimientos-de-aipecito-y-san-luis\/#primaryimage\"},\"thumbnailUrl\":\"https:\/\/luchonoticias.com\/wp-content\/uploads\/2023\/03\/WhatsApp-Image-2023-03-05-at-7.06.32-PM-1024x683.jpeg\",\"articleSection\":[\"Destacado\",\"Neiva\"],\"inLanguage\":\"es\",\"potentialAction\":[{\"@type\":\"CommentAction\",\"name\":\"Comment\",\"target\":[\"https:\/\/luchonoticias.com\/editor\/maratonico-alcalde-de-neiva-entrego-obras-en-los-corregimientos-de-aipecito-y-san-luis\/#respond\"]}]},{\"@type\":\"WebPage\",\"@id\":\"https:\/\/luchonoticias.com\/editor\/maratonico-alcalde-de-neiva-entrego-obras-en-los-corregimientos-de-aipecito-y-san-luis\/\",\"url\":\"https:\/\/luchonoticias.com\/editor\/maratonico-alcalde-de-neiva-entrego-obras-en-los-corregimientos-de-aipecito-y-san-luis\/\",\"name\":\"\u00a1Marat\u00f3nico!: Alcalde de Neiva entreg\u00f3 obras en los corregimientos de Aipecito y San Luis -\",\"isPartOf\":{\"@id\":\"https:\/\/luchonoticias.com\/editor\/#website\"},\"primaryImageOfPage\":{\"@id\":\"https:\/\/luchonoticias.com\/editor\/maratonico-alcalde-de-neiva-entrego-obras-en-los-corregimientos-de-aipecito-y-san-luis\/#primaryimage\"},\"image\":{\"@id\":\"https:\/\/luchonoticias.com\/editor\/maratonico-alcalde-de-neiva-entrego-obras-en-los-corregimientos-de-aipecito-y-san-luis\/#primaryimage\"},\"thumbnailUrl\":\"https:\/\/luchonoticias.com\/wp-content\/uploads\/2023\/03\/WhatsApp-Image-2023-03-05-at-7.06.32-PM-1024x683.jpeg\",\"datePublished\":\"2023-03-06T11:50:33+00:00\",\"dateModified\":\"2023-03-06T11:50:34+00:00\",\"breadcrumb\":{\"@id\":\"https:\/\/luchonoticias.com\/editor\/maratonico-alcalde-de-neiva-entrego-obras-en-los-corregimientos-de-aipecito-y-san-luis\/#breadcrumb\"},\"inLanguage\":\"es\",\"potentialAction\":[{\"@type\":\"ReadAction\",\"target\":[\"https:\/\/luchonoticias.com\/editor\/maratonico-alcalde-de-neiva-entrego-obras-en-los-corregimientos-de-aipecito-y-san-luis\/\"]}]},{\"@type\":\"ImageObject\",\"inLanguage\":\"es\",\"@id\":\"https:\/\/luchonoticias.com\/editor\/maratonico-alcalde-de-neiva-entrego-obras-en-los-corregimientos-de-aipecito-y-san-luis\/#primaryimage\",\"url\":\"https:\/\/luchonoticias.com\/wp-content\/uploads\/2023\/03\/WhatsApp-Image-2023-03-05-at-7.06.32-PM-1024x683.jpeg\",\"contentUrl\":\"https:\/\/luchonoticias.com\/wp-content\/uploads\/2023\/03\/WhatsApp-Image-2023-03-05-at-7.06.32-PM-1024x683.jpeg\"},{\"@type\":\"BreadcrumbList\",\"@id\":\"https:\/\/luchonoticias.com\/editor\/maratonico-alcalde-de-neiva-entrego-obras-en-los-corregimientos-de-aipecito-y-san-luis\/#breadcrumb\",\"itemListElement\":[{\"@type\":\"ListItem\",\"position\":1,\"name\":\"Portada\",\"item\":\"https:\/\/luchonoticias.com\/editor\/\"},{\"@type\":\"ListItem\",\"position\":2,\"name\":\"\u00a1Marat\u00f3nico!: Alcalde de Neiva entreg\u00f3 obras en los corregimientos de Aipecito y San Luis\"}]},{\"@type\":\"WebSite\",\"@id\":\"https:\/\/luchonoticias.com\/editor\/#website\",\"url\":\"https:\/\/luchonoticias.com\/editor\/\",\"name\":\"\",\"description\":\"\",\"publisher\":{\"@id\":\"https:\/\/luchonoticias.com\/editor\/#\/schema\/person\/7a7fd911f58561fd056dbac7b55af9cd\"},\"potentialAction\":[{\"@type\":\"SearchAction\",\"target\":{\"@type\":\"EntryPoint\",\"urlTemplate\":\"https:\/\/luchonoticias.com\/editor\/?s={search_term_string}\"},\"query-input\":{\"@type\":\"PropertyValueSpecification\",\"valueRequired\":true,\"valueName\":\"search_term_string\"}}],\"inLanguage\":\"es\"},{\"@type\":[\"Person\",\"Organization\"],\"@id\":\"https:\/\/luchonoticias.com\/editor\/#\/schema\/person\/7a7fd911f58561fd056dbac7b55af9cd\",\"name\":\"admin\",\"image\":{\"@type\":\"ImageObject\",\"inLanguage\":\"es\",\"@id\":\"https:\/\/luchonoticias.com\/editor\/#\/schema\/person\/image\/\",\"url\":\"https:\/\/luchonoticias.com\/editor\/wp-content\/uploads\/2024\/02\/cropped-cropped-logolu.webp\",\"contentUrl\":\"https:\/\/luchonoticias.com\/editor\/wp-content\/uploads\/2024\/02\/cropped-cropped-logolu.webp\",\"width\":382,\"height\":170,\"caption\":\"admin\"},\"logo\":{\"@id\":\"https:\/\/luchonoticias.com\/editor\/#\/schema\/person\/image\/\"},\"sameAs\":[\"https:\/\/www.facebook.com\/luchonoticiasneiva\"]},{\"@type\":\"Person\",\"@id\":\"https:\/\/luchonoticias.com\/editor\/#\/schema\/person\/29217990ddf6f14e35912b2866d591fb\",\"name\":\"Editor General\",\"image\":{\"@type\":\"ImageObject\",\"inLanguage\":\"es\",\"@id\":\"https:\/\/luchonoticias.com\/editor\/#\/schema\/person\/image\/\",\"url\":\"https:\/\/luchonoticias.com\/editor\/wp-content\/uploads\/2024\/02\/cropped-cropped-logolu-150x150.webp\",\"contentUrl\":\"https:\/\/luchonoticias.com\/editor\/wp-content\/uploads\/2024\/02\/cropped-cropped-logolu-150x150.webp\",\"caption\":\"Editor General\"},\"sameAs\":[\"https:\/\/luchonoticias.com\/\"],\"url\":\"https:\/\/luchonoticias.com\/editor\/author\/editor-general\/\"}]}<\/script>\n<!-- \/ Yoast SEO plugin. -->","yoast_head_json":{"title":"\u00a1Marat\u00f3nico!: Alcalde de Neiva entreg\u00f3 obras en los corregimientos de Aipecito y San Luis -","robots":{"index":"index","follow":"follow","max-snippet":"max-snippet:-1","max-image-preview":"max-image-preview:large","max-video-preview":"max-video-preview:-1"},"canonical":"https:\/\/luchonoticias.com\/editor\/maratonico-alcalde-de-neiva-entrego-obras-en-los-corregimientos-de-aipecito-y-san-luis\/","og_locale":"es_ES","og_type":"article","og_title":"\u00a1Marat\u00f3nico!: Alcalde de Neiva entreg\u00f3 obras en los corregimientos de Aipecito y San Luis -","og_url":"https:\/\/luchonoticias.com\/editor\/maratonico-alcalde-de-neiva-entrego-obras-en-los-corregimientos-de-aipecito-y-san-luis\/","article_publisher":"https:\/\/www.facebook.com\/luchonoticiasneiva","article_published_time":"2023-03-06T11:50:33+00:00","article_modified_time":"2023-03-06T11:50:34+00:00","og_image":[{"url":"https:\/\/luchonoticias.com\/wp-content\/uploads\/2023\/03\/WhatsApp-Image-2023-03-05-at-7.06.32-PM-1024x683.jpeg","type":"","width":"","height":""}],"author":"Editor General","twitter_card":"summary_large_image","twitter_misc":{"Escrito por":"Editor General","Tiempo de lectura":"3 minutos"},"schema":{"@context":"https:\/\/schema.org","@graph":[{"@type":"Article","@id":"https:\/\/luchonoticias.com\/editor\/maratonico-alcalde-de-neiva-entrego-obras-en-los-corregimientos-de-aipecito-y-san-luis\/#article","isPartOf":{"@id":"https:\/\/luchonoticias.com\/editor\/maratonico-alcalde-de-neiva-entrego-obras-en-los-corregimientos-de-aipecito-y-san-luis\/"},"author":{"name":"Editor General","@id":"https:\/\/luchonoticias.com\/editor\/#\/schema\/person\/29217990ddf6f14e35912b2866d591fb"},"headline":"\u00a1Marat\u00f3nico!: Alcalde de Neiva entreg\u00f3 obras en los corregimientos de Aipecito y San Luis","datePublished":"2023-03-06T11:50:33+00:00","dateModified":"2023-03-06T11:50:34+00:00","mainEntityOfPage":{"@id":"https:\/\/luchonoticias.com\/editor\/maratonico-alcalde-de-neiva-entrego-obras-en-los-corregimientos-de-aipecito-y-san-luis\/"},"wordCount":593,"commentCount":0,"publisher":{"@id":"https:\/\/luchonoticias.com\/editor\/#\/schema\/person\/7a7fd911f58561fd056dbac7b55af9cd"},"image":{"@id":"https:\/\/luchonoticias.com\/editor\/maratonico-alcalde-de-neiva-entrego-obras-en-los-corregimientos-de-aipecito-y-san-luis\/#primaryimage"},"thumbnailUrl":"https:\/\/luchonoticias.com\/wp-content\/uploads\/2023\/03\/WhatsApp-Image-2023-03-05-at-7.06.32-PM-1024x683.jpeg","articleSection":["Destacado","Neiva"],"inLanguage":"es","potentialAction":[{"@type":"CommentAction","name":"Comment","target":["https:\/\/luchonoticias.com\/editor\/maratonico-alcalde-de-neiva-entrego-obras-en-los-corregimientos-de-aipecito-y-san-luis\/#respond"]}]},{"@type":"WebPage","@id":"https:\/\/luchonoticias.com\/editor\/maratonico-alcalde-de-neiva-entrego-obras-en-los-corregimientos-de-aipecito-y-san-luis\/","url":"https:\/\/luchonoticias.com\/editor\/maratonico-alcalde-de-neiva-entrego-obras-en-los-corregimientos-de-aipecito-y-san-luis\/","name":"\u00a1Marat\u00f3nico!: Alcalde de Neiva entreg\u00f3 obras en los corregimientos de Aipecito y San Luis -","isPartOf":{"@id":"https:\/\/luchonoticias.com\/editor\/#website"},"primaryImageOfPage":{"@id":"https:\/\/luchonoticias.com\/editor\/maratonico-alcalde-de-neiva-entrego-obras-en-los-corregimientos-de-aipecito-y-san-luis\/#primaryimage"},"image":{"@id":"https:\/\/luchonoticias.com\/editor\/maratonico-alcalde-de-neiva-entrego-obras-en-los-corregimientos-de-aipecito-y-san-luis\/#primaryimage"},"thumbnailUrl":"https:\/\/luchonoticias.com\/wp-content\/uploads\/2023\/03\/WhatsApp-Image-2023-03-05-at-7.06.32-PM-1024x683.jpeg","datePublished":"2023-03-06T11:50:33+00:00","dateModified":"2023-03-06T11:50:34+00:00","breadcrumb":{"@id":"https:\/\/luchonoticias.com\/editor\/maratonico-alcalde-de-neiva-entrego-obras-en-los-corregimientos-de-aipecito-y-san-luis\/#breadcrumb"},"inLanguage":"es","potentialAction":[{"@type":"ReadAction","target":["https:\/\/luchonoticias.com\/editor\/maratonico-alcalde-de-neiva-entrego-obras-en-los-corregimientos-de-aipecito-y-san-luis\/"]}]},{"@type":"ImageObject","inLanguage":"es","@id":"https:\/\/luchonoticias.com\/editor\/maratonico-alcalde-de-neiva-entrego-obras-en-los-corregimientos-de-aipecito-y-san-luis\/#primaryimage","url":"https:\/\/luchonoticias.com\/wp-content\/uploads\/2023\/03\/WhatsApp-Image-2023-03-05-at-7.06.32-PM-1024x683.jpeg","contentUrl":"https:\/\/luchonoticias.com\/wp-content\/uploads\/2023\/03\/WhatsApp-Image-2023-03-05-at-7.06.32-PM-1024x683.jpeg"},{"@type":"BreadcrumbList","@id":"https:\/\/luchonoticias.com\/editor\/maratonico-alcalde-de-neiva-entrego-obras-en-los-corregimientos-de-aipecito-y-san-luis\/#breadcrumb","itemListElement":[{"@type":"ListItem","position":1,"name":"Portada","item":"https:\/\/luchonoticias.com\/editor\/"},{"@type":"ListItem","position":2,"name":"\u00a1Marat\u00f3nico!: Alcalde de Neiva entreg\u00f3 obras en los corregimientos de Aipecito y San Luis"}]},{"@type":"WebSite","@id":"https:\/\/luchonoticias.com\/editor\/#website","url":"https:\/\/luchonoticias.com\/editor\/","name":"","description":"","publisher":{"@id":"https:\/\/luchonoticias.com\/editor\/#\/schema\/person\/7a7fd911f58561fd056dbac7b55af9cd"},"potentialAction":[{"@type":"SearchAction","target":{"@type":"EntryPoint","urlTemplate":"https:\/\/luchonoticias.com\/editor\/?s={search_term_string}"},"query-input":{"@type":"PropertyValueSpecification","valueRequired":true,"valueName":"search_term_string"}}],"inLanguage":"es"},{"@type":["Person","Organization"],"@id":"https:\/\/luchonoticias.com\/editor\/#\/schema\/person\/7a7fd911f58561fd056dbac7b55af9cd","name":"admin","image":{"@type":"ImageObject","inLanguage":"es","@id":"https:\/\/luchonoticias.com\/editor\/#\/schema\/person\/image\/","url":"https:\/\/luchonoticias.com\/editor\/wp-content\/uploads\/2024\/02\/cropped-cropped-logolu.webp","contentUrl":"https:\/\/luchonoticias.com\/editor\/wp-content\/uploads\/2024\/02\/cropped-cropped-logolu.webp","width":382,"height":170,"caption":"admin"},"logo":{"@id":"https:\/\/luchonoticias.com\/editor\/#\/schema\/person\/image\/"},"sameAs":["https:\/\/www.facebook.com\/luchonoticiasneiva"]},{"@type":"Person","@id":"https:\/\/luchonoticias.com\/editor\/#\/schema\/person\/29217990ddf6f14e35912b2866d591fb","name":"Editor General","image":{"@type":"ImageObject","inLanguage":"es","@id":"https:\/\/luchonoticias.com\/editor\/#\/schema\/person\/image\/","url":"https:\/\/luchonoticias.com\/editor\/wp-content\/uploads\/2024\/02\/cropped-cropped-logolu-150x150.webp","contentUrl":"https:\/\/luchonoticias.com\/editor\/wp-content\/uploads\/2024\/02\/cropped-cropped-logolu-150x150.webp","caption":"Editor General"},"sameAs":["https:\/\/luchonoticias.com\/"],"url":"https:\/\/luchonoticias.com\/editor\/author\/editor-general\/"}]}},"_links":{"self":[{"href":"https:\/\/luchonoticias.com\/editor\/wp-json\/wp\/v2\/posts\/47525","targetHints":{"allow":["GET"]}}],"collection":[{"href":"https:\/\/luchonoticias.com\/editor\/wp-json\/wp\/v2\/posts"}],"about":[{"href":"https:\/\/luchonoticias.com\/editor\/wp-json\/wp\/v2\/types\/post"}],"author":[{"embeddable":true,"href":"https:\/\/luchonoticias.com\/editor\/wp-json\/wp\/v2\/users\/2"}],"replies":[{"embeddable":true,"href":"https:\/\/luchonoticias.com\/editor\/wp-json\/wp\/v2\/comments?post=47525"}],"version-history":[{"count":0,"href":"https:\/\/luchonoticias.com\/editor\/wp-json\/wp\/v2\/posts\/47525\/revisions"}],"wp:attachment":[{"href":"https:\/\/luchonoticias.com\/editor\/wp-json\/wp\/v2\/media?parent=47525"}],"wp:term":[{"taxonomy":"category","embeddable":true,"href":"https:\/\/luchonoticias.com\/editor\/wp-json\/wp\/v2\/categories?post=47525"},{"taxonomy":"post_tag","embeddable":true,"href":"https:\/\/luchonoticias.com\/editor\/wp-json\/wp\/v2\/tags?post=47525"}],"curies":[{"name":"wp","href":"https:\/\/api.w.org\/{rel}","templated":true}]}}