{"id":47543,"date":"2023-03-06T06:52:41","date_gmt":"2023-03-06T11:52:41","guid":{"rendered":"https:\/\/luchonoticias.com\/?p=47543"},"modified":"2023-03-06T06:52:42","modified_gmt":"2023-03-06T11:52:42","slug":"consejo-de-paz-sesiono-por-primera-vez-desde-aipecito","status":"publish","type":"post","link":"https:\/\/luchonoticias.com\/editor\/consejo-de-paz-sesiono-por-primera-vez-desde-aipecito\/","title":{"rendered":"Consejo de Paz sesion\u00f3 por primera vez desde Aipecito"},"content":{"rendered":"\n<p>El Consejo de Paz, Reconciliaci\u00f3n y Convivencia de Neiva, sesion\u00f3 desde el corregimiento de Aipecito, respondiendo al llamado de la comunidad que solicit\u00f3 la presencia de este importante \u00f3rgano asesor en su territorio. En el marco de la sesi\u00f3n se entregaron obras y herramientas que contribuyan a la consolidaci\u00f3n de paz.<\/p>\n\n\n\n<p>\u201cRealizamos una sesi\u00f3n descentralizada en una de las zonas rurales m\u00e1s alejadas del casco urbano, con el objetivo de decir no a la estigmatizaci\u00f3n del territorio, no a estigmatizar al campesino que hist\u00f3ricamente ha sido golpeado por la violencia. Hemos tra\u00eddo inversi\u00f3n social, porque estamos convencidos que solo a trav\u00e9s de esta se puede consolidar la paz y la convivencia\u201d, asegur\u00f3 Esmith Duarte Cano, Secretaria de Paz y Derechos Humanos del municipio.<\/p>\n\n\n\n<p>Problem\u00e1ticas de seguridad, orden p\u00fablico y diferentes necesidades que aquejan a la zona occidente fueron discutidas durante el espacio, sumado al llamado de la poblaci\u00f3n de no estigmatizaci\u00f3n.<\/p>\n\n\n\n<p>\u201cPrimero que se mire a este sector con ojos diferentes, San Luis, Chapinero y Aipecito siempre han sido estigmatizados por la situaci\u00f3n de seguridad y orden p\u00fablico, pero la institucionalidad puede llegar a nuestro territorio y juntos podamos construir la paz que tanto anhelamos\u201d, concluy\u00f3 Jhon Henry Narv\u00e1ez, representante por el sector occidente San Luis, Chapinero y Aipecito ante el Consejo Municipal de Paz.<\/p>\n\n\n\n<p><strong>Inversi\u00f3n social<\/strong><\/p>\n\n\n\n<p>El alcalde de Neiva, Gorky Mu\u00f1oz Calder\u00f3n, aprovech\u00f3 el encuentro del Consejo de Paz, presidido por \u00e9l, para hacer entrega a la comunidad de los corregimientos de Aipecito, Chapinero y San Luis, de tres escuelas reci\u00e9n construidas: Instituci\u00f3n Educativa La Julia, Primavera y Pradera. Adem\u00e1s, de m\u00e1s de 300 tabletas y kits escolares para los estudiantes.<\/p>\n\n\n\n<p>En materia de infraestructura y desarrollo agropecuario, se pusieron al servicio nueve placa huellas con una inversi\u00f3n de $1.000 millones, 27 alcantarillas con $161 millones, la optimizaci\u00f3n&nbsp; del acueducto y la renovaci\u00f3n del centro de salud de San Luis.<\/p>\n","protected":false},"excerpt":{"rendered":"<p>El Consejo de Paz, Reconciliaci\u00f3n y Convivencia de Neiva, sesion\u00f3 desde el corregimiento de Aipecito, respondiendo al llamado de la comunidad que solicit\u00f3 la presencia de este importante \u00f3rgano asesor en su territorio. En el marco de la sesi\u00f3n se entregaron obras y herramientas que contribuyan a la consolidaci\u00f3n de paz. \u201cRealizamos una sesi\u00f3n descentralizada [&hellip;]<\/p>\n","protected":false},"author":2,"featured_media":0,"comment_status":"open","ping_status":"open","sticky":false,"template":"","format":"standard","meta":{"footnotes":""},"categories":[36,31],"tags":[],"class_list":["post-47543","post","type-post","status-publish","format-standard","hentry","category-destacado","category-local"],"yoast_head":"<!-- This site is optimized with the Yoast SEO plugin v26.6 - https:\/\/yoast.com\/wordpress\/plugins\/seo\/ -->\n<title>Consejo de Paz sesion\u00f3 por primera vez desde Aipecito -<\/title>\n<meta name=\"robots\" content=\"index, follow, max-snippet:-1, max-image-preview:large, max-video-preview:-1\" \/>\n<link rel=\"canonical\" href=\"https:\/\/luchonoticias.com\/editor\/consejo-de-paz-sesiono-por-primera-vez-desde-aipecito\/\" \/>\n<meta property=\"og:locale\" content=\"es_ES\" \/>\n<meta property=\"og:type\" content=\"article\" \/>\n<meta property=\"og:title\" content=\"Consejo de Paz sesion\u00f3 por primera vez desde Aipecito -\" \/>\n<meta property=\"og:url\" content=\"https:\/\/luchonoticias.com\/editor\/consejo-de-paz-sesiono-por-primera-vez-desde-aipecito\/\" \/>\n<meta property=\"article:publisher\" content=\"https:\/\/www.facebook.com\/luchonoticiasneiva\" \/>\n<meta property=\"article:published_time\" content=\"2023-03-06T11:52:41+00:00\" \/>\n<meta property=\"article:modified_time\" content=\"2023-03-06T11:52:42+00:00\" \/>\n<meta name=\"author\" content=\"Editor General\" \/>\n<meta name=\"twitter:card\" content=\"summary_large_image\" \/>\n<meta name=\"twitter:label1\" content=\"Escrito por\" \/>\n\t<meta name=\"twitter:data1\" content=\"Editor General\" \/>\n\t<meta name=\"twitter:label2\" content=\"Tiempo de lectura\" \/>\n\t<meta name=\"twitter:data2\" content=\"2 minutos\" \/>\n<script type=\"application\/ld+json\" class=\"yoast-schema-graph\">{\"@context\":\"https:\/\/schema.org\",\"@graph\":[{\"@type\":\"Article\",\"@id\":\"https:\/\/luchonoticias.com\/editor\/consejo-de-paz-sesiono-por-primera-vez-desde-aipecito\/#article\",\"isPartOf\":{\"@id\":\"https:\/\/luchonoticias.com\/editor\/consejo-de-paz-sesiono-por-primera-vez-desde-aipecito\/\"},\"author\":{\"name\":\"Editor General\",\"@id\":\"https:\/\/luchonoticias.com\/editor\/#\/schema\/person\/29217990ddf6f14e35912b2866d591fb\"},\"headline\":\"Consejo de Paz sesion\u00f3 por primera vez desde Aipecito\",\"datePublished\":\"2023-03-06T11:52:41+00:00\",\"dateModified\":\"2023-03-06T11:52:42+00:00\",\"mainEntityOfPage\":{\"@id\":\"https:\/\/luchonoticias.com\/editor\/consejo-de-paz-sesiono-por-primera-vez-desde-aipecito\/\"},\"wordCount\":345,\"commentCount\":0,\"publisher\":{\"@id\":\"https:\/\/luchonoticias.com\/editor\/#\/schema\/person\/7a7fd911f58561fd056dbac7b55af9cd\"},\"articleSection\":[\"Destacado\",\"Local\"],\"inLanguage\":\"es\",\"potentialAction\":[{\"@type\":\"CommentAction\",\"name\":\"Comment\",\"target\":[\"https:\/\/luchonoticias.com\/editor\/consejo-de-paz-sesiono-por-primera-vez-desde-aipecito\/#respond\"]}]},{\"@type\":\"WebPage\",\"@id\":\"https:\/\/luchonoticias.com\/editor\/consejo-de-paz-sesiono-por-primera-vez-desde-aipecito\/\",\"url\":\"https:\/\/luchonoticias.com\/editor\/consejo-de-paz-sesiono-por-primera-vez-desde-aipecito\/\",\"name\":\"Consejo de Paz sesion\u00f3 por primera vez desde Aipecito -\",\"isPartOf\":{\"@id\":\"https:\/\/luchonoticias.com\/editor\/#website\"},\"datePublished\":\"2023-03-06T11:52:41+00:00\",\"dateModified\":\"2023-03-06T11:52:42+00:00\",\"breadcrumb\":{\"@id\":\"https:\/\/luchonoticias.com\/editor\/consejo-de-paz-sesiono-por-primera-vez-desde-aipecito\/#breadcrumb\"},\"inLanguage\":\"es\",\"potentialAction\":[{\"@type\":\"ReadAction\",\"target\":[\"https:\/\/luchonoticias.com\/editor\/consejo-de-paz-sesiono-por-primera-vez-desde-aipecito\/\"]}]},{\"@type\":\"BreadcrumbList\",\"@id\":\"https:\/\/luchonoticias.com\/editor\/consejo-de-paz-sesiono-por-primera-vez-desde-aipecito\/#breadcrumb\",\"itemListElement\":[{\"@type\":\"ListItem\",\"position\":1,\"name\":\"Portada\",\"item\":\"https:\/\/luchonoticias.com\/editor\/\"},{\"@type\":\"ListItem\",\"position\":2,\"name\":\"Consejo de Paz sesion\u00f3 por primera vez desde Aipecito\"}]},{\"@type\":\"WebSite\",\"@id\":\"https:\/\/luchonoticias.com\/editor\/#website\",\"url\":\"https:\/\/luchonoticias.com\/editor\/\",\"name\":\"\",\"description\":\"\",\"publisher\":{\"@id\":\"https:\/\/luchonoticias.com\/editor\/#\/schema\/person\/7a7fd911f58561fd056dbac7b55af9cd\"},\"potentialAction\":[{\"@type\":\"SearchAction\",\"target\":{\"@type\":\"EntryPoint\",\"urlTemplate\":\"https:\/\/luchonoticias.com\/editor\/?s={search_term_string}\"},\"query-input\":{\"@type\":\"PropertyValueSpecification\",\"valueRequired\":true,\"valueName\":\"search_term_string\"}}],\"inLanguage\":\"es\"},{\"@type\":[\"Person\",\"Organization\"],\"@id\":\"https:\/\/luchonoticias.com\/editor\/#\/schema\/person\/7a7fd911f58561fd056dbac7b55af9cd\",\"name\":\"admin\",\"image\":{\"@type\":\"ImageObject\",\"inLanguage\":\"es\",\"@id\":\"https:\/\/luchonoticias.com\/editor\/#\/schema\/person\/image\/\",\"url\":\"https:\/\/luchonoticias.com\/editor\/wp-content\/uploads\/2024\/02\/cropped-cropped-logolu.webp\",\"contentUrl\":\"https:\/\/luchonoticias.com\/editor\/wp-content\/uploads\/2024\/02\/cropped-cropped-logolu.webp\",\"width\":382,\"height\":170,\"caption\":\"admin\"},\"logo\":{\"@id\":\"https:\/\/luchonoticias.com\/editor\/#\/schema\/person\/image\/\"},\"sameAs\":[\"https:\/\/www.facebook.com\/luchonoticiasneiva\"]},{\"@type\":\"Person\",\"@id\":\"https:\/\/luchonoticias.com\/editor\/#\/schema\/person\/29217990ddf6f14e35912b2866d591fb\",\"name\":\"Editor General\",\"image\":{\"@type\":\"ImageObject\",\"inLanguage\":\"es\",\"@id\":\"https:\/\/luchonoticias.com\/editor\/#\/schema\/person\/image\/\",\"url\":\"https:\/\/luchonoticias.com\/editor\/wp-content\/uploads\/2024\/02\/cropped-cropped-logolu-150x150.webp\",\"contentUrl\":\"https:\/\/luchonoticias.com\/editor\/wp-content\/uploads\/2024\/02\/cropped-cropped-logolu-150x150.webp\",\"caption\":\"Editor General\"},\"sameAs\":[\"https:\/\/luchonoticias.com\/\"],\"url\":\"https:\/\/luchonoticias.com\/editor\/author\/editor-general\/\"}]}<\/script>\n<!-- \/ Yoast SEO plugin. -->","yoast_head_json":{"title":"Consejo de Paz sesion\u00f3 por primera vez desde Aipecito -","robots":{"index":"index","follow":"follow","max-snippet":"max-snippet:-1","max-image-preview":"max-image-preview:large","max-video-preview":"max-video-preview:-1"},"canonical":"https:\/\/luchonoticias.com\/editor\/consejo-de-paz-sesiono-por-primera-vez-desde-aipecito\/","og_locale":"es_ES","og_type":"article","og_title":"Consejo de Paz sesion\u00f3 por primera vez desde Aipecito -","og_url":"https:\/\/luchonoticias.com\/editor\/consejo-de-paz-sesiono-por-primera-vez-desde-aipecito\/","article_publisher":"https:\/\/www.facebook.com\/luchonoticiasneiva","article_published_time":"2023-03-06T11:52:41+00:00","article_modified_time":"2023-03-06T11:52:42+00:00","author":"Editor General","twitter_card":"summary_large_image","twitter_misc":{"Escrito por":"Editor General","Tiempo de lectura":"2 minutos"},"schema":{"@context":"https:\/\/schema.org","@graph":[{"@type":"Article","@id":"https:\/\/luchonoticias.com\/editor\/consejo-de-paz-sesiono-por-primera-vez-desde-aipecito\/#article","isPartOf":{"@id":"https:\/\/luchonoticias.com\/editor\/consejo-de-paz-sesiono-por-primera-vez-desde-aipecito\/"},"author":{"name":"Editor General","@id":"https:\/\/luchonoticias.com\/editor\/#\/schema\/person\/29217990ddf6f14e35912b2866d591fb"},"headline":"Consejo de Paz sesion\u00f3 por primera vez desde Aipecito","datePublished":"2023-03-06T11:52:41+00:00","dateModified":"2023-03-06T11:52:42+00:00","mainEntityOfPage":{"@id":"https:\/\/luchonoticias.com\/editor\/consejo-de-paz-sesiono-por-primera-vez-desde-aipecito\/"},"wordCount":345,"commentCount":0,"publisher":{"@id":"https:\/\/luchonoticias.com\/editor\/#\/schema\/person\/7a7fd911f58561fd056dbac7b55af9cd"},"articleSection":["Destacado","Local"],"inLanguage":"es","potentialAction":[{"@type":"CommentAction","name":"Comment","target":["https:\/\/luchonoticias.com\/editor\/consejo-de-paz-sesiono-por-primera-vez-desde-aipecito\/#respond"]}]},{"@type":"WebPage","@id":"https:\/\/luchonoticias.com\/editor\/consejo-de-paz-sesiono-por-primera-vez-desde-aipecito\/","url":"https:\/\/luchonoticias.com\/editor\/consejo-de-paz-sesiono-por-primera-vez-desde-aipecito\/","name":"Consejo de Paz sesion\u00f3 por primera vez desde Aipecito -","isPartOf":{"@id":"https:\/\/luchonoticias.com\/editor\/#website"},"datePublished":"2023-03-06T11:52:41+00:00","dateModified":"2023-03-06T11:52:42+00:00","breadcrumb":{"@id":"https:\/\/luchonoticias.com\/editor\/consejo-de-paz-sesiono-por-primera-vez-desde-aipecito\/#breadcrumb"},"inLanguage":"es","potentialAction":[{"@type":"ReadAction","target":["https:\/\/luchonoticias.com\/editor\/consejo-de-paz-sesiono-por-primera-vez-desde-aipecito\/"]}]},{"@type":"BreadcrumbList","@id":"https:\/\/luchonoticias.com\/editor\/consejo-de-paz-sesiono-por-primera-vez-desde-aipecito\/#breadcrumb","itemListElement":[{"@type":"ListItem","position":1,"name":"Portada","item":"https:\/\/luchonoticias.com\/editor\/"},{"@type":"ListItem","position":2,"name":"Consejo de Paz sesion\u00f3 por primera vez desde Aipecito"}]},{"@type":"WebSite","@id":"https:\/\/luchonoticias.com\/editor\/#website","url":"https:\/\/luchonoticias.com\/editor\/","name":"","description":"","publisher":{"@id":"https:\/\/luchonoticias.com\/editor\/#\/schema\/person\/7a7fd911f58561fd056dbac7b55af9cd"},"potentialAction":[{"@type":"SearchAction","target":{"@type":"EntryPoint","urlTemplate":"https:\/\/luchonoticias.com\/editor\/?s={search_term_string}"},"query-input":{"@type":"PropertyValueSpecification","valueRequired":true,"valueName":"search_term_string"}}],"inLanguage":"es"},{"@type":["Person","Organization"],"@id":"https:\/\/luchonoticias.com\/editor\/#\/schema\/person\/7a7fd911f58561fd056dbac7b55af9cd","name":"admin","image":{"@type":"ImageObject","inLanguage":"es","@id":"https:\/\/luchonoticias.com\/editor\/#\/schema\/person\/image\/","url":"https:\/\/luchonoticias.com\/editor\/wp-content\/uploads\/2024\/02\/cropped-cropped-logolu.webp","contentUrl":"https:\/\/luchonoticias.com\/editor\/wp-content\/uploads\/2024\/02\/cropped-cropped-logolu.webp","width":382,"height":170,"caption":"admin"},"logo":{"@id":"https:\/\/luchonoticias.com\/editor\/#\/schema\/person\/image\/"},"sameAs":["https:\/\/www.facebook.com\/luchonoticiasneiva"]},{"@type":"Person","@id":"https:\/\/luchonoticias.com\/editor\/#\/schema\/person\/29217990ddf6f14e35912b2866d591fb","name":"Editor General","image":{"@type":"ImageObject","inLanguage":"es","@id":"https:\/\/luchonoticias.com\/editor\/#\/schema\/person\/image\/","url":"https:\/\/luchonoticias.com\/editor\/wp-content\/uploads\/2024\/02\/cropped-cropped-logolu-150x150.webp","contentUrl":"https:\/\/luchonoticias.com\/editor\/wp-content\/uploads\/2024\/02\/cropped-cropped-logolu-150x150.webp","caption":"Editor General"},"sameAs":["https:\/\/luchonoticias.com\/"],"url":"https:\/\/luchonoticias.com\/editor\/author\/editor-general\/"}]}},"_links":{"self":[{"href":"https:\/\/luchonoticias.com\/editor\/wp-json\/wp\/v2\/posts\/47543","targetHints":{"allow":["GET"]}}],"collection":[{"href":"https:\/\/luchonoticias.com\/editor\/wp-json\/wp\/v2\/posts"}],"about":[{"href":"https:\/\/luchonoticias.com\/editor\/wp-json\/wp\/v2\/types\/post"}],"author":[{"embeddable":true,"href":"https:\/\/luchonoticias.com\/editor\/wp-json\/wp\/v2\/users\/2"}],"replies":[{"embeddable":true,"href":"https:\/\/luchonoticias.com\/editor\/wp-json\/wp\/v2\/comments?post=47543"}],"version-history":[{"count":0,"href":"https:\/\/luchonoticias.com\/editor\/wp-json\/wp\/v2\/posts\/47543\/revisions"}],"wp:attachment":[{"href":"https:\/\/luchonoticias.com\/editor\/wp-json\/wp\/v2\/media?parent=47543"}],"wp:term":[{"taxonomy":"category","embeddable":true,"href":"https:\/\/luchonoticias.com\/editor\/wp-json\/wp\/v2\/categories?post=47543"},{"taxonomy":"post_tag","embeddable":true,"href":"https:\/\/luchonoticias.com\/editor\/wp-json\/wp\/v2\/tags?post=47543"}],"curies":[{"name":"wp","href":"https:\/\/api.w.org\/{rel}","templated":true}]}}