{"id":47546,"date":"2023-03-06T07:00:36","date_gmt":"2023-03-06T12:00:36","guid":{"rendered":"https:\/\/luchonoticias.com\/?p=47546"},"modified":"2023-03-06T07:00:38","modified_gmt":"2023-03-06T12:00:38","slug":"judicializada-mujer-presuntamente-por-prostituir-a-su-hija-de-10-anos","status":"publish","type":"post","link":"https:\/\/luchonoticias.com\/editor\/judicializada-mujer-presuntamente-por-prostituir-a-su-hija-de-10-anos\/","title":{"rendered":"Judicializada mujer presuntamente por prostituir a su hija de 10 a\u00f1os"},"content":{"rendered":"\n<p>Un aberrante caso de violencia sexual contra una menor de 10 a\u00f1os fue conocido por la Fiscal\u00eda General de la Naci\u00f3n en el departamento del Putumayo.<\/p>\n\n\n\n<p>La ni\u00f1a habr\u00eda sido instrumentalizada por su madre, una mujer de 43 a\u00f1os que al parecer permit\u00eda que la menor fuera agredida sexualmente por distintos hombres a cambio de sumas de dinero que oscilaban entre 20.000 y 50.000 pesos.<\/p>\n\n\n\n<p>Este caso fue denunciado por el Instituto Colombiano de Bienestar Familiar (ICBF), entidad que conoci\u00f3 del hecho a trav\u00e9s del testimonio entregado por una vecina de la v\u00edctima.<\/p>\n\n\n\n<figure class=\"wp-block-video\"><video controls src=\"https:\/\/luchonoticias.com\/wp-content\/uploads\/2023\/03\/WhatsApp-Video-2023-03-05-at-10.13.20-AM.mp4\"><\/video><\/figure>\n\n\n\n<p>La evidencia f\u00edsica recaudada demuestra que los vej\u00e1menes sexuales ocurrieron durante el a\u00f1o 2022 y se prolongaron hasta inicios de 2023. Tambi\u00e9n se pudo establecer que la menor de edad tuvo que padecer al menos 80 abusos sexuales y que ocurrieron en los municipios de Isnos (Huila); al igual que en Mocoa y Villagarz\u00f3n (Putumayo).<\/p>\n\n\n\n<p>Seg\u00fan se logr\u00f3 determinar, la ni\u00f1a fue sometida a crueles castigos por su mam\u00e1 debido a que en reiteradas varias oportunidades se neg\u00f3 a sostener relaciones sexuales. Estos hechos habr\u00edan llevado a la menor a intentar hacerse da\u00f1o a s\u00ed misma.<\/p>\n\n\n\n<figure class=\"wp-block-audio\"><audio controls src=\"https:\/\/luchonoticias.com\/wp-content\/uploads\/2023\/03\/cb3ff275-dfaf-41bd-969c-5ff351e6cdf1.mp3\" autoplay><\/audio><figcaption class=\"wp-element-caption\">Director Seccional de Fiscal\u00edas Putumayo, Sa\u00fal Alberto Guerrero Rodr\u00edguez<\/figcaption><\/figure>\n","protected":false},"excerpt":{"rendered":"<p>Un aberrante caso de violencia sexual contra una menor de 10 a\u00f1os fue conocido por la Fiscal\u00eda General de la Naci\u00f3n en el departamento del Putumayo. La ni\u00f1a habr\u00eda sido instrumentalizada por su madre, una mujer de 43 a\u00f1os que al parecer permit\u00eda que la menor fuera agredida sexualmente por distintos hombres a cambio de [&hellip;]<\/p>\n","protected":false},"author":2,"featured_media":0,"comment_status":"open","ping_status":"open","sticky":false,"template":"","format":"standard","meta":{"footnotes":""},"categories":[36,29],"tags":[],"class_list":["post-47546","post","type-post","status-publish","format-standard","hentry","category-destacado","category-judicial"],"yoast_head":"<!-- This site is optimized with the Yoast SEO plugin v26.6 - https:\/\/yoast.com\/wordpress\/plugins\/seo\/ -->\n<title>Judicializada mujer presuntamente por prostituir a su hija de 10 a\u00f1os -<\/title>\n<meta name=\"robots\" content=\"index, follow, max-snippet:-1, max-image-preview:large, max-video-preview:-1\" \/>\n<link rel=\"canonical\" href=\"https:\/\/luchonoticias.com\/editor\/judicializada-mujer-presuntamente-por-prostituir-a-su-hija-de-10-anos\/\" \/>\n<meta property=\"og:locale\" content=\"es_ES\" \/>\n<meta property=\"og:type\" content=\"article\" \/>\n<meta property=\"og:title\" content=\"Judicializada mujer presuntamente por prostituir a su hija de 10 a\u00f1os -\" \/>\n<meta property=\"og:url\" content=\"https:\/\/luchonoticias.com\/editor\/judicializada-mujer-presuntamente-por-prostituir-a-su-hija-de-10-anos\/\" \/>\n<meta property=\"article:publisher\" content=\"https:\/\/www.facebook.com\/luchonoticiasneiva\" \/>\n<meta property=\"article:published_time\" content=\"2023-03-06T12:00:36+00:00\" \/>\n<meta property=\"article:modified_time\" content=\"2023-03-06T12:00:38+00:00\" \/>\n<meta name=\"author\" content=\"Editor General\" \/>\n<meta name=\"twitter:card\" content=\"summary_large_image\" \/>\n<meta name=\"twitter:label1\" content=\"Escrito por\" \/>\n\t<meta name=\"twitter:data1\" content=\"Editor General\" \/>\n\t<meta name=\"twitter:label2\" content=\"Tiempo de lectura\" \/>\n\t<meta name=\"twitter:data2\" content=\"1 minuto\" \/>\n<script type=\"application\/ld+json\" class=\"yoast-schema-graph\">{\"@context\":\"https:\/\/schema.org\",\"@graph\":[{\"@type\":\"Article\",\"@id\":\"https:\/\/luchonoticias.com\/editor\/judicializada-mujer-presuntamente-por-prostituir-a-su-hija-de-10-anos\/#article\",\"isPartOf\":{\"@id\":\"https:\/\/luchonoticias.com\/editor\/judicializada-mujer-presuntamente-por-prostituir-a-su-hija-de-10-anos\/\"},\"author\":{\"name\":\"Editor General\",\"@id\":\"https:\/\/luchonoticias.com\/editor\/#\/schema\/person\/29217990ddf6f14e35912b2866d591fb\"},\"headline\":\"Judicializada mujer presuntamente por prostituir a su hija de 10 a\u00f1os\",\"datePublished\":\"2023-03-06T12:00:36+00:00\",\"dateModified\":\"2023-03-06T12:00:38+00:00\",\"mainEntityOfPage\":{\"@id\":\"https:\/\/luchonoticias.com\/editor\/judicializada-mujer-presuntamente-por-prostituir-a-su-hija-de-10-anos\/\"},\"wordCount\":223,\"commentCount\":0,\"publisher\":{\"@id\":\"https:\/\/luchonoticias.com\/editor\/#\/schema\/person\/7a7fd911f58561fd056dbac7b55af9cd\"},\"articleSection\":[\"Destacado\",\"Judicial\"],\"inLanguage\":\"es\",\"potentialAction\":[{\"@type\":\"CommentAction\",\"name\":\"Comment\",\"target\":[\"https:\/\/luchonoticias.com\/editor\/judicializada-mujer-presuntamente-por-prostituir-a-su-hija-de-10-anos\/#respond\"]}]},{\"@type\":\"WebPage\",\"@id\":\"https:\/\/luchonoticias.com\/editor\/judicializada-mujer-presuntamente-por-prostituir-a-su-hija-de-10-anos\/\",\"url\":\"https:\/\/luchonoticias.com\/editor\/judicializada-mujer-presuntamente-por-prostituir-a-su-hija-de-10-anos\/\",\"name\":\"Judicializada mujer presuntamente por prostituir a su hija de 10 a\u00f1os -\",\"isPartOf\":{\"@id\":\"https:\/\/luchonoticias.com\/editor\/#website\"},\"datePublished\":\"2023-03-06T12:00:36+00:00\",\"dateModified\":\"2023-03-06T12:00:38+00:00\",\"breadcrumb\":{\"@id\":\"https:\/\/luchonoticias.com\/editor\/judicializada-mujer-presuntamente-por-prostituir-a-su-hija-de-10-anos\/#breadcrumb\"},\"inLanguage\":\"es\",\"potentialAction\":[{\"@type\":\"ReadAction\",\"target\":[\"https:\/\/luchonoticias.com\/editor\/judicializada-mujer-presuntamente-por-prostituir-a-su-hija-de-10-anos\/\"]}]},{\"@type\":\"BreadcrumbList\",\"@id\":\"https:\/\/luchonoticias.com\/editor\/judicializada-mujer-presuntamente-por-prostituir-a-su-hija-de-10-anos\/#breadcrumb\",\"itemListElement\":[{\"@type\":\"ListItem\",\"position\":1,\"name\":\"Portada\",\"item\":\"https:\/\/luchonoticias.com\/editor\/\"},{\"@type\":\"ListItem\",\"position\":2,\"name\":\"Judicializada mujer presuntamente por prostituir a su hija de 10 a\u00f1os\"}]},{\"@type\":\"WebSite\",\"@id\":\"https:\/\/luchonoticias.com\/editor\/#website\",\"url\":\"https:\/\/luchonoticias.com\/editor\/\",\"name\":\"\",\"description\":\"\",\"publisher\":{\"@id\":\"https:\/\/luchonoticias.com\/editor\/#\/schema\/person\/7a7fd911f58561fd056dbac7b55af9cd\"},\"potentialAction\":[{\"@type\":\"SearchAction\",\"target\":{\"@type\":\"EntryPoint\",\"urlTemplate\":\"https:\/\/luchonoticias.com\/editor\/?s={search_term_string}\"},\"query-input\":{\"@type\":\"PropertyValueSpecification\",\"valueRequired\":true,\"valueName\":\"search_term_string\"}}],\"inLanguage\":\"es\"},{\"@type\":[\"Person\",\"Organization\"],\"@id\":\"https:\/\/luchonoticias.com\/editor\/#\/schema\/person\/7a7fd911f58561fd056dbac7b55af9cd\",\"name\":\"admin\",\"image\":{\"@type\":\"ImageObject\",\"inLanguage\":\"es\",\"@id\":\"https:\/\/luchonoticias.com\/editor\/#\/schema\/person\/image\/\",\"url\":\"https:\/\/luchonoticias.com\/editor\/wp-content\/uploads\/2024\/02\/cropped-cropped-logolu.webp\",\"contentUrl\":\"https:\/\/luchonoticias.com\/editor\/wp-content\/uploads\/2024\/02\/cropped-cropped-logolu.webp\",\"width\":382,\"height\":170,\"caption\":\"admin\"},\"logo\":{\"@id\":\"https:\/\/luchonoticias.com\/editor\/#\/schema\/person\/image\/\"},\"sameAs\":[\"https:\/\/www.facebook.com\/luchonoticiasneiva\"]},{\"@type\":\"Person\",\"@id\":\"https:\/\/luchonoticias.com\/editor\/#\/schema\/person\/29217990ddf6f14e35912b2866d591fb\",\"name\":\"Editor General\",\"image\":{\"@type\":\"ImageObject\",\"inLanguage\":\"es\",\"@id\":\"https:\/\/luchonoticias.com\/editor\/#\/schema\/person\/image\/\",\"url\":\"https:\/\/luchonoticias.com\/editor\/wp-content\/uploads\/2024\/02\/cropped-cropped-logolu-150x150.webp\",\"contentUrl\":\"https:\/\/luchonoticias.com\/editor\/wp-content\/uploads\/2024\/02\/cropped-cropped-logolu-150x150.webp\",\"caption\":\"Editor General\"},\"sameAs\":[\"https:\/\/luchonoticias.com\/\"],\"url\":\"https:\/\/luchonoticias.com\/editor\/author\/editor-general\/\"}]}<\/script>\n<!-- \/ Yoast SEO plugin. -->","yoast_head_json":{"title":"Judicializada mujer presuntamente por prostituir a su hija de 10 a\u00f1os -","robots":{"index":"index","follow":"follow","max-snippet":"max-snippet:-1","max-image-preview":"max-image-preview:large","max-video-preview":"max-video-preview:-1"},"canonical":"https:\/\/luchonoticias.com\/editor\/judicializada-mujer-presuntamente-por-prostituir-a-su-hija-de-10-anos\/","og_locale":"es_ES","og_type":"article","og_title":"Judicializada mujer presuntamente por prostituir a su hija de 10 a\u00f1os -","og_url":"https:\/\/luchonoticias.com\/editor\/judicializada-mujer-presuntamente-por-prostituir-a-su-hija-de-10-anos\/","article_publisher":"https:\/\/www.facebook.com\/luchonoticiasneiva","article_published_time":"2023-03-06T12:00:36+00:00","article_modified_time":"2023-03-06T12:00:38+00:00","author":"Editor General","twitter_card":"summary_large_image","twitter_misc":{"Escrito por":"Editor General","Tiempo de lectura":"1 minuto"},"schema":{"@context":"https:\/\/schema.org","@graph":[{"@type":"Article","@id":"https:\/\/luchonoticias.com\/editor\/judicializada-mujer-presuntamente-por-prostituir-a-su-hija-de-10-anos\/#article","isPartOf":{"@id":"https:\/\/luchonoticias.com\/editor\/judicializada-mujer-presuntamente-por-prostituir-a-su-hija-de-10-anos\/"},"author":{"name":"Editor General","@id":"https:\/\/luchonoticias.com\/editor\/#\/schema\/person\/29217990ddf6f14e35912b2866d591fb"},"headline":"Judicializada mujer presuntamente por prostituir a su hija de 10 a\u00f1os","datePublished":"2023-03-06T12:00:36+00:00","dateModified":"2023-03-06T12:00:38+00:00","mainEntityOfPage":{"@id":"https:\/\/luchonoticias.com\/editor\/judicializada-mujer-presuntamente-por-prostituir-a-su-hija-de-10-anos\/"},"wordCount":223,"commentCount":0,"publisher":{"@id":"https:\/\/luchonoticias.com\/editor\/#\/schema\/person\/7a7fd911f58561fd056dbac7b55af9cd"},"articleSection":["Destacado","Judicial"],"inLanguage":"es","potentialAction":[{"@type":"CommentAction","name":"Comment","target":["https:\/\/luchonoticias.com\/editor\/judicializada-mujer-presuntamente-por-prostituir-a-su-hija-de-10-anos\/#respond"]}]},{"@type":"WebPage","@id":"https:\/\/luchonoticias.com\/editor\/judicializada-mujer-presuntamente-por-prostituir-a-su-hija-de-10-anos\/","url":"https:\/\/luchonoticias.com\/editor\/judicializada-mujer-presuntamente-por-prostituir-a-su-hija-de-10-anos\/","name":"Judicializada mujer presuntamente por prostituir a su hija de 10 a\u00f1os -","isPartOf":{"@id":"https:\/\/luchonoticias.com\/editor\/#website"},"datePublished":"2023-03-06T12:00:36+00:00","dateModified":"2023-03-06T12:00:38+00:00","breadcrumb":{"@id":"https:\/\/luchonoticias.com\/editor\/judicializada-mujer-presuntamente-por-prostituir-a-su-hija-de-10-anos\/#breadcrumb"},"inLanguage":"es","potentialAction":[{"@type":"ReadAction","target":["https:\/\/luchonoticias.com\/editor\/judicializada-mujer-presuntamente-por-prostituir-a-su-hija-de-10-anos\/"]}]},{"@type":"BreadcrumbList","@id":"https:\/\/luchonoticias.com\/editor\/judicializada-mujer-presuntamente-por-prostituir-a-su-hija-de-10-anos\/#breadcrumb","itemListElement":[{"@type":"ListItem","position":1,"name":"Portada","item":"https:\/\/luchonoticias.com\/editor\/"},{"@type":"ListItem","position":2,"name":"Judicializada mujer presuntamente por prostituir a su hija de 10 a\u00f1os"}]},{"@type":"WebSite","@id":"https:\/\/luchonoticias.com\/editor\/#website","url":"https:\/\/luchonoticias.com\/editor\/","name":"","description":"","publisher":{"@id":"https:\/\/luchonoticias.com\/editor\/#\/schema\/person\/7a7fd911f58561fd056dbac7b55af9cd"},"potentialAction":[{"@type":"SearchAction","target":{"@type":"EntryPoint","urlTemplate":"https:\/\/luchonoticias.com\/editor\/?s={search_term_string}"},"query-input":{"@type":"PropertyValueSpecification","valueRequired":true,"valueName":"search_term_string"}}],"inLanguage":"es"},{"@type":["Person","Organization"],"@id":"https:\/\/luchonoticias.com\/editor\/#\/schema\/person\/7a7fd911f58561fd056dbac7b55af9cd","name":"admin","image":{"@type":"ImageObject","inLanguage":"es","@id":"https:\/\/luchonoticias.com\/editor\/#\/schema\/person\/image\/","url":"https:\/\/luchonoticias.com\/editor\/wp-content\/uploads\/2024\/02\/cropped-cropped-logolu.webp","contentUrl":"https:\/\/luchonoticias.com\/editor\/wp-content\/uploads\/2024\/02\/cropped-cropped-logolu.webp","width":382,"height":170,"caption":"admin"},"logo":{"@id":"https:\/\/luchonoticias.com\/editor\/#\/schema\/person\/image\/"},"sameAs":["https:\/\/www.facebook.com\/luchonoticiasneiva"]},{"@type":"Person","@id":"https:\/\/luchonoticias.com\/editor\/#\/schema\/person\/29217990ddf6f14e35912b2866d591fb","name":"Editor General","image":{"@type":"ImageObject","inLanguage":"es","@id":"https:\/\/luchonoticias.com\/editor\/#\/schema\/person\/image\/","url":"https:\/\/luchonoticias.com\/editor\/wp-content\/uploads\/2024\/02\/cropped-cropped-logolu-150x150.webp","contentUrl":"https:\/\/luchonoticias.com\/editor\/wp-content\/uploads\/2024\/02\/cropped-cropped-logolu-150x150.webp","caption":"Editor General"},"sameAs":["https:\/\/luchonoticias.com\/"],"url":"https:\/\/luchonoticias.com\/editor\/author\/editor-general\/"}]}},"_links":{"self":[{"href":"https:\/\/luchonoticias.com\/editor\/wp-json\/wp\/v2\/posts\/47546","targetHints":{"allow":["GET"]}}],"collection":[{"href":"https:\/\/luchonoticias.com\/editor\/wp-json\/wp\/v2\/posts"}],"about":[{"href":"https:\/\/luchonoticias.com\/editor\/wp-json\/wp\/v2\/types\/post"}],"author":[{"embeddable":true,"href":"https:\/\/luchonoticias.com\/editor\/wp-json\/wp\/v2\/users\/2"}],"replies":[{"embeddable":true,"href":"https:\/\/luchonoticias.com\/editor\/wp-json\/wp\/v2\/comments?post=47546"}],"version-history":[{"count":0,"href":"https:\/\/luchonoticias.com\/editor\/wp-json\/wp\/v2\/posts\/47546\/revisions"}],"wp:attachment":[{"href":"https:\/\/luchonoticias.com\/editor\/wp-json\/wp\/v2\/media?parent=47546"}],"wp:term":[{"taxonomy":"category","embeddable":true,"href":"https:\/\/luchonoticias.com\/editor\/wp-json\/wp\/v2\/categories?post=47546"},{"taxonomy":"post_tag","embeddable":true,"href":"https:\/\/luchonoticias.com\/editor\/wp-json\/wp\/v2\/tags?post=47546"}],"curies":[{"name":"wp","href":"https:\/\/api.w.org\/{rel}","templated":true}]}}