{"id":47551,"date":"2023-03-06T07:07:57","date_gmt":"2023-03-06T12:07:57","guid":{"rendered":"https:\/\/luchonoticias.com\/?p=47551"},"modified":"2023-03-06T07:07:58","modified_gmt":"2023-03-06T12:07:58","slug":"caen-los-del-rancho-presunta-estructura-criminal-dedicada-sicariato-extorsiones-hurtos-y-comercio-de-estupefacientes","status":"publish","type":"post","link":"https:\/\/luchonoticias.com\/editor\/caen-los-del-rancho-presunta-estructura-criminal-dedicada-sicariato-extorsiones-hurtos-y-comercio-de-estupefacientes\/","title":{"rendered":"Caen \u2018Los del Rancho\u2019, presunta estructura criminal dedicada sicariato, extorsiones, hurtos y comercio de estupefacientes"},"content":{"rendered":"\n<p>La Fiscal\u00eda General de la Naci\u00f3n, a trav\u00e9s de Seccional Cundinamarca, captur\u00f3 a ocho presuntos integrantes de la estructura delictiva \u2018Los del Rancho\u2019 se\u00f1alada de m\u00faltiples actividades criminales cometidas en Girardot, Ricaurte, Tocaima y Agua de Dios (Cundinamarca); as\u00ed como en los municipios tolimenses de Flandes y El Espinal.<\/p>\n\n\n\n<p>Labores de polic\u00eda judicial demuestran que la organizaci\u00f3n criminal estar\u00eda conformada por dos componentes distintos. Uno, responsable de cometer homicidios y hurtos violentos, y el segundo dedicado al tr\u00e1fico y comercializaci\u00f3n de estupefacientes al menudeo.<\/p>\n\n\n\n<p>Abundante evidencia t\u00e9cnica demuestra que \u2018Los del Rancho\u2019, al parecer pactaban alianzas con otras organizaciones para cometer asesinatos, extorsiones e incluso acciones delictivas contra la fuerza p\u00fablica.<\/p>\n\n\n\n<p>Una de las muertes violentas donde se presume particip\u00f3 esta red, ocurri\u00f3 el 20 de febrero de 2022 en zona rural de Ricaurte (Cundinamarca) donde fue asesinado un hombre y result\u00f3 herida otra persona, en medio de un hurto violento.<\/p>\n\n\n\n<figure class=\"wp-block-video\"><video controls src=\"https:\/\/luchonoticias.com\/wp-content\/uploads\/2023\/03\/WhatsApp-Video-2023-03-05-at-11.53.15-AM-1.mp4\"><\/video><\/figure>\n\n\n\n<p><strong>Golpe estructural a \u2018Los del Rancho\u2019<\/strong><\/p>\n\n\n\n<p>Las diligencias de captura se realizaron en Girardot (Cundinamarca) y Flandes (Tolima). En los procedimientos fueron incautados dos veh\u00edculos de servicio p\u00fablico, una motocicleta y tres celulares que habr\u00edan sido utilizados para cometer los delitos.<\/p>\n\n\n\n<p>Entre los detenidos est\u00e1n Brallan Eduardo Orosco Santos, alias Cuco o Qu, presunto articulador de homicidios, hurtos y la comercializaci\u00f3n de estupefacientes. Otro de los capturados es Henry Alexis Perdomo Cuellar, alias Condu quien, aparentemente, utilizaba taxis para transportar armas, estupefacientes y elementos hurtados; adem\u00e1s de integrantes de la estructura ilegal.<\/p>\n\n\n\n<p>Tambi\u00e9n fueron judicializados \u00d3scar Steven Salguero Ferrer, alias \u00d3scar; Bincen Cano Silva, alias Vicente; \u00d3scar Ch\u00e1vez Otavo, alias Comando; Jhonatan Vargas Mill\u00e1n, alias Camala; Jhon Haner Garc\u00eda Rodr\u00edguez, alias Chivo; y \u00d3scar Eduardo Bedoya Mu\u00f1oz, alias Ojitos.<\/p>\n\n\n\n<p>La Fiscal\u00eda imput\u00f3 a los procesados, seg\u00fan el grado de posible participaci\u00f3n delitos como: homicidio agravado, tentativa de homicidio, concierto para delinquir agravado; tr\u00e1fico, fabricaci\u00f3n o porte de estupefacientes; y hurto calificado y agravado.<\/p>\n\n\n\n<p>Los procesados no se allanaron a los cargos y fueron privados de la libertad en establecimientos carcelarios.<\/p>\n\n\n\n<figure class=\"wp-block-audio\"><audio controls src=\"https:\/\/luchonoticias.com\/wp-content\/uploads\/2023\/03\/dd0a8ab4-39cf-4944-97b9-31615a2edd43.mp3\" autoplay><\/audio><figcaption class=\"wp-element-caption\">Carlos Manuel Silva, Director Fiscal\u00edas Seccional Cundinamarca.<\/figcaption><\/figure>\n","protected":false},"excerpt":{"rendered":"<p>La Fiscal\u00eda General de la Naci\u00f3n, a trav\u00e9s de Seccional Cundinamarca, captur\u00f3 a ocho presuntos integrantes de la estructura delictiva \u2018Los del Rancho\u2019 se\u00f1alada de m\u00faltiples actividades criminales cometidas en Girardot, Ricaurte, Tocaima y Agua de Dios (Cundinamarca); as\u00ed como en los municipios tolimenses de Flandes y El Espinal. Labores de polic\u00eda judicial demuestran que [&hellip;]<\/p>\n","protected":false},"author":2,"featured_media":0,"comment_status":"open","ping_status":"open","sticky":false,"template":"","format":"standard","meta":{"footnotes":""},"categories":[36,29],"tags":[],"class_list":["post-47551","post","type-post","status-publish","format-standard","hentry","category-destacado","category-judicial"],"yoast_head":"<!-- This site is optimized with the Yoast SEO plugin v26.6 - https:\/\/yoast.com\/wordpress\/plugins\/seo\/ -->\n<title>Caen \u2018Los del Rancho\u2019, presunta estructura criminal dedicada sicariato, extorsiones, hurtos y comercio de estupefacientes -<\/title>\n<meta name=\"robots\" content=\"index, follow, max-snippet:-1, max-image-preview:large, max-video-preview:-1\" \/>\n<link rel=\"canonical\" href=\"https:\/\/luchonoticias.com\/editor\/caen-los-del-rancho-presunta-estructura-criminal-dedicada-sicariato-extorsiones-hurtos-y-comercio-de-estupefacientes\/\" \/>\n<meta property=\"og:locale\" content=\"es_ES\" \/>\n<meta property=\"og:type\" content=\"article\" \/>\n<meta property=\"og:title\" content=\"Caen \u2018Los del Rancho\u2019, presunta estructura criminal dedicada sicariato, extorsiones, hurtos y comercio de estupefacientes -\" \/>\n<meta property=\"og:url\" content=\"https:\/\/luchonoticias.com\/editor\/caen-los-del-rancho-presunta-estructura-criminal-dedicada-sicariato-extorsiones-hurtos-y-comercio-de-estupefacientes\/\" \/>\n<meta property=\"article:publisher\" content=\"https:\/\/www.facebook.com\/luchonoticiasneiva\" \/>\n<meta property=\"article:published_time\" content=\"2023-03-06T12:07:57+00:00\" \/>\n<meta property=\"article:modified_time\" content=\"2023-03-06T12:07:58+00:00\" \/>\n<meta name=\"author\" content=\"Editor General\" \/>\n<meta name=\"twitter:card\" content=\"summary_large_image\" \/>\n<meta name=\"twitter:label1\" content=\"Escrito por\" \/>\n\t<meta name=\"twitter:data1\" content=\"Editor General\" \/>\n\t<meta name=\"twitter:label2\" content=\"Tiempo de lectura\" \/>\n\t<meta name=\"twitter:data2\" content=\"2 minutos\" \/>\n<script type=\"application\/ld+json\" class=\"yoast-schema-graph\">{\"@context\":\"https:\/\/schema.org\",\"@graph\":[{\"@type\":\"Article\",\"@id\":\"https:\/\/luchonoticias.com\/editor\/caen-los-del-rancho-presunta-estructura-criminal-dedicada-sicariato-extorsiones-hurtos-y-comercio-de-estupefacientes\/#article\",\"isPartOf\":{\"@id\":\"https:\/\/luchonoticias.com\/editor\/caen-los-del-rancho-presunta-estructura-criminal-dedicada-sicariato-extorsiones-hurtos-y-comercio-de-estupefacientes\/\"},\"author\":{\"name\":\"Editor General\",\"@id\":\"https:\/\/luchonoticias.com\/editor\/#\/schema\/person\/29217990ddf6f14e35912b2866d591fb\"},\"headline\":\"Caen \u2018Los del Rancho\u2019, presunta estructura criminal dedicada sicariato, extorsiones, hurtos y comercio de estupefacientes\",\"datePublished\":\"2023-03-06T12:07:57+00:00\",\"dateModified\":\"2023-03-06T12:07:58+00:00\",\"mainEntityOfPage\":{\"@id\":\"https:\/\/luchonoticias.com\/editor\/caen-los-del-rancho-presunta-estructura-criminal-dedicada-sicariato-extorsiones-hurtos-y-comercio-de-estupefacientes\/\"},\"wordCount\":381,\"commentCount\":0,\"publisher\":{\"@id\":\"https:\/\/luchonoticias.com\/editor\/#\/schema\/person\/7a7fd911f58561fd056dbac7b55af9cd\"},\"articleSection\":[\"Destacado\",\"Judicial\"],\"inLanguage\":\"es\",\"potentialAction\":[{\"@type\":\"CommentAction\",\"name\":\"Comment\",\"target\":[\"https:\/\/luchonoticias.com\/editor\/caen-los-del-rancho-presunta-estructura-criminal-dedicada-sicariato-extorsiones-hurtos-y-comercio-de-estupefacientes\/#respond\"]}]},{\"@type\":\"WebPage\",\"@id\":\"https:\/\/luchonoticias.com\/editor\/caen-los-del-rancho-presunta-estructura-criminal-dedicada-sicariato-extorsiones-hurtos-y-comercio-de-estupefacientes\/\",\"url\":\"https:\/\/luchonoticias.com\/editor\/caen-los-del-rancho-presunta-estructura-criminal-dedicada-sicariato-extorsiones-hurtos-y-comercio-de-estupefacientes\/\",\"name\":\"Caen \u2018Los del Rancho\u2019, presunta estructura criminal dedicada sicariato, extorsiones, hurtos y comercio de estupefacientes -\",\"isPartOf\":{\"@id\":\"https:\/\/luchonoticias.com\/editor\/#website\"},\"datePublished\":\"2023-03-06T12:07:57+00:00\",\"dateModified\":\"2023-03-06T12:07:58+00:00\",\"breadcrumb\":{\"@id\":\"https:\/\/luchonoticias.com\/editor\/caen-los-del-rancho-presunta-estructura-criminal-dedicada-sicariato-extorsiones-hurtos-y-comercio-de-estupefacientes\/#breadcrumb\"},\"inLanguage\":\"es\",\"potentialAction\":[{\"@type\":\"ReadAction\",\"target\":[\"https:\/\/luchonoticias.com\/editor\/caen-los-del-rancho-presunta-estructura-criminal-dedicada-sicariato-extorsiones-hurtos-y-comercio-de-estupefacientes\/\"]}]},{\"@type\":\"BreadcrumbList\",\"@id\":\"https:\/\/luchonoticias.com\/editor\/caen-los-del-rancho-presunta-estructura-criminal-dedicada-sicariato-extorsiones-hurtos-y-comercio-de-estupefacientes\/#breadcrumb\",\"itemListElement\":[{\"@type\":\"ListItem\",\"position\":1,\"name\":\"Portada\",\"item\":\"https:\/\/luchonoticias.com\/editor\/\"},{\"@type\":\"ListItem\",\"position\":2,\"name\":\"Caen \u2018Los del Rancho\u2019, presunta estructura criminal dedicada sicariato, extorsiones, hurtos y comercio de estupefacientes\"}]},{\"@type\":\"WebSite\",\"@id\":\"https:\/\/luchonoticias.com\/editor\/#website\",\"url\":\"https:\/\/luchonoticias.com\/editor\/\",\"name\":\"\",\"description\":\"\",\"publisher\":{\"@id\":\"https:\/\/luchonoticias.com\/editor\/#\/schema\/person\/7a7fd911f58561fd056dbac7b55af9cd\"},\"potentialAction\":[{\"@type\":\"SearchAction\",\"target\":{\"@type\":\"EntryPoint\",\"urlTemplate\":\"https:\/\/luchonoticias.com\/editor\/?s={search_term_string}\"},\"query-input\":{\"@type\":\"PropertyValueSpecification\",\"valueRequired\":true,\"valueName\":\"search_term_string\"}}],\"inLanguage\":\"es\"},{\"@type\":[\"Person\",\"Organization\"],\"@id\":\"https:\/\/luchonoticias.com\/editor\/#\/schema\/person\/7a7fd911f58561fd056dbac7b55af9cd\",\"name\":\"admin\",\"image\":{\"@type\":\"ImageObject\",\"inLanguage\":\"es\",\"@id\":\"https:\/\/luchonoticias.com\/editor\/#\/schema\/person\/image\/\",\"url\":\"https:\/\/luchonoticias.com\/editor\/wp-content\/uploads\/2024\/02\/cropped-cropped-logolu.webp\",\"contentUrl\":\"https:\/\/luchonoticias.com\/editor\/wp-content\/uploads\/2024\/02\/cropped-cropped-logolu.webp\",\"width\":382,\"height\":170,\"caption\":\"admin\"},\"logo\":{\"@id\":\"https:\/\/luchonoticias.com\/editor\/#\/schema\/person\/image\/\"},\"sameAs\":[\"https:\/\/www.facebook.com\/luchonoticiasneiva\"]},{\"@type\":\"Person\",\"@id\":\"https:\/\/luchonoticias.com\/editor\/#\/schema\/person\/29217990ddf6f14e35912b2866d591fb\",\"name\":\"Editor General\",\"image\":{\"@type\":\"ImageObject\",\"inLanguage\":\"es\",\"@id\":\"https:\/\/luchonoticias.com\/editor\/#\/schema\/person\/image\/\",\"url\":\"https:\/\/luchonoticias.com\/editor\/wp-content\/uploads\/2024\/02\/cropped-cropped-logolu-150x150.webp\",\"contentUrl\":\"https:\/\/luchonoticias.com\/editor\/wp-content\/uploads\/2024\/02\/cropped-cropped-logolu-150x150.webp\",\"caption\":\"Editor General\"},\"sameAs\":[\"https:\/\/luchonoticias.com\/\"],\"url\":\"https:\/\/luchonoticias.com\/editor\/author\/editor-general\/\"}]}<\/script>\n<!-- \/ Yoast SEO plugin. -->","yoast_head_json":{"title":"Caen \u2018Los del Rancho\u2019, presunta estructura criminal dedicada sicariato, extorsiones, hurtos y comercio de estupefacientes -","robots":{"index":"index","follow":"follow","max-snippet":"max-snippet:-1","max-image-preview":"max-image-preview:large","max-video-preview":"max-video-preview:-1"},"canonical":"https:\/\/luchonoticias.com\/editor\/caen-los-del-rancho-presunta-estructura-criminal-dedicada-sicariato-extorsiones-hurtos-y-comercio-de-estupefacientes\/","og_locale":"es_ES","og_type":"article","og_title":"Caen \u2018Los del Rancho\u2019, presunta estructura criminal dedicada sicariato, extorsiones, hurtos y comercio de estupefacientes -","og_url":"https:\/\/luchonoticias.com\/editor\/caen-los-del-rancho-presunta-estructura-criminal-dedicada-sicariato-extorsiones-hurtos-y-comercio-de-estupefacientes\/","article_publisher":"https:\/\/www.facebook.com\/luchonoticiasneiva","article_published_time":"2023-03-06T12:07:57+00:00","article_modified_time":"2023-03-06T12:07:58+00:00","author":"Editor General","twitter_card":"summary_large_image","twitter_misc":{"Escrito por":"Editor General","Tiempo de lectura":"2 minutos"},"schema":{"@context":"https:\/\/schema.org","@graph":[{"@type":"Article","@id":"https:\/\/luchonoticias.com\/editor\/caen-los-del-rancho-presunta-estructura-criminal-dedicada-sicariato-extorsiones-hurtos-y-comercio-de-estupefacientes\/#article","isPartOf":{"@id":"https:\/\/luchonoticias.com\/editor\/caen-los-del-rancho-presunta-estructura-criminal-dedicada-sicariato-extorsiones-hurtos-y-comercio-de-estupefacientes\/"},"author":{"name":"Editor General","@id":"https:\/\/luchonoticias.com\/editor\/#\/schema\/person\/29217990ddf6f14e35912b2866d591fb"},"headline":"Caen \u2018Los del Rancho\u2019, presunta estructura criminal dedicada sicariato, extorsiones, hurtos y comercio de estupefacientes","datePublished":"2023-03-06T12:07:57+00:00","dateModified":"2023-03-06T12:07:58+00:00","mainEntityOfPage":{"@id":"https:\/\/luchonoticias.com\/editor\/caen-los-del-rancho-presunta-estructura-criminal-dedicada-sicariato-extorsiones-hurtos-y-comercio-de-estupefacientes\/"},"wordCount":381,"commentCount":0,"publisher":{"@id":"https:\/\/luchonoticias.com\/editor\/#\/schema\/person\/7a7fd911f58561fd056dbac7b55af9cd"},"articleSection":["Destacado","Judicial"],"inLanguage":"es","potentialAction":[{"@type":"CommentAction","name":"Comment","target":["https:\/\/luchonoticias.com\/editor\/caen-los-del-rancho-presunta-estructura-criminal-dedicada-sicariato-extorsiones-hurtos-y-comercio-de-estupefacientes\/#respond"]}]},{"@type":"WebPage","@id":"https:\/\/luchonoticias.com\/editor\/caen-los-del-rancho-presunta-estructura-criminal-dedicada-sicariato-extorsiones-hurtos-y-comercio-de-estupefacientes\/","url":"https:\/\/luchonoticias.com\/editor\/caen-los-del-rancho-presunta-estructura-criminal-dedicada-sicariato-extorsiones-hurtos-y-comercio-de-estupefacientes\/","name":"Caen \u2018Los del Rancho\u2019, presunta estructura criminal dedicada sicariato, extorsiones, hurtos y comercio de estupefacientes -","isPartOf":{"@id":"https:\/\/luchonoticias.com\/editor\/#website"},"datePublished":"2023-03-06T12:07:57+00:00","dateModified":"2023-03-06T12:07:58+00:00","breadcrumb":{"@id":"https:\/\/luchonoticias.com\/editor\/caen-los-del-rancho-presunta-estructura-criminal-dedicada-sicariato-extorsiones-hurtos-y-comercio-de-estupefacientes\/#breadcrumb"},"inLanguage":"es","potentialAction":[{"@type":"ReadAction","target":["https:\/\/luchonoticias.com\/editor\/caen-los-del-rancho-presunta-estructura-criminal-dedicada-sicariato-extorsiones-hurtos-y-comercio-de-estupefacientes\/"]}]},{"@type":"BreadcrumbList","@id":"https:\/\/luchonoticias.com\/editor\/caen-los-del-rancho-presunta-estructura-criminal-dedicada-sicariato-extorsiones-hurtos-y-comercio-de-estupefacientes\/#breadcrumb","itemListElement":[{"@type":"ListItem","position":1,"name":"Portada","item":"https:\/\/luchonoticias.com\/editor\/"},{"@type":"ListItem","position":2,"name":"Caen \u2018Los del Rancho\u2019, presunta estructura criminal dedicada sicariato, extorsiones, hurtos y comercio de estupefacientes"}]},{"@type":"WebSite","@id":"https:\/\/luchonoticias.com\/editor\/#website","url":"https:\/\/luchonoticias.com\/editor\/","name":"","description":"","publisher":{"@id":"https:\/\/luchonoticias.com\/editor\/#\/schema\/person\/7a7fd911f58561fd056dbac7b55af9cd"},"potentialAction":[{"@type":"SearchAction","target":{"@type":"EntryPoint","urlTemplate":"https:\/\/luchonoticias.com\/editor\/?s={search_term_string}"},"query-input":{"@type":"PropertyValueSpecification","valueRequired":true,"valueName":"search_term_string"}}],"inLanguage":"es"},{"@type":["Person","Organization"],"@id":"https:\/\/luchonoticias.com\/editor\/#\/schema\/person\/7a7fd911f58561fd056dbac7b55af9cd","name":"admin","image":{"@type":"ImageObject","inLanguage":"es","@id":"https:\/\/luchonoticias.com\/editor\/#\/schema\/person\/image\/","url":"https:\/\/luchonoticias.com\/editor\/wp-content\/uploads\/2024\/02\/cropped-cropped-logolu.webp","contentUrl":"https:\/\/luchonoticias.com\/editor\/wp-content\/uploads\/2024\/02\/cropped-cropped-logolu.webp","width":382,"height":170,"caption":"admin"},"logo":{"@id":"https:\/\/luchonoticias.com\/editor\/#\/schema\/person\/image\/"},"sameAs":["https:\/\/www.facebook.com\/luchonoticiasneiva"]},{"@type":"Person","@id":"https:\/\/luchonoticias.com\/editor\/#\/schema\/person\/29217990ddf6f14e35912b2866d591fb","name":"Editor General","image":{"@type":"ImageObject","inLanguage":"es","@id":"https:\/\/luchonoticias.com\/editor\/#\/schema\/person\/image\/","url":"https:\/\/luchonoticias.com\/editor\/wp-content\/uploads\/2024\/02\/cropped-cropped-logolu-150x150.webp","contentUrl":"https:\/\/luchonoticias.com\/editor\/wp-content\/uploads\/2024\/02\/cropped-cropped-logolu-150x150.webp","caption":"Editor General"},"sameAs":["https:\/\/luchonoticias.com\/"],"url":"https:\/\/luchonoticias.com\/editor\/author\/editor-general\/"}]}},"_links":{"self":[{"href":"https:\/\/luchonoticias.com\/editor\/wp-json\/wp\/v2\/posts\/47551","targetHints":{"allow":["GET"]}}],"collection":[{"href":"https:\/\/luchonoticias.com\/editor\/wp-json\/wp\/v2\/posts"}],"about":[{"href":"https:\/\/luchonoticias.com\/editor\/wp-json\/wp\/v2\/types\/post"}],"author":[{"embeddable":true,"href":"https:\/\/luchonoticias.com\/editor\/wp-json\/wp\/v2\/users\/2"}],"replies":[{"embeddable":true,"href":"https:\/\/luchonoticias.com\/editor\/wp-json\/wp\/v2\/comments?post=47551"}],"version-history":[{"count":0,"href":"https:\/\/luchonoticias.com\/editor\/wp-json\/wp\/v2\/posts\/47551\/revisions"}],"wp:attachment":[{"href":"https:\/\/luchonoticias.com\/editor\/wp-json\/wp\/v2\/media?parent=47551"}],"wp:term":[{"taxonomy":"category","embeddable":true,"href":"https:\/\/luchonoticias.com\/editor\/wp-json\/wp\/v2\/categories?post=47551"},{"taxonomy":"post_tag","embeddable":true,"href":"https:\/\/luchonoticias.com\/editor\/wp-json\/wp\/v2\/tags?post=47551"}],"curies":[{"name":"wp","href":"https:\/\/api.w.org\/{rel}","templated":true}]}}