{"id":47556,"date":"2023-03-06T07:15:46","date_gmt":"2023-03-06T12:15:46","guid":{"rendered":"https:\/\/luchonoticias.com\/?p=47556"},"modified":"2023-03-06T07:15:47","modified_gmt":"2023-03-06T12:15:47","slug":"carcel-a-exmilitar-que-presuntamente-abuso-sexualmente-de-una-nina-indigena-en-guaviare","status":"publish","type":"post","link":"https:\/\/luchonoticias.com\/editor\/carcel-a-exmilitar-que-presuntamente-abuso-sexualmente-de-una-nina-indigena-en-guaviare\/","title":{"rendered":"C\u00e1rcel a exmilitar que presuntamente abus\u00f3 sexualmente de una ni\u00f1a ind\u00edgena en Guaviare"},"content":{"rendered":"\n<p>Luego de valorar el material de prueba presentado por la Fiscal\u00eda General de la Naci\u00f3n, un juez de control de garant\u00edas impuso medida de aseguramiento privativa de la libertad en centro carcelario contra Eliecer Rodr\u00edguez Reinoso, un exintegrante del Ej\u00e9rcito Nacional que habr\u00eda abusado sexualmente de una ni\u00f1a ind\u00edgena de 13 a\u00f1os en Guaviare, en 2016.<\/p>\n\n\n\n<p>Esta persona, soldado regular para la fecha de los hechos, presuntamente abord\u00f3 a la menor de edad que, en compa\u00f1\u00eda de una compa\u00f1era del colegio, se ba\u00f1aba en el ca\u00f1o Refugio, en la v\u00eda Barranc\u00f3n, en inmediaciones de San Jos\u00e9 del Guaviare. Al parecer, luego de presentarse con otro nombre y dialogar con ella, la agredi\u00f3 sexualmente.<\/p>\n\n\n\n<figure class=\"wp-block-video\"><video controls src=\"https:\/\/luchonoticias.com\/wp-content\/uploads\/2023\/03\/WhatsApp-Video-2023-03-06-at-7.07.38-AM.mp4\"><\/video><figcaption class=\"wp-element-caption\">Fiscal indica el agravante de la conducta que habr\u00eda cometido el procesado.<\/figcaption><\/figure>\n\n\n\n<p>La v\u00edctima, perteneciente a la etnia Sikuani, se abstuvo de revelar lo sucedido durante tres a\u00f1os. Finalmente, a finales de 2019 decidi\u00f3 contarles a algunos familiares, y ampliar su versi\u00f3n ante el Instituto Colombiano de Bienestar Familiar y el Instituto Nacional de Medicina Legal y Ciencias Forenses.<\/p>\n\n\n\n<p>Desde entonces, a trav\u00e9s de una metodolog\u00eda de enfoque diferencial, la Fiscal\u00eda verific\u00f3 las versiones entregadas por la ni\u00f1a y su amiga, y encontr\u00f3 absoluta coincidencia en los relatos.<\/p>\n\n\n\n<p>De esta manera, se pusieron en marcha diversas actividades de polic\u00eda judicial para establecer la identidad real del se\u00f1alado abusador, pues usaba el nombre de Cristian. Luego de acreditar que ser\u00eda el hoy procesado, se obtuvo la respectiva orden de captura, que fue materializada por personal del CTI en Bogot\u00e1.<\/p>\n\n\n\n<p>En ese sentido, una fiscal de la Direcci\u00f3n Especializada contra las Violaciones a los Derechos Humanos le imput\u00f3 a Eliecer Rodr\u00edguez Reinoso el delito de acceso carnal abusivo con menor de 14 a\u00f1os. El cargo no fue aceptado por el procesado.<\/p>\n\n\n\n<p><strong>Archivo de investigaci\u00f3n<\/strong><\/p>\n\n\n\n<p>De otra parte, la Fiscal\u00eda General de la Naci\u00f3n cerr\u00f3 la investigaci\u00f3n por el supuesto abuso sexual a una ni\u00f1a ind\u00edgena en Guaviare por parte de un militar estadounidense.<\/p>\n\n\n\n<p>Testimonios, abundante documentaci\u00f3n y otros elementos de prueba obtenidos por una fiscal de la Direcci\u00f3n Especializada contra las Violaciones a los Derechos Humanos indican que el caso no ocurri\u00f3. Asimismo, no hay evidencia que soporte la existencia de la v\u00edctima y de su estado de embarazo, como fue informado p\u00fablicamente.<\/p>\n\n\n\n<figure class=\"wp-block-audio\"><audio controls src=\"https:\/\/luchonoticias.com\/wp-content\/uploads\/2023\/03\/31cd43f6-1d94-4eea-99fc-f48c3d08cf27.mp3\"><\/audio><figcaption class=\"wp-element-caption\">Declaraciones del Director Especializado contra las Violaciones a los Derechos Humanos, Hugo Tovar P\u00e9rez.<\/figcaption><\/figure>\n","protected":false},"excerpt":{"rendered":"<p>Luego de valorar el material de prueba presentado por la Fiscal\u00eda General de la Naci\u00f3n, un juez de control de garant\u00edas impuso medida de aseguramiento privativa de la libertad en centro carcelario contra Eliecer Rodr\u00edguez Reinoso, un exintegrante del Ej\u00e9rcito Nacional que habr\u00eda abusado sexualmente de una ni\u00f1a ind\u00edgena de 13 a\u00f1os en Guaviare, en [&hellip;]<\/p>\n","protected":false},"author":2,"featured_media":0,"comment_status":"open","ping_status":"open","sticky":false,"template":"","format":"standard","meta":{"footnotes":""},"categories":[36,29],"tags":[],"class_list":["post-47556","post","type-post","status-publish","format-standard","hentry","category-destacado","category-judicial"],"yoast_head":"<!-- This site is optimized with the Yoast SEO plugin v26.6 - https:\/\/yoast.com\/wordpress\/plugins\/seo\/ -->\n<title>C\u00e1rcel a exmilitar que presuntamente abus\u00f3 sexualmente de una ni\u00f1a ind\u00edgena en Guaviare -<\/title>\n<meta name=\"robots\" content=\"index, follow, max-snippet:-1, max-image-preview:large, max-video-preview:-1\" \/>\n<link rel=\"canonical\" href=\"https:\/\/luchonoticias.com\/editor\/carcel-a-exmilitar-que-presuntamente-abuso-sexualmente-de-una-nina-indigena-en-guaviare\/\" \/>\n<meta property=\"og:locale\" content=\"es_ES\" \/>\n<meta property=\"og:type\" content=\"article\" \/>\n<meta property=\"og:title\" content=\"C\u00e1rcel a exmilitar que presuntamente abus\u00f3 sexualmente de una ni\u00f1a ind\u00edgena en Guaviare -\" \/>\n<meta property=\"og:url\" content=\"https:\/\/luchonoticias.com\/editor\/carcel-a-exmilitar-que-presuntamente-abuso-sexualmente-de-una-nina-indigena-en-guaviare\/\" \/>\n<meta property=\"article:publisher\" content=\"https:\/\/www.facebook.com\/luchonoticiasneiva\" \/>\n<meta property=\"article:published_time\" content=\"2023-03-06T12:15:46+00:00\" \/>\n<meta property=\"article:modified_time\" content=\"2023-03-06T12:15:47+00:00\" \/>\n<meta name=\"author\" content=\"Editor General\" \/>\n<meta name=\"twitter:card\" content=\"summary_large_image\" \/>\n<meta name=\"twitter:label1\" content=\"Escrito por\" \/>\n\t<meta name=\"twitter:data1\" content=\"Editor General\" \/>\n\t<meta name=\"twitter:label2\" content=\"Tiempo de lectura\" \/>\n\t<meta name=\"twitter:data2\" content=\"2 minutos\" \/>\n<script type=\"application\/ld+json\" class=\"yoast-schema-graph\">{\"@context\":\"https:\/\/schema.org\",\"@graph\":[{\"@type\":\"Article\",\"@id\":\"https:\/\/luchonoticias.com\/editor\/carcel-a-exmilitar-que-presuntamente-abuso-sexualmente-de-una-nina-indigena-en-guaviare\/#article\",\"isPartOf\":{\"@id\":\"https:\/\/luchonoticias.com\/editor\/carcel-a-exmilitar-que-presuntamente-abuso-sexualmente-de-una-nina-indigena-en-guaviare\/\"},\"author\":{\"name\":\"Editor General\",\"@id\":\"https:\/\/luchonoticias.com\/editor\/#\/schema\/person\/29217990ddf6f14e35912b2866d591fb\"},\"headline\":\"C\u00e1rcel a exmilitar que presuntamente abus\u00f3 sexualmente de una ni\u00f1a ind\u00edgena en Guaviare\",\"datePublished\":\"2023-03-06T12:15:46+00:00\",\"dateModified\":\"2023-03-06T12:15:47+00:00\",\"mainEntityOfPage\":{\"@id\":\"https:\/\/luchonoticias.com\/editor\/carcel-a-exmilitar-que-presuntamente-abuso-sexualmente-de-una-nina-indigena-en-guaviare\/\"},\"wordCount\":440,\"commentCount\":0,\"publisher\":{\"@id\":\"https:\/\/luchonoticias.com\/editor\/#\/schema\/person\/7a7fd911f58561fd056dbac7b55af9cd\"},\"articleSection\":[\"Destacado\",\"Judicial\"],\"inLanguage\":\"es\",\"potentialAction\":[{\"@type\":\"CommentAction\",\"name\":\"Comment\",\"target\":[\"https:\/\/luchonoticias.com\/editor\/carcel-a-exmilitar-que-presuntamente-abuso-sexualmente-de-una-nina-indigena-en-guaviare\/#respond\"]}]},{\"@type\":\"WebPage\",\"@id\":\"https:\/\/luchonoticias.com\/editor\/carcel-a-exmilitar-que-presuntamente-abuso-sexualmente-de-una-nina-indigena-en-guaviare\/\",\"url\":\"https:\/\/luchonoticias.com\/editor\/carcel-a-exmilitar-que-presuntamente-abuso-sexualmente-de-una-nina-indigena-en-guaviare\/\",\"name\":\"C\u00e1rcel a exmilitar que presuntamente abus\u00f3 sexualmente de una ni\u00f1a ind\u00edgena en Guaviare -\",\"isPartOf\":{\"@id\":\"https:\/\/luchonoticias.com\/editor\/#website\"},\"datePublished\":\"2023-03-06T12:15:46+00:00\",\"dateModified\":\"2023-03-06T12:15:47+00:00\",\"breadcrumb\":{\"@id\":\"https:\/\/luchonoticias.com\/editor\/carcel-a-exmilitar-que-presuntamente-abuso-sexualmente-de-una-nina-indigena-en-guaviare\/#breadcrumb\"},\"inLanguage\":\"es\",\"potentialAction\":[{\"@type\":\"ReadAction\",\"target\":[\"https:\/\/luchonoticias.com\/editor\/carcel-a-exmilitar-que-presuntamente-abuso-sexualmente-de-una-nina-indigena-en-guaviare\/\"]}]},{\"@type\":\"BreadcrumbList\",\"@id\":\"https:\/\/luchonoticias.com\/editor\/carcel-a-exmilitar-que-presuntamente-abuso-sexualmente-de-una-nina-indigena-en-guaviare\/#breadcrumb\",\"itemListElement\":[{\"@type\":\"ListItem\",\"position\":1,\"name\":\"Portada\",\"item\":\"https:\/\/luchonoticias.com\/editor\/\"},{\"@type\":\"ListItem\",\"position\":2,\"name\":\"C\u00e1rcel a exmilitar que presuntamente abus\u00f3 sexualmente de una ni\u00f1a ind\u00edgena en Guaviare\"}]},{\"@type\":\"WebSite\",\"@id\":\"https:\/\/luchonoticias.com\/editor\/#website\",\"url\":\"https:\/\/luchonoticias.com\/editor\/\",\"name\":\"\",\"description\":\"\",\"publisher\":{\"@id\":\"https:\/\/luchonoticias.com\/editor\/#\/schema\/person\/7a7fd911f58561fd056dbac7b55af9cd\"},\"potentialAction\":[{\"@type\":\"SearchAction\",\"target\":{\"@type\":\"EntryPoint\",\"urlTemplate\":\"https:\/\/luchonoticias.com\/editor\/?s={search_term_string}\"},\"query-input\":{\"@type\":\"PropertyValueSpecification\",\"valueRequired\":true,\"valueName\":\"search_term_string\"}}],\"inLanguage\":\"es\"},{\"@type\":[\"Person\",\"Organization\"],\"@id\":\"https:\/\/luchonoticias.com\/editor\/#\/schema\/person\/7a7fd911f58561fd056dbac7b55af9cd\",\"name\":\"admin\",\"image\":{\"@type\":\"ImageObject\",\"inLanguage\":\"es\",\"@id\":\"https:\/\/luchonoticias.com\/editor\/#\/schema\/person\/image\/\",\"url\":\"https:\/\/luchonoticias.com\/editor\/wp-content\/uploads\/2024\/02\/cropped-cropped-logolu.webp\",\"contentUrl\":\"https:\/\/luchonoticias.com\/editor\/wp-content\/uploads\/2024\/02\/cropped-cropped-logolu.webp\",\"width\":382,\"height\":170,\"caption\":\"admin\"},\"logo\":{\"@id\":\"https:\/\/luchonoticias.com\/editor\/#\/schema\/person\/image\/\"},\"sameAs\":[\"https:\/\/www.facebook.com\/luchonoticiasneiva\"]},{\"@type\":\"Person\",\"@id\":\"https:\/\/luchonoticias.com\/editor\/#\/schema\/person\/29217990ddf6f14e35912b2866d591fb\",\"name\":\"Editor General\",\"image\":{\"@type\":\"ImageObject\",\"inLanguage\":\"es\",\"@id\":\"https:\/\/luchonoticias.com\/editor\/#\/schema\/person\/image\/\",\"url\":\"https:\/\/luchonoticias.com\/editor\/wp-content\/uploads\/2024\/02\/cropped-cropped-logolu-150x150.webp\",\"contentUrl\":\"https:\/\/luchonoticias.com\/editor\/wp-content\/uploads\/2024\/02\/cropped-cropped-logolu-150x150.webp\",\"caption\":\"Editor General\"},\"sameAs\":[\"https:\/\/luchonoticias.com\/\"],\"url\":\"https:\/\/luchonoticias.com\/editor\/author\/editor-general\/\"}]}<\/script>\n<!-- \/ Yoast SEO plugin. -->","yoast_head_json":{"title":"C\u00e1rcel a exmilitar que presuntamente abus\u00f3 sexualmente de una ni\u00f1a ind\u00edgena en Guaviare -","robots":{"index":"index","follow":"follow","max-snippet":"max-snippet:-1","max-image-preview":"max-image-preview:large","max-video-preview":"max-video-preview:-1"},"canonical":"https:\/\/luchonoticias.com\/editor\/carcel-a-exmilitar-que-presuntamente-abuso-sexualmente-de-una-nina-indigena-en-guaviare\/","og_locale":"es_ES","og_type":"article","og_title":"C\u00e1rcel a exmilitar que presuntamente abus\u00f3 sexualmente de una ni\u00f1a ind\u00edgena en Guaviare -","og_url":"https:\/\/luchonoticias.com\/editor\/carcel-a-exmilitar-que-presuntamente-abuso-sexualmente-de-una-nina-indigena-en-guaviare\/","article_publisher":"https:\/\/www.facebook.com\/luchonoticiasneiva","article_published_time":"2023-03-06T12:15:46+00:00","article_modified_time":"2023-03-06T12:15:47+00:00","author":"Editor General","twitter_card":"summary_large_image","twitter_misc":{"Escrito por":"Editor General","Tiempo de lectura":"2 minutos"},"schema":{"@context":"https:\/\/schema.org","@graph":[{"@type":"Article","@id":"https:\/\/luchonoticias.com\/editor\/carcel-a-exmilitar-que-presuntamente-abuso-sexualmente-de-una-nina-indigena-en-guaviare\/#article","isPartOf":{"@id":"https:\/\/luchonoticias.com\/editor\/carcel-a-exmilitar-que-presuntamente-abuso-sexualmente-de-una-nina-indigena-en-guaviare\/"},"author":{"name":"Editor General","@id":"https:\/\/luchonoticias.com\/editor\/#\/schema\/person\/29217990ddf6f14e35912b2866d591fb"},"headline":"C\u00e1rcel a exmilitar que presuntamente abus\u00f3 sexualmente de una ni\u00f1a ind\u00edgena en Guaviare","datePublished":"2023-03-06T12:15:46+00:00","dateModified":"2023-03-06T12:15:47+00:00","mainEntityOfPage":{"@id":"https:\/\/luchonoticias.com\/editor\/carcel-a-exmilitar-que-presuntamente-abuso-sexualmente-de-una-nina-indigena-en-guaviare\/"},"wordCount":440,"commentCount":0,"publisher":{"@id":"https:\/\/luchonoticias.com\/editor\/#\/schema\/person\/7a7fd911f58561fd056dbac7b55af9cd"},"articleSection":["Destacado","Judicial"],"inLanguage":"es","potentialAction":[{"@type":"CommentAction","name":"Comment","target":["https:\/\/luchonoticias.com\/editor\/carcel-a-exmilitar-que-presuntamente-abuso-sexualmente-de-una-nina-indigena-en-guaviare\/#respond"]}]},{"@type":"WebPage","@id":"https:\/\/luchonoticias.com\/editor\/carcel-a-exmilitar-que-presuntamente-abuso-sexualmente-de-una-nina-indigena-en-guaviare\/","url":"https:\/\/luchonoticias.com\/editor\/carcel-a-exmilitar-que-presuntamente-abuso-sexualmente-de-una-nina-indigena-en-guaviare\/","name":"C\u00e1rcel a exmilitar que presuntamente abus\u00f3 sexualmente de una ni\u00f1a ind\u00edgena en Guaviare -","isPartOf":{"@id":"https:\/\/luchonoticias.com\/editor\/#website"},"datePublished":"2023-03-06T12:15:46+00:00","dateModified":"2023-03-06T12:15:47+00:00","breadcrumb":{"@id":"https:\/\/luchonoticias.com\/editor\/carcel-a-exmilitar-que-presuntamente-abuso-sexualmente-de-una-nina-indigena-en-guaviare\/#breadcrumb"},"inLanguage":"es","potentialAction":[{"@type":"ReadAction","target":["https:\/\/luchonoticias.com\/editor\/carcel-a-exmilitar-que-presuntamente-abuso-sexualmente-de-una-nina-indigena-en-guaviare\/"]}]},{"@type":"BreadcrumbList","@id":"https:\/\/luchonoticias.com\/editor\/carcel-a-exmilitar-que-presuntamente-abuso-sexualmente-de-una-nina-indigena-en-guaviare\/#breadcrumb","itemListElement":[{"@type":"ListItem","position":1,"name":"Portada","item":"https:\/\/luchonoticias.com\/editor\/"},{"@type":"ListItem","position":2,"name":"C\u00e1rcel a exmilitar que presuntamente abus\u00f3 sexualmente de una ni\u00f1a ind\u00edgena en Guaviare"}]},{"@type":"WebSite","@id":"https:\/\/luchonoticias.com\/editor\/#website","url":"https:\/\/luchonoticias.com\/editor\/","name":"","description":"","publisher":{"@id":"https:\/\/luchonoticias.com\/editor\/#\/schema\/person\/7a7fd911f58561fd056dbac7b55af9cd"},"potentialAction":[{"@type":"SearchAction","target":{"@type":"EntryPoint","urlTemplate":"https:\/\/luchonoticias.com\/editor\/?s={search_term_string}"},"query-input":{"@type":"PropertyValueSpecification","valueRequired":true,"valueName":"search_term_string"}}],"inLanguage":"es"},{"@type":["Person","Organization"],"@id":"https:\/\/luchonoticias.com\/editor\/#\/schema\/person\/7a7fd911f58561fd056dbac7b55af9cd","name":"admin","image":{"@type":"ImageObject","inLanguage":"es","@id":"https:\/\/luchonoticias.com\/editor\/#\/schema\/person\/image\/","url":"https:\/\/luchonoticias.com\/editor\/wp-content\/uploads\/2024\/02\/cropped-cropped-logolu.webp","contentUrl":"https:\/\/luchonoticias.com\/editor\/wp-content\/uploads\/2024\/02\/cropped-cropped-logolu.webp","width":382,"height":170,"caption":"admin"},"logo":{"@id":"https:\/\/luchonoticias.com\/editor\/#\/schema\/person\/image\/"},"sameAs":["https:\/\/www.facebook.com\/luchonoticiasneiva"]},{"@type":"Person","@id":"https:\/\/luchonoticias.com\/editor\/#\/schema\/person\/29217990ddf6f14e35912b2866d591fb","name":"Editor General","image":{"@type":"ImageObject","inLanguage":"es","@id":"https:\/\/luchonoticias.com\/editor\/#\/schema\/person\/image\/","url":"https:\/\/luchonoticias.com\/editor\/wp-content\/uploads\/2024\/02\/cropped-cropped-logolu-150x150.webp","contentUrl":"https:\/\/luchonoticias.com\/editor\/wp-content\/uploads\/2024\/02\/cropped-cropped-logolu-150x150.webp","caption":"Editor General"},"sameAs":["https:\/\/luchonoticias.com\/"],"url":"https:\/\/luchonoticias.com\/editor\/author\/editor-general\/"}]}},"_links":{"self":[{"href":"https:\/\/luchonoticias.com\/editor\/wp-json\/wp\/v2\/posts\/47556","targetHints":{"allow":["GET"]}}],"collection":[{"href":"https:\/\/luchonoticias.com\/editor\/wp-json\/wp\/v2\/posts"}],"about":[{"href":"https:\/\/luchonoticias.com\/editor\/wp-json\/wp\/v2\/types\/post"}],"author":[{"embeddable":true,"href":"https:\/\/luchonoticias.com\/editor\/wp-json\/wp\/v2\/users\/2"}],"replies":[{"embeddable":true,"href":"https:\/\/luchonoticias.com\/editor\/wp-json\/wp\/v2\/comments?post=47556"}],"version-history":[{"count":0,"href":"https:\/\/luchonoticias.com\/editor\/wp-json\/wp\/v2\/posts\/47556\/revisions"}],"wp:attachment":[{"href":"https:\/\/luchonoticias.com\/editor\/wp-json\/wp\/v2\/media?parent=47556"}],"wp:term":[{"taxonomy":"category","embeddable":true,"href":"https:\/\/luchonoticias.com\/editor\/wp-json\/wp\/v2\/categories?post=47556"},{"taxonomy":"post_tag","embeddable":true,"href":"https:\/\/luchonoticias.com\/editor\/wp-json\/wp\/v2\/tags?post=47556"}],"curies":[{"name":"wp","href":"https:\/\/api.w.org\/{rel}","templated":true}]}}