{"id":47571,"date":"2023-03-06T07:36:19","date_gmt":"2023-03-06T12:36:19","guid":{"rendered":"https:\/\/luchonoticias.com\/?p=47571"},"modified":"2023-03-06T07:36:27","modified_gmt":"2023-03-06T12:36:27","slug":"12-capturados-durante-el-primer-fin-de-semana-de-marzo-en-neiva","status":"publish","type":"post","link":"https:\/\/luchonoticias.com\/editor\/12-capturados-durante-el-primer-fin-de-semana-de-marzo-en-neiva\/","title":{"rendered":"12 capturados durante el primer fin de semana de marzo en Neiva"},"content":{"rendered":"\n<p>La Polic\u00eda Metropolitana de Neiva, dieron a conocer que en la ejecuci\u00f3n de los diferentes operativos realizados durante el fin de semana, fueron capturados 12 personas al parecer en flagrancia por diferentes delitos.<\/p>\n\n\n\n<p>* 4 por lesiones personales<\/p>\n\n\n\n<p>* 3 por violencia intrafamiliar.<\/p>\n\n\n\n<p>* 1 por Hurto.<\/p>\n\n\n\n<p>* 1 por actos sexuales abusivos con menor de 18 a\u00f1os.<\/p>\n\n\n\n<p>* 1 por uso documento falso.<\/p>\n\n\n\n<p>* 1 por porte ilegal de armas de fuego.<\/p>\n\n\n\n<p>* 1 por ataque a servidor p\u00fablico y da\u00f1o en bien ajeno.<\/p>\n\n\n\n<figure class=\"wp-block-audio\"><audio controls src=\"https:\/\/luchonoticias.com\/wp-content\/uploads\/2023\/03\/2fd87727-a0d0-44b3-afe6-53712090463b.mp3\" autoplay><\/audio><figcaption class=\"wp-element-caption\">Coronel Juan Pablo Ruiz Rodriguez Comandante Polic\u00eda Metropolitana de Neiva.<\/figcaption><\/figure>\n\n\n\n<p><strong>Hechos relevantes<\/strong><\/p>\n\n\n\n<p>En lo informado por las autoridades neivanas, se conoci\u00f3 que como casos relevantes y gracias a las labores de patrullaje, registro y control, fue capturado un hombre de 18 a\u00f1os conocido como \u2018Mechas\u2019, \u201creconocido actor delincuencial, presuntamente dedicado al hurto en todas sus modalidades, a quien se le halla en su poder un arma de fuego tipo pistola calibre 7.65 CZ\u201d, indicaron las fuentes oficiales.<\/p>\n\n\n\n<p>Asimismo, se estableci\u00f3 que durante el fin de semana, entre los 12 capturados, se encuentra un hombre de 65 a\u00f1os de edad por el delito de acto sexual abusivo con menor de 18 a\u00f1os, \u201cal ser sorprendido realizando tocamientos a una menor de 16 a\u00f1os de edad en el barrio La Rioja de esta ciudad\u201d, agregaron las autoridades.<\/p>\n\n\n\n<figure class=\"wp-block-gallery has-nested-images columns-default is-cropped wp-block-gallery-1 is-layout-flex wp-block-gallery-is-layout-flex\">\n<figure class=\"wp-block-image size-large\"><img decoding=\"async\" data-id=\"47574\" src=\"https:\/\/luchonoticias.com\/wp-content\/uploads\/2023\/03\/WhatsApp-Image-2023-03-03-at-1.27.23-PM-1-1024x576.jpeg\" alt=\"\" class=\"wp-image-47574\"\/><\/figure>\n\n\n\n<figure class=\"wp-block-image size-large\"><img decoding=\"async\" data-id=\"47575\" src=\"https:\/\/luchonoticias.com\/wp-content\/uploads\/2023\/03\/WhatsApp-Image-2023-03-05-at-10.44.47-AM-1024x663.jpeg\" alt=\"\" class=\"wp-image-47575\"\/><\/figure>\n<\/figure>\n\n\n\n<p>Por otro lado, las Polic\u00eda de Neiva dio conocer que, durante el fin de semana, entre los capturados logrados por los uniformados, esta la de un sujeto de 27 a\u00f1os, por el delito de violencia intrafamiliar.<\/p>\n\n\n\n<p>\u201cFue sorprendidos por nuestras unidades en momentos en que agred\u00eda a su pareja sentimental, una menor de 16 a\u00f1os de edad, en estado de gestaci\u00f3n\u201d, puntualizaron.<\/p>\n\n\n\n<p><strong>Atenci\u00f3n a la l\u00ednea de emergencia<\/strong><\/p>\n\n\n\n<p>En lo informado por las autoridades, se logr\u00f3 establecer que a la l\u00ednea de emergencia 123 ingresaron un total de 1.767 llamadas, destacando entre estas: 115 por ri\u00f1a, 87 por alteraci\u00f3n a la tranquilidad p\u00fablica, 33 por consumo de estupefacientes y 21 por violencia intrafamiliar.<\/p>\n\n\n\n<p><strong>Aplicaci\u00f3n del C\u00f3digo Nacional de Seguridad<\/strong><\/p>\n\n\n\n<p>Finalmente, la Polic\u00eda Metropolitana de Neiva, dio a conocer que durante el ultimo fin de semana, en la aplicaci\u00f3n del C\u00f3digo Nacional de Seguridad y Convivencia Ciudadana, se impusieron 50 \u00f3rdenes de comparendo por comportamientos contrarios a la convivencia, as\u00ed: 30 por porte de armas corto punzantes, 12 por participar en ri\u00f1a, 04 por comprar, alquilar o usar equipo terminal m\u00f3vil con reporte de p\u00e9rdida o hurto, 02 por consumo de sustancias estupefacientes en sitios prohibidos, 01 arma traum\u00e1tica y 01 por transporte de escombros en medios no aptos para el mismo.<\/p>\n\n\n\n<figure class=\"wp-block-gallery has-nested-images columns-default is-cropped wp-block-gallery-2 is-layout-flex wp-block-gallery-is-layout-flex\">\n<figure class=\"wp-block-image size-large\"><img decoding=\"async\" data-id=\"47576\" src=\"https:\/\/luchonoticias.com\/wp-content\/uploads\/2023\/03\/WhatsApp-Image-2023-03-05-at-7.39.07-PM-1024x771.jpeg\" alt=\"\" class=\"wp-image-47576\"\/><\/figure>\n\n\n\n<figure class=\"wp-block-image size-large\"><img decoding=\"async\" data-id=\"47578\" src=\"https:\/\/luchonoticias.com\/wp-content\/uploads\/2023\/03\/WhatsApp-Image-2023-03-05-at-7.38.45-PM-1-1024x768.jpeg\" alt=\"\" class=\"wp-image-47578\"\/><\/figure>\n\n\n\n<figure class=\"wp-block-image size-large\"><img decoding=\"async\" data-id=\"47577\" src=\"https:\/\/luchonoticias.com\/wp-content\/uploads\/2023\/03\/WhatsApp-Image-2023-03-05-at-7.38.44-PM-1024x768.jpeg\" alt=\"\" class=\"wp-image-47577\"\/><\/figure>\n<\/figure>\n\n\n\n<p>\u201cLa Polic\u00eda Nacional continuar\u00e1 adelantando planes de prevenci\u00f3n y control semanalmente, con el prop\u00f3sito de mejorar la seguridad y convivencia en jurisdicci\u00f3n de la Metropolitana de Neiva, por lo cual invita a la ciudadan\u00eda a informar cualquier situaci\u00f3n que afecte su seguridad, a trav\u00e9s de la l\u00ednea 123 o con el n\u00famero del cuadrante m\u00e1s cercano\u201d, concluyeron.<\/p>\n","protected":false},"excerpt":{"rendered":"<p>La Polic\u00eda Metropolitana de Neiva, dieron a conocer que en la ejecuci\u00f3n de los diferentes operativos realizados durante el fin de semana, fueron capturados 12 personas al parecer en flagrancia por diferentes delitos. * 4 por lesiones personales * 3 por violencia intrafamiliar. * 1 por Hurto. * 1 por actos sexuales abusivos con menor [&hellip;]<\/p>\n","protected":false},"author":2,"featured_media":0,"comment_status":"open","ping_status":"open","sticky":false,"template":"","format":"standard","meta":{"footnotes":""},"categories":[36,29],"tags":[],"class_list":["post-47571","post","type-post","status-publish","format-standard","hentry","category-destacado","category-judicial"],"yoast_head":"<!-- This site is optimized with the Yoast SEO plugin v26.6 - https:\/\/yoast.com\/wordpress\/plugins\/seo\/ -->\n<title>12 capturados durante el primer fin de semana de marzo en Neiva -<\/title>\n<meta name=\"robots\" content=\"index, follow, max-snippet:-1, max-image-preview:large, max-video-preview:-1\" \/>\n<link rel=\"canonical\" href=\"https:\/\/luchonoticias.com\/editor\/12-capturados-durante-el-primer-fin-de-semana-de-marzo-en-neiva\/\" \/>\n<meta property=\"og:locale\" content=\"es_ES\" \/>\n<meta property=\"og:type\" content=\"article\" \/>\n<meta property=\"og:title\" content=\"12 capturados durante el primer fin de semana de marzo en Neiva -\" \/>\n<meta property=\"og:url\" content=\"https:\/\/luchonoticias.com\/editor\/12-capturados-durante-el-primer-fin-de-semana-de-marzo-en-neiva\/\" \/>\n<meta property=\"article:publisher\" content=\"https:\/\/www.facebook.com\/luchonoticiasneiva\" \/>\n<meta property=\"article:published_time\" content=\"2023-03-06T12:36:19+00:00\" \/>\n<meta property=\"article:modified_time\" content=\"2023-03-06T12:36:27+00:00\" \/>\n<meta property=\"og:image\" content=\"https:\/\/luchonoticias.com\/wp-content\/uploads\/2023\/03\/WhatsApp-Image-2023-03-03-at-1.27.23-PM-1-1024x576.jpeg\" \/>\n<meta name=\"author\" content=\"Editor General\" \/>\n<meta name=\"twitter:card\" content=\"summary_large_image\" \/>\n<meta name=\"twitter:label1\" content=\"Escrito por\" \/>\n\t<meta name=\"twitter:data1\" content=\"Editor General\" \/>\n\t<meta name=\"twitter:label2\" content=\"Tiempo de lectura\" \/>\n\t<meta name=\"twitter:data2\" content=\"2 minutos\" \/>\n<script type=\"application\/ld+json\" class=\"yoast-schema-graph\">{\"@context\":\"https:\/\/schema.org\",\"@graph\":[{\"@type\":\"Article\",\"@id\":\"https:\/\/luchonoticias.com\/editor\/12-capturados-durante-el-primer-fin-de-semana-de-marzo-en-neiva\/#article\",\"isPartOf\":{\"@id\":\"https:\/\/luchonoticias.com\/editor\/12-capturados-durante-el-primer-fin-de-semana-de-marzo-en-neiva\/\"},\"author\":{\"name\":\"Editor General\",\"@id\":\"https:\/\/luchonoticias.com\/editor\/#\/schema\/person\/29217990ddf6f14e35912b2866d591fb\"},\"headline\":\"12 capturados durante el primer fin de semana de marzo en Neiva\",\"datePublished\":\"2023-03-06T12:36:19+00:00\",\"dateModified\":\"2023-03-06T12:36:27+00:00\",\"mainEntityOfPage\":{\"@id\":\"https:\/\/luchonoticias.com\/editor\/12-capturados-durante-el-primer-fin-de-semana-de-marzo-en-neiva\/\"},\"wordCount\":501,\"commentCount\":0,\"publisher\":{\"@id\":\"https:\/\/luchonoticias.com\/editor\/#\/schema\/person\/7a7fd911f58561fd056dbac7b55af9cd\"},\"image\":{\"@id\":\"https:\/\/luchonoticias.com\/editor\/12-capturados-durante-el-primer-fin-de-semana-de-marzo-en-neiva\/#primaryimage\"},\"thumbnailUrl\":\"https:\/\/luchonoticias.com\/wp-content\/uploads\/2023\/03\/WhatsApp-Image-2023-03-03-at-1.27.23-PM-1-1024x576.jpeg\",\"articleSection\":[\"Destacado\",\"Judicial\"],\"inLanguage\":\"es\",\"potentialAction\":[{\"@type\":\"CommentAction\",\"name\":\"Comment\",\"target\":[\"https:\/\/luchonoticias.com\/editor\/12-capturados-durante-el-primer-fin-de-semana-de-marzo-en-neiva\/#respond\"]}]},{\"@type\":\"WebPage\",\"@id\":\"https:\/\/luchonoticias.com\/editor\/12-capturados-durante-el-primer-fin-de-semana-de-marzo-en-neiva\/\",\"url\":\"https:\/\/luchonoticias.com\/editor\/12-capturados-durante-el-primer-fin-de-semana-de-marzo-en-neiva\/\",\"name\":\"12 capturados durante el primer fin de semana de marzo en Neiva -\",\"isPartOf\":{\"@id\":\"https:\/\/luchonoticias.com\/editor\/#website\"},\"primaryImageOfPage\":{\"@id\":\"https:\/\/luchonoticias.com\/editor\/12-capturados-durante-el-primer-fin-de-semana-de-marzo-en-neiva\/#primaryimage\"},\"image\":{\"@id\":\"https:\/\/luchonoticias.com\/editor\/12-capturados-durante-el-primer-fin-de-semana-de-marzo-en-neiva\/#primaryimage\"},\"thumbnailUrl\":\"https:\/\/luchonoticias.com\/wp-content\/uploads\/2023\/03\/WhatsApp-Image-2023-03-03-at-1.27.23-PM-1-1024x576.jpeg\",\"datePublished\":\"2023-03-06T12:36:19+00:00\",\"dateModified\":\"2023-03-06T12:36:27+00:00\",\"breadcrumb\":{\"@id\":\"https:\/\/luchonoticias.com\/editor\/12-capturados-durante-el-primer-fin-de-semana-de-marzo-en-neiva\/#breadcrumb\"},\"inLanguage\":\"es\",\"potentialAction\":[{\"@type\":\"ReadAction\",\"target\":[\"https:\/\/luchonoticias.com\/editor\/12-capturados-durante-el-primer-fin-de-semana-de-marzo-en-neiva\/\"]}]},{\"@type\":\"ImageObject\",\"inLanguage\":\"es\",\"@id\":\"https:\/\/luchonoticias.com\/editor\/12-capturados-durante-el-primer-fin-de-semana-de-marzo-en-neiva\/#primaryimage\",\"url\":\"https:\/\/luchonoticias.com\/wp-content\/uploads\/2023\/03\/WhatsApp-Image-2023-03-03-at-1.27.23-PM-1-1024x576.jpeg\",\"contentUrl\":\"https:\/\/luchonoticias.com\/wp-content\/uploads\/2023\/03\/WhatsApp-Image-2023-03-03-at-1.27.23-PM-1-1024x576.jpeg\"},{\"@type\":\"BreadcrumbList\",\"@id\":\"https:\/\/luchonoticias.com\/editor\/12-capturados-durante-el-primer-fin-de-semana-de-marzo-en-neiva\/#breadcrumb\",\"itemListElement\":[{\"@type\":\"ListItem\",\"position\":1,\"name\":\"Portada\",\"item\":\"https:\/\/luchonoticias.com\/editor\/\"},{\"@type\":\"ListItem\",\"position\":2,\"name\":\"12 capturados durante el primer fin de semana de marzo en Neiva\"}]},{\"@type\":\"WebSite\",\"@id\":\"https:\/\/luchonoticias.com\/editor\/#website\",\"url\":\"https:\/\/luchonoticias.com\/editor\/\",\"name\":\"\",\"description\":\"\",\"publisher\":{\"@id\":\"https:\/\/luchonoticias.com\/editor\/#\/schema\/person\/7a7fd911f58561fd056dbac7b55af9cd\"},\"potentialAction\":[{\"@type\":\"SearchAction\",\"target\":{\"@type\":\"EntryPoint\",\"urlTemplate\":\"https:\/\/luchonoticias.com\/editor\/?s={search_term_string}\"},\"query-input\":{\"@type\":\"PropertyValueSpecification\",\"valueRequired\":true,\"valueName\":\"search_term_string\"}}],\"inLanguage\":\"es\"},{\"@type\":[\"Person\",\"Organization\"],\"@id\":\"https:\/\/luchonoticias.com\/editor\/#\/schema\/person\/7a7fd911f58561fd056dbac7b55af9cd\",\"name\":\"admin\",\"image\":{\"@type\":\"ImageObject\",\"inLanguage\":\"es\",\"@id\":\"https:\/\/luchonoticias.com\/editor\/#\/schema\/person\/image\/\",\"url\":\"https:\/\/luchonoticias.com\/editor\/wp-content\/uploads\/2024\/02\/cropped-cropped-logolu.webp\",\"contentUrl\":\"https:\/\/luchonoticias.com\/editor\/wp-content\/uploads\/2024\/02\/cropped-cropped-logolu.webp\",\"width\":382,\"height\":170,\"caption\":\"admin\"},\"logo\":{\"@id\":\"https:\/\/luchonoticias.com\/editor\/#\/schema\/person\/image\/\"},\"sameAs\":[\"https:\/\/www.facebook.com\/luchonoticiasneiva\"]},{\"@type\":\"Person\",\"@id\":\"https:\/\/luchonoticias.com\/editor\/#\/schema\/person\/29217990ddf6f14e35912b2866d591fb\",\"name\":\"Editor General\",\"image\":{\"@type\":\"ImageObject\",\"inLanguage\":\"es\",\"@id\":\"https:\/\/luchonoticias.com\/editor\/#\/schema\/person\/image\/\",\"url\":\"https:\/\/luchonoticias.com\/editor\/wp-content\/uploads\/2024\/02\/cropped-cropped-logolu-150x150.webp\",\"contentUrl\":\"https:\/\/luchonoticias.com\/editor\/wp-content\/uploads\/2024\/02\/cropped-cropped-logolu-150x150.webp\",\"caption\":\"Editor General\"},\"sameAs\":[\"https:\/\/luchonoticias.com\/\"],\"url\":\"https:\/\/luchonoticias.com\/editor\/author\/editor-general\/\"}]}<\/script>\n<!-- \/ Yoast SEO plugin. -->","yoast_head_json":{"title":"12 capturados durante el primer fin de semana de marzo en Neiva -","robots":{"index":"index","follow":"follow","max-snippet":"max-snippet:-1","max-image-preview":"max-image-preview:large","max-video-preview":"max-video-preview:-1"},"canonical":"https:\/\/luchonoticias.com\/editor\/12-capturados-durante-el-primer-fin-de-semana-de-marzo-en-neiva\/","og_locale":"es_ES","og_type":"article","og_title":"12 capturados durante el primer fin de semana de marzo en Neiva -","og_url":"https:\/\/luchonoticias.com\/editor\/12-capturados-durante-el-primer-fin-de-semana-de-marzo-en-neiva\/","article_publisher":"https:\/\/www.facebook.com\/luchonoticiasneiva","article_published_time":"2023-03-06T12:36:19+00:00","article_modified_time":"2023-03-06T12:36:27+00:00","og_image":[{"url":"https:\/\/luchonoticias.com\/wp-content\/uploads\/2023\/03\/WhatsApp-Image-2023-03-03-at-1.27.23-PM-1-1024x576.jpeg","type":"","width":"","height":""}],"author":"Editor General","twitter_card":"summary_large_image","twitter_misc":{"Escrito por":"Editor General","Tiempo de lectura":"2 minutos"},"schema":{"@context":"https:\/\/schema.org","@graph":[{"@type":"Article","@id":"https:\/\/luchonoticias.com\/editor\/12-capturados-durante-el-primer-fin-de-semana-de-marzo-en-neiva\/#article","isPartOf":{"@id":"https:\/\/luchonoticias.com\/editor\/12-capturados-durante-el-primer-fin-de-semana-de-marzo-en-neiva\/"},"author":{"name":"Editor General","@id":"https:\/\/luchonoticias.com\/editor\/#\/schema\/person\/29217990ddf6f14e35912b2866d591fb"},"headline":"12 capturados durante el primer fin de semana de marzo en Neiva","datePublished":"2023-03-06T12:36:19+00:00","dateModified":"2023-03-06T12:36:27+00:00","mainEntityOfPage":{"@id":"https:\/\/luchonoticias.com\/editor\/12-capturados-durante-el-primer-fin-de-semana-de-marzo-en-neiva\/"},"wordCount":501,"commentCount":0,"publisher":{"@id":"https:\/\/luchonoticias.com\/editor\/#\/schema\/person\/7a7fd911f58561fd056dbac7b55af9cd"},"image":{"@id":"https:\/\/luchonoticias.com\/editor\/12-capturados-durante-el-primer-fin-de-semana-de-marzo-en-neiva\/#primaryimage"},"thumbnailUrl":"https:\/\/luchonoticias.com\/wp-content\/uploads\/2023\/03\/WhatsApp-Image-2023-03-03-at-1.27.23-PM-1-1024x576.jpeg","articleSection":["Destacado","Judicial"],"inLanguage":"es","potentialAction":[{"@type":"CommentAction","name":"Comment","target":["https:\/\/luchonoticias.com\/editor\/12-capturados-durante-el-primer-fin-de-semana-de-marzo-en-neiva\/#respond"]}]},{"@type":"WebPage","@id":"https:\/\/luchonoticias.com\/editor\/12-capturados-durante-el-primer-fin-de-semana-de-marzo-en-neiva\/","url":"https:\/\/luchonoticias.com\/editor\/12-capturados-durante-el-primer-fin-de-semana-de-marzo-en-neiva\/","name":"12 capturados durante el primer fin de semana de marzo en Neiva -","isPartOf":{"@id":"https:\/\/luchonoticias.com\/editor\/#website"},"primaryImageOfPage":{"@id":"https:\/\/luchonoticias.com\/editor\/12-capturados-durante-el-primer-fin-de-semana-de-marzo-en-neiva\/#primaryimage"},"image":{"@id":"https:\/\/luchonoticias.com\/editor\/12-capturados-durante-el-primer-fin-de-semana-de-marzo-en-neiva\/#primaryimage"},"thumbnailUrl":"https:\/\/luchonoticias.com\/wp-content\/uploads\/2023\/03\/WhatsApp-Image-2023-03-03-at-1.27.23-PM-1-1024x576.jpeg","datePublished":"2023-03-06T12:36:19+00:00","dateModified":"2023-03-06T12:36:27+00:00","breadcrumb":{"@id":"https:\/\/luchonoticias.com\/editor\/12-capturados-durante-el-primer-fin-de-semana-de-marzo-en-neiva\/#breadcrumb"},"inLanguage":"es","potentialAction":[{"@type":"ReadAction","target":["https:\/\/luchonoticias.com\/editor\/12-capturados-durante-el-primer-fin-de-semana-de-marzo-en-neiva\/"]}]},{"@type":"ImageObject","inLanguage":"es","@id":"https:\/\/luchonoticias.com\/editor\/12-capturados-durante-el-primer-fin-de-semana-de-marzo-en-neiva\/#primaryimage","url":"https:\/\/luchonoticias.com\/wp-content\/uploads\/2023\/03\/WhatsApp-Image-2023-03-03-at-1.27.23-PM-1-1024x576.jpeg","contentUrl":"https:\/\/luchonoticias.com\/wp-content\/uploads\/2023\/03\/WhatsApp-Image-2023-03-03-at-1.27.23-PM-1-1024x576.jpeg"},{"@type":"BreadcrumbList","@id":"https:\/\/luchonoticias.com\/editor\/12-capturados-durante-el-primer-fin-de-semana-de-marzo-en-neiva\/#breadcrumb","itemListElement":[{"@type":"ListItem","position":1,"name":"Portada","item":"https:\/\/luchonoticias.com\/editor\/"},{"@type":"ListItem","position":2,"name":"12 capturados durante el primer fin de semana de marzo en Neiva"}]},{"@type":"WebSite","@id":"https:\/\/luchonoticias.com\/editor\/#website","url":"https:\/\/luchonoticias.com\/editor\/","name":"","description":"","publisher":{"@id":"https:\/\/luchonoticias.com\/editor\/#\/schema\/person\/7a7fd911f58561fd056dbac7b55af9cd"},"potentialAction":[{"@type":"SearchAction","target":{"@type":"EntryPoint","urlTemplate":"https:\/\/luchonoticias.com\/editor\/?s={search_term_string}"},"query-input":{"@type":"PropertyValueSpecification","valueRequired":true,"valueName":"search_term_string"}}],"inLanguage":"es"},{"@type":["Person","Organization"],"@id":"https:\/\/luchonoticias.com\/editor\/#\/schema\/person\/7a7fd911f58561fd056dbac7b55af9cd","name":"admin","image":{"@type":"ImageObject","inLanguage":"es","@id":"https:\/\/luchonoticias.com\/editor\/#\/schema\/person\/image\/","url":"https:\/\/luchonoticias.com\/editor\/wp-content\/uploads\/2024\/02\/cropped-cropped-logolu.webp","contentUrl":"https:\/\/luchonoticias.com\/editor\/wp-content\/uploads\/2024\/02\/cropped-cropped-logolu.webp","width":382,"height":170,"caption":"admin"},"logo":{"@id":"https:\/\/luchonoticias.com\/editor\/#\/schema\/person\/image\/"},"sameAs":["https:\/\/www.facebook.com\/luchonoticiasneiva"]},{"@type":"Person","@id":"https:\/\/luchonoticias.com\/editor\/#\/schema\/person\/29217990ddf6f14e35912b2866d591fb","name":"Editor General","image":{"@type":"ImageObject","inLanguage":"es","@id":"https:\/\/luchonoticias.com\/editor\/#\/schema\/person\/image\/","url":"https:\/\/luchonoticias.com\/editor\/wp-content\/uploads\/2024\/02\/cropped-cropped-logolu-150x150.webp","contentUrl":"https:\/\/luchonoticias.com\/editor\/wp-content\/uploads\/2024\/02\/cropped-cropped-logolu-150x150.webp","caption":"Editor General"},"sameAs":["https:\/\/luchonoticias.com\/"],"url":"https:\/\/luchonoticias.com\/editor\/author\/editor-general\/"}]}},"_links":{"self":[{"href":"https:\/\/luchonoticias.com\/editor\/wp-json\/wp\/v2\/posts\/47571","targetHints":{"allow":["GET"]}}],"collection":[{"href":"https:\/\/luchonoticias.com\/editor\/wp-json\/wp\/v2\/posts"}],"about":[{"href":"https:\/\/luchonoticias.com\/editor\/wp-json\/wp\/v2\/types\/post"}],"author":[{"embeddable":true,"href":"https:\/\/luchonoticias.com\/editor\/wp-json\/wp\/v2\/users\/2"}],"replies":[{"embeddable":true,"href":"https:\/\/luchonoticias.com\/editor\/wp-json\/wp\/v2\/comments?post=47571"}],"version-history":[{"count":0,"href":"https:\/\/luchonoticias.com\/editor\/wp-json\/wp\/v2\/posts\/47571\/revisions"}],"wp:attachment":[{"href":"https:\/\/luchonoticias.com\/editor\/wp-json\/wp\/v2\/media?parent=47571"}],"wp:term":[{"taxonomy":"category","embeddable":true,"href":"https:\/\/luchonoticias.com\/editor\/wp-json\/wp\/v2\/categories?post=47571"},{"taxonomy":"post_tag","embeddable":true,"href":"https:\/\/luchonoticias.com\/editor\/wp-json\/wp\/v2\/tags?post=47571"}],"curies":[{"name":"wp","href":"https:\/\/api.w.org\/{rel}","templated":true}]}}