{"id":47581,"date":"2023-03-06T07:58:08","date_gmt":"2023-03-06T12:58:08","guid":{"rendered":"https:\/\/luchonoticias.com\/?p=47581"},"modified":"2023-03-06T07:58:09","modified_gmt":"2023-03-06T12:58:09","slug":"fuerte-ofensiva-contra-la-delincuencia-en-el-huila-durante-el-ultimo-fin-de-semana","status":"publish","type":"post","link":"https:\/\/luchonoticias.com\/editor\/fuerte-ofensiva-contra-la-delincuencia-en-el-huila-durante-el-ultimo-fin-de-semana\/","title":{"rendered":"Fuerte ofensiva contra la delincuencia en el Huila durante el \u00faltimo fin de semana"},"content":{"rendered":"\n<p>El Departamento de Polic\u00eda del Huila, dio a conocer que este fin de semana se llevaron acabo diversas acciones operativas y pedag\u00f3gicas, con el fin de atacar fuertemente la delincuencia que tanto agobia a los huilenses.<\/p>\n\n\n\n<p>Entres las acciones policiales realizadas, esta la Caravanas por la Vida, que se llevaron a cabo en sectores del Departamento, en el municipio de Guadalupe, centro poblado de Gallardo y Acevedo.<\/p>\n\n\n\n<figure class=\"wp-block-gallery has-nested-images columns-default is-cropped wp-block-gallery-1 is-layout-flex wp-block-gallery-is-layout-flex\">\n<figure class=\"wp-block-image size-large\"><img decoding=\"async\" data-id=\"47584\" src=\"https:\/\/luchonoticias.com\/wp-content\/uploads\/2023\/03\/WhatsApp-Image-2023-03-05-at-3.48.01-PM-1-1024x683.jpeg\" alt=\"\" class=\"wp-image-47584\"\/><\/figure>\n\n\n\n<figure class=\"wp-block-image size-large\"><img decoding=\"async\" data-id=\"47585\" src=\"https:\/\/luchonoticias.com\/wp-content\/uploads\/2023\/03\/WhatsApp-Image-2023-03-05-at-3.48.01-PM-1024x683.jpeg\" alt=\"\" class=\"wp-image-47585\"\/><\/figure>\n\n\n\n<figure class=\"wp-block-image size-large\"><img decoding=\"async\" data-id=\"47586\" src=\"https:\/\/luchonoticias.com\/wp-content\/uploads\/2023\/03\/WhatsApp-Image-2023-03-05-at-3.48.00-PM-2-1024x683.jpeg\" alt=\"\" class=\"wp-image-47586\"\/><\/figure>\n<\/figure>\n\n\n\n<p>\u201cDonde se impartieron charlas a ni\u00f1os ni\u00f1as y adolescentes, tambi\u00e9n a sus padres sobre la prevenci\u00f3n en delitos de alto impacto que pongan en riesgo la vida y el bienestar de nuestros ni\u00f1os ni\u00f1as y adolescentes\u201d, indicaron las autoridades.<\/p>\n\n\n\n<figure class=\"wp-block-video\"><video autoplay controls src=\"https:\/\/luchonoticias.com\/wp-content\/uploads\/2023\/03\/WhatsApp-Video-2023-03-05-at-4.33.54-PM-1.mp4\"><\/video><\/figure>\n\n\n\n<p><strong>Operaciones contra la delincuencia<\/strong><\/p>\n\n\n\n<p>Por otro lado, la Polic\u00eda del Huila, dio a conocer que entre las 18 personas capturadas durante el fin de semana, se destaca la captura de un sujeto en Suaza por actos sexuales abusivos con menor de 14 a\u00f1os,<\/p>\n\n\n\n<p>\u201cEl hombre de 69 a\u00f1os de edad aprovech\u00f3 el descuido de una madre para realizar tocamientos indebidos a una ni\u00f1a de 10 a\u00f1os de edad, el sujeto fue dejado a disposici\u00f3n del Fiscal\u00eda General de la Naci\u00f3n\u201d, agregaron las fuentes oficiales.<\/p>\n\n\n\n<figure class=\"wp-block-gallery has-nested-images columns-default is-cropped wp-block-gallery-2 is-layout-flex wp-block-gallery-is-layout-flex\">\n<figure class=\"wp-block-image size-large\"><img decoding=\"async\" data-id=\"47588\" src=\"https:\/\/luchonoticias.com\/wp-content\/uploads\/2023\/03\/WhatsApp-Image-2023-03-05-at-3.48.02-PM-1024x768.jpeg\" alt=\"\" class=\"wp-image-47588\"\/><\/figure>\n\n\n\n<figure class=\"wp-block-image size-large\"><img decoding=\"async\" data-id=\"47587\" src=\"https:\/\/luchonoticias.com\/wp-content\/uploads\/2023\/03\/WhatsApp-Image-2023-03-05-at-3.48.00-PM-1-1024x768.jpeg\" alt=\"\" class=\"wp-image-47587\"\/><\/figure>\n\n\n\n<figure class=\"wp-block-image size-large\"><img decoding=\"async\" data-id=\"47589\" src=\"https:\/\/luchonoticias.com\/wp-content\/uploads\/2023\/03\/WhatsApp-Image-2023-03-05-at-3.47.58-PM-1-1024x845.jpeg\" alt=\"\" class=\"wp-image-47589\"\/><\/figure>\n<\/figure>\n\n\n\n<p>Asimismo, la Polic\u00eda Huila dio a conocer que se logr\u00f3 recuperar tres motocicletas y dos veh\u00edculos y seis armas de fuego fueron sacadas de las calles para evitar la comisi\u00f3n de homicidios.<\/p>\n\n\n\n<p>\u201cEn otros planes de control el departamento de polic\u00eda Huila, sac\u00f3 de circulaci\u00f3n armas blancas y estupefacientes en las diferentes acciones operativas que se adelantaron en los 33 municipios jurisdicci\u00f3n de esta unidad. Estas capturas fueron gracias a las acciones desplegadas por los uniformados de la unidad policial y que fueron planeadas para la ejecuci\u00f3n de las mismas, asimismo indic\u00f3 que el gigantesco hallazgo de marihuana fue gracias a las acciones operativas conjuntas con el ej\u00e9rcito nacional\u201d, indic\u00f3 el Coronel Gustavo Adolfo Camargo Romero comandante del departamento de Polic\u00eda Huila.<\/p>\n\n\n\n<figure class=\"wp-block-gallery has-nested-images columns-default is-cropped wp-block-gallery-3 is-layout-flex wp-block-gallery-is-layout-flex\">\n<figure class=\"wp-block-image size-large\"><img decoding=\"async\" data-id=\"47591\" src=\"https:\/\/luchonoticias.com\/wp-content\/uploads\/2023\/03\/WhatsApp-Image-2023-03-05-at-3.47.58-PM-576x1024.jpeg\" alt=\"\" class=\"wp-image-47591\"\/><\/figure>\n\n\n\n<figure class=\"wp-block-image size-large\"><img decoding=\"async\" data-id=\"47590\" src=\"https:\/\/luchonoticias.com\/wp-content\/uploads\/2023\/03\/WhatsApp-Image-2023-03-05-at-3.47.57-PM-768x1024.jpeg\" alt=\"\" class=\"wp-image-47590\"\/><\/figure>\n\n\n\n<figure class=\"wp-block-image size-large\"><img decoding=\"async\" data-id=\"47592\" src=\"https:\/\/luchonoticias.com\/wp-content\/uploads\/2023\/03\/WhatsApp-Image-2023-03-05-at-3.47.52-PM-768x1024.jpeg\" alt=\"\" class=\"wp-image-47592\"\/><\/figure>\n<\/figure>\n\n\n\n<p><strong>Operativos de Transito<\/strong><\/p>\n\n\n\n<p>Finalmente, la seccional de Tr\u00e1nsito y Transporte dio a conocer que durante el fin de semana incaut\u00f3 aproximadamente 750 kilos de marihuana, el gigantesco hallazgo tuvo lugar en jurisdicci\u00f3n del municipio del Agrado.<\/p>\n\n\n\n<figure class=\"wp-block-image size-large\"><img decoding=\"async\" src=\"https:\/\/luchonoticias.com\/wp-content\/uploads\/2023\/03\/WhatsApp-Image-2023-03-05-at-8.19.07-PM-1024x310.jpeg\" alt=\"\" class=\"wp-image-47593\"\/><\/figure>\n","protected":false},"excerpt":{"rendered":"<p>El Departamento de Polic\u00eda del Huila, dio a conocer que este fin de semana se llevaron acabo diversas acciones operativas y pedag\u00f3gicas, con el fin de atacar fuertemente la delincuencia que tanto agobia a los huilenses. Entres las acciones policiales realizadas, esta la Caravanas por la Vida, que se llevaron a cabo en sectores del [&hellip;]<\/p>\n","protected":false},"author":2,"featured_media":0,"comment_status":"open","ping_status":"open","sticky":false,"template":"","format":"standard","meta":{"footnotes":""},"categories":[36,29],"tags":[],"class_list":["post-47581","post","type-post","status-publish","format-standard","hentry","category-destacado","category-judicial"],"yoast_head":"<!-- This site is optimized with the Yoast SEO plugin v26.6 - https:\/\/yoast.com\/wordpress\/plugins\/seo\/ -->\n<title>Fuerte ofensiva contra la delincuencia en el Huila durante el \u00faltimo fin de semana -<\/title>\n<meta name=\"robots\" content=\"index, follow, max-snippet:-1, max-image-preview:large, max-video-preview:-1\" \/>\n<link rel=\"canonical\" href=\"https:\/\/luchonoticias.com\/editor\/fuerte-ofensiva-contra-la-delincuencia-en-el-huila-durante-el-ultimo-fin-de-semana\/\" \/>\n<meta property=\"og:locale\" content=\"es_ES\" \/>\n<meta property=\"og:type\" content=\"article\" \/>\n<meta property=\"og:title\" content=\"Fuerte ofensiva contra la delincuencia en el Huila durante el \u00faltimo fin de semana -\" \/>\n<meta property=\"og:url\" content=\"https:\/\/luchonoticias.com\/editor\/fuerte-ofensiva-contra-la-delincuencia-en-el-huila-durante-el-ultimo-fin-de-semana\/\" \/>\n<meta property=\"article:publisher\" content=\"https:\/\/www.facebook.com\/luchonoticiasneiva\" \/>\n<meta property=\"article:published_time\" content=\"2023-03-06T12:58:08+00:00\" \/>\n<meta property=\"article:modified_time\" content=\"2023-03-06T12:58:09+00:00\" \/>\n<meta property=\"og:image\" content=\"https:\/\/luchonoticias.com\/wp-content\/uploads\/2023\/03\/WhatsApp-Image-2023-03-05-at-3.48.01-PM-1-1024x683.jpeg\" \/>\n<meta name=\"author\" content=\"Editor General\" \/>\n<meta name=\"twitter:card\" content=\"summary_large_image\" \/>\n<meta name=\"twitter:label1\" content=\"Escrito por\" \/>\n\t<meta name=\"twitter:data1\" content=\"Editor General\" \/>\n\t<meta name=\"twitter:label2\" content=\"Tiempo de lectura\" \/>\n\t<meta name=\"twitter:data2\" content=\"2 minutos\" \/>\n<script type=\"application\/ld+json\" class=\"yoast-schema-graph\">{\"@context\":\"https:\/\/schema.org\",\"@graph\":[{\"@type\":\"Article\",\"@id\":\"https:\/\/luchonoticias.com\/editor\/fuerte-ofensiva-contra-la-delincuencia-en-el-huila-durante-el-ultimo-fin-de-semana\/#article\",\"isPartOf\":{\"@id\":\"https:\/\/luchonoticias.com\/editor\/fuerte-ofensiva-contra-la-delincuencia-en-el-huila-durante-el-ultimo-fin-de-semana\/\"},\"author\":{\"name\":\"Editor General\",\"@id\":\"https:\/\/luchonoticias.com\/editor\/#\/schema\/person\/29217990ddf6f14e35912b2866d591fb\"},\"headline\":\"Fuerte ofensiva contra la delincuencia en el Huila durante el \u00faltimo fin de semana\",\"datePublished\":\"2023-03-06T12:58:08+00:00\",\"dateModified\":\"2023-03-06T12:58:09+00:00\",\"mainEntityOfPage\":{\"@id\":\"https:\/\/luchonoticias.com\/editor\/fuerte-ofensiva-contra-la-delincuencia-en-el-huila-durante-el-ultimo-fin-de-semana\/\"},\"wordCount\":383,\"commentCount\":0,\"publisher\":{\"@id\":\"https:\/\/luchonoticias.com\/editor\/#\/schema\/person\/7a7fd911f58561fd056dbac7b55af9cd\"},\"image\":{\"@id\":\"https:\/\/luchonoticias.com\/editor\/fuerte-ofensiva-contra-la-delincuencia-en-el-huila-durante-el-ultimo-fin-de-semana\/#primaryimage\"},\"thumbnailUrl\":\"https:\/\/luchonoticias.com\/wp-content\/uploads\/2023\/03\/WhatsApp-Image-2023-03-05-at-3.48.01-PM-1-1024x683.jpeg\",\"articleSection\":[\"Destacado\",\"Judicial\"],\"inLanguage\":\"es\",\"potentialAction\":[{\"@type\":\"CommentAction\",\"name\":\"Comment\",\"target\":[\"https:\/\/luchonoticias.com\/editor\/fuerte-ofensiva-contra-la-delincuencia-en-el-huila-durante-el-ultimo-fin-de-semana\/#respond\"]}]},{\"@type\":\"WebPage\",\"@id\":\"https:\/\/luchonoticias.com\/editor\/fuerte-ofensiva-contra-la-delincuencia-en-el-huila-durante-el-ultimo-fin-de-semana\/\",\"url\":\"https:\/\/luchonoticias.com\/editor\/fuerte-ofensiva-contra-la-delincuencia-en-el-huila-durante-el-ultimo-fin-de-semana\/\",\"name\":\"Fuerte ofensiva contra la delincuencia en el Huila durante el \u00faltimo fin de semana -\",\"isPartOf\":{\"@id\":\"https:\/\/luchonoticias.com\/editor\/#website\"},\"primaryImageOfPage\":{\"@id\":\"https:\/\/luchonoticias.com\/editor\/fuerte-ofensiva-contra-la-delincuencia-en-el-huila-durante-el-ultimo-fin-de-semana\/#primaryimage\"},\"image\":{\"@id\":\"https:\/\/luchonoticias.com\/editor\/fuerte-ofensiva-contra-la-delincuencia-en-el-huila-durante-el-ultimo-fin-de-semana\/#primaryimage\"},\"thumbnailUrl\":\"https:\/\/luchonoticias.com\/wp-content\/uploads\/2023\/03\/WhatsApp-Image-2023-03-05-at-3.48.01-PM-1-1024x683.jpeg\",\"datePublished\":\"2023-03-06T12:58:08+00:00\",\"dateModified\":\"2023-03-06T12:58:09+00:00\",\"breadcrumb\":{\"@id\":\"https:\/\/luchonoticias.com\/editor\/fuerte-ofensiva-contra-la-delincuencia-en-el-huila-durante-el-ultimo-fin-de-semana\/#breadcrumb\"},\"inLanguage\":\"es\",\"potentialAction\":[{\"@type\":\"ReadAction\",\"target\":[\"https:\/\/luchonoticias.com\/editor\/fuerte-ofensiva-contra-la-delincuencia-en-el-huila-durante-el-ultimo-fin-de-semana\/\"]}]},{\"@type\":\"ImageObject\",\"inLanguage\":\"es\",\"@id\":\"https:\/\/luchonoticias.com\/editor\/fuerte-ofensiva-contra-la-delincuencia-en-el-huila-durante-el-ultimo-fin-de-semana\/#primaryimage\",\"url\":\"https:\/\/luchonoticias.com\/wp-content\/uploads\/2023\/03\/WhatsApp-Image-2023-03-05-at-3.48.01-PM-1-1024x683.jpeg\",\"contentUrl\":\"https:\/\/luchonoticias.com\/wp-content\/uploads\/2023\/03\/WhatsApp-Image-2023-03-05-at-3.48.01-PM-1-1024x683.jpeg\"},{\"@type\":\"BreadcrumbList\",\"@id\":\"https:\/\/luchonoticias.com\/editor\/fuerte-ofensiva-contra-la-delincuencia-en-el-huila-durante-el-ultimo-fin-de-semana\/#breadcrumb\",\"itemListElement\":[{\"@type\":\"ListItem\",\"position\":1,\"name\":\"Portada\",\"item\":\"https:\/\/luchonoticias.com\/editor\/\"},{\"@type\":\"ListItem\",\"position\":2,\"name\":\"Fuerte ofensiva contra la delincuencia en el Huila durante el \u00faltimo fin de semana\"}]},{\"@type\":\"WebSite\",\"@id\":\"https:\/\/luchonoticias.com\/editor\/#website\",\"url\":\"https:\/\/luchonoticias.com\/editor\/\",\"name\":\"\",\"description\":\"\",\"publisher\":{\"@id\":\"https:\/\/luchonoticias.com\/editor\/#\/schema\/person\/7a7fd911f58561fd056dbac7b55af9cd\"},\"potentialAction\":[{\"@type\":\"SearchAction\",\"target\":{\"@type\":\"EntryPoint\",\"urlTemplate\":\"https:\/\/luchonoticias.com\/editor\/?s={search_term_string}\"},\"query-input\":{\"@type\":\"PropertyValueSpecification\",\"valueRequired\":true,\"valueName\":\"search_term_string\"}}],\"inLanguage\":\"es\"},{\"@type\":[\"Person\",\"Organization\"],\"@id\":\"https:\/\/luchonoticias.com\/editor\/#\/schema\/person\/7a7fd911f58561fd056dbac7b55af9cd\",\"name\":\"admin\",\"image\":{\"@type\":\"ImageObject\",\"inLanguage\":\"es\",\"@id\":\"https:\/\/luchonoticias.com\/editor\/#\/schema\/person\/image\/\",\"url\":\"https:\/\/luchonoticias.com\/editor\/wp-content\/uploads\/2024\/02\/cropped-cropped-logolu.webp\",\"contentUrl\":\"https:\/\/luchonoticias.com\/editor\/wp-content\/uploads\/2024\/02\/cropped-cropped-logolu.webp\",\"width\":382,\"height\":170,\"caption\":\"admin\"},\"logo\":{\"@id\":\"https:\/\/luchonoticias.com\/editor\/#\/schema\/person\/image\/\"},\"sameAs\":[\"https:\/\/www.facebook.com\/luchonoticiasneiva\"]},{\"@type\":\"Person\",\"@id\":\"https:\/\/luchonoticias.com\/editor\/#\/schema\/person\/29217990ddf6f14e35912b2866d591fb\",\"name\":\"Editor General\",\"image\":{\"@type\":\"ImageObject\",\"inLanguage\":\"es\",\"@id\":\"https:\/\/luchonoticias.com\/editor\/#\/schema\/person\/image\/\",\"url\":\"https:\/\/luchonoticias.com\/editor\/wp-content\/uploads\/2024\/02\/cropped-cropped-logolu-150x150.webp\",\"contentUrl\":\"https:\/\/luchonoticias.com\/editor\/wp-content\/uploads\/2024\/02\/cropped-cropped-logolu-150x150.webp\",\"caption\":\"Editor General\"},\"sameAs\":[\"https:\/\/luchonoticias.com\/\"],\"url\":\"https:\/\/luchonoticias.com\/editor\/author\/editor-general\/\"}]}<\/script>\n<!-- \/ Yoast SEO plugin. -->","yoast_head_json":{"title":"Fuerte ofensiva contra la delincuencia en el Huila durante el \u00faltimo fin de semana -","robots":{"index":"index","follow":"follow","max-snippet":"max-snippet:-1","max-image-preview":"max-image-preview:large","max-video-preview":"max-video-preview:-1"},"canonical":"https:\/\/luchonoticias.com\/editor\/fuerte-ofensiva-contra-la-delincuencia-en-el-huila-durante-el-ultimo-fin-de-semana\/","og_locale":"es_ES","og_type":"article","og_title":"Fuerte ofensiva contra la delincuencia en el Huila durante el \u00faltimo fin de semana -","og_url":"https:\/\/luchonoticias.com\/editor\/fuerte-ofensiva-contra-la-delincuencia-en-el-huila-durante-el-ultimo-fin-de-semana\/","article_publisher":"https:\/\/www.facebook.com\/luchonoticiasneiva","article_published_time":"2023-03-06T12:58:08+00:00","article_modified_time":"2023-03-06T12:58:09+00:00","og_image":[{"url":"https:\/\/luchonoticias.com\/wp-content\/uploads\/2023\/03\/WhatsApp-Image-2023-03-05-at-3.48.01-PM-1-1024x683.jpeg","type":"","width":"","height":""}],"author":"Editor General","twitter_card":"summary_large_image","twitter_misc":{"Escrito por":"Editor General","Tiempo de lectura":"2 minutos"},"schema":{"@context":"https:\/\/schema.org","@graph":[{"@type":"Article","@id":"https:\/\/luchonoticias.com\/editor\/fuerte-ofensiva-contra-la-delincuencia-en-el-huila-durante-el-ultimo-fin-de-semana\/#article","isPartOf":{"@id":"https:\/\/luchonoticias.com\/editor\/fuerte-ofensiva-contra-la-delincuencia-en-el-huila-durante-el-ultimo-fin-de-semana\/"},"author":{"name":"Editor General","@id":"https:\/\/luchonoticias.com\/editor\/#\/schema\/person\/29217990ddf6f14e35912b2866d591fb"},"headline":"Fuerte ofensiva contra la delincuencia en el Huila durante el \u00faltimo fin de semana","datePublished":"2023-03-06T12:58:08+00:00","dateModified":"2023-03-06T12:58:09+00:00","mainEntityOfPage":{"@id":"https:\/\/luchonoticias.com\/editor\/fuerte-ofensiva-contra-la-delincuencia-en-el-huila-durante-el-ultimo-fin-de-semana\/"},"wordCount":383,"commentCount":0,"publisher":{"@id":"https:\/\/luchonoticias.com\/editor\/#\/schema\/person\/7a7fd911f58561fd056dbac7b55af9cd"},"image":{"@id":"https:\/\/luchonoticias.com\/editor\/fuerte-ofensiva-contra-la-delincuencia-en-el-huila-durante-el-ultimo-fin-de-semana\/#primaryimage"},"thumbnailUrl":"https:\/\/luchonoticias.com\/wp-content\/uploads\/2023\/03\/WhatsApp-Image-2023-03-05-at-3.48.01-PM-1-1024x683.jpeg","articleSection":["Destacado","Judicial"],"inLanguage":"es","potentialAction":[{"@type":"CommentAction","name":"Comment","target":["https:\/\/luchonoticias.com\/editor\/fuerte-ofensiva-contra-la-delincuencia-en-el-huila-durante-el-ultimo-fin-de-semana\/#respond"]}]},{"@type":"WebPage","@id":"https:\/\/luchonoticias.com\/editor\/fuerte-ofensiva-contra-la-delincuencia-en-el-huila-durante-el-ultimo-fin-de-semana\/","url":"https:\/\/luchonoticias.com\/editor\/fuerte-ofensiva-contra-la-delincuencia-en-el-huila-durante-el-ultimo-fin-de-semana\/","name":"Fuerte ofensiva contra la delincuencia en el Huila durante el \u00faltimo fin de semana -","isPartOf":{"@id":"https:\/\/luchonoticias.com\/editor\/#website"},"primaryImageOfPage":{"@id":"https:\/\/luchonoticias.com\/editor\/fuerte-ofensiva-contra-la-delincuencia-en-el-huila-durante-el-ultimo-fin-de-semana\/#primaryimage"},"image":{"@id":"https:\/\/luchonoticias.com\/editor\/fuerte-ofensiva-contra-la-delincuencia-en-el-huila-durante-el-ultimo-fin-de-semana\/#primaryimage"},"thumbnailUrl":"https:\/\/luchonoticias.com\/wp-content\/uploads\/2023\/03\/WhatsApp-Image-2023-03-05-at-3.48.01-PM-1-1024x683.jpeg","datePublished":"2023-03-06T12:58:08+00:00","dateModified":"2023-03-06T12:58:09+00:00","breadcrumb":{"@id":"https:\/\/luchonoticias.com\/editor\/fuerte-ofensiva-contra-la-delincuencia-en-el-huila-durante-el-ultimo-fin-de-semana\/#breadcrumb"},"inLanguage":"es","potentialAction":[{"@type":"ReadAction","target":["https:\/\/luchonoticias.com\/editor\/fuerte-ofensiva-contra-la-delincuencia-en-el-huila-durante-el-ultimo-fin-de-semana\/"]}]},{"@type":"ImageObject","inLanguage":"es","@id":"https:\/\/luchonoticias.com\/editor\/fuerte-ofensiva-contra-la-delincuencia-en-el-huila-durante-el-ultimo-fin-de-semana\/#primaryimage","url":"https:\/\/luchonoticias.com\/wp-content\/uploads\/2023\/03\/WhatsApp-Image-2023-03-05-at-3.48.01-PM-1-1024x683.jpeg","contentUrl":"https:\/\/luchonoticias.com\/wp-content\/uploads\/2023\/03\/WhatsApp-Image-2023-03-05-at-3.48.01-PM-1-1024x683.jpeg"},{"@type":"BreadcrumbList","@id":"https:\/\/luchonoticias.com\/editor\/fuerte-ofensiva-contra-la-delincuencia-en-el-huila-durante-el-ultimo-fin-de-semana\/#breadcrumb","itemListElement":[{"@type":"ListItem","position":1,"name":"Portada","item":"https:\/\/luchonoticias.com\/editor\/"},{"@type":"ListItem","position":2,"name":"Fuerte ofensiva contra la delincuencia en el Huila durante el \u00faltimo fin de semana"}]},{"@type":"WebSite","@id":"https:\/\/luchonoticias.com\/editor\/#website","url":"https:\/\/luchonoticias.com\/editor\/","name":"","description":"","publisher":{"@id":"https:\/\/luchonoticias.com\/editor\/#\/schema\/person\/7a7fd911f58561fd056dbac7b55af9cd"},"potentialAction":[{"@type":"SearchAction","target":{"@type":"EntryPoint","urlTemplate":"https:\/\/luchonoticias.com\/editor\/?s={search_term_string}"},"query-input":{"@type":"PropertyValueSpecification","valueRequired":true,"valueName":"search_term_string"}}],"inLanguage":"es"},{"@type":["Person","Organization"],"@id":"https:\/\/luchonoticias.com\/editor\/#\/schema\/person\/7a7fd911f58561fd056dbac7b55af9cd","name":"admin","image":{"@type":"ImageObject","inLanguage":"es","@id":"https:\/\/luchonoticias.com\/editor\/#\/schema\/person\/image\/","url":"https:\/\/luchonoticias.com\/editor\/wp-content\/uploads\/2024\/02\/cropped-cropped-logolu.webp","contentUrl":"https:\/\/luchonoticias.com\/editor\/wp-content\/uploads\/2024\/02\/cropped-cropped-logolu.webp","width":382,"height":170,"caption":"admin"},"logo":{"@id":"https:\/\/luchonoticias.com\/editor\/#\/schema\/person\/image\/"},"sameAs":["https:\/\/www.facebook.com\/luchonoticiasneiva"]},{"@type":"Person","@id":"https:\/\/luchonoticias.com\/editor\/#\/schema\/person\/29217990ddf6f14e35912b2866d591fb","name":"Editor General","image":{"@type":"ImageObject","inLanguage":"es","@id":"https:\/\/luchonoticias.com\/editor\/#\/schema\/person\/image\/","url":"https:\/\/luchonoticias.com\/editor\/wp-content\/uploads\/2024\/02\/cropped-cropped-logolu-150x150.webp","contentUrl":"https:\/\/luchonoticias.com\/editor\/wp-content\/uploads\/2024\/02\/cropped-cropped-logolu-150x150.webp","caption":"Editor General"},"sameAs":["https:\/\/luchonoticias.com\/"],"url":"https:\/\/luchonoticias.com\/editor\/author\/editor-general\/"}]}},"_links":{"self":[{"href":"https:\/\/luchonoticias.com\/editor\/wp-json\/wp\/v2\/posts\/47581","targetHints":{"allow":["GET"]}}],"collection":[{"href":"https:\/\/luchonoticias.com\/editor\/wp-json\/wp\/v2\/posts"}],"about":[{"href":"https:\/\/luchonoticias.com\/editor\/wp-json\/wp\/v2\/types\/post"}],"author":[{"embeddable":true,"href":"https:\/\/luchonoticias.com\/editor\/wp-json\/wp\/v2\/users\/2"}],"replies":[{"embeddable":true,"href":"https:\/\/luchonoticias.com\/editor\/wp-json\/wp\/v2\/comments?post=47581"}],"version-history":[{"count":0,"href":"https:\/\/luchonoticias.com\/editor\/wp-json\/wp\/v2\/posts\/47581\/revisions"}],"wp:attachment":[{"href":"https:\/\/luchonoticias.com\/editor\/wp-json\/wp\/v2\/media?parent=47581"}],"wp:term":[{"taxonomy":"category","embeddable":true,"href":"https:\/\/luchonoticias.com\/editor\/wp-json\/wp\/v2\/categories?post=47581"},{"taxonomy":"post_tag","embeddable":true,"href":"https:\/\/luchonoticias.com\/editor\/wp-json\/wp\/v2\/tags?post=47581"}],"curies":[{"name":"wp","href":"https:\/\/api.w.org\/{rel}","templated":true}]}}