{"id":47604,"date":"2023-03-06T08:17:55","date_gmt":"2023-03-06T13:17:55","guid":{"rendered":"https:\/\/luchonoticias.com\/?p=47604"},"modified":"2023-03-06T08:17:56","modified_gmt":"2023-03-06T13:17:56","slug":"huila-y-su-compromiso-con-los-productores-rurales","status":"publish","type":"post","link":"https:\/\/luchonoticias.com\/editor\/huila-y-su-compromiso-con-los-productores-rurales\/","title":{"rendered":"Huila y su compromiso con los productores rurales"},"content":{"rendered":"\n<p>Adem\u00e1s de las alianzas estrat\u00e9gicas con Ecopetrol, y Kadaster de Pa\u00edses Bajos, entidades con las que se viene trabajando desde varios frentes para contribuir a la&nbsp;<strong>formalizaci\u00f3n de predios rurales en el departamento<\/strong>, tambi\u00e9n se vienen haciendo<strong>&nbsp;acercamientos con la Agencia Nacional de Tierras,<\/strong>&nbsp;con el prop\u00f3sito de dejar en firme la suscripci\u00f3n de un convenio que permita avanzar con ese prop\u00f3sito.<\/p>\n\n\n\n<p>En ese sentido ya<strong>&nbsp;se adelant\u00f3 una primera reuni\u00f3n&nbsp;<\/strong>de la que participaron el gobernador del Huila, Luis Enrique Duss\u00e1n, y el director de la Agencia Nacional de Tierras, Gerardo Vega, donde se propuso<strong>&nbsp;formalizar 106.000 hect\u00e1reas en el departamento,<\/strong>&nbsp;durante lo que resta de este a\u00f1o 2023.<\/p>\n\n\n\n<p>Sumado a ello, durante el transcurso de esta semana se cumplir\u00e1 una nueva reuni\u00f3n en la ciudad de Bogot\u00e1, en la que disertar\u00e1n los equipos t\u00e9cnicos y jur\u00eddicos de la Secretar\u00eda de Agricultura y Miner\u00eda del Huila, y la ANT, para aterrizar esta ambiciosa iniciativa, y finiquitar cada uno de los detalles que permitan cumplir la meta estipulada.<\/p>\n\n\n\n<p>Lo importante es que&nbsp;<strong>existe un buen clima, cargado de expectativas, inter\u00e9s, y disposici\u00f3n de parte de los pobladores rurales y los mandatarios locale<\/strong>s, por aportar cada uno desde su posici\u00f3n para agilizar los tr\u00e1mites y permitir avanzar en la formalizaci\u00f3n de predios rurales.<\/p>\n\n\n\n<p>As\u00ed qued\u00f3 evidenciado durante el evento de<strong>&nbsp;entrega de t\u00edtulos de propiedad a 100 familias campesinas del suroccidente del Huila, afectadas por la avalancha del R\u00edo P\u00e1ez<\/strong>, donde el alcalde de La Plata Luis Carlos Anaya, sostuvo que solo en este municipio existe inter\u00e9s por formalizar m\u00e1s de 200 predios, adem\u00e1s de avanzar en la legalizaci\u00f3n de predios de instituciones educativas.<\/p>\n\n\n\n<p>\u201cEn este momento nosotros estar\u00edamos hablando de un promedio de 200 a 230 predios en sectores como el Centro Poblado de Bel\u00e9n, San Vicente, Santa Martha, Monserrate, donde se viene gestionando el proceso formalizaci\u00f3n e inclusive se requiere avanzar tambi\u00e9n en la legalizaci\u00f3n de los lotes de las instituciones educativas pues es otra problem\u00e1tica que venimos afrontando\u201d, indic\u00f3 el mandatario de los plate\u00f1os.<\/p>\n\n\n\n<p>Por su parte John Garay, Coordinador del Plan de Ordenamiento Productivo y Social de la Propiedad Rural en el Huila, destac\u00f3 que desde el gobierno departamental&nbsp;<strong>ya se viene trabajando con un equipo interdisciplinario<\/strong>, que ahora sumar\u00e1 esfuerzos a lado de la Agencia Nacional de Tierras, para avanzar en el cumplimiento de metas en materia de formalizaci\u00f3n, contempladas en el plan de desarrollo \u201cHuila Crece\u201d.<\/p>\n\n\n\n<p>\u201cLuego de la reuni\u00f3n adelantada por el se\u00f1or gobernador Luis Enrique Duss\u00e1n L\u00f3pez, y el director de la Agencia Nacional de Tierras Gerardo Vega Losada, hemos acordado trabajar conjuntamente, mancomunadamente, articulando las dos entidades a trav\u00e9s de la Secretar\u00eda de Agricultura y todo su equipo de tierras que ya viene trabajando procesos de formalizaci\u00f3n, lo que ha permitido entregar t\u00edtulos de propiedad a trav\u00e9s de este programa\u201d.<\/p>\n\n\n\n<p>El funcionario igualmente<strong>&nbsp;invit\u00f3 a todos los pobladores rurales del departamento que est\u00e9n interesados en formalizar sus predios,<\/strong>&nbsp;se acerquen a la gobernaci\u00f3n del Huila donde hay un equipo de profesionales listo para atenderlos.<\/p>\n\n\n\n<p>\u201cfundamentalmente invitar a los pobladores rurales del departamento del Huila, que consideren encontrarse en situaci\u00f3n de informalidad, bien sea por falsas tradiciones, sanas posesiones, sucesiones sin liquidar, ventas sin registrar, entre otras situaciones, que estamos dispuestos con un equipo t\u00e9cnico y jur\u00eddico para atenderos\u201d, concluy\u00f3 Garay Suaza.<\/p>\n","protected":false},"excerpt":{"rendered":"<p>Adem\u00e1s de las alianzas estrat\u00e9gicas con Ecopetrol, y Kadaster de Pa\u00edses Bajos, entidades con las que se viene trabajando desde varios frentes para contribuir a la&nbsp;formalizaci\u00f3n de predios rurales en el departamento, tambi\u00e9n se vienen haciendo&nbsp;acercamientos con la Agencia Nacional de Tierras,&nbsp;con el prop\u00f3sito de dejar en firme la suscripci\u00f3n de un convenio que permita [&hellip;]<\/p>\n","protected":false},"author":2,"featured_media":0,"comment_status":"open","ping_status":"open","sticky":false,"template":"","format":"standard","meta":{"footnotes":""},"categories":[33],"tags":[],"class_list":["post-47604","post","type-post","status-publish","format-standard","hentry","category-huila"],"yoast_head":"<!-- This site is optimized with the Yoast SEO plugin v26.6 - https:\/\/yoast.com\/wordpress\/plugins\/seo\/ -->\n<title>Huila y su compromiso con los productores rurales -<\/title>\n<meta name=\"robots\" content=\"index, follow, max-snippet:-1, max-image-preview:large, max-video-preview:-1\" \/>\n<link rel=\"canonical\" href=\"https:\/\/luchonoticias.com\/editor\/huila-y-su-compromiso-con-los-productores-rurales\/\" \/>\n<meta property=\"og:locale\" content=\"es_ES\" \/>\n<meta property=\"og:type\" content=\"article\" \/>\n<meta property=\"og:title\" content=\"Huila y su compromiso con los productores rurales -\" \/>\n<meta property=\"og:url\" content=\"https:\/\/luchonoticias.com\/editor\/huila-y-su-compromiso-con-los-productores-rurales\/\" \/>\n<meta property=\"article:publisher\" content=\"https:\/\/www.facebook.com\/luchonoticiasneiva\" \/>\n<meta property=\"article:published_time\" content=\"2023-03-06T13:17:55+00:00\" \/>\n<meta property=\"article:modified_time\" content=\"2023-03-06T13:17:56+00:00\" \/>\n<meta name=\"author\" content=\"Editor General\" \/>\n<meta name=\"twitter:card\" content=\"summary_large_image\" \/>\n<meta name=\"twitter:label1\" content=\"Escrito por\" \/>\n\t<meta name=\"twitter:data1\" content=\"Editor General\" \/>\n\t<meta name=\"twitter:label2\" content=\"Tiempo de lectura\" \/>\n\t<meta name=\"twitter:data2\" content=\"3 minutos\" \/>\n<script type=\"application\/ld+json\" class=\"yoast-schema-graph\">{\"@context\":\"https:\/\/schema.org\",\"@graph\":[{\"@type\":\"Article\",\"@id\":\"https:\/\/luchonoticias.com\/editor\/huila-y-su-compromiso-con-los-productores-rurales\/#article\",\"isPartOf\":{\"@id\":\"https:\/\/luchonoticias.com\/editor\/huila-y-su-compromiso-con-los-productores-rurales\/\"},\"author\":{\"name\":\"Editor General\",\"@id\":\"https:\/\/luchonoticias.com\/editor\/#\/schema\/person\/29217990ddf6f14e35912b2866d591fb\"},\"headline\":\"Huila y su compromiso con los productores rurales\",\"datePublished\":\"2023-03-06T13:17:55+00:00\",\"dateModified\":\"2023-03-06T13:17:56+00:00\",\"mainEntityOfPage\":{\"@id\":\"https:\/\/luchonoticias.com\/editor\/huila-y-su-compromiso-con-los-productores-rurales\/\"},\"wordCount\":615,\"commentCount\":0,\"publisher\":{\"@id\":\"https:\/\/luchonoticias.com\/editor\/#\/schema\/person\/7a7fd911f58561fd056dbac7b55af9cd\"},\"articleSection\":[\"Huila\"],\"inLanguage\":\"es\",\"potentialAction\":[{\"@type\":\"CommentAction\",\"name\":\"Comment\",\"target\":[\"https:\/\/luchonoticias.com\/editor\/huila-y-su-compromiso-con-los-productores-rurales\/#respond\"]}]},{\"@type\":\"WebPage\",\"@id\":\"https:\/\/luchonoticias.com\/editor\/huila-y-su-compromiso-con-los-productores-rurales\/\",\"url\":\"https:\/\/luchonoticias.com\/editor\/huila-y-su-compromiso-con-los-productores-rurales\/\",\"name\":\"Huila y su compromiso con los productores rurales -\",\"isPartOf\":{\"@id\":\"https:\/\/luchonoticias.com\/editor\/#website\"},\"datePublished\":\"2023-03-06T13:17:55+00:00\",\"dateModified\":\"2023-03-06T13:17:56+00:00\",\"breadcrumb\":{\"@id\":\"https:\/\/luchonoticias.com\/editor\/huila-y-su-compromiso-con-los-productores-rurales\/#breadcrumb\"},\"inLanguage\":\"es\",\"potentialAction\":[{\"@type\":\"ReadAction\",\"target\":[\"https:\/\/luchonoticias.com\/editor\/huila-y-su-compromiso-con-los-productores-rurales\/\"]}]},{\"@type\":\"BreadcrumbList\",\"@id\":\"https:\/\/luchonoticias.com\/editor\/huila-y-su-compromiso-con-los-productores-rurales\/#breadcrumb\",\"itemListElement\":[{\"@type\":\"ListItem\",\"position\":1,\"name\":\"Portada\",\"item\":\"https:\/\/luchonoticias.com\/editor\/\"},{\"@type\":\"ListItem\",\"position\":2,\"name\":\"Huila y su compromiso con los productores rurales\"}]},{\"@type\":\"WebSite\",\"@id\":\"https:\/\/luchonoticias.com\/editor\/#website\",\"url\":\"https:\/\/luchonoticias.com\/editor\/\",\"name\":\"\",\"description\":\"\",\"publisher\":{\"@id\":\"https:\/\/luchonoticias.com\/editor\/#\/schema\/person\/7a7fd911f58561fd056dbac7b55af9cd\"},\"potentialAction\":[{\"@type\":\"SearchAction\",\"target\":{\"@type\":\"EntryPoint\",\"urlTemplate\":\"https:\/\/luchonoticias.com\/editor\/?s={search_term_string}\"},\"query-input\":{\"@type\":\"PropertyValueSpecification\",\"valueRequired\":true,\"valueName\":\"search_term_string\"}}],\"inLanguage\":\"es\"},{\"@type\":[\"Person\",\"Organization\"],\"@id\":\"https:\/\/luchonoticias.com\/editor\/#\/schema\/person\/7a7fd911f58561fd056dbac7b55af9cd\",\"name\":\"admin\",\"image\":{\"@type\":\"ImageObject\",\"inLanguage\":\"es\",\"@id\":\"https:\/\/luchonoticias.com\/editor\/#\/schema\/person\/image\/\",\"url\":\"https:\/\/luchonoticias.com\/editor\/wp-content\/uploads\/2024\/02\/cropped-cropped-logolu.webp\",\"contentUrl\":\"https:\/\/luchonoticias.com\/editor\/wp-content\/uploads\/2024\/02\/cropped-cropped-logolu.webp\",\"width\":382,\"height\":170,\"caption\":\"admin\"},\"logo\":{\"@id\":\"https:\/\/luchonoticias.com\/editor\/#\/schema\/person\/image\/\"},\"sameAs\":[\"https:\/\/www.facebook.com\/luchonoticiasneiva\"]},{\"@type\":\"Person\",\"@id\":\"https:\/\/luchonoticias.com\/editor\/#\/schema\/person\/29217990ddf6f14e35912b2866d591fb\",\"name\":\"Editor General\",\"image\":{\"@type\":\"ImageObject\",\"inLanguage\":\"es\",\"@id\":\"https:\/\/luchonoticias.com\/editor\/#\/schema\/person\/image\/\",\"url\":\"https:\/\/luchonoticias.com\/editor\/wp-content\/uploads\/2024\/02\/cropped-cropped-logolu-150x150.webp\",\"contentUrl\":\"https:\/\/luchonoticias.com\/editor\/wp-content\/uploads\/2024\/02\/cropped-cropped-logolu-150x150.webp\",\"caption\":\"Editor General\"},\"sameAs\":[\"https:\/\/luchonoticias.com\/\"],\"url\":\"https:\/\/luchonoticias.com\/editor\/author\/editor-general\/\"}]}<\/script>\n<!-- \/ Yoast SEO plugin. -->","yoast_head_json":{"title":"Huila y su compromiso con los productores rurales -","robots":{"index":"index","follow":"follow","max-snippet":"max-snippet:-1","max-image-preview":"max-image-preview:large","max-video-preview":"max-video-preview:-1"},"canonical":"https:\/\/luchonoticias.com\/editor\/huila-y-su-compromiso-con-los-productores-rurales\/","og_locale":"es_ES","og_type":"article","og_title":"Huila y su compromiso con los productores rurales -","og_url":"https:\/\/luchonoticias.com\/editor\/huila-y-su-compromiso-con-los-productores-rurales\/","article_publisher":"https:\/\/www.facebook.com\/luchonoticiasneiva","article_published_time":"2023-03-06T13:17:55+00:00","article_modified_time":"2023-03-06T13:17:56+00:00","author":"Editor General","twitter_card":"summary_large_image","twitter_misc":{"Escrito por":"Editor General","Tiempo de lectura":"3 minutos"},"schema":{"@context":"https:\/\/schema.org","@graph":[{"@type":"Article","@id":"https:\/\/luchonoticias.com\/editor\/huila-y-su-compromiso-con-los-productores-rurales\/#article","isPartOf":{"@id":"https:\/\/luchonoticias.com\/editor\/huila-y-su-compromiso-con-los-productores-rurales\/"},"author":{"name":"Editor General","@id":"https:\/\/luchonoticias.com\/editor\/#\/schema\/person\/29217990ddf6f14e35912b2866d591fb"},"headline":"Huila y su compromiso con los productores rurales","datePublished":"2023-03-06T13:17:55+00:00","dateModified":"2023-03-06T13:17:56+00:00","mainEntityOfPage":{"@id":"https:\/\/luchonoticias.com\/editor\/huila-y-su-compromiso-con-los-productores-rurales\/"},"wordCount":615,"commentCount":0,"publisher":{"@id":"https:\/\/luchonoticias.com\/editor\/#\/schema\/person\/7a7fd911f58561fd056dbac7b55af9cd"},"articleSection":["Huila"],"inLanguage":"es","potentialAction":[{"@type":"CommentAction","name":"Comment","target":["https:\/\/luchonoticias.com\/editor\/huila-y-su-compromiso-con-los-productores-rurales\/#respond"]}]},{"@type":"WebPage","@id":"https:\/\/luchonoticias.com\/editor\/huila-y-su-compromiso-con-los-productores-rurales\/","url":"https:\/\/luchonoticias.com\/editor\/huila-y-su-compromiso-con-los-productores-rurales\/","name":"Huila y su compromiso con los productores rurales -","isPartOf":{"@id":"https:\/\/luchonoticias.com\/editor\/#website"},"datePublished":"2023-03-06T13:17:55+00:00","dateModified":"2023-03-06T13:17:56+00:00","breadcrumb":{"@id":"https:\/\/luchonoticias.com\/editor\/huila-y-su-compromiso-con-los-productores-rurales\/#breadcrumb"},"inLanguage":"es","potentialAction":[{"@type":"ReadAction","target":["https:\/\/luchonoticias.com\/editor\/huila-y-su-compromiso-con-los-productores-rurales\/"]}]},{"@type":"BreadcrumbList","@id":"https:\/\/luchonoticias.com\/editor\/huila-y-su-compromiso-con-los-productores-rurales\/#breadcrumb","itemListElement":[{"@type":"ListItem","position":1,"name":"Portada","item":"https:\/\/luchonoticias.com\/editor\/"},{"@type":"ListItem","position":2,"name":"Huila y su compromiso con los productores rurales"}]},{"@type":"WebSite","@id":"https:\/\/luchonoticias.com\/editor\/#website","url":"https:\/\/luchonoticias.com\/editor\/","name":"","description":"","publisher":{"@id":"https:\/\/luchonoticias.com\/editor\/#\/schema\/person\/7a7fd911f58561fd056dbac7b55af9cd"},"potentialAction":[{"@type":"SearchAction","target":{"@type":"EntryPoint","urlTemplate":"https:\/\/luchonoticias.com\/editor\/?s={search_term_string}"},"query-input":{"@type":"PropertyValueSpecification","valueRequired":true,"valueName":"search_term_string"}}],"inLanguage":"es"},{"@type":["Person","Organization"],"@id":"https:\/\/luchonoticias.com\/editor\/#\/schema\/person\/7a7fd911f58561fd056dbac7b55af9cd","name":"admin","image":{"@type":"ImageObject","inLanguage":"es","@id":"https:\/\/luchonoticias.com\/editor\/#\/schema\/person\/image\/","url":"https:\/\/luchonoticias.com\/editor\/wp-content\/uploads\/2024\/02\/cropped-cropped-logolu.webp","contentUrl":"https:\/\/luchonoticias.com\/editor\/wp-content\/uploads\/2024\/02\/cropped-cropped-logolu.webp","width":382,"height":170,"caption":"admin"},"logo":{"@id":"https:\/\/luchonoticias.com\/editor\/#\/schema\/person\/image\/"},"sameAs":["https:\/\/www.facebook.com\/luchonoticiasneiva"]},{"@type":"Person","@id":"https:\/\/luchonoticias.com\/editor\/#\/schema\/person\/29217990ddf6f14e35912b2866d591fb","name":"Editor General","image":{"@type":"ImageObject","inLanguage":"es","@id":"https:\/\/luchonoticias.com\/editor\/#\/schema\/person\/image\/","url":"https:\/\/luchonoticias.com\/editor\/wp-content\/uploads\/2024\/02\/cropped-cropped-logolu-150x150.webp","contentUrl":"https:\/\/luchonoticias.com\/editor\/wp-content\/uploads\/2024\/02\/cropped-cropped-logolu-150x150.webp","caption":"Editor General"},"sameAs":["https:\/\/luchonoticias.com\/"],"url":"https:\/\/luchonoticias.com\/editor\/author\/editor-general\/"}]}},"_links":{"self":[{"href":"https:\/\/luchonoticias.com\/editor\/wp-json\/wp\/v2\/posts\/47604","targetHints":{"allow":["GET"]}}],"collection":[{"href":"https:\/\/luchonoticias.com\/editor\/wp-json\/wp\/v2\/posts"}],"about":[{"href":"https:\/\/luchonoticias.com\/editor\/wp-json\/wp\/v2\/types\/post"}],"author":[{"embeddable":true,"href":"https:\/\/luchonoticias.com\/editor\/wp-json\/wp\/v2\/users\/2"}],"replies":[{"embeddable":true,"href":"https:\/\/luchonoticias.com\/editor\/wp-json\/wp\/v2\/comments?post=47604"}],"version-history":[{"count":0,"href":"https:\/\/luchonoticias.com\/editor\/wp-json\/wp\/v2\/posts\/47604\/revisions"}],"wp:attachment":[{"href":"https:\/\/luchonoticias.com\/editor\/wp-json\/wp\/v2\/media?parent=47604"}],"wp:term":[{"taxonomy":"category","embeddable":true,"href":"https:\/\/luchonoticias.com\/editor\/wp-json\/wp\/v2\/categories?post=47604"},{"taxonomy":"post_tag","embeddable":true,"href":"https:\/\/luchonoticias.com\/editor\/wp-json\/wp\/v2\/tags?post=47604"}],"curies":[{"name":"wp","href":"https:\/\/api.w.org\/{rel}","templated":true}]}}