{"id":47618,"date":"2023-03-06T16:40:11","date_gmt":"2023-03-06T21:40:11","guid":{"rendered":"https:\/\/luchonoticias.com\/?p=47618"},"modified":"2023-03-06T16:40:19","modified_gmt":"2023-03-06T21:40:19","slug":"ministros-del-interior-y-defensa-en-la-mira-de-la-procuraduria","status":"publish","type":"post","link":"https:\/\/luchonoticias.com\/editor\/ministros-del-interior-y-defensa-en-la-mira-de-la-procuraduria\/","title":{"rendered":"Ministros del Interior y Defensa en la mira de la Procuradur\u00eda"},"content":{"rendered":"\n<p>La Procuradur\u00eda General de la Naci\u00f3n abri\u00f3 indagaci\u00f3n previa contra los ministros del Interior y Defensa, Alfonso Prada Gil e Iv\u00e1n Vel\u00e1squez G\u00f3mez, por la presunta omisi\u00f3n de sus funciones durante las manifestaciones que tuvieron lugar en San Vicente del Cagu\u00e1n en las que 79 polic\u00edas fueron retenidos durante m\u00e1s de 24 horas.<\/p>\n\n\n\n<p>La investigaci\u00f3n de la Sala Disciplinaria de Instrucci\u00f3n buscar\u00e1 establecer los hechos de incidencia disciplinaria en los que pudieron incurrir los funcionarios y determinar las circunstancias de tiempo, modo y lugar, en que tuvieron lugar los hechos que dieron a conocer los medios de comunicaci\u00f3n.<\/p>\n\n\n\n<p>Asimismo, la Entidad sostuvo que investigar\u00e1 los comportamientos que por acci\u00f3n u omisi\u00f3n podr\u00edan haber desplegado Prada Gil y Vel\u00e1squez G\u00f3mez y decidir si podr\u00edan constituir falta disciplinaria a la luz del C\u00f3digo General Disciplinario, para lo que solicit\u00f3 la pr\u00e1ctica de pruebas conducentes al esclarecimiento de la situaci\u00f3n.<\/p>\n","protected":false},"excerpt":{"rendered":"<p>La Procuradur\u00eda General de la Naci\u00f3n abri\u00f3 indagaci\u00f3n previa contra los ministros del Interior y Defensa, Alfonso Prada Gil e Iv\u00e1n Vel\u00e1squez G\u00f3mez, por la presunta omisi\u00f3n de sus funciones durante las manifestaciones que tuvieron lugar en San Vicente del Cagu\u00e1n en las que 79 polic\u00edas fueron retenidos durante m\u00e1s de 24 horas. La investigaci\u00f3n [&hellip;]<\/p>\n","protected":false},"author":2,"featured_media":0,"comment_status":"open","ping_status":"open","sticky":false,"template":"","format":"standard","meta":{"footnotes":""},"categories":[36,32],"tags":[],"class_list":["post-47618","post","type-post","status-publish","format-standard","hentry","category-destacado","category-nacional"],"yoast_head":"<!-- This site is optimized with the Yoast SEO plugin v26.6 - https:\/\/yoast.com\/wordpress\/plugins\/seo\/ -->\n<title>Ministros del Interior y Defensa en la mira de la Procuradur\u00eda -<\/title>\n<meta name=\"robots\" content=\"index, follow, max-snippet:-1, max-image-preview:large, max-video-preview:-1\" \/>\n<link rel=\"canonical\" href=\"https:\/\/luchonoticias.com\/editor\/ministros-del-interior-y-defensa-en-la-mira-de-la-procuraduria\/\" \/>\n<meta property=\"og:locale\" content=\"es_ES\" \/>\n<meta property=\"og:type\" content=\"article\" \/>\n<meta property=\"og:title\" content=\"Ministros del Interior y Defensa en la mira de la Procuradur\u00eda -\" \/>\n<meta property=\"og:url\" content=\"https:\/\/luchonoticias.com\/editor\/ministros-del-interior-y-defensa-en-la-mira-de-la-procuraduria\/\" \/>\n<meta property=\"article:publisher\" content=\"https:\/\/www.facebook.com\/luchonoticiasneiva\" \/>\n<meta property=\"article:published_time\" content=\"2023-03-06T21:40:11+00:00\" \/>\n<meta property=\"article:modified_time\" content=\"2023-03-06T21:40:19+00:00\" \/>\n<meta name=\"author\" content=\"Editor General\" \/>\n<meta name=\"twitter:card\" content=\"summary_large_image\" \/>\n<meta name=\"twitter:label1\" content=\"Escrito por\" \/>\n\t<meta name=\"twitter:data1\" content=\"Editor General\" \/>\n\t<meta name=\"twitter:label2\" content=\"Tiempo de lectura\" \/>\n\t<meta name=\"twitter:data2\" content=\"1 minuto\" \/>\n<script type=\"application\/ld+json\" class=\"yoast-schema-graph\">{\"@context\":\"https:\/\/schema.org\",\"@graph\":[{\"@type\":\"Article\",\"@id\":\"https:\/\/luchonoticias.com\/editor\/ministros-del-interior-y-defensa-en-la-mira-de-la-procuraduria\/#article\",\"isPartOf\":{\"@id\":\"https:\/\/luchonoticias.com\/editor\/ministros-del-interior-y-defensa-en-la-mira-de-la-procuraduria\/\"},\"author\":{\"name\":\"Editor General\",\"@id\":\"https:\/\/luchonoticias.com\/editor\/#\/schema\/person\/29217990ddf6f14e35912b2866d591fb\"},\"headline\":\"Ministros del Interior y Defensa en la mira de la Procuradur\u00eda\",\"datePublished\":\"2023-03-06T21:40:11+00:00\",\"dateModified\":\"2023-03-06T21:40:19+00:00\",\"mainEntityOfPage\":{\"@id\":\"https:\/\/luchonoticias.com\/editor\/ministros-del-interior-y-defensa-en-la-mira-de-la-procuraduria\/\"},\"wordCount\":179,\"commentCount\":0,\"publisher\":{\"@id\":\"https:\/\/luchonoticias.com\/editor\/#\/schema\/person\/7a7fd911f58561fd056dbac7b55af9cd\"},\"articleSection\":[\"Destacado\",\"Nacional\"],\"inLanguage\":\"es\",\"potentialAction\":[{\"@type\":\"CommentAction\",\"name\":\"Comment\",\"target\":[\"https:\/\/luchonoticias.com\/editor\/ministros-del-interior-y-defensa-en-la-mira-de-la-procuraduria\/#respond\"]}]},{\"@type\":\"WebPage\",\"@id\":\"https:\/\/luchonoticias.com\/editor\/ministros-del-interior-y-defensa-en-la-mira-de-la-procuraduria\/\",\"url\":\"https:\/\/luchonoticias.com\/editor\/ministros-del-interior-y-defensa-en-la-mira-de-la-procuraduria\/\",\"name\":\"Ministros del Interior y Defensa en la mira de la Procuradur\u00eda -\",\"isPartOf\":{\"@id\":\"https:\/\/luchonoticias.com\/editor\/#website\"},\"datePublished\":\"2023-03-06T21:40:11+00:00\",\"dateModified\":\"2023-03-06T21:40:19+00:00\",\"breadcrumb\":{\"@id\":\"https:\/\/luchonoticias.com\/editor\/ministros-del-interior-y-defensa-en-la-mira-de-la-procuraduria\/#breadcrumb\"},\"inLanguage\":\"es\",\"potentialAction\":[{\"@type\":\"ReadAction\",\"target\":[\"https:\/\/luchonoticias.com\/editor\/ministros-del-interior-y-defensa-en-la-mira-de-la-procuraduria\/\"]}]},{\"@type\":\"BreadcrumbList\",\"@id\":\"https:\/\/luchonoticias.com\/editor\/ministros-del-interior-y-defensa-en-la-mira-de-la-procuraduria\/#breadcrumb\",\"itemListElement\":[{\"@type\":\"ListItem\",\"position\":1,\"name\":\"Portada\",\"item\":\"https:\/\/luchonoticias.com\/editor\/\"},{\"@type\":\"ListItem\",\"position\":2,\"name\":\"Ministros del Interior y Defensa en la mira de la Procuradur\u00eda\"}]},{\"@type\":\"WebSite\",\"@id\":\"https:\/\/luchonoticias.com\/editor\/#website\",\"url\":\"https:\/\/luchonoticias.com\/editor\/\",\"name\":\"\",\"description\":\"\",\"publisher\":{\"@id\":\"https:\/\/luchonoticias.com\/editor\/#\/schema\/person\/7a7fd911f58561fd056dbac7b55af9cd\"},\"potentialAction\":[{\"@type\":\"SearchAction\",\"target\":{\"@type\":\"EntryPoint\",\"urlTemplate\":\"https:\/\/luchonoticias.com\/editor\/?s={search_term_string}\"},\"query-input\":{\"@type\":\"PropertyValueSpecification\",\"valueRequired\":true,\"valueName\":\"search_term_string\"}}],\"inLanguage\":\"es\"},{\"@type\":[\"Person\",\"Organization\"],\"@id\":\"https:\/\/luchonoticias.com\/editor\/#\/schema\/person\/7a7fd911f58561fd056dbac7b55af9cd\",\"name\":\"admin\",\"image\":{\"@type\":\"ImageObject\",\"inLanguage\":\"es\",\"@id\":\"https:\/\/luchonoticias.com\/editor\/#\/schema\/person\/image\/\",\"url\":\"https:\/\/luchonoticias.com\/editor\/wp-content\/uploads\/2024\/02\/cropped-cropped-logolu.webp\",\"contentUrl\":\"https:\/\/luchonoticias.com\/editor\/wp-content\/uploads\/2024\/02\/cropped-cropped-logolu.webp\",\"width\":382,\"height\":170,\"caption\":\"admin\"},\"logo\":{\"@id\":\"https:\/\/luchonoticias.com\/editor\/#\/schema\/person\/image\/\"},\"sameAs\":[\"https:\/\/www.facebook.com\/luchonoticiasneiva\"]},{\"@type\":\"Person\",\"@id\":\"https:\/\/luchonoticias.com\/editor\/#\/schema\/person\/29217990ddf6f14e35912b2866d591fb\",\"name\":\"Editor General\",\"image\":{\"@type\":\"ImageObject\",\"inLanguage\":\"es\",\"@id\":\"https:\/\/luchonoticias.com\/editor\/#\/schema\/person\/image\/\",\"url\":\"https:\/\/luchonoticias.com\/editor\/wp-content\/uploads\/2024\/02\/cropped-cropped-logolu-150x150.webp\",\"contentUrl\":\"https:\/\/luchonoticias.com\/editor\/wp-content\/uploads\/2024\/02\/cropped-cropped-logolu-150x150.webp\",\"caption\":\"Editor General\"},\"sameAs\":[\"https:\/\/luchonoticias.com\/\"],\"url\":\"https:\/\/luchonoticias.com\/editor\/author\/editor-general\/\"}]}<\/script>\n<!-- \/ Yoast SEO plugin. -->","yoast_head_json":{"title":"Ministros del Interior y Defensa en la mira de la Procuradur\u00eda -","robots":{"index":"index","follow":"follow","max-snippet":"max-snippet:-1","max-image-preview":"max-image-preview:large","max-video-preview":"max-video-preview:-1"},"canonical":"https:\/\/luchonoticias.com\/editor\/ministros-del-interior-y-defensa-en-la-mira-de-la-procuraduria\/","og_locale":"es_ES","og_type":"article","og_title":"Ministros del Interior y Defensa en la mira de la Procuradur\u00eda -","og_url":"https:\/\/luchonoticias.com\/editor\/ministros-del-interior-y-defensa-en-la-mira-de-la-procuraduria\/","article_publisher":"https:\/\/www.facebook.com\/luchonoticiasneiva","article_published_time":"2023-03-06T21:40:11+00:00","article_modified_time":"2023-03-06T21:40:19+00:00","author":"Editor General","twitter_card":"summary_large_image","twitter_misc":{"Escrito por":"Editor General","Tiempo de lectura":"1 minuto"},"schema":{"@context":"https:\/\/schema.org","@graph":[{"@type":"Article","@id":"https:\/\/luchonoticias.com\/editor\/ministros-del-interior-y-defensa-en-la-mira-de-la-procuraduria\/#article","isPartOf":{"@id":"https:\/\/luchonoticias.com\/editor\/ministros-del-interior-y-defensa-en-la-mira-de-la-procuraduria\/"},"author":{"name":"Editor General","@id":"https:\/\/luchonoticias.com\/editor\/#\/schema\/person\/29217990ddf6f14e35912b2866d591fb"},"headline":"Ministros del Interior y Defensa en la mira de la Procuradur\u00eda","datePublished":"2023-03-06T21:40:11+00:00","dateModified":"2023-03-06T21:40:19+00:00","mainEntityOfPage":{"@id":"https:\/\/luchonoticias.com\/editor\/ministros-del-interior-y-defensa-en-la-mira-de-la-procuraduria\/"},"wordCount":179,"commentCount":0,"publisher":{"@id":"https:\/\/luchonoticias.com\/editor\/#\/schema\/person\/7a7fd911f58561fd056dbac7b55af9cd"},"articleSection":["Destacado","Nacional"],"inLanguage":"es","potentialAction":[{"@type":"CommentAction","name":"Comment","target":["https:\/\/luchonoticias.com\/editor\/ministros-del-interior-y-defensa-en-la-mira-de-la-procuraduria\/#respond"]}]},{"@type":"WebPage","@id":"https:\/\/luchonoticias.com\/editor\/ministros-del-interior-y-defensa-en-la-mira-de-la-procuraduria\/","url":"https:\/\/luchonoticias.com\/editor\/ministros-del-interior-y-defensa-en-la-mira-de-la-procuraduria\/","name":"Ministros del Interior y Defensa en la mira de la Procuradur\u00eda -","isPartOf":{"@id":"https:\/\/luchonoticias.com\/editor\/#website"},"datePublished":"2023-03-06T21:40:11+00:00","dateModified":"2023-03-06T21:40:19+00:00","breadcrumb":{"@id":"https:\/\/luchonoticias.com\/editor\/ministros-del-interior-y-defensa-en-la-mira-de-la-procuraduria\/#breadcrumb"},"inLanguage":"es","potentialAction":[{"@type":"ReadAction","target":["https:\/\/luchonoticias.com\/editor\/ministros-del-interior-y-defensa-en-la-mira-de-la-procuraduria\/"]}]},{"@type":"BreadcrumbList","@id":"https:\/\/luchonoticias.com\/editor\/ministros-del-interior-y-defensa-en-la-mira-de-la-procuraduria\/#breadcrumb","itemListElement":[{"@type":"ListItem","position":1,"name":"Portada","item":"https:\/\/luchonoticias.com\/editor\/"},{"@type":"ListItem","position":2,"name":"Ministros del Interior y Defensa en la mira de la Procuradur\u00eda"}]},{"@type":"WebSite","@id":"https:\/\/luchonoticias.com\/editor\/#website","url":"https:\/\/luchonoticias.com\/editor\/","name":"","description":"","publisher":{"@id":"https:\/\/luchonoticias.com\/editor\/#\/schema\/person\/7a7fd911f58561fd056dbac7b55af9cd"},"potentialAction":[{"@type":"SearchAction","target":{"@type":"EntryPoint","urlTemplate":"https:\/\/luchonoticias.com\/editor\/?s={search_term_string}"},"query-input":{"@type":"PropertyValueSpecification","valueRequired":true,"valueName":"search_term_string"}}],"inLanguage":"es"},{"@type":["Person","Organization"],"@id":"https:\/\/luchonoticias.com\/editor\/#\/schema\/person\/7a7fd911f58561fd056dbac7b55af9cd","name":"admin","image":{"@type":"ImageObject","inLanguage":"es","@id":"https:\/\/luchonoticias.com\/editor\/#\/schema\/person\/image\/","url":"https:\/\/luchonoticias.com\/editor\/wp-content\/uploads\/2024\/02\/cropped-cropped-logolu.webp","contentUrl":"https:\/\/luchonoticias.com\/editor\/wp-content\/uploads\/2024\/02\/cropped-cropped-logolu.webp","width":382,"height":170,"caption":"admin"},"logo":{"@id":"https:\/\/luchonoticias.com\/editor\/#\/schema\/person\/image\/"},"sameAs":["https:\/\/www.facebook.com\/luchonoticiasneiva"]},{"@type":"Person","@id":"https:\/\/luchonoticias.com\/editor\/#\/schema\/person\/29217990ddf6f14e35912b2866d591fb","name":"Editor General","image":{"@type":"ImageObject","inLanguage":"es","@id":"https:\/\/luchonoticias.com\/editor\/#\/schema\/person\/image\/","url":"https:\/\/luchonoticias.com\/editor\/wp-content\/uploads\/2024\/02\/cropped-cropped-logolu-150x150.webp","contentUrl":"https:\/\/luchonoticias.com\/editor\/wp-content\/uploads\/2024\/02\/cropped-cropped-logolu-150x150.webp","caption":"Editor General"},"sameAs":["https:\/\/luchonoticias.com\/"],"url":"https:\/\/luchonoticias.com\/editor\/author\/editor-general\/"}]}},"_links":{"self":[{"href":"https:\/\/luchonoticias.com\/editor\/wp-json\/wp\/v2\/posts\/47618","targetHints":{"allow":["GET"]}}],"collection":[{"href":"https:\/\/luchonoticias.com\/editor\/wp-json\/wp\/v2\/posts"}],"about":[{"href":"https:\/\/luchonoticias.com\/editor\/wp-json\/wp\/v2\/types\/post"}],"author":[{"embeddable":true,"href":"https:\/\/luchonoticias.com\/editor\/wp-json\/wp\/v2\/users\/2"}],"replies":[{"embeddable":true,"href":"https:\/\/luchonoticias.com\/editor\/wp-json\/wp\/v2\/comments?post=47618"}],"version-history":[{"count":0,"href":"https:\/\/luchonoticias.com\/editor\/wp-json\/wp\/v2\/posts\/47618\/revisions"}],"wp:attachment":[{"href":"https:\/\/luchonoticias.com\/editor\/wp-json\/wp\/v2\/media?parent=47618"}],"wp:term":[{"taxonomy":"category","embeddable":true,"href":"https:\/\/luchonoticias.com\/editor\/wp-json\/wp\/v2\/categories?post=47618"},{"taxonomy":"post_tag","embeddable":true,"href":"https:\/\/luchonoticias.com\/editor\/wp-json\/wp\/v2\/tags?post=47618"}],"curies":[{"name":"wp","href":"https:\/\/api.w.org\/{rel}","templated":true}]}}