{"id":47626,"date":"2023-03-06T22:06:13","date_gmt":"2023-03-07T03:06:13","guid":{"rendered":"https:\/\/luchonoticias.com\/?p=47626"},"modified":"2023-03-06T22:06:14","modified_gmt":"2023-03-07T03:06:14","slug":"huila-vuelve-a-la-victoria-ante-el-chico","status":"publish","type":"post","link":"https:\/\/luchonoticias.com\/editor\/huila-vuelve-a-la-victoria-ante-el-chico\/","title":{"rendered":"Huila vuelve a la victoria ante el Chic\u00f3"},"content":{"rendered":"\n<p>Luego de seis fechas sin sumar de a tres, el&nbsp;<strong>Atl\u00e9tico Huila conquist\u00f3 su primera victoria<\/strong>&nbsp;en la primera divisi\u00f3n colombiana, esto tras&nbsp;<strong>vencer 3:2 al Boyac\u00e1 Chic\u00f3<\/strong>&nbsp;por la s\u00e9ptima fecha.<\/p>\n\n\n\n<p>Un partido en donde&nbsp;<strong>los dirigidos por N\u00e9stor Craviotto mostraron dos aristas<\/strong>, una primera mitad en donde se repuso y super\u00f3 a su rival, aunque en el periodo complementario tuvieron que \u2018sudar petr\u00f3leo\u2019 ante un Chic\u00f3 que termin\u00f3 atrincherando a los locales y teniendo con qu\u00e9 para obtener el empate.<\/p>\n\n\n\n<p>En lo que fue el primer tiempo&nbsp;<strong>la visita se puso prematuramente adelante<\/strong>&nbsp;en el marcador cuando&nbsp;<strong>Sebasti\u00e1n Tamara&nbsp;<\/strong>al minuto 3 coloca el 0:1 parcial.<\/p>\n\n\n\n<p>Huila lleg\u00f3 a estar perdido en ese tramo de la primera mitad pero una jugada colectiva al minuto 11 le dio el empate a los huilenses con el argentino&nbsp;<strong>Gustavo Britos&nbsp;<\/strong>de cabeza, dos minutos despu\u00e9s el brasile\u00f1o&nbsp;<strong>Marcus Vinicius<\/strong>&nbsp;mediante su sorpresivo remate de larga distancia coloca la segunda anotaci\u00f3n.<\/p>\n\n\n\n<p>Para el minuto 25 y mediante una jugada de tiro libre&nbsp;<strong>Leonardo Escorcia coloc\u00f3 el tercer tanto<\/strong>&nbsp;que le dio al Huila cierta tranquilidad y con el que ambos conjuntos se fueron al descanso.<\/p>\n\n\n\n<h5 class=\"wp-block-heading\">Boyac\u00e1 Chic\u00f3 reacciona<\/h5>\n\n\n\n<p>De cara a la segunda mitad&nbsp;<strong>la visita comienza a hacer una mayor presencia<\/strong>&nbsp;en el \u00e1rea huilense e incluso entra en el compromiso el huilense de nacimiento Kevin Londo\u00f1o.<\/p>\n\n\n\n<p>Para el minuto 62 la visita anota al rechace de un tiro de esquina pero no subi\u00f3 al marcador por fuera de juego no obstante ocho minutos m\u00e1s tarde&nbsp;<strong>Frank Lozano<\/strong>&nbsp;a pase de Agust\u00edn Aleo coloca el&nbsp;<strong>segundo gol de los boyacenses<\/strong>&nbsp;y con el que se revive la acci\u00f3n en el juego.<\/p>\n\n\n\n<p>Fueron&nbsp;<strong>minutos de tensi\u00f3n para el Huila<\/strong>&nbsp;frente a un Chic\u00f3 que se motiv\u00f3 con miras al gol del empate y presionando las l\u00edneas defensivas para originar el error y provocando cambios con miras a mantener el resultado.<\/p>\n\n\n\n<p>FOTO: Ilustraci\u00f3n.<\/p>\n","protected":false},"excerpt":{"rendered":"<p>Luego de seis fechas sin sumar de a tres, el&nbsp;Atl\u00e9tico Huila conquist\u00f3 su primera victoria&nbsp;en la primera divisi\u00f3n colombiana, esto tras&nbsp;vencer 3:2 al Boyac\u00e1 Chic\u00f3&nbsp;por la s\u00e9ptima fecha. Un partido en donde&nbsp;los dirigidos por N\u00e9stor Craviotto mostraron dos aristas, una primera mitad en donde se repuso y super\u00f3 a su rival, aunque en el periodo [&hellip;]<\/p>\n","protected":false},"author":2,"featured_media":0,"comment_status":"open","ping_status":"open","sticky":false,"template":"","format":"standard","meta":{"footnotes":""},"categories":[34],"tags":[],"class_list":["post-47626","post","type-post","status-publish","format-standard","hentry","category-deportes"],"yoast_head":"<!-- This site is optimized with the Yoast SEO plugin v26.6 - https:\/\/yoast.com\/wordpress\/plugins\/seo\/ -->\n<title>Huila vuelve a la victoria ante el Chic\u00f3 -<\/title>\n<meta name=\"robots\" content=\"index, follow, max-snippet:-1, max-image-preview:large, max-video-preview:-1\" \/>\n<link rel=\"canonical\" href=\"https:\/\/luchonoticias.com\/editor\/huila-vuelve-a-la-victoria-ante-el-chico\/\" \/>\n<meta property=\"og:locale\" content=\"es_ES\" \/>\n<meta property=\"og:type\" content=\"article\" \/>\n<meta property=\"og:title\" content=\"Huila vuelve a la victoria ante el Chic\u00f3 -\" \/>\n<meta property=\"og:url\" content=\"https:\/\/luchonoticias.com\/editor\/huila-vuelve-a-la-victoria-ante-el-chico\/\" \/>\n<meta property=\"article:publisher\" content=\"https:\/\/www.facebook.com\/luchonoticiasneiva\" \/>\n<meta property=\"article:published_time\" content=\"2023-03-07T03:06:13+00:00\" \/>\n<meta property=\"article:modified_time\" content=\"2023-03-07T03:06:14+00:00\" \/>\n<meta name=\"author\" content=\"Editor General\" \/>\n<meta name=\"twitter:card\" content=\"summary_large_image\" \/>\n<meta name=\"twitter:label1\" content=\"Escrito por\" \/>\n\t<meta name=\"twitter:data1\" content=\"Editor General\" \/>\n\t<meta name=\"twitter:label2\" content=\"Tiempo de lectura\" \/>\n\t<meta name=\"twitter:data2\" content=\"2 minutos\" \/>\n<script type=\"application\/ld+json\" class=\"yoast-schema-graph\">{\"@context\":\"https:\/\/schema.org\",\"@graph\":[{\"@type\":\"Article\",\"@id\":\"https:\/\/luchonoticias.com\/editor\/huila-vuelve-a-la-victoria-ante-el-chico\/#article\",\"isPartOf\":{\"@id\":\"https:\/\/luchonoticias.com\/editor\/huila-vuelve-a-la-victoria-ante-el-chico\/\"},\"author\":{\"name\":\"Editor General\",\"@id\":\"https:\/\/luchonoticias.com\/editor\/#\/schema\/person\/29217990ddf6f14e35912b2866d591fb\"},\"headline\":\"Huila vuelve a la victoria ante el Chic\u00f3\",\"datePublished\":\"2023-03-07T03:06:13+00:00\",\"dateModified\":\"2023-03-07T03:06:14+00:00\",\"mainEntityOfPage\":{\"@id\":\"https:\/\/luchonoticias.com\/editor\/huila-vuelve-a-la-victoria-ante-el-chico\/\"},\"wordCount\":361,\"commentCount\":0,\"publisher\":{\"@id\":\"https:\/\/luchonoticias.com\/editor\/#\/schema\/person\/7a7fd911f58561fd056dbac7b55af9cd\"},\"articleSection\":[\"Deportes\"],\"inLanguage\":\"es\",\"potentialAction\":[{\"@type\":\"CommentAction\",\"name\":\"Comment\",\"target\":[\"https:\/\/luchonoticias.com\/editor\/huila-vuelve-a-la-victoria-ante-el-chico\/#respond\"]}]},{\"@type\":\"WebPage\",\"@id\":\"https:\/\/luchonoticias.com\/editor\/huila-vuelve-a-la-victoria-ante-el-chico\/\",\"url\":\"https:\/\/luchonoticias.com\/editor\/huila-vuelve-a-la-victoria-ante-el-chico\/\",\"name\":\"Huila vuelve a la victoria ante el Chic\u00f3 -\",\"isPartOf\":{\"@id\":\"https:\/\/luchonoticias.com\/editor\/#website\"},\"datePublished\":\"2023-03-07T03:06:13+00:00\",\"dateModified\":\"2023-03-07T03:06:14+00:00\",\"breadcrumb\":{\"@id\":\"https:\/\/luchonoticias.com\/editor\/huila-vuelve-a-la-victoria-ante-el-chico\/#breadcrumb\"},\"inLanguage\":\"es\",\"potentialAction\":[{\"@type\":\"ReadAction\",\"target\":[\"https:\/\/luchonoticias.com\/editor\/huila-vuelve-a-la-victoria-ante-el-chico\/\"]}]},{\"@type\":\"BreadcrumbList\",\"@id\":\"https:\/\/luchonoticias.com\/editor\/huila-vuelve-a-la-victoria-ante-el-chico\/#breadcrumb\",\"itemListElement\":[{\"@type\":\"ListItem\",\"position\":1,\"name\":\"Portada\",\"item\":\"https:\/\/luchonoticias.com\/editor\/\"},{\"@type\":\"ListItem\",\"position\":2,\"name\":\"Huila vuelve a la victoria ante el Chic\u00f3\"}]},{\"@type\":\"WebSite\",\"@id\":\"https:\/\/luchonoticias.com\/editor\/#website\",\"url\":\"https:\/\/luchonoticias.com\/editor\/\",\"name\":\"\",\"description\":\"\",\"publisher\":{\"@id\":\"https:\/\/luchonoticias.com\/editor\/#\/schema\/person\/7a7fd911f58561fd056dbac7b55af9cd\"},\"potentialAction\":[{\"@type\":\"SearchAction\",\"target\":{\"@type\":\"EntryPoint\",\"urlTemplate\":\"https:\/\/luchonoticias.com\/editor\/?s={search_term_string}\"},\"query-input\":{\"@type\":\"PropertyValueSpecification\",\"valueRequired\":true,\"valueName\":\"search_term_string\"}}],\"inLanguage\":\"es\"},{\"@type\":[\"Person\",\"Organization\"],\"@id\":\"https:\/\/luchonoticias.com\/editor\/#\/schema\/person\/7a7fd911f58561fd056dbac7b55af9cd\",\"name\":\"admin\",\"image\":{\"@type\":\"ImageObject\",\"inLanguage\":\"es\",\"@id\":\"https:\/\/luchonoticias.com\/editor\/#\/schema\/person\/image\/\",\"url\":\"https:\/\/luchonoticias.com\/editor\/wp-content\/uploads\/2024\/02\/cropped-cropped-logolu.webp\",\"contentUrl\":\"https:\/\/luchonoticias.com\/editor\/wp-content\/uploads\/2024\/02\/cropped-cropped-logolu.webp\",\"width\":382,\"height\":170,\"caption\":\"admin\"},\"logo\":{\"@id\":\"https:\/\/luchonoticias.com\/editor\/#\/schema\/person\/image\/\"},\"sameAs\":[\"https:\/\/www.facebook.com\/luchonoticiasneiva\"]},{\"@type\":\"Person\",\"@id\":\"https:\/\/luchonoticias.com\/editor\/#\/schema\/person\/29217990ddf6f14e35912b2866d591fb\",\"name\":\"Editor General\",\"image\":{\"@type\":\"ImageObject\",\"inLanguage\":\"es\",\"@id\":\"https:\/\/luchonoticias.com\/editor\/#\/schema\/person\/image\/\",\"url\":\"https:\/\/luchonoticias.com\/editor\/wp-content\/uploads\/2024\/02\/cropped-cropped-logolu-150x150.webp\",\"contentUrl\":\"https:\/\/luchonoticias.com\/editor\/wp-content\/uploads\/2024\/02\/cropped-cropped-logolu-150x150.webp\",\"caption\":\"Editor General\"},\"sameAs\":[\"https:\/\/luchonoticias.com\/\"],\"url\":\"https:\/\/luchonoticias.com\/editor\/author\/editor-general\/\"}]}<\/script>\n<!-- \/ Yoast SEO plugin. -->","yoast_head_json":{"title":"Huila vuelve a la victoria ante el Chic\u00f3 -","robots":{"index":"index","follow":"follow","max-snippet":"max-snippet:-1","max-image-preview":"max-image-preview:large","max-video-preview":"max-video-preview:-1"},"canonical":"https:\/\/luchonoticias.com\/editor\/huila-vuelve-a-la-victoria-ante-el-chico\/","og_locale":"es_ES","og_type":"article","og_title":"Huila vuelve a la victoria ante el Chic\u00f3 -","og_url":"https:\/\/luchonoticias.com\/editor\/huila-vuelve-a-la-victoria-ante-el-chico\/","article_publisher":"https:\/\/www.facebook.com\/luchonoticiasneiva","article_published_time":"2023-03-07T03:06:13+00:00","article_modified_time":"2023-03-07T03:06:14+00:00","author":"Editor General","twitter_card":"summary_large_image","twitter_misc":{"Escrito por":"Editor General","Tiempo de lectura":"2 minutos"},"schema":{"@context":"https:\/\/schema.org","@graph":[{"@type":"Article","@id":"https:\/\/luchonoticias.com\/editor\/huila-vuelve-a-la-victoria-ante-el-chico\/#article","isPartOf":{"@id":"https:\/\/luchonoticias.com\/editor\/huila-vuelve-a-la-victoria-ante-el-chico\/"},"author":{"name":"Editor General","@id":"https:\/\/luchonoticias.com\/editor\/#\/schema\/person\/29217990ddf6f14e35912b2866d591fb"},"headline":"Huila vuelve a la victoria ante el Chic\u00f3","datePublished":"2023-03-07T03:06:13+00:00","dateModified":"2023-03-07T03:06:14+00:00","mainEntityOfPage":{"@id":"https:\/\/luchonoticias.com\/editor\/huila-vuelve-a-la-victoria-ante-el-chico\/"},"wordCount":361,"commentCount":0,"publisher":{"@id":"https:\/\/luchonoticias.com\/editor\/#\/schema\/person\/7a7fd911f58561fd056dbac7b55af9cd"},"articleSection":["Deportes"],"inLanguage":"es","potentialAction":[{"@type":"CommentAction","name":"Comment","target":["https:\/\/luchonoticias.com\/editor\/huila-vuelve-a-la-victoria-ante-el-chico\/#respond"]}]},{"@type":"WebPage","@id":"https:\/\/luchonoticias.com\/editor\/huila-vuelve-a-la-victoria-ante-el-chico\/","url":"https:\/\/luchonoticias.com\/editor\/huila-vuelve-a-la-victoria-ante-el-chico\/","name":"Huila vuelve a la victoria ante el Chic\u00f3 -","isPartOf":{"@id":"https:\/\/luchonoticias.com\/editor\/#website"},"datePublished":"2023-03-07T03:06:13+00:00","dateModified":"2023-03-07T03:06:14+00:00","breadcrumb":{"@id":"https:\/\/luchonoticias.com\/editor\/huila-vuelve-a-la-victoria-ante-el-chico\/#breadcrumb"},"inLanguage":"es","potentialAction":[{"@type":"ReadAction","target":["https:\/\/luchonoticias.com\/editor\/huila-vuelve-a-la-victoria-ante-el-chico\/"]}]},{"@type":"BreadcrumbList","@id":"https:\/\/luchonoticias.com\/editor\/huila-vuelve-a-la-victoria-ante-el-chico\/#breadcrumb","itemListElement":[{"@type":"ListItem","position":1,"name":"Portada","item":"https:\/\/luchonoticias.com\/editor\/"},{"@type":"ListItem","position":2,"name":"Huila vuelve a la victoria ante el Chic\u00f3"}]},{"@type":"WebSite","@id":"https:\/\/luchonoticias.com\/editor\/#website","url":"https:\/\/luchonoticias.com\/editor\/","name":"","description":"","publisher":{"@id":"https:\/\/luchonoticias.com\/editor\/#\/schema\/person\/7a7fd911f58561fd056dbac7b55af9cd"},"potentialAction":[{"@type":"SearchAction","target":{"@type":"EntryPoint","urlTemplate":"https:\/\/luchonoticias.com\/editor\/?s={search_term_string}"},"query-input":{"@type":"PropertyValueSpecification","valueRequired":true,"valueName":"search_term_string"}}],"inLanguage":"es"},{"@type":["Person","Organization"],"@id":"https:\/\/luchonoticias.com\/editor\/#\/schema\/person\/7a7fd911f58561fd056dbac7b55af9cd","name":"admin","image":{"@type":"ImageObject","inLanguage":"es","@id":"https:\/\/luchonoticias.com\/editor\/#\/schema\/person\/image\/","url":"https:\/\/luchonoticias.com\/editor\/wp-content\/uploads\/2024\/02\/cropped-cropped-logolu.webp","contentUrl":"https:\/\/luchonoticias.com\/editor\/wp-content\/uploads\/2024\/02\/cropped-cropped-logolu.webp","width":382,"height":170,"caption":"admin"},"logo":{"@id":"https:\/\/luchonoticias.com\/editor\/#\/schema\/person\/image\/"},"sameAs":["https:\/\/www.facebook.com\/luchonoticiasneiva"]},{"@type":"Person","@id":"https:\/\/luchonoticias.com\/editor\/#\/schema\/person\/29217990ddf6f14e35912b2866d591fb","name":"Editor General","image":{"@type":"ImageObject","inLanguage":"es","@id":"https:\/\/luchonoticias.com\/editor\/#\/schema\/person\/image\/","url":"https:\/\/luchonoticias.com\/editor\/wp-content\/uploads\/2024\/02\/cropped-cropped-logolu-150x150.webp","contentUrl":"https:\/\/luchonoticias.com\/editor\/wp-content\/uploads\/2024\/02\/cropped-cropped-logolu-150x150.webp","caption":"Editor General"},"sameAs":["https:\/\/luchonoticias.com\/"],"url":"https:\/\/luchonoticias.com\/editor\/author\/editor-general\/"}]}},"_links":{"self":[{"href":"https:\/\/luchonoticias.com\/editor\/wp-json\/wp\/v2\/posts\/47626","targetHints":{"allow":["GET"]}}],"collection":[{"href":"https:\/\/luchonoticias.com\/editor\/wp-json\/wp\/v2\/posts"}],"about":[{"href":"https:\/\/luchonoticias.com\/editor\/wp-json\/wp\/v2\/types\/post"}],"author":[{"embeddable":true,"href":"https:\/\/luchonoticias.com\/editor\/wp-json\/wp\/v2\/users\/2"}],"replies":[{"embeddable":true,"href":"https:\/\/luchonoticias.com\/editor\/wp-json\/wp\/v2\/comments?post=47626"}],"version-history":[{"count":0,"href":"https:\/\/luchonoticias.com\/editor\/wp-json\/wp\/v2\/posts\/47626\/revisions"}],"wp:attachment":[{"href":"https:\/\/luchonoticias.com\/editor\/wp-json\/wp\/v2\/media?parent=47626"}],"wp:term":[{"taxonomy":"category","embeddable":true,"href":"https:\/\/luchonoticias.com\/editor\/wp-json\/wp\/v2\/categories?post=47626"},{"taxonomy":"post_tag","embeddable":true,"href":"https:\/\/luchonoticias.com\/editor\/wp-json\/wp\/v2\/tags?post=47626"}],"curies":[{"name":"wp","href":"https:\/\/api.w.org\/{rel}","templated":true}]}}