{"id":47631,"date":"2023-03-07T05:17:55","date_gmt":"2023-03-07T10:17:55","guid":{"rendered":"https:\/\/luchonoticias.com\/?p=47631"},"modified":"2023-03-07T05:17:56","modified_gmt":"2023-03-07T10:17:56","slug":"fonvihuila-promociona-proyecto-de-vivienda-en-tello","status":"publish","type":"post","link":"https:\/\/luchonoticias.com\/editor\/fonvihuila-promociona-proyecto-de-vivienda-en-tello\/","title":{"rendered":"Fonvihuila promociona proyecto de vivienda en Tello"},"content":{"rendered":"\n<p>Cerca de 30&nbsp;<strong>funcionarios de Fonvihuila<\/strong>, Fondo de Vivienda del Huila,&nbsp;<strong>recorrieron las calles del municipio de Tello<\/strong>, visitando puerta a puerta a cada uno de los habitantes,&nbsp;<strong>dando a conocer la oferta institucional con la posibilidad de subsidios<\/strong>&nbsp;para adquirir vivienda en un nuevo proyecto que ser\u00e1 construido en la localidad.<\/p>\n\n\n\n<p>\u201cHoy todo el equipo de Fonvihuila se ha acercado al municipio de Tello, para que de manera particular y de puerta en puerta sigamos&nbsp;<strong>mostrando, ofreciendo y divulgando de qu\u00e9 manera la comunidad de esta importante municipalidad conozca la facilidad que ofrece el gobierno departamental&nbsp;<\/strong>y que la comunidad acceda a los subsidios y cumplan el sue\u00f1o de tener vivienda nueva\u201d, se\u00f1al\u00f3 Juan Gonz\u00e1lez, profesional de apoyo de Fonvihuila.<\/p>\n\n\n\n<p>\u201cSon&nbsp;<strong>100 soluciones de vivienda que est\u00e1 ofreciendo el gobierno departamental,<\/strong>&nbsp;para que la comunidad cumpla ese sue\u00f1o y desde luego exponiendo esas facilidades para que todos cumplamos esa promesa, ese trabajo de poder tener vivienda y desde luego su familia crecer\u201d, a\u00f1adi\u00f3.<\/p>\n\n\n\n<p>El alcalde del Municipio de Tello, Jos\u00e9 Manuel C\u00f3rdoba, dijo que ya&nbsp;<strong>la administraci\u00f3n municipal ha dispuesto el lote para la construcci\u00f3n del proyecto urban\u00edstico, \u201cPortal de la uni\u00f3n\u201d<\/strong>, en el cual sus habitantes, tendr\u00e1n la oportunidad de obtener 4 subsidios de vivienda.<\/p>\n\n\n\n<p>El&nbsp;<strong>proyecto&nbsp;<\/strong>que tendr\u00e1 senderos peatonales, ciclo rutas, sal\u00f3n social, parques Biosaludables, con viviendas de 50.58 metros cuadrados m\u00e1s \u00e1rea de patio para futura ampliaci\u00f3n,&nbsp;<strong>en la actualidad se encuentra en etapa de promoci\u00f3n&nbsp;<\/strong>y se espera su pronto cierre financiero donde confluyan todos los recursos que permitan el pronto inicio de su construcci\u00f3n.<\/p>\n","protected":false},"excerpt":{"rendered":"<p>Cerca de 30&nbsp;funcionarios de Fonvihuila, Fondo de Vivienda del Huila,&nbsp;recorrieron las calles del municipio de Tello, visitando puerta a puerta a cada uno de los habitantes,&nbsp;dando a conocer la oferta institucional con la posibilidad de subsidios&nbsp;para adquirir vivienda en un nuevo proyecto que ser\u00e1 construido en la localidad. \u201cHoy todo el equipo de Fonvihuila se [&hellip;]<\/p>\n","protected":false},"author":2,"featured_media":0,"comment_status":"open","ping_status":"open","sticky":false,"template":"","format":"standard","meta":{"footnotes":""},"categories":[33],"tags":[],"class_list":["post-47631","post","type-post","status-publish","format-standard","hentry","category-huila"],"yoast_head":"<!-- This site is optimized with the Yoast SEO plugin v26.6 - https:\/\/yoast.com\/wordpress\/plugins\/seo\/ -->\n<title>Fonvihuila promociona proyecto de vivienda en Tello -<\/title>\n<meta name=\"robots\" content=\"index, follow, max-snippet:-1, max-image-preview:large, max-video-preview:-1\" \/>\n<link rel=\"canonical\" href=\"https:\/\/luchonoticias.com\/editor\/fonvihuila-promociona-proyecto-de-vivienda-en-tello\/\" \/>\n<meta property=\"og:locale\" content=\"es_ES\" \/>\n<meta property=\"og:type\" content=\"article\" \/>\n<meta property=\"og:title\" content=\"Fonvihuila promociona proyecto de vivienda en Tello -\" \/>\n<meta property=\"og:url\" content=\"https:\/\/luchonoticias.com\/editor\/fonvihuila-promociona-proyecto-de-vivienda-en-tello\/\" \/>\n<meta property=\"article:publisher\" content=\"https:\/\/www.facebook.com\/luchonoticiasneiva\" \/>\n<meta property=\"article:published_time\" content=\"2023-03-07T10:17:55+00:00\" \/>\n<meta property=\"article:modified_time\" content=\"2023-03-07T10:17:56+00:00\" \/>\n<meta name=\"author\" content=\"Editor General\" \/>\n<meta name=\"twitter:card\" content=\"summary_large_image\" \/>\n<meta name=\"twitter:label1\" content=\"Escrito por\" \/>\n\t<meta name=\"twitter:data1\" content=\"Editor General\" \/>\n\t<meta name=\"twitter:label2\" content=\"Tiempo de lectura\" \/>\n\t<meta name=\"twitter:data2\" content=\"1 minuto\" \/>\n<script type=\"application\/ld+json\" class=\"yoast-schema-graph\">{\"@context\":\"https:\/\/schema.org\",\"@graph\":[{\"@type\":\"Article\",\"@id\":\"https:\/\/luchonoticias.com\/editor\/fonvihuila-promociona-proyecto-de-vivienda-en-tello\/#article\",\"isPartOf\":{\"@id\":\"https:\/\/luchonoticias.com\/editor\/fonvihuila-promociona-proyecto-de-vivienda-en-tello\/\"},\"author\":{\"name\":\"Editor General\",\"@id\":\"https:\/\/luchonoticias.com\/editor\/#\/schema\/person\/29217990ddf6f14e35912b2866d591fb\"},\"headline\":\"Fonvihuila promociona proyecto de vivienda en Tello\",\"datePublished\":\"2023-03-07T10:17:55+00:00\",\"dateModified\":\"2023-03-07T10:17:56+00:00\",\"mainEntityOfPage\":{\"@id\":\"https:\/\/luchonoticias.com\/editor\/fonvihuila-promociona-proyecto-de-vivienda-en-tello\/\"},\"wordCount\":293,\"commentCount\":0,\"publisher\":{\"@id\":\"https:\/\/luchonoticias.com\/editor\/#\/schema\/person\/7a7fd911f58561fd056dbac7b55af9cd\"},\"articleSection\":[\"Huila\"],\"inLanguage\":\"es\",\"potentialAction\":[{\"@type\":\"CommentAction\",\"name\":\"Comment\",\"target\":[\"https:\/\/luchonoticias.com\/editor\/fonvihuila-promociona-proyecto-de-vivienda-en-tello\/#respond\"]}]},{\"@type\":\"WebPage\",\"@id\":\"https:\/\/luchonoticias.com\/editor\/fonvihuila-promociona-proyecto-de-vivienda-en-tello\/\",\"url\":\"https:\/\/luchonoticias.com\/editor\/fonvihuila-promociona-proyecto-de-vivienda-en-tello\/\",\"name\":\"Fonvihuila promociona proyecto de vivienda en Tello -\",\"isPartOf\":{\"@id\":\"https:\/\/luchonoticias.com\/editor\/#website\"},\"datePublished\":\"2023-03-07T10:17:55+00:00\",\"dateModified\":\"2023-03-07T10:17:56+00:00\",\"breadcrumb\":{\"@id\":\"https:\/\/luchonoticias.com\/editor\/fonvihuila-promociona-proyecto-de-vivienda-en-tello\/#breadcrumb\"},\"inLanguage\":\"es\",\"potentialAction\":[{\"@type\":\"ReadAction\",\"target\":[\"https:\/\/luchonoticias.com\/editor\/fonvihuila-promociona-proyecto-de-vivienda-en-tello\/\"]}]},{\"@type\":\"BreadcrumbList\",\"@id\":\"https:\/\/luchonoticias.com\/editor\/fonvihuila-promociona-proyecto-de-vivienda-en-tello\/#breadcrumb\",\"itemListElement\":[{\"@type\":\"ListItem\",\"position\":1,\"name\":\"Portada\",\"item\":\"https:\/\/luchonoticias.com\/editor\/\"},{\"@type\":\"ListItem\",\"position\":2,\"name\":\"Fonvihuila promociona proyecto de vivienda en Tello\"}]},{\"@type\":\"WebSite\",\"@id\":\"https:\/\/luchonoticias.com\/editor\/#website\",\"url\":\"https:\/\/luchonoticias.com\/editor\/\",\"name\":\"\",\"description\":\"\",\"publisher\":{\"@id\":\"https:\/\/luchonoticias.com\/editor\/#\/schema\/person\/7a7fd911f58561fd056dbac7b55af9cd\"},\"potentialAction\":[{\"@type\":\"SearchAction\",\"target\":{\"@type\":\"EntryPoint\",\"urlTemplate\":\"https:\/\/luchonoticias.com\/editor\/?s={search_term_string}\"},\"query-input\":{\"@type\":\"PropertyValueSpecification\",\"valueRequired\":true,\"valueName\":\"search_term_string\"}}],\"inLanguage\":\"es\"},{\"@type\":[\"Person\",\"Organization\"],\"@id\":\"https:\/\/luchonoticias.com\/editor\/#\/schema\/person\/7a7fd911f58561fd056dbac7b55af9cd\",\"name\":\"admin\",\"image\":{\"@type\":\"ImageObject\",\"inLanguage\":\"es\",\"@id\":\"https:\/\/luchonoticias.com\/editor\/#\/schema\/person\/image\/\",\"url\":\"https:\/\/luchonoticias.com\/editor\/wp-content\/uploads\/2024\/02\/cropped-cropped-logolu.webp\",\"contentUrl\":\"https:\/\/luchonoticias.com\/editor\/wp-content\/uploads\/2024\/02\/cropped-cropped-logolu.webp\",\"width\":382,\"height\":170,\"caption\":\"admin\"},\"logo\":{\"@id\":\"https:\/\/luchonoticias.com\/editor\/#\/schema\/person\/image\/\"},\"sameAs\":[\"https:\/\/www.facebook.com\/luchonoticiasneiva\"]},{\"@type\":\"Person\",\"@id\":\"https:\/\/luchonoticias.com\/editor\/#\/schema\/person\/29217990ddf6f14e35912b2866d591fb\",\"name\":\"Editor General\",\"image\":{\"@type\":\"ImageObject\",\"inLanguage\":\"es\",\"@id\":\"https:\/\/luchonoticias.com\/editor\/#\/schema\/person\/image\/\",\"url\":\"https:\/\/luchonoticias.com\/editor\/wp-content\/uploads\/2024\/02\/cropped-cropped-logolu-150x150.webp\",\"contentUrl\":\"https:\/\/luchonoticias.com\/editor\/wp-content\/uploads\/2024\/02\/cropped-cropped-logolu-150x150.webp\",\"caption\":\"Editor General\"},\"sameAs\":[\"https:\/\/luchonoticias.com\/\"],\"url\":\"https:\/\/luchonoticias.com\/editor\/author\/editor-general\/\"}]}<\/script>\n<!-- \/ Yoast SEO plugin. -->","yoast_head_json":{"title":"Fonvihuila promociona proyecto de vivienda en Tello -","robots":{"index":"index","follow":"follow","max-snippet":"max-snippet:-1","max-image-preview":"max-image-preview:large","max-video-preview":"max-video-preview:-1"},"canonical":"https:\/\/luchonoticias.com\/editor\/fonvihuila-promociona-proyecto-de-vivienda-en-tello\/","og_locale":"es_ES","og_type":"article","og_title":"Fonvihuila promociona proyecto de vivienda en Tello -","og_url":"https:\/\/luchonoticias.com\/editor\/fonvihuila-promociona-proyecto-de-vivienda-en-tello\/","article_publisher":"https:\/\/www.facebook.com\/luchonoticiasneiva","article_published_time":"2023-03-07T10:17:55+00:00","article_modified_time":"2023-03-07T10:17:56+00:00","author":"Editor General","twitter_card":"summary_large_image","twitter_misc":{"Escrito por":"Editor General","Tiempo de lectura":"1 minuto"},"schema":{"@context":"https:\/\/schema.org","@graph":[{"@type":"Article","@id":"https:\/\/luchonoticias.com\/editor\/fonvihuila-promociona-proyecto-de-vivienda-en-tello\/#article","isPartOf":{"@id":"https:\/\/luchonoticias.com\/editor\/fonvihuila-promociona-proyecto-de-vivienda-en-tello\/"},"author":{"name":"Editor General","@id":"https:\/\/luchonoticias.com\/editor\/#\/schema\/person\/29217990ddf6f14e35912b2866d591fb"},"headline":"Fonvihuila promociona proyecto de vivienda en Tello","datePublished":"2023-03-07T10:17:55+00:00","dateModified":"2023-03-07T10:17:56+00:00","mainEntityOfPage":{"@id":"https:\/\/luchonoticias.com\/editor\/fonvihuila-promociona-proyecto-de-vivienda-en-tello\/"},"wordCount":293,"commentCount":0,"publisher":{"@id":"https:\/\/luchonoticias.com\/editor\/#\/schema\/person\/7a7fd911f58561fd056dbac7b55af9cd"},"articleSection":["Huila"],"inLanguage":"es","potentialAction":[{"@type":"CommentAction","name":"Comment","target":["https:\/\/luchonoticias.com\/editor\/fonvihuila-promociona-proyecto-de-vivienda-en-tello\/#respond"]}]},{"@type":"WebPage","@id":"https:\/\/luchonoticias.com\/editor\/fonvihuila-promociona-proyecto-de-vivienda-en-tello\/","url":"https:\/\/luchonoticias.com\/editor\/fonvihuila-promociona-proyecto-de-vivienda-en-tello\/","name":"Fonvihuila promociona proyecto de vivienda en Tello -","isPartOf":{"@id":"https:\/\/luchonoticias.com\/editor\/#website"},"datePublished":"2023-03-07T10:17:55+00:00","dateModified":"2023-03-07T10:17:56+00:00","breadcrumb":{"@id":"https:\/\/luchonoticias.com\/editor\/fonvihuila-promociona-proyecto-de-vivienda-en-tello\/#breadcrumb"},"inLanguage":"es","potentialAction":[{"@type":"ReadAction","target":["https:\/\/luchonoticias.com\/editor\/fonvihuila-promociona-proyecto-de-vivienda-en-tello\/"]}]},{"@type":"BreadcrumbList","@id":"https:\/\/luchonoticias.com\/editor\/fonvihuila-promociona-proyecto-de-vivienda-en-tello\/#breadcrumb","itemListElement":[{"@type":"ListItem","position":1,"name":"Portada","item":"https:\/\/luchonoticias.com\/editor\/"},{"@type":"ListItem","position":2,"name":"Fonvihuila promociona proyecto de vivienda en Tello"}]},{"@type":"WebSite","@id":"https:\/\/luchonoticias.com\/editor\/#website","url":"https:\/\/luchonoticias.com\/editor\/","name":"","description":"","publisher":{"@id":"https:\/\/luchonoticias.com\/editor\/#\/schema\/person\/7a7fd911f58561fd056dbac7b55af9cd"},"potentialAction":[{"@type":"SearchAction","target":{"@type":"EntryPoint","urlTemplate":"https:\/\/luchonoticias.com\/editor\/?s={search_term_string}"},"query-input":{"@type":"PropertyValueSpecification","valueRequired":true,"valueName":"search_term_string"}}],"inLanguage":"es"},{"@type":["Person","Organization"],"@id":"https:\/\/luchonoticias.com\/editor\/#\/schema\/person\/7a7fd911f58561fd056dbac7b55af9cd","name":"admin","image":{"@type":"ImageObject","inLanguage":"es","@id":"https:\/\/luchonoticias.com\/editor\/#\/schema\/person\/image\/","url":"https:\/\/luchonoticias.com\/editor\/wp-content\/uploads\/2024\/02\/cropped-cropped-logolu.webp","contentUrl":"https:\/\/luchonoticias.com\/editor\/wp-content\/uploads\/2024\/02\/cropped-cropped-logolu.webp","width":382,"height":170,"caption":"admin"},"logo":{"@id":"https:\/\/luchonoticias.com\/editor\/#\/schema\/person\/image\/"},"sameAs":["https:\/\/www.facebook.com\/luchonoticiasneiva"]},{"@type":"Person","@id":"https:\/\/luchonoticias.com\/editor\/#\/schema\/person\/29217990ddf6f14e35912b2866d591fb","name":"Editor General","image":{"@type":"ImageObject","inLanguage":"es","@id":"https:\/\/luchonoticias.com\/editor\/#\/schema\/person\/image\/","url":"https:\/\/luchonoticias.com\/editor\/wp-content\/uploads\/2024\/02\/cropped-cropped-logolu-150x150.webp","contentUrl":"https:\/\/luchonoticias.com\/editor\/wp-content\/uploads\/2024\/02\/cropped-cropped-logolu-150x150.webp","caption":"Editor General"},"sameAs":["https:\/\/luchonoticias.com\/"],"url":"https:\/\/luchonoticias.com\/editor\/author\/editor-general\/"}]}},"_links":{"self":[{"href":"https:\/\/luchonoticias.com\/editor\/wp-json\/wp\/v2\/posts\/47631","targetHints":{"allow":["GET"]}}],"collection":[{"href":"https:\/\/luchonoticias.com\/editor\/wp-json\/wp\/v2\/posts"}],"about":[{"href":"https:\/\/luchonoticias.com\/editor\/wp-json\/wp\/v2\/types\/post"}],"author":[{"embeddable":true,"href":"https:\/\/luchonoticias.com\/editor\/wp-json\/wp\/v2\/users\/2"}],"replies":[{"embeddable":true,"href":"https:\/\/luchonoticias.com\/editor\/wp-json\/wp\/v2\/comments?post=47631"}],"version-history":[{"count":0,"href":"https:\/\/luchonoticias.com\/editor\/wp-json\/wp\/v2\/posts\/47631\/revisions"}],"wp:attachment":[{"href":"https:\/\/luchonoticias.com\/editor\/wp-json\/wp\/v2\/media?parent=47631"}],"wp:term":[{"taxonomy":"category","embeddable":true,"href":"https:\/\/luchonoticias.com\/editor\/wp-json\/wp\/v2\/categories?post=47631"},{"taxonomy":"post_tag","embeddable":true,"href":"https:\/\/luchonoticias.com\/editor\/wp-json\/wp\/v2\/tags?post=47631"}],"curies":[{"name":"wp","href":"https:\/\/api.w.org\/{rel}","templated":true}]}}