{"id":47752,"date":"2023-03-08T06:57:57","date_gmt":"2023-03-08T11:57:57","guid":{"rendered":"https:\/\/luchonoticias.com\/?p=47752"},"modified":"2023-03-08T06:57:58","modified_gmt":"2023-03-08T11:57:58","slug":"designadas-comisiones-permanentes-de-la-asamblea-departamental","status":"publish","type":"post","link":"https:\/\/luchonoticias.com\/editor\/designadas-comisiones-permanentes-de-la-asamblea-departamental\/","title":{"rendered":"Designadas comisiones permanentes de la Asamblea Departamental"},"content":{"rendered":"\n<p>Cumpliendo el reglamento interno constitucional, la Asamblea Departamental del Huila eligi\u00f3 los miembros de las comisiones encargas de estudiar y rendir informe en primer debate a los proyectos de ordenanza en tr\u00e1mite y que sean de su conocimiento, seg\u00fan el texto, en las sesiones del a\u00f1o 2023.<\/p>\n\n\n\n<p>En la Duma funcionan cinco comisiones permanentes: de la Mesa, de Asuntos Econ\u00f3micos, del Plan, de Negocios Generales y la de Derechos Humanos y Participaci\u00f3n Ciudadana.<\/p>\n\n\n\n<p>Tras la designaci\u00f3n, el presidente Armando Acu\u00f1a se encarg\u00f3 de tomar juramento a los diputados miembros.<\/p>\n\n\n\n<p>\u201cSe encargar\u00e1n de estudiar con juicio y responsabilidad los textos de las iniciativas dando luces a la plenaria sobre la conveniencia o no en el tr\u00e1mite. Vamos a fortalecer la gesti\u00f3n este a\u00f1o en beneficio de todos los huilenses\u201d, manifest\u00f3 el diputado de la Alianza Verde.<\/p>\n\n\n\n<figure class=\"wp-block-image size-large\"><img decoding=\"async\" src=\"https:\/\/luchonoticias.com\/wp-content\/uploads\/2023\/03\/WhatsApp-Image-2023-03-07-at-5.17.57-PM-1024x682.jpeg\" alt=\"\" class=\"wp-image-47754\"\/><figcaption class=\"wp-element-caption\">Las sesiones continuar\u00e1n hoy mi\u00e9rcoles 8 de marzo, a las 7:30 de la ma\u00f1ana.<\/figcaption><\/figure>\n\n\n\n<p><strong>ELECCI\u00d3N DE COMISIONES DEL A\u00d1O 2023<\/strong><\/p>\n\n\n\n<p><strong>Comisi\u00f3n Primera- Comisi\u00f3n de Hacienda y Asuntos Econ\u00f3micos<\/strong><\/p>\n\n\n\n<p>Virgilio Huergo G\u00f3mez<\/p>\n\n\n\n<p>Carlos Ramiro Ch\u00e1varro Cu\u00e9llar<\/p>\n\n\n\n<p>Orlando Ibag\u00f3n S\u00e1nchez<\/p>\n\n\n\n<p>Johann Alexander Vargas Bedoya<\/p>\n\n\n\n<p><strong>Comisi\u00f3n Segunda- Comisi\u00f3n del Plan de Desarrollo, Ordenamiento, Productividad y Medio Ambiente<\/strong><\/p>\n\n\n\n<p>Sandra Milena Hern\u00e1ndez Rinc\u00f3n<\/p>\n\n\n\n<p>Camilo Ospina Mart\u00ednez<\/p>\n\n\n\n<p>Jos\u00e9 Armando Acu\u00f1a Molina<\/p>\n\n\n\n<p>Tatiana Patricia M\u00e9ndez Ramos<\/p>\n\n\n\n<p><strong>Comisi\u00f3n Tercera- Comisi\u00f3n de Negocios Generales<\/strong><\/p>\n\n\n\n<p>Omar Alexis D\u00edaz Cuellar<\/p>\n\n\n\n<p>Jorge Andr\u00e9s Gechem Artunduaga<\/p>\n\n\n\n<p>Clara In\u00e9s Vega P\u00e9rez<\/p>\n\n\n\n<p>Karol Vanessa Ortigoza Vargas<\/p>\n\n\n\n<p><strong>Comisi\u00f3n de la Mujer-Ordenanza<\/strong><\/p>\n\n\n\n<p>Clara In\u00e9s Vega P\u00e9rez<\/p>\n\n\n\n<p>Tatiana Patricia M\u00e9ndez Ramos<\/p>\n\n\n\n<p>Karol Vanessa Ortigoza Vargas<\/p>\n\n\n\n<p>Sandra Milena Hern\u00e1ndez Rinc\u00f3n<\/p>\n","protected":false},"excerpt":{"rendered":"<p>Cumpliendo el reglamento interno constitucional, la Asamblea Departamental del Huila eligi\u00f3 los miembros de las comisiones encargas de estudiar y rendir informe en primer debate a los proyectos de ordenanza en tr\u00e1mite y que sean de su conocimiento, seg\u00fan el texto, en las sesiones del a\u00f1o 2023. En la Duma funcionan cinco comisiones permanentes: de [&hellip;]<\/p>\n","protected":false},"author":2,"featured_media":0,"comment_status":"open","ping_status":"open","sticky":false,"template":"","format":"standard","meta":{"footnotes":""},"categories":[36,617],"tags":[],"class_list":["post-47752","post","type-post","status-publish","format-standard","hentry","category-destacado","category-politica"],"yoast_head":"<!-- This site is optimized with the Yoast SEO plugin v26.6 - https:\/\/yoast.com\/wordpress\/plugins\/seo\/ -->\n<title>Designadas comisiones permanentes de la Asamblea Departamental -<\/title>\n<meta name=\"robots\" content=\"index, follow, max-snippet:-1, max-image-preview:large, max-video-preview:-1\" \/>\n<link rel=\"canonical\" href=\"https:\/\/luchonoticias.com\/editor\/designadas-comisiones-permanentes-de-la-asamblea-departamental\/\" \/>\n<meta property=\"og:locale\" content=\"es_ES\" \/>\n<meta property=\"og:type\" content=\"article\" \/>\n<meta property=\"og:title\" content=\"Designadas comisiones permanentes de la Asamblea Departamental -\" \/>\n<meta property=\"og:url\" content=\"https:\/\/luchonoticias.com\/editor\/designadas-comisiones-permanentes-de-la-asamblea-departamental\/\" \/>\n<meta property=\"article:publisher\" content=\"https:\/\/www.facebook.com\/luchonoticiasneiva\" \/>\n<meta property=\"article:published_time\" content=\"2023-03-08T11:57:57+00:00\" \/>\n<meta property=\"article:modified_time\" content=\"2023-03-08T11:57:58+00:00\" \/>\n<meta property=\"og:image\" content=\"https:\/\/luchonoticias.com\/wp-content\/uploads\/2023\/03\/WhatsApp-Image-2023-03-07-at-5.17.57-PM-1024x682.jpeg\" \/>\n<meta name=\"author\" content=\"Editor General\" \/>\n<meta name=\"twitter:card\" content=\"summary_large_image\" \/>\n<meta name=\"twitter:label1\" content=\"Escrito por\" \/>\n\t<meta name=\"twitter:data1\" content=\"Editor General\" \/>\n\t<meta name=\"twitter:label2\" content=\"Tiempo de lectura\" \/>\n\t<meta name=\"twitter:data2\" content=\"1 minuto\" \/>\n<script type=\"application\/ld+json\" class=\"yoast-schema-graph\">{\"@context\":\"https:\/\/schema.org\",\"@graph\":[{\"@type\":\"Article\",\"@id\":\"https:\/\/luchonoticias.com\/editor\/designadas-comisiones-permanentes-de-la-asamblea-departamental\/#article\",\"isPartOf\":{\"@id\":\"https:\/\/luchonoticias.com\/editor\/designadas-comisiones-permanentes-de-la-asamblea-departamental\/\"},\"author\":{\"name\":\"Editor General\",\"@id\":\"https:\/\/luchonoticias.com\/editor\/#\/schema\/person\/29217990ddf6f14e35912b2866d591fb\"},\"headline\":\"Designadas comisiones permanentes de la Asamblea Departamental\",\"datePublished\":\"2023-03-08T11:57:57+00:00\",\"dateModified\":\"2023-03-08T11:57:58+00:00\",\"mainEntityOfPage\":{\"@id\":\"https:\/\/luchonoticias.com\/editor\/designadas-comisiones-permanentes-de-la-asamblea-departamental\/\"},\"wordCount\":292,\"commentCount\":0,\"publisher\":{\"@id\":\"https:\/\/luchonoticias.com\/editor\/#\/schema\/person\/7a7fd911f58561fd056dbac7b55af9cd\"},\"image\":{\"@id\":\"https:\/\/luchonoticias.com\/editor\/designadas-comisiones-permanentes-de-la-asamblea-departamental\/#primaryimage\"},\"thumbnailUrl\":\"https:\/\/luchonoticias.com\/wp-content\/uploads\/2023\/03\/WhatsApp-Image-2023-03-07-at-5.17.57-PM-1024x682.jpeg\",\"articleSection\":[\"Destacado\",\"Pol\u00edtica\"],\"inLanguage\":\"es\",\"potentialAction\":[{\"@type\":\"CommentAction\",\"name\":\"Comment\",\"target\":[\"https:\/\/luchonoticias.com\/editor\/designadas-comisiones-permanentes-de-la-asamblea-departamental\/#respond\"]}]},{\"@type\":\"WebPage\",\"@id\":\"https:\/\/luchonoticias.com\/editor\/designadas-comisiones-permanentes-de-la-asamblea-departamental\/\",\"url\":\"https:\/\/luchonoticias.com\/editor\/designadas-comisiones-permanentes-de-la-asamblea-departamental\/\",\"name\":\"Designadas comisiones permanentes de la Asamblea Departamental -\",\"isPartOf\":{\"@id\":\"https:\/\/luchonoticias.com\/editor\/#website\"},\"primaryImageOfPage\":{\"@id\":\"https:\/\/luchonoticias.com\/editor\/designadas-comisiones-permanentes-de-la-asamblea-departamental\/#primaryimage\"},\"image\":{\"@id\":\"https:\/\/luchonoticias.com\/editor\/designadas-comisiones-permanentes-de-la-asamblea-departamental\/#primaryimage\"},\"thumbnailUrl\":\"https:\/\/luchonoticias.com\/wp-content\/uploads\/2023\/03\/WhatsApp-Image-2023-03-07-at-5.17.57-PM-1024x682.jpeg\",\"datePublished\":\"2023-03-08T11:57:57+00:00\",\"dateModified\":\"2023-03-08T11:57:58+00:00\",\"breadcrumb\":{\"@id\":\"https:\/\/luchonoticias.com\/editor\/designadas-comisiones-permanentes-de-la-asamblea-departamental\/#breadcrumb\"},\"inLanguage\":\"es\",\"potentialAction\":[{\"@type\":\"ReadAction\",\"target\":[\"https:\/\/luchonoticias.com\/editor\/designadas-comisiones-permanentes-de-la-asamblea-departamental\/\"]}]},{\"@type\":\"ImageObject\",\"inLanguage\":\"es\",\"@id\":\"https:\/\/luchonoticias.com\/editor\/designadas-comisiones-permanentes-de-la-asamblea-departamental\/#primaryimage\",\"url\":\"https:\/\/luchonoticias.com\/wp-content\/uploads\/2023\/03\/WhatsApp-Image-2023-03-07-at-5.17.57-PM-1024x682.jpeg\",\"contentUrl\":\"https:\/\/luchonoticias.com\/wp-content\/uploads\/2023\/03\/WhatsApp-Image-2023-03-07-at-5.17.57-PM-1024x682.jpeg\"},{\"@type\":\"BreadcrumbList\",\"@id\":\"https:\/\/luchonoticias.com\/editor\/designadas-comisiones-permanentes-de-la-asamblea-departamental\/#breadcrumb\",\"itemListElement\":[{\"@type\":\"ListItem\",\"position\":1,\"name\":\"Portada\",\"item\":\"https:\/\/luchonoticias.com\/editor\/\"},{\"@type\":\"ListItem\",\"position\":2,\"name\":\"Designadas comisiones permanentes de la Asamblea Departamental\"}]},{\"@type\":\"WebSite\",\"@id\":\"https:\/\/luchonoticias.com\/editor\/#website\",\"url\":\"https:\/\/luchonoticias.com\/editor\/\",\"name\":\"\",\"description\":\"\",\"publisher\":{\"@id\":\"https:\/\/luchonoticias.com\/editor\/#\/schema\/person\/7a7fd911f58561fd056dbac7b55af9cd\"},\"potentialAction\":[{\"@type\":\"SearchAction\",\"target\":{\"@type\":\"EntryPoint\",\"urlTemplate\":\"https:\/\/luchonoticias.com\/editor\/?s={search_term_string}\"},\"query-input\":{\"@type\":\"PropertyValueSpecification\",\"valueRequired\":true,\"valueName\":\"search_term_string\"}}],\"inLanguage\":\"es\"},{\"@type\":[\"Person\",\"Organization\"],\"@id\":\"https:\/\/luchonoticias.com\/editor\/#\/schema\/person\/7a7fd911f58561fd056dbac7b55af9cd\",\"name\":\"admin\",\"image\":{\"@type\":\"ImageObject\",\"inLanguage\":\"es\",\"@id\":\"https:\/\/luchonoticias.com\/editor\/#\/schema\/person\/image\/\",\"url\":\"https:\/\/luchonoticias.com\/editor\/wp-content\/uploads\/2024\/02\/cropped-cropped-logolu.webp\",\"contentUrl\":\"https:\/\/luchonoticias.com\/editor\/wp-content\/uploads\/2024\/02\/cropped-cropped-logolu.webp\",\"width\":382,\"height\":170,\"caption\":\"admin\"},\"logo\":{\"@id\":\"https:\/\/luchonoticias.com\/editor\/#\/schema\/person\/image\/\"},\"sameAs\":[\"https:\/\/www.facebook.com\/luchonoticiasneiva\"]},{\"@type\":\"Person\",\"@id\":\"https:\/\/luchonoticias.com\/editor\/#\/schema\/person\/29217990ddf6f14e35912b2866d591fb\",\"name\":\"Editor General\",\"image\":{\"@type\":\"ImageObject\",\"inLanguage\":\"es\",\"@id\":\"https:\/\/luchonoticias.com\/editor\/#\/schema\/person\/image\/\",\"url\":\"https:\/\/luchonoticias.com\/editor\/wp-content\/uploads\/2024\/02\/cropped-cropped-logolu-150x150.webp\",\"contentUrl\":\"https:\/\/luchonoticias.com\/editor\/wp-content\/uploads\/2024\/02\/cropped-cropped-logolu-150x150.webp\",\"caption\":\"Editor General\"},\"sameAs\":[\"https:\/\/luchonoticias.com\/\"],\"url\":\"https:\/\/luchonoticias.com\/editor\/author\/editor-general\/\"}]}<\/script>\n<!-- \/ Yoast SEO plugin. -->","yoast_head_json":{"title":"Designadas comisiones permanentes de la Asamblea Departamental -","robots":{"index":"index","follow":"follow","max-snippet":"max-snippet:-1","max-image-preview":"max-image-preview:large","max-video-preview":"max-video-preview:-1"},"canonical":"https:\/\/luchonoticias.com\/editor\/designadas-comisiones-permanentes-de-la-asamblea-departamental\/","og_locale":"es_ES","og_type":"article","og_title":"Designadas comisiones permanentes de la Asamblea Departamental -","og_url":"https:\/\/luchonoticias.com\/editor\/designadas-comisiones-permanentes-de-la-asamblea-departamental\/","article_publisher":"https:\/\/www.facebook.com\/luchonoticiasneiva","article_published_time":"2023-03-08T11:57:57+00:00","article_modified_time":"2023-03-08T11:57:58+00:00","og_image":[{"url":"https:\/\/luchonoticias.com\/wp-content\/uploads\/2023\/03\/WhatsApp-Image-2023-03-07-at-5.17.57-PM-1024x682.jpeg","type":"","width":"","height":""}],"author":"Editor General","twitter_card":"summary_large_image","twitter_misc":{"Escrito por":"Editor General","Tiempo de lectura":"1 minuto"},"schema":{"@context":"https:\/\/schema.org","@graph":[{"@type":"Article","@id":"https:\/\/luchonoticias.com\/editor\/designadas-comisiones-permanentes-de-la-asamblea-departamental\/#article","isPartOf":{"@id":"https:\/\/luchonoticias.com\/editor\/designadas-comisiones-permanentes-de-la-asamblea-departamental\/"},"author":{"name":"Editor General","@id":"https:\/\/luchonoticias.com\/editor\/#\/schema\/person\/29217990ddf6f14e35912b2866d591fb"},"headline":"Designadas comisiones permanentes de la Asamblea Departamental","datePublished":"2023-03-08T11:57:57+00:00","dateModified":"2023-03-08T11:57:58+00:00","mainEntityOfPage":{"@id":"https:\/\/luchonoticias.com\/editor\/designadas-comisiones-permanentes-de-la-asamblea-departamental\/"},"wordCount":292,"commentCount":0,"publisher":{"@id":"https:\/\/luchonoticias.com\/editor\/#\/schema\/person\/7a7fd911f58561fd056dbac7b55af9cd"},"image":{"@id":"https:\/\/luchonoticias.com\/editor\/designadas-comisiones-permanentes-de-la-asamblea-departamental\/#primaryimage"},"thumbnailUrl":"https:\/\/luchonoticias.com\/wp-content\/uploads\/2023\/03\/WhatsApp-Image-2023-03-07-at-5.17.57-PM-1024x682.jpeg","articleSection":["Destacado","Pol\u00edtica"],"inLanguage":"es","potentialAction":[{"@type":"CommentAction","name":"Comment","target":["https:\/\/luchonoticias.com\/editor\/designadas-comisiones-permanentes-de-la-asamblea-departamental\/#respond"]}]},{"@type":"WebPage","@id":"https:\/\/luchonoticias.com\/editor\/designadas-comisiones-permanentes-de-la-asamblea-departamental\/","url":"https:\/\/luchonoticias.com\/editor\/designadas-comisiones-permanentes-de-la-asamblea-departamental\/","name":"Designadas comisiones permanentes de la Asamblea Departamental -","isPartOf":{"@id":"https:\/\/luchonoticias.com\/editor\/#website"},"primaryImageOfPage":{"@id":"https:\/\/luchonoticias.com\/editor\/designadas-comisiones-permanentes-de-la-asamblea-departamental\/#primaryimage"},"image":{"@id":"https:\/\/luchonoticias.com\/editor\/designadas-comisiones-permanentes-de-la-asamblea-departamental\/#primaryimage"},"thumbnailUrl":"https:\/\/luchonoticias.com\/wp-content\/uploads\/2023\/03\/WhatsApp-Image-2023-03-07-at-5.17.57-PM-1024x682.jpeg","datePublished":"2023-03-08T11:57:57+00:00","dateModified":"2023-03-08T11:57:58+00:00","breadcrumb":{"@id":"https:\/\/luchonoticias.com\/editor\/designadas-comisiones-permanentes-de-la-asamblea-departamental\/#breadcrumb"},"inLanguage":"es","potentialAction":[{"@type":"ReadAction","target":["https:\/\/luchonoticias.com\/editor\/designadas-comisiones-permanentes-de-la-asamblea-departamental\/"]}]},{"@type":"ImageObject","inLanguage":"es","@id":"https:\/\/luchonoticias.com\/editor\/designadas-comisiones-permanentes-de-la-asamblea-departamental\/#primaryimage","url":"https:\/\/luchonoticias.com\/wp-content\/uploads\/2023\/03\/WhatsApp-Image-2023-03-07-at-5.17.57-PM-1024x682.jpeg","contentUrl":"https:\/\/luchonoticias.com\/wp-content\/uploads\/2023\/03\/WhatsApp-Image-2023-03-07-at-5.17.57-PM-1024x682.jpeg"},{"@type":"BreadcrumbList","@id":"https:\/\/luchonoticias.com\/editor\/designadas-comisiones-permanentes-de-la-asamblea-departamental\/#breadcrumb","itemListElement":[{"@type":"ListItem","position":1,"name":"Portada","item":"https:\/\/luchonoticias.com\/editor\/"},{"@type":"ListItem","position":2,"name":"Designadas comisiones permanentes de la Asamblea Departamental"}]},{"@type":"WebSite","@id":"https:\/\/luchonoticias.com\/editor\/#website","url":"https:\/\/luchonoticias.com\/editor\/","name":"","description":"","publisher":{"@id":"https:\/\/luchonoticias.com\/editor\/#\/schema\/person\/7a7fd911f58561fd056dbac7b55af9cd"},"potentialAction":[{"@type":"SearchAction","target":{"@type":"EntryPoint","urlTemplate":"https:\/\/luchonoticias.com\/editor\/?s={search_term_string}"},"query-input":{"@type":"PropertyValueSpecification","valueRequired":true,"valueName":"search_term_string"}}],"inLanguage":"es"},{"@type":["Person","Organization"],"@id":"https:\/\/luchonoticias.com\/editor\/#\/schema\/person\/7a7fd911f58561fd056dbac7b55af9cd","name":"admin","image":{"@type":"ImageObject","inLanguage":"es","@id":"https:\/\/luchonoticias.com\/editor\/#\/schema\/person\/image\/","url":"https:\/\/luchonoticias.com\/editor\/wp-content\/uploads\/2024\/02\/cropped-cropped-logolu.webp","contentUrl":"https:\/\/luchonoticias.com\/editor\/wp-content\/uploads\/2024\/02\/cropped-cropped-logolu.webp","width":382,"height":170,"caption":"admin"},"logo":{"@id":"https:\/\/luchonoticias.com\/editor\/#\/schema\/person\/image\/"},"sameAs":["https:\/\/www.facebook.com\/luchonoticiasneiva"]},{"@type":"Person","@id":"https:\/\/luchonoticias.com\/editor\/#\/schema\/person\/29217990ddf6f14e35912b2866d591fb","name":"Editor General","image":{"@type":"ImageObject","inLanguage":"es","@id":"https:\/\/luchonoticias.com\/editor\/#\/schema\/person\/image\/","url":"https:\/\/luchonoticias.com\/editor\/wp-content\/uploads\/2024\/02\/cropped-cropped-logolu-150x150.webp","contentUrl":"https:\/\/luchonoticias.com\/editor\/wp-content\/uploads\/2024\/02\/cropped-cropped-logolu-150x150.webp","caption":"Editor General"},"sameAs":["https:\/\/luchonoticias.com\/"],"url":"https:\/\/luchonoticias.com\/editor\/author\/editor-general\/"}]}},"_links":{"self":[{"href":"https:\/\/luchonoticias.com\/editor\/wp-json\/wp\/v2\/posts\/47752","targetHints":{"allow":["GET"]}}],"collection":[{"href":"https:\/\/luchonoticias.com\/editor\/wp-json\/wp\/v2\/posts"}],"about":[{"href":"https:\/\/luchonoticias.com\/editor\/wp-json\/wp\/v2\/types\/post"}],"author":[{"embeddable":true,"href":"https:\/\/luchonoticias.com\/editor\/wp-json\/wp\/v2\/users\/2"}],"replies":[{"embeddable":true,"href":"https:\/\/luchonoticias.com\/editor\/wp-json\/wp\/v2\/comments?post=47752"}],"version-history":[{"count":0,"href":"https:\/\/luchonoticias.com\/editor\/wp-json\/wp\/v2\/posts\/47752\/revisions"}],"wp:attachment":[{"href":"https:\/\/luchonoticias.com\/editor\/wp-json\/wp\/v2\/media?parent=47752"}],"wp:term":[{"taxonomy":"category","embeddable":true,"href":"https:\/\/luchonoticias.com\/editor\/wp-json\/wp\/v2\/categories?post=47752"},{"taxonomy":"post_tag","embeddable":true,"href":"https:\/\/luchonoticias.com\/editor\/wp-json\/wp\/v2\/tags?post=47752"}],"curies":[{"name":"wp","href":"https:\/\/api.w.org\/{rel}","templated":true}]}}