{"id":47855,"date":"2023-03-09T07:34:49","date_gmt":"2023-03-09T12:34:49","guid":{"rendered":"https:\/\/luchonoticias.com\/?p=47855"},"modified":"2023-03-09T07:34:50","modified_gmt":"2023-03-09T12:34:50","slug":"derechos-sexuales-y-reproductivos-de-las-mujeres-en-neiva-objeto-de-debate-en-el-concejo-municipal","status":"publish","type":"post","link":"https:\/\/luchonoticias.com\/editor\/derechos-sexuales-y-reproductivos-de-las-mujeres-en-neiva-objeto-de-debate-en-el-concejo-municipal\/","title":{"rendered":"Derechos Sexuales y Reproductivos de las Mujeres en Neiva, objeto de debate en el Concejo Municipal"},"content":{"rendered":"\n<p>Por invitaci\u00f3n de la concejala Lourdes Matheus, las mujeres de la organizaci\u00f3n comunitaria RHUDA que socializ\u00f3 el&nbsp; diagn\u00f3stico sobre la situaci\u00f3n de los Derechos Sexuales y Reproductivos de las mujeres en la ciudad de Neiva.<\/p>\n\n\n\n<p>Seg\u00fan Ximena Chamorro, coordinadora de proyectos en Rhuda, es importante que los estamentos del estados y las IPS, se ci\u00f1an a las nuevas leyes que se han emitido al respecto, porque las rutas de atenci\u00f3n por ejemplo, no se est\u00e1n cumpliendo.<\/p>\n\n\n\n<p>\u201cLo m\u00e1s importante es que se haga seguimiento, una actualizaci\u00f3n y una adaptaci\u00f3n a las rutas de acceso en todas las IPS, porque algunas se est\u00e1n rigiendo por la sentencia pasada la 355 de 2006 y no la C55 del 2012 porque eso le brinda muchas m\u00e1s garant\u00edas a las mujeres teniendo en cuenta que despenaliza el aborto y queda una libertad de decisi\u00f3n, reconociendo la autonom\u00eda de las mujeres\u201d, explic\u00f3.<\/p>\n\n\n\n<figure class=\"wp-block-gallery has-nested-images columns-default is-cropped wp-block-gallery-1 is-layout-flex wp-block-gallery-is-layout-flex\">\n<figure class=\"wp-block-image size-large\"><img decoding=\"async\" data-id=\"47874\" src=\"https:\/\/luchonoticias.com\/wp-content\/uploads\/2023\/03\/WhatsApp-Image-2023-03-09-at-7.32.39-AM-2-1024x683.jpeg\" alt=\"\" class=\"wp-image-47874\"\/><\/figure>\n\n\n\n<figure class=\"wp-block-image size-large\"><img decoding=\"async\" data-id=\"47875\" src=\"https:\/\/luchonoticias.com\/wp-content\/uploads\/2023\/03\/WhatsApp-Image-2023-03-09-at-7.32.39-AM-1-1024x683.jpeg\" alt=\"\" class=\"wp-image-47875\"\/><\/figure>\n<\/figure>\n\n\n\n<p>La concejala Lourdes Matheus, asegur\u00f3 que el cumplimiento de esa normatividad debe garantizarla el Estado.<\/p>\n\n\n\n<p>\u201cNos expusieron un diagn\u00f3stico muy interesante que deja mucha tarea para la institucionalidad, haciendo \u00e9nfasis en que los garantes de los derechos de las mujeres no son las organizaciones, sino es el Estado colombiano como es en este caso la administraci\u00f3n municipal\u201d, expres\u00f3.<\/p>\n\n\n\n<p>Para el concejal, Juan Carlos Parada, el reclamo hist\u00f3rico de las mujeres los lleva a hacer una reflexi\u00f3n frente a la condici\u00f3n humana, a la vida como tal.<\/p>\n\n\n\n<p>\u201cLos derechos fundamentales de las mujeres, son derechos que se deben materializar a la luz de que las mujeres tienen los mismos derechos que los hombres\u201d, explic\u00f3.<\/p>\n\n\n\n<p>\u201cHoy toc\u00e1bamos un tema muy importante y que tiene que ver con las \u00faltimas decisiones de la Corte Constitucional en el tema relacionado con el aborto como tal, que nos ponen las divisiones de dos extremos en la relaci\u00f3n de derechos, unos que se ponen en la posici\u00f3n de ese naciturus, ese beb\u00e9 en el vientre y el otro en la autodeterminaci\u00f3n de las mujeres de decidir si darle nacimiento o no a ese beb\u00e9\u201d, a\u00f1adi\u00f3.<\/p>\n\n\n\n<p>Y agreg\u00f3 que, \u201cfrente a esa situaci\u00f3n particular en la que estamos en una sociedad bajo el respeto de la moralidad y no la doble moral, este va a ser un trabajo exhaustivo, transversal de toda la institucionalidad del pa\u00eds, no solamente del Estado, sino de la dirigencia pol\u00edtica, y la familia como instituci\u00f3n \u201c.<\/p>\n","protected":false},"excerpt":{"rendered":"<p>Por invitaci\u00f3n de la concejala Lourdes Matheus, las mujeres de la organizaci\u00f3n comunitaria RHUDA que socializ\u00f3 el&nbsp; diagn\u00f3stico sobre la situaci\u00f3n de los Derechos Sexuales y Reproductivos de las mujeres en la ciudad de Neiva. Seg\u00fan Ximena Chamorro, coordinadora de proyectos en Rhuda, es importante que los estamentos del estados y las IPS, se ci\u00f1an [&hellip;]<\/p>\n","protected":false},"author":2,"featured_media":0,"comment_status":"open","ping_status":"open","sticky":false,"template":"","format":"standard","meta":{"footnotes":""},"categories":[36,617],"tags":[],"class_list":["post-47855","post","type-post","status-publish","format-standard","hentry","category-destacado","category-politica"],"yoast_head":"<!-- This site is optimized with the Yoast SEO plugin v26.6 - https:\/\/yoast.com\/wordpress\/plugins\/seo\/ -->\n<title>Derechos Sexuales y Reproductivos de las Mujeres en Neiva, objeto de debate en el Concejo Municipal -<\/title>\n<meta name=\"robots\" content=\"index, follow, max-snippet:-1, max-image-preview:large, max-video-preview:-1\" \/>\n<link rel=\"canonical\" href=\"https:\/\/luchonoticias.com\/editor\/derechos-sexuales-y-reproductivos-de-las-mujeres-en-neiva-objeto-de-debate-en-el-concejo-municipal\/\" \/>\n<meta property=\"og:locale\" content=\"es_ES\" \/>\n<meta property=\"og:type\" content=\"article\" \/>\n<meta property=\"og:title\" content=\"Derechos Sexuales y Reproductivos de las Mujeres en Neiva, objeto de debate en el Concejo Municipal -\" \/>\n<meta property=\"og:url\" content=\"https:\/\/luchonoticias.com\/editor\/derechos-sexuales-y-reproductivos-de-las-mujeres-en-neiva-objeto-de-debate-en-el-concejo-municipal\/\" \/>\n<meta property=\"article:publisher\" content=\"https:\/\/www.facebook.com\/luchonoticiasneiva\" \/>\n<meta property=\"article:published_time\" content=\"2023-03-09T12:34:49+00:00\" \/>\n<meta property=\"article:modified_time\" content=\"2023-03-09T12:34:50+00:00\" \/>\n<meta property=\"og:image\" content=\"https:\/\/luchonoticias.com\/wp-content\/uploads\/2023\/03\/WhatsApp-Image-2023-03-09-at-7.32.39-AM-2-1024x683.jpeg\" \/>\n<meta name=\"author\" content=\"Editor General\" \/>\n<meta name=\"twitter:card\" content=\"summary_large_image\" \/>\n<meta name=\"twitter:label1\" content=\"Escrito por\" \/>\n\t<meta name=\"twitter:data1\" content=\"Editor General\" \/>\n\t<meta name=\"twitter:label2\" content=\"Tiempo de lectura\" \/>\n\t<meta name=\"twitter:data2\" content=\"2 minutos\" \/>\n<script type=\"application\/ld+json\" class=\"yoast-schema-graph\">{\"@context\":\"https:\/\/schema.org\",\"@graph\":[{\"@type\":\"Article\",\"@id\":\"https:\/\/luchonoticias.com\/editor\/derechos-sexuales-y-reproductivos-de-las-mujeres-en-neiva-objeto-de-debate-en-el-concejo-municipal\/#article\",\"isPartOf\":{\"@id\":\"https:\/\/luchonoticias.com\/editor\/derechos-sexuales-y-reproductivos-de-las-mujeres-en-neiva-objeto-de-debate-en-el-concejo-municipal\/\"},\"author\":{\"name\":\"Editor General\",\"@id\":\"https:\/\/luchonoticias.com\/editor\/#\/schema\/person\/29217990ddf6f14e35912b2866d591fb\"},\"headline\":\"Derechos Sexuales y Reproductivos de las Mujeres en Neiva, objeto de debate en el Concejo Municipal\",\"datePublished\":\"2023-03-09T12:34:49+00:00\",\"dateModified\":\"2023-03-09T12:34:50+00:00\",\"mainEntityOfPage\":{\"@id\":\"https:\/\/luchonoticias.com\/editor\/derechos-sexuales-y-reproductivos-de-las-mujeres-en-neiva-objeto-de-debate-en-el-concejo-municipal\/\"},\"wordCount\":434,\"commentCount\":0,\"publisher\":{\"@id\":\"https:\/\/luchonoticias.com\/editor\/#\/schema\/person\/7a7fd911f58561fd056dbac7b55af9cd\"},\"image\":{\"@id\":\"https:\/\/luchonoticias.com\/editor\/derechos-sexuales-y-reproductivos-de-las-mujeres-en-neiva-objeto-de-debate-en-el-concejo-municipal\/#primaryimage\"},\"thumbnailUrl\":\"https:\/\/luchonoticias.com\/wp-content\/uploads\/2023\/03\/WhatsApp-Image-2023-03-09-at-7.32.39-AM-2-1024x683.jpeg\",\"articleSection\":[\"Destacado\",\"Pol\u00edtica\"],\"inLanguage\":\"es\",\"potentialAction\":[{\"@type\":\"CommentAction\",\"name\":\"Comment\",\"target\":[\"https:\/\/luchonoticias.com\/editor\/derechos-sexuales-y-reproductivos-de-las-mujeres-en-neiva-objeto-de-debate-en-el-concejo-municipal\/#respond\"]}]},{\"@type\":\"WebPage\",\"@id\":\"https:\/\/luchonoticias.com\/editor\/derechos-sexuales-y-reproductivos-de-las-mujeres-en-neiva-objeto-de-debate-en-el-concejo-municipal\/\",\"url\":\"https:\/\/luchonoticias.com\/editor\/derechos-sexuales-y-reproductivos-de-las-mujeres-en-neiva-objeto-de-debate-en-el-concejo-municipal\/\",\"name\":\"Derechos Sexuales y Reproductivos de las Mujeres en Neiva, objeto de debate en el Concejo Municipal -\",\"isPartOf\":{\"@id\":\"https:\/\/luchonoticias.com\/editor\/#website\"},\"primaryImageOfPage\":{\"@id\":\"https:\/\/luchonoticias.com\/editor\/derechos-sexuales-y-reproductivos-de-las-mujeres-en-neiva-objeto-de-debate-en-el-concejo-municipal\/#primaryimage\"},\"image\":{\"@id\":\"https:\/\/luchonoticias.com\/editor\/derechos-sexuales-y-reproductivos-de-las-mujeres-en-neiva-objeto-de-debate-en-el-concejo-municipal\/#primaryimage\"},\"thumbnailUrl\":\"https:\/\/luchonoticias.com\/wp-content\/uploads\/2023\/03\/WhatsApp-Image-2023-03-09-at-7.32.39-AM-2-1024x683.jpeg\",\"datePublished\":\"2023-03-09T12:34:49+00:00\",\"dateModified\":\"2023-03-09T12:34:50+00:00\",\"breadcrumb\":{\"@id\":\"https:\/\/luchonoticias.com\/editor\/derechos-sexuales-y-reproductivos-de-las-mujeres-en-neiva-objeto-de-debate-en-el-concejo-municipal\/#breadcrumb\"},\"inLanguage\":\"es\",\"potentialAction\":[{\"@type\":\"ReadAction\",\"target\":[\"https:\/\/luchonoticias.com\/editor\/derechos-sexuales-y-reproductivos-de-las-mujeres-en-neiva-objeto-de-debate-en-el-concejo-municipal\/\"]}]},{\"@type\":\"ImageObject\",\"inLanguage\":\"es\",\"@id\":\"https:\/\/luchonoticias.com\/editor\/derechos-sexuales-y-reproductivos-de-las-mujeres-en-neiva-objeto-de-debate-en-el-concejo-municipal\/#primaryimage\",\"url\":\"https:\/\/luchonoticias.com\/wp-content\/uploads\/2023\/03\/WhatsApp-Image-2023-03-09-at-7.32.39-AM-2-1024x683.jpeg\",\"contentUrl\":\"https:\/\/luchonoticias.com\/wp-content\/uploads\/2023\/03\/WhatsApp-Image-2023-03-09-at-7.32.39-AM-2-1024x683.jpeg\"},{\"@type\":\"BreadcrumbList\",\"@id\":\"https:\/\/luchonoticias.com\/editor\/derechos-sexuales-y-reproductivos-de-las-mujeres-en-neiva-objeto-de-debate-en-el-concejo-municipal\/#breadcrumb\",\"itemListElement\":[{\"@type\":\"ListItem\",\"position\":1,\"name\":\"Portada\",\"item\":\"https:\/\/luchonoticias.com\/editor\/\"},{\"@type\":\"ListItem\",\"position\":2,\"name\":\"Derechos Sexuales y Reproductivos de las Mujeres en Neiva, objeto de debate en el Concejo Municipal\"}]},{\"@type\":\"WebSite\",\"@id\":\"https:\/\/luchonoticias.com\/editor\/#website\",\"url\":\"https:\/\/luchonoticias.com\/editor\/\",\"name\":\"\",\"description\":\"\",\"publisher\":{\"@id\":\"https:\/\/luchonoticias.com\/editor\/#\/schema\/person\/7a7fd911f58561fd056dbac7b55af9cd\"},\"potentialAction\":[{\"@type\":\"SearchAction\",\"target\":{\"@type\":\"EntryPoint\",\"urlTemplate\":\"https:\/\/luchonoticias.com\/editor\/?s={search_term_string}\"},\"query-input\":{\"@type\":\"PropertyValueSpecification\",\"valueRequired\":true,\"valueName\":\"search_term_string\"}}],\"inLanguage\":\"es\"},{\"@type\":[\"Person\",\"Organization\"],\"@id\":\"https:\/\/luchonoticias.com\/editor\/#\/schema\/person\/7a7fd911f58561fd056dbac7b55af9cd\",\"name\":\"admin\",\"image\":{\"@type\":\"ImageObject\",\"inLanguage\":\"es\",\"@id\":\"https:\/\/luchonoticias.com\/editor\/#\/schema\/person\/image\/\",\"url\":\"https:\/\/luchonoticias.com\/editor\/wp-content\/uploads\/2024\/02\/cropped-cropped-logolu.webp\",\"contentUrl\":\"https:\/\/luchonoticias.com\/editor\/wp-content\/uploads\/2024\/02\/cropped-cropped-logolu.webp\",\"width\":382,\"height\":170,\"caption\":\"admin\"},\"logo\":{\"@id\":\"https:\/\/luchonoticias.com\/editor\/#\/schema\/person\/image\/\"},\"sameAs\":[\"https:\/\/www.facebook.com\/luchonoticiasneiva\"]},{\"@type\":\"Person\",\"@id\":\"https:\/\/luchonoticias.com\/editor\/#\/schema\/person\/29217990ddf6f14e35912b2866d591fb\",\"name\":\"Editor General\",\"image\":{\"@type\":\"ImageObject\",\"inLanguage\":\"es\",\"@id\":\"https:\/\/luchonoticias.com\/editor\/#\/schema\/person\/image\/\",\"url\":\"https:\/\/luchonoticias.com\/editor\/wp-content\/uploads\/2024\/02\/cropped-cropped-logolu-150x150.webp\",\"contentUrl\":\"https:\/\/luchonoticias.com\/editor\/wp-content\/uploads\/2024\/02\/cropped-cropped-logolu-150x150.webp\",\"caption\":\"Editor General\"},\"sameAs\":[\"https:\/\/luchonoticias.com\/\"],\"url\":\"https:\/\/luchonoticias.com\/editor\/author\/editor-general\/\"}]}<\/script>\n<!-- \/ Yoast SEO plugin. -->","yoast_head_json":{"title":"Derechos Sexuales y Reproductivos de las Mujeres en Neiva, objeto de debate en el Concejo Municipal -","robots":{"index":"index","follow":"follow","max-snippet":"max-snippet:-1","max-image-preview":"max-image-preview:large","max-video-preview":"max-video-preview:-1"},"canonical":"https:\/\/luchonoticias.com\/editor\/derechos-sexuales-y-reproductivos-de-las-mujeres-en-neiva-objeto-de-debate-en-el-concejo-municipal\/","og_locale":"es_ES","og_type":"article","og_title":"Derechos Sexuales y Reproductivos de las Mujeres en Neiva, objeto de debate en el Concejo Municipal -","og_url":"https:\/\/luchonoticias.com\/editor\/derechos-sexuales-y-reproductivos-de-las-mujeres-en-neiva-objeto-de-debate-en-el-concejo-municipal\/","article_publisher":"https:\/\/www.facebook.com\/luchonoticiasneiva","article_published_time":"2023-03-09T12:34:49+00:00","article_modified_time":"2023-03-09T12:34:50+00:00","og_image":[{"url":"https:\/\/luchonoticias.com\/wp-content\/uploads\/2023\/03\/WhatsApp-Image-2023-03-09-at-7.32.39-AM-2-1024x683.jpeg","type":"","width":"","height":""}],"author":"Editor General","twitter_card":"summary_large_image","twitter_misc":{"Escrito por":"Editor General","Tiempo de lectura":"2 minutos"},"schema":{"@context":"https:\/\/schema.org","@graph":[{"@type":"Article","@id":"https:\/\/luchonoticias.com\/editor\/derechos-sexuales-y-reproductivos-de-las-mujeres-en-neiva-objeto-de-debate-en-el-concejo-municipal\/#article","isPartOf":{"@id":"https:\/\/luchonoticias.com\/editor\/derechos-sexuales-y-reproductivos-de-las-mujeres-en-neiva-objeto-de-debate-en-el-concejo-municipal\/"},"author":{"name":"Editor General","@id":"https:\/\/luchonoticias.com\/editor\/#\/schema\/person\/29217990ddf6f14e35912b2866d591fb"},"headline":"Derechos Sexuales y Reproductivos de las Mujeres en Neiva, objeto de debate en el Concejo Municipal","datePublished":"2023-03-09T12:34:49+00:00","dateModified":"2023-03-09T12:34:50+00:00","mainEntityOfPage":{"@id":"https:\/\/luchonoticias.com\/editor\/derechos-sexuales-y-reproductivos-de-las-mujeres-en-neiva-objeto-de-debate-en-el-concejo-municipal\/"},"wordCount":434,"commentCount":0,"publisher":{"@id":"https:\/\/luchonoticias.com\/editor\/#\/schema\/person\/7a7fd911f58561fd056dbac7b55af9cd"},"image":{"@id":"https:\/\/luchonoticias.com\/editor\/derechos-sexuales-y-reproductivos-de-las-mujeres-en-neiva-objeto-de-debate-en-el-concejo-municipal\/#primaryimage"},"thumbnailUrl":"https:\/\/luchonoticias.com\/wp-content\/uploads\/2023\/03\/WhatsApp-Image-2023-03-09-at-7.32.39-AM-2-1024x683.jpeg","articleSection":["Destacado","Pol\u00edtica"],"inLanguage":"es","potentialAction":[{"@type":"CommentAction","name":"Comment","target":["https:\/\/luchonoticias.com\/editor\/derechos-sexuales-y-reproductivos-de-las-mujeres-en-neiva-objeto-de-debate-en-el-concejo-municipal\/#respond"]}]},{"@type":"WebPage","@id":"https:\/\/luchonoticias.com\/editor\/derechos-sexuales-y-reproductivos-de-las-mujeres-en-neiva-objeto-de-debate-en-el-concejo-municipal\/","url":"https:\/\/luchonoticias.com\/editor\/derechos-sexuales-y-reproductivos-de-las-mujeres-en-neiva-objeto-de-debate-en-el-concejo-municipal\/","name":"Derechos Sexuales y Reproductivos de las Mujeres en Neiva, objeto de debate en el Concejo Municipal -","isPartOf":{"@id":"https:\/\/luchonoticias.com\/editor\/#website"},"primaryImageOfPage":{"@id":"https:\/\/luchonoticias.com\/editor\/derechos-sexuales-y-reproductivos-de-las-mujeres-en-neiva-objeto-de-debate-en-el-concejo-municipal\/#primaryimage"},"image":{"@id":"https:\/\/luchonoticias.com\/editor\/derechos-sexuales-y-reproductivos-de-las-mujeres-en-neiva-objeto-de-debate-en-el-concejo-municipal\/#primaryimage"},"thumbnailUrl":"https:\/\/luchonoticias.com\/wp-content\/uploads\/2023\/03\/WhatsApp-Image-2023-03-09-at-7.32.39-AM-2-1024x683.jpeg","datePublished":"2023-03-09T12:34:49+00:00","dateModified":"2023-03-09T12:34:50+00:00","breadcrumb":{"@id":"https:\/\/luchonoticias.com\/editor\/derechos-sexuales-y-reproductivos-de-las-mujeres-en-neiva-objeto-de-debate-en-el-concejo-municipal\/#breadcrumb"},"inLanguage":"es","potentialAction":[{"@type":"ReadAction","target":["https:\/\/luchonoticias.com\/editor\/derechos-sexuales-y-reproductivos-de-las-mujeres-en-neiva-objeto-de-debate-en-el-concejo-municipal\/"]}]},{"@type":"ImageObject","inLanguage":"es","@id":"https:\/\/luchonoticias.com\/editor\/derechos-sexuales-y-reproductivos-de-las-mujeres-en-neiva-objeto-de-debate-en-el-concejo-municipal\/#primaryimage","url":"https:\/\/luchonoticias.com\/wp-content\/uploads\/2023\/03\/WhatsApp-Image-2023-03-09-at-7.32.39-AM-2-1024x683.jpeg","contentUrl":"https:\/\/luchonoticias.com\/wp-content\/uploads\/2023\/03\/WhatsApp-Image-2023-03-09-at-7.32.39-AM-2-1024x683.jpeg"},{"@type":"BreadcrumbList","@id":"https:\/\/luchonoticias.com\/editor\/derechos-sexuales-y-reproductivos-de-las-mujeres-en-neiva-objeto-de-debate-en-el-concejo-municipal\/#breadcrumb","itemListElement":[{"@type":"ListItem","position":1,"name":"Portada","item":"https:\/\/luchonoticias.com\/editor\/"},{"@type":"ListItem","position":2,"name":"Derechos Sexuales y Reproductivos de las Mujeres en Neiva, objeto de debate en el Concejo Municipal"}]},{"@type":"WebSite","@id":"https:\/\/luchonoticias.com\/editor\/#website","url":"https:\/\/luchonoticias.com\/editor\/","name":"","description":"","publisher":{"@id":"https:\/\/luchonoticias.com\/editor\/#\/schema\/person\/7a7fd911f58561fd056dbac7b55af9cd"},"potentialAction":[{"@type":"SearchAction","target":{"@type":"EntryPoint","urlTemplate":"https:\/\/luchonoticias.com\/editor\/?s={search_term_string}"},"query-input":{"@type":"PropertyValueSpecification","valueRequired":true,"valueName":"search_term_string"}}],"inLanguage":"es"},{"@type":["Person","Organization"],"@id":"https:\/\/luchonoticias.com\/editor\/#\/schema\/person\/7a7fd911f58561fd056dbac7b55af9cd","name":"admin","image":{"@type":"ImageObject","inLanguage":"es","@id":"https:\/\/luchonoticias.com\/editor\/#\/schema\/person\/image\/","url":"https:\/\/luchonoticias.com\/editor\/wp-content\/uploads\/2024\/02\/cropped-cropped-logolu.webp","contentUrl":"https:\/\/luchonoticias.com\/editor\/wp-content\/uploads\/2024\/02\/cropped-cropped-logolu.webp","width":382,"height":170,"caption":"admin"},"logo":{"@id":"https:\/\/luchonoticias.com\/editor\/#\/schema\/person\/image\/"},"sameAs":["https:\/\/www.facebook.com\/luchonoticiasneiva"]},{"@type":"Person","@id":"https:\/\/luchonoticias.com\/editor\/#\/schema\/person\/29217990ddf6f14e35912b2866d591fb","name":"Editor General","image":{"@type":"ImageObject","inLanguage":"es","@id":"https:\/\/luchonoticias.com\/editor\/#\/schema\/person\/image\/","url":"https:\/\/luchonoticias.com\/editor\/wp-content\/uploads\/2024\/02\/cropped-cropped-logolu-150x150.webp","contentUrl":"https:\/\/luchonoticias.com\/editor\/wp-content\/uploads\/2024\/02\/cropped-cropped-logolu-150x150.webp","caption":"Editor General"},"sameAs":["https:\/\/luchonoticias.com\/"],"url":"https:\/\/luchonoticias.com\/editor\/author\/editor-general\/"}]}},"_links":{"self":[{"href":"https:\/\/luchonoticias.com\/editor\/wp-json\/wp\/v2\/posts\/47855","targetHints":{"allow":["GET"]}}],"collection":[{"href":"https:\/\/luchonoticias.com\/editor\/wp-json\/wp\/v2\/posts"}],"about":[{"href":"https:\/\/luchonoticias.com\/editor\/wp-json\/wp\/v2\/types\/post"}],"author":[{"embeddable":true,"href":"https:\/\/luchonoticias.com\/editor\/wp-json\/wp\/v2\/users\/2"}],"replies":[{"embeddable":true,"href":"https:\/\/luchonoticias.com\/editor\/wp-json\/wp\/v2\/comments?post=47855"}],"version-history":[{"count":0,"href":"https:\/\/luchonoticias.com\/editor\/wp-json\/wp\/v2\/posts\/47855\/revisions"}],"wp:attachment":[{"href":"https:\/\/luchonoticias.com\/editor\/wp-json\/wp\/v2\/media?parent=47855"}],"wp:term":[{"taxonomy":"category","embeddable":true,"href":"https:\/\/luchonoticias.com\/editor\/wp-json\/wp\/v2\/categories?post=47855"},{"taxonomy":"post_tag","embeddable":true,"href":"https:\/\/luchonoticias.com\/editor\/wp-json\/wp\/v2\/tags?post=47855"}],"curies":[{"name":"wp","href":"https:\/\/api.w.org\/{rel}","templated":true}]}}