{"id":47868,"date":"2023-03-09T07:32:55","date_gmt":"2023-03-09T12:32:55","guid":{"rendered":"https:\/\/luchonoticias.com\/?p=47868"},"modified":"2023-03-09T07:32:56","modified_gmt":"2023-03-09T12:32:56","slug":"petro-sanciono-ley-para-que-5-mil-mujeres-presas-que-son-madres-cabeza-de-familia-se-reencuentren-con-sus-hijos","status":"publish","type":"post","link":"https:\/\/luchonoticias.com\/editor\/petro-sanciono-ley-para-que-5-mil-mujeres-presas-que-son-madres-cabeza-de-familia-se-reencuentren-con-sus-hijos\/","title":{"rendered":"Petro sancion\u00f3 ley para que 5 mil mujeres presas, que son madres cabeza de familia, se reencuentren con sus hijos"},"content":{"rendered":"\n<p>El Presidente Gustavo Petro sancion\u00f3 este mi\u00e9rcoles en la capital del departamento del Choc\u00f3 la ley que sustituye, con enfoque de g\u00e9nero, las penas de prisi\u00f3n de cerca de cinco mil mujeres condenadas que son cabeza de hogar y est\u00e1n en condici\u00f3n de marginalidad.&nbsp;<\/p>\n\n\n\n<p>\u201cEste es el proyecto de ley que yo vot\u00e9 siendo congresista en la Comisi\u00f3n Primera del Senado y que ahora, qu\u00e9 paradoja, no lo sab\u00eda en ese momento, como Presidente de la Rep\u00fablica firmo para que se convierta en ley\u201d, expres\u00f3 el Jefe de Estado en el acto de sanci\u00f3n de la norma, celebrado en el Comando de la Polic\u00eda de Quibd\u00f3.<\/p>\n\n\n\n<p>La ley pas\u00f3 a sanci\u00f3n presidencial en julio de 2021, pero fue objetada. Por lo tanto, pas\u00f3 a examen de la Corte Constitucional, que se pronunci\u00f3 por medio de la sentencia C-256 del 6 de julio de 2022, rechazando las objeciones y devolviendo el texto del proyecto de ley a la C\u00e1mara de Representantes, que la remiti\u00f3 nuevamente a la Presidencia de la Rep\u00fablica para la respectiva sanci\u00f3n presidencial.<\/p>\n\n\n\n<p>El Presidente Petro explic\u00f3 que el objetivo de la ley es el de evitar que \u201csi ellas siguen presas y los ni\u00f1os sin su madre, esos ni\u00f1os crezcan sin afecto y muchos, en el futuro, se conviertan en criminales. Esa es la l\u00f3gica de la violencia y de la exclusi\u00f3n, una especie de sif\u00f3n suicida. Pues aqu\u00ed cortamos esa cadena y que esos ni\u00f1os tengan a su mam\u00e1\u201d.<\/p>\n\n\n\n<p>En eso, a\u00f1adi\u00f3 el gobernante, radica la importancia de la norma sancionada, \u201cporque inicia otra manera de hacer las cosas\u201d.<\/p>\n\n\n\n<figure class=\"wp-block-image size-large is-style-rounded\"><img decoding=\"async\" src=\"https:\/\/luchonoticias.com\/wp-content\/uploads\/2023\/03\/WhatsApp-Image-2023-03-08-at-8.05.47-PM-1024x682.jpeg\" alt=\"\" class=\"wp-image-47870\"\/><\/figure>\n\n\n\n<p>Tambi\u00e9n destac\u00f3 que \u201cquisimos firmar la ley en el D\u00eda (Internacional) de la Mujer\u201d e indic\u00f3 que \u201cquiz\u00e1s, la mujer presa es la m\u00e1s excluida de todas, porque sufre todas las exclusiones juntas que sufren todas las mujeres\u201d.<\/p>\n\n\n\n<p>En ese sentido, agreg\u00f3, es necesario \u201cconducir a la sociedad a mayores niveles de libertad\u201d.<\/p>\n\n\n\n<p>Al respecto, dijo: \u201cNo es encarcelando a las sociedades como nos salvamos de la violencia\u201d; por lo tanto, \u201ces en la libertad donde se construyen las sociedades\u201d.<\/p>\n\n\n\n<p>De la misma manera resalt\u00f3 la importancia de que \u201clas presas se junten con sus hijos, liberadas, que el amor se pueda producir y no sea interrumpido por las cadenas; quitar esas cadenas entre el amor es lo que nos permite ser una mejor sociedad, que se pueda empezar a construir la igualdad entre la mujer y el hombre si liberamos a la mujer de la c\u00e1rcel\u201d.<\/p>\n\n\n\n<p><strong>Reconstruir el tejido social<\/strong><\/p>\n\n\n\n<p>En el acto estuvo presente el Ministro de Justicia, N\u00e9stor Osuna, quien indic\u00f3 que la norma se aplicar\u00e1 solo a mujeres que tengan condenas inferiores a 8 a\u00f1os. A cambio, deber\u00e1n prestar servicios de utilidad p\u00fablica no remunerados que favorezcan a la comunidad y reconstruyan el tejido social que se afect\u00f3 por la comisi\u00f3n del delito.<\/p>\n\n\n\n<p>El objetivo de la norma, recalc\u00f3 el funcionario, es el bienestar de los ni\u00f1os, ni\u00f1as y adolescentes, de las familias vulnerables y pretende propiciar la inclusi\u00f3n social de mujeres cabeza de hogar en estado de marginalidad. Adem\u00e1s, da respuesta al hist\u00f3rico estado de cosas inconstitucional del sistema penitenciario.&nbsp;<\/p>\n\n\n\n<p>Las medidas alternativas a la prisi\u00f3n que contempla la ley favorecen la reducci\u00f3n de la reincidencia y evitan el rompimiento de v\u00ednculos sociales, familiares, y la generaci\u00f3n de estigmas y discriminaci\u00f3n.<\/p>\n","protected":false},"excerpt":{"rendered":"<p>El Presidente Gustavo Petro sancion\u00f3 este mi\u00e9rcoles en la capital del departamento del Choc\u00f3 la ley que sustituye, con enfoque de g\u00e9nero, las penas de prisi\u00f3n de cerca de cinco mil mujeres condenadas que son cabeza de hogar y est\u00e1n en condici\u00f3n de marginalidad.&nbsp; \u201cEste es el proyecto de ley que yo vot\u00e9 siendo congresista [&hellip;]<\/p>\n","protected":false},"author":2,"featured_media":0,"comment_status":"open","ping_status":"open","sticky":false,"template":"","format":"standard","meta":{"footnotes":""},"categories":[36,32],"tags":[],"class_list":["post-47868","post","type-post","status-publish","format-standard","hentry","category-destacado","category-nacional"],"yoast_head":"<!-- This site is optimized with the Yoast SEO plugin v26.6 - https:\/\/yoast.com\/wordpress\/plugins\/seo\/ -->\n<title>Petro sancion\u00f3 ley para que 5 mil mujeres presas, que son madres cabeza de familia, se reencuentren con sus hijos -<\/title>\n<meta name=\"robots\" content=\"index, follow, max-snippet:-1, max-image-preview:large, max-video-preview:-1\" \/>\n<link rel=\"canonical\" href=\"https:\/\/luchonoticias.com\/editor\/petro-sanciono-ley-para-que-5-mil-mujeres-presas-que-son-madres-cabeza-de-familia-se-reencuentren-con-sus-hijos\/\" \/>\n<meta property=\"og:locale\" content=\"es_ES\" \/>\n<meta property=\"og:type\" content=\"article\" \/>\n<meta property=\"og:title\" content=\"Petro sancion\u00f3 ley para que 5 mil mujeres presas, que son madres cabeza de familia, se reencuentren con sus hijos -\" \/>\n<meta property=\"og:url\" content=\"https:\/\/luchonoticias.com\/editor\/petro-sanciono-ley-para-que-5-mil-mujeres-presas-que-son-madres-cabeza-de-familia-se-reencuentren-con-sus-hijos\/\" \/>\n<meta property=\"article:publisher\" content=\"https:\/\/www.facebook.com\/luchonoticiasneiva\" \/>\n<meta property=\"article:published_time\" content=\"2023-03-09T12:32:55+00:00\" \/>\n<meta property=\"article:modified_time\" content=\"2023-03-09T12:32:56+00:00\" \/>\n<meta property=\"og:image\" content=\"https:\/\/luchonoticias.com\/wp-content\/uploads\/2023\/03\/WhatsApp-Image-2023-03-08-at-8.05.47-PM-1024x682.jpeg\" \/>\n<meta name=\"author\" content=\"Editor General\" \/>\n<meta name=\"twitter:card\" content=\"summary_large_image\" \/>\n<meta name=\"twitter:label1\" content=\"Escrito por\" \/>\n\t<meta name=\"twitter:data1\" content=\"Editor General\" \/>\n\t<meta name=\"twitter:label2\" content=\"Tiempo de lectura\" \/>\n\t<meta name=\"twitter:data2\" content=\"3 minutos\" \/>\n<script type=\"application\/ld+json\" class=\"yoast-schema-graph\">{\"@context\":\"https:\/\/schema.org\",\"@graph\":[{\"@type\":\"Article\",\"@id\":\"https:\/\/luchonoticias.com\/editor\/petro-sanciono-ley-para-que-5-mil-mujeres-presas-que-son-madres-cabeza-de-familia-se-reencuentren-con-sus-hijos\/#article\",\"isPartOf\":{\"@id\":\"https:\/\/luchonoticias.com\/editor\/petro-sanciono-ley-para-que-5-mil-mujeres-presas-que-son-madres-cabeza-de-familia-se-reencuentren-con-sus-hijos\/\"},\"author\":{\"name\":\"Editor General\",\"@id\":\"https:\/\/luchonoticias.com\/editor\/#\/schema\/person\/29217990ddf6f14e35912b2866d591fb\"},\"headline\":\"Petro sancion\u00f3 ley para que 5 mil mujeres presas, que son madres cabeza de familia, se reencuentren con sus hijos\",\"datePublished\":\"2023-03-09T12:32:55+00:00\",\"dateModified\":\"2023-03-09T12:32:56+00:00\",\"mainEntityOfPage\":{\"@id\":\"https:\/\/luchonoticias.com\/editor\/petro-sanciono-ley-para-que-5-mil-mujeres-presas-que-son-madres-cabeza-de-familia-se-reencuentren-con-sus-hijos\/\"},\"wordCount\":607,\"commentCount\":0,\"publisher\":{\"@id\":\"https:\/\/luchonoticias.com\/editor\/#\/schema\/person\/7a7fd911f58561fd056dbac7b55af9cd\"},\"image\":{\"@id\":\"https:\/\/luchonoticias.com\/editor\/petro-sanciono-ley-para-que-5-mil-mujeres-presas-que-son-madres-cabeza-de-familia-se-reencuentren-con-sus-hijos\/#primaryimage\"},\"thumbnailUrl\":\"https:\/\/luchonoticias.com\/wp-content\/uploads\/2023\/03\/WhatsApp-Image-2023-03-08-at-8.05.47-PM-1024x682.jpeg\",\"articleSection\":[\"Destacado\",\"Nacional\"],\"inLanguage\":\"es\",\"potentialAction\":[{\"@type\":\"CommentAction\",\"name\":\"Comment\",\"target\":[\"https:\/\/luchonoticias.com\/editor\/petro-sanciono-ley-para-que-5-mil-mujeres-presas-que-son-madres-cabeza-de-familia-se-reencuentren-con-sus-hijos\/#respond\"]}]},{\"@type\":\"WebPage\",\"@id\":\"https:\/\/luchonoticias.com\/editor\/petro-sanciono-ley-para-que-5-mil-mujeres-presas-que-son-madres-cabeza-de-familia-se-reencuentren-con-sus-hijos\/\",\"url\":\"https:\/\/luchonoticias.com\/editor\/petro-sanciono-ley-para-que-5-mil-mujeres-presas-que-son-madres-cabeza-de-familia-se-reencuentren-con-sus-hijos\/\",\"name\":\"Petro sancion\u00f3 ley para que 5 mil mujeres presas, que son madres cabeza de familia, se reencuentren con sus hijos -\",\"isPartOf\":{\"@id\":\"https:\/\/luchonoticias.com\/editor\/#website\"},\"primaryImageOfPage\":{\"@id\":\"https:\/\/luchonoticias.com\/editor\/petro-sanciono-ley-para-que-5-mil-mujeres-presas-que-son-madres-cabeza-de-familia-se-reencuentren-con-sus-hijos\/#primaryimage\"},\"image\":{\"@id\":\"https:\/\/luchonoticias.com\/editor\/petro-sanciono-ley-para-que-5-mil-mujeres-presas-que-son-madres-cabeza-de-familia-se-reencuentren-con-sus-hijos\/#primaryimage\"},\"thumbnailUrl\":\"https:\/\/luchonoticias.com\/wp-content\/uploads\/2023\/03\/WhatsApp-Image-2023-03-08-at-8.05.47-PM-1024x682.jpeg\",\"datePublished\":\"2023-03-09T12:32:55+00:00\",\"dateModified\":\"2023-03-09T12:32:56+00:00\",\"breadcrumb\":{\"@id\":\"https:\/\/luchonoticias.com\/editor\/petro-sanciono-ley-para-que-5-mil-mujeres-presas-que-son-madres-cabeza-de-familia-se-reencuentren-con-sus-hijos\/#breadcrumb\"},\"inLanguage\":\"es\",\"potentialAction\":[{\"@type\":\"ReadAction\",\"target\":[\"https:\/\/luchonoticias.com\/editor\/petro-sanciono-ley-para-que-5-mil-mujeres-presas-que-son-madres-cabeza-de-familia-se-reencuentren-con-sus-hijos\/\"]}]},{\"@type\":\"ImageObject\",\"inLanguage\":\"es\",\"@id\":\"https:\/\/luchonoticias.com\/editor\/petro-sanciono-ley-para-que-5-mil-mujeres-presas-que-son-madres-cabeza-de-familia-se-reencuentren-con-sus-hijos\/#primaryimage\",\"url\":\"https:\/\/luchonoticias.com\/wp-content\/uploads\/2023\/03\/WhatsApp-Image-2023-03-08-at-8.05.47-PM-1024x682.jpeg\",\"contentUrl\":\"https:\/\/luchonoticias.com\/wp-content\/uploads\/2023\/03\/WhatsApp-Image-2023-03-08-at-8.05.47-PM-1024x682.jpeg\"},{\"@type\":\"BreadcrumbList\",\"@id\":\"https:\/\/luchonoticias.com\/editor\/petro-sanciono-ley-para-que-5-mil-mujeres-presas-que-son-madres-cabeza-de-familia-se-reencuentren-con-sus-hijos\/#breadcrumb\",\"itemListElement\":[{\"@type\":\"ListItem\",\"position\":1,\"name\":\"Portada\",\"item\":\"https:\/\/luchonoticias.com\/editor\/\"},{\"@type\":\"ListItem\",\"position\":2,\"name\":\"Petro sancion\u00f3 ley para que 5 mil mujeres presas, que son madres cabeza de familia, se reencuentren con sus hijos\"}]},{\"@type\":\"WebSite\",\"@id\":\"https:\/\/luchonoticias.com\/editor\/#website\",\"url\":\"https:\/\/luchonoticias.com\/editor\/\",\"name\":\"\",\"description\":\"\",\"publisher\":{\"@id\":\"https:\/\/luchonoticias.com\/editor\/#\/schema\/person\/7a7fd911f58561fd056dbac7b55af9cd\"},\"potentialAction\":[{\"@type\":\"SearchAction\",\"target\":{\"@type\":\"EntryPoint\",\"urlTemplate\":\"https:\/\/luchonoticias.com\/editor\/?s={search_term_string}\"},\"query-input\":{\"@type\":\"PropertyValueSpecification\",\"valueRequired\":true,\"valueName\":\"search_term_string\"}}],\"inLanguage\":\"es\"},{\"@type\":[\"Person\",\"Organization\"],\"@id\":\"https:\/\/luchonoticias.com\/editor\/#\/schema\/person\/7a7fd911f58561fd056dbac7b55af9cd\",\"name\":\"admin\",\"image\":{\"@type\":\"ImageObject\",\"inLanguage\":\"es\",\"@id\":\"https:\/\/luchonoticias.com\/editor\/#\/schema\/person\/image\/\",\"url\":\"https:\/\/luchonoticias.com\/editor\/wp-content\/uploads\/2024\/02\/cropped-cropped-logolu.webp\",\"contentUrl\":\"https:\/\/luchonoticias.com\/editor\/wp-content\/uploads\/2024\/02\/cropped-cropped-logolu.webp\",\"width\":382,\"height\":170,\"caption\":\"admin\"},\"logo\":{\"@id\":\"https:\/\/luchonoticias.com\/editor\/#\/schema\/person\/image\/\"},\"sameAs\":[\"https:\/\/www.facebook.com\/luchonoticiasneiva\"]},{\"@type\":\"Person\",\"@id\":\"https:\/\/luchonoticias.com\/editor\/#\/schema\/person\/29217990ddf6f14e35912b2866d591fb\",\"name\":\"Editor General\",\"image\":{\"@type\":\"ImageObject\",\"inLanguage\":\"es\",\"@id\":\"https:\/\/luchonoticias.com\/editor\/#\/schema\/person\/image\/\",\"url\":\"https:\/\/luchonoticias.com\/editor\/wp-content\/uploads\/2024\/02\/cropped-cropped-logolu-150x150.webp\",\"contentUrl\":\"https:\/\/luchonoticias.com\/editor\/wp-content\/uploads\/2024\/02\/cropped-cropped-logolu-150x150.webp\",\"caption\":\"Editor General\"},\"sameAs\":[\"https:\/\/luchonoticias.com\/\"],\"url\":\"https:\/\/luchonoticias.com\/editor\/author\/editor-general\/\"}]}<\/script>\n<!-- \/ Yoast SEO plugin. -->","yoast_head_json":{"title":"Petro sancion\u00f3 ley para que 5 mil mujeres presas, que son madres cabeza de familia, se reencuentren con sus hijos -","robots":{"index":"index","follow":"follow","max-snippet":"max-snippet:-1","max-image-preview":"max-image-preview:large","max-video-preview":"max-video-preview:-1"},"canonical":"https:\/\/luchonoticias.com\/editor\/petro-sanciono-ley-para-que-5-mil-mujeres-presas-que-son-madres-cabeza-de-familia-se-reencuentren-con-sus-hijos\/","og_locale":"es_ES","og_type":"article","og_title":"Petro sancion\u00f3 ley para que 5 mil mujeres presas, que son madres cabeza de familia, se reencuentren con sus hijos -","og_url":"https:\/\/luchonoticias.com\/editor\/petro-sanciono-ley-para-que-5-mil-mujeres-presas-que-son-madres-cabeza-de-familia-se-reencuentren-con-sus-hijos\/","article_publisher":"https:\/\/www.facebook.com\/luchonoticiasneiva","article_published_time":"2023-03-09T12:32:55+00:00","article_modified_time":"2023-03-09T12:32:56+00:00","og_image":[{"url":"https:\/\/luchonoticias.com\/wp-content\/uploads\/2023\/03\/WhatsApp-Image-2023-03-08-at-8.05.47-PM-1024x682.jpeg","type":"","width":"","height":""}],"author":"Editor General","twitter_card":"summary_large_image","twitter_misc":{"Escrito por":"Editor General","Tiempo de lectura":"3 minutos"},"schema":{"@context":"https:\/\/schema.org","@graph":[{"@type":"Article","@id":"https:\/\/luchonoticias.com\/editor\/petro-sanciono-ley-para-que-5-mil-mujeres-presas-que-son-madres-cabeza-de-familia-se-reencuentren-con-sus-hijos\/#article","isPartOf":{"@id":"https:\/\/luchonoticias.com\/editor\/petro-sanciono-ley-para-que-5-mil-mujeres-presas-que-son-madres-cabeza-de-familia-se-reencuentren-con-sus-hijos\/"},"author":{"name":"Editor General","@id":"https:\/\/luchonoticias.com\/editor\/#\/schema\/person\/29217990ddf6f14e35912b2866d591fb"},"headline":"Petro sancion\u00f3 ley para que 5 mil mujeres presas, que son madres cabeza de familia, se reencuentren con sus hijos","datePublished":"2023-03-09T12:32:55+00:00","dateModified":"2023-03-09T12:32:56+00:00","mainEntityOfPage":{"@id":"https:\/\/luchonoticias.com\/editor\/petro-sanciono-ley-para-que-5-mil-mujeres-presas-que-son-madres-cabeza-de-familia-se-reencuentren-con-sus-hijos\/"},"wordCount":607,"commentCount":0,"publisher":{"@id":"https:\/\/luchonoticias.com\/editor\/#\/schema\/person\/7a7fd911f58561fd056dbac7b55af9cd"},"image":{"@id":"https:\/\/luchonoticias.com\/editor\/petro-sanciono-ley-para-que-5-mil-mujeres-presas-que-son-madres-cabeza-de-familia-se-reencuentren-con-sus-hijos\/#primaryimage"},"thumbnailUrl":"https:\/\/luchonoticias.com\/wp-content\/uploads\/2023\/03\/WhatsApp-Image-2023-03-08-at-8.05.47-PM-1024x682.jpeg","articleSection":["Destacado","Nacional"],"inLanguage":"es","potentialAction":[{"@type":"CommentAction","name":"Comment","target":["https:\/\/luchonoticias.com\/editor\/petro-sanciono-ley-para-que-5-mil-mujeres-presas-que-son-madres-cabeza-de-familia-se-reencuentren-con-sus-hijos\/#respond"]}]},{"@type":"WebPage","@id":"https:\/\/luchonoticias.com\/editor\/petro-sanciono-ley-para-que-5-mil-mujeres-presas-que-son-madres-cabeza-de-familia-se-reencuentren-con-sus-hijos\/","url":"https:\/\/luchonoticias.com\/editor\/petro-sanciono-ley-para-que-5-mil-mujeres-presas-que-son-madres-cabeza-de-familia-se-reencuentren-con-sus-hijos\/","name":"Petro sancion\u00f3 ley para que 5 mil mujeres presas, que son madres cabeza de familia, se reencuentren con sus hijos -","isPartOf":{"@id":"https:\/\/luchonoticias.com\/editor\/#website"},"primaryImageOfPage":{"@id":"https:\/\/luchonoticias.com\/editor\/petro-sanciono-ley-para-que-5-mil-mujeres-presas-que-son-madres-cabeza-de-familia-se-reencuentren-con-sus-hijos\/#primaryimage"},"image":{"@id":"https:\/\/luchonoticias.com\/editor\/petro-sanciono-ley-para-que-5-mil-mujeres-presas-que-son-madres-cabeza-de-familia-se-reencuentren-con-sus-hijos\/#primaryimage"},"thumbnailUrl":"https:\/\/luchonoticias.com\/wp-content\/uploads\/2023\/03\/WhatsApp-Image-2023-03-08-at-8.05.47-PM-1024x682.jpeg","datePublished":"2023-03-09T12:32:55+00:00","dateModified":"2023-03-09T12:32:56+00:00","breadcrumb":{"@id":"https:\/\/luchonoticias.com\/editor\/petro-sanciono-ley-para-que-5-mil-mujeres-presas-que-son-madres-cabeza-de-familia-se-reencuentren-con-sus-hijos\/#breadcrumb"},"inLanguage":"es","potentialAction":[{"@type":"ReadAction","target":["https:\/\/luchonoticias.com\/editor\/petro-sanciono-ley-para-que-5-mil-mujeres-presas-que-son-madres-cabeza-de-familia-se-reencuentren-con-sus-hijos\/"]}]},{"@type":"ImageObject","inLanguage":"es","@id":"https:\/\/luchonoticias.com\/editor\/petro-sanciono-ley-para-que-5-mil-mujeres-presas-que-son-madres-cabeza-de-familia-se-reencuentren-con-sus-hijos\/#primaryimage","url":"https:\/\/luchonoticias.com\/wp-content\/uploads\/2023\/03\/WhatsApp-Image-2023-03-08-at-8.05.47-PM-1024x682.jpeg","contentUrl":"https:\/\/luchonoticias.com\/wp-content\/uploads\/2023\/03\/WhatsApp-Image-2023-03-08-at-8.05.47-PM-1024x682.jpeg"},{"@type":"BreadcrumbList","@id":"https:\/\/luchonoticias.com\/editor\/petro-sanciono-ley-para-que-5-mil-mujeres-presas-que-son-madres-cabeza-de-familia-se-reencuentren-con-sus-hijos\/#breadcrumb","itemListElement":[{"@type":"ListItem","position":1,"name":"Portada","item":"https:\/\/luchonoticias.com\/editor\/"},{"@type":"ListItem","position":2,"name":"Petro sancion\u00f3 ley para que 5 mil mujeres presas, que son madres cabeza de familia, se reencuentren con sus hijos"}]},{"@type":"WebSite","@id":"https:\/\/luchonoticias.com\/editor\/#website","url":"https:\/\/luchonoticias.com\/editor\/","name":"","description":"","publisher":{"@id":"https:\/\/luchonoticias.com\/editor\/#\/schema\/person\/7a7fd911f58561fd056dbac7b55af9cd"},"potentialAction":[{"@type":"SearchAction","target":{"@type":"EntryPoint","urlTemplate":"https:\/\/luchonoticias.com\/editor\/?s={search_term_string}"},"query-input":{"@type":"PropertyValueSpecification","valueRequired":true,"valueName":"search_term_string"}}],"inLanguage":"es"},{"@type":["Person","Organization"],"@id":"https:\/\/luchonoticias.com\/editor\/#\/schema\/person\/7a7fd911f58561fd056dbac7b55af9cd","name":"admin","image":{"@type":"ImageObject","inLanguage":"es","@id":"https:\/\/luchonoticias.com\/editor\/#\/schema\/person\/image\/","url":"https:\/\/luchonoticias.com\/editor\/wp-content\/uploads\/2024\/02\/cropped-cropped-logolu.webp","contentUrl":"https:\/\/luchonoticias.com\/editor\/wp-content\/uploads\/2024\/02\/cropped-cropped-logolu.webp","width":382,"height":170,"caption":"admin"},"logo":{"@id":"https:\/\/luchonoticias.com\/editor\/#\/schema\/person\/image\/"},"sameAs":["https:\/\/www.facebook.com\/luchonoticiasneiva"]},{"@type":"Person","@id":"https:\/\/luchonoticias.com\/editor\/#\/schema\/person\/29217990ddf6f14e35912b2866d591fb","name":"Editor General","image":{"@type":"ImageObject","inLanguage":"es","@id":"https:\/\/luchonoticias.com\/editor\/#\/schema\/person\/image\/","url":"https:\/\/luchonoticias.com\/editor\/wp-content\/uploads\/2024\/02\/cropped-cropped-logolu-150x150.webp","contentUrl":"https:\/\/luchonoticias.com\/editor\/wp-content\/uploads\/2024\/02\/cropped-cropped-logolu-150x150.webp","caption":"Editor General"},"sameAs":["https:\/\/luchonoticias.com\/"],"url":"https:\/\/luchonoticias.com\/editor\/author\/editor-general\/"}]}},"_links":{"self":[{"href":"https:\/\/luchonoticias.com\/editor\/wp-json\/wp\/v2\/posts\/47868","targetHints":{"allow":["GET"]}}],"collection":[{"href":"https:\/\/luchonoticias.com\/editor\/wp-json\/wp\/v2\/posts"}],"about":[{"href":"https:\/\/luchonoticias.com\/editor\/wp-json\/wp\/v2\/types\/post"}],"author":[{"embeddable":true,"href":"https:\/\/luchonoticias.com\/editor\/wp-json\/wp\/v2\/users\/2"}],"replies":[{"embeddable":true,"href":"https:\/\/luchonoticias.com\/editor\/wp-json\/wp\/v2\/comments?post=47868"}],"version-history":[{"count":0,"href":"https:\/\/luchonoticias.com\/editor\/wp-json\/wp\/v2\/posts\/47868\/revisions"}],"wp:attachment":[{"href":"https:\/\/luchonoticias.com\/editor\/wp-json\/wp\/v2\/media?parent=47868"}],"wp:term":[{"taxonomy":"category","embeddable":true,"href":"https:\/\/luchonoticias.com\/editor\/wp-json\/wp\/v2\/categories?post=47868"},{"taxonomy":"post_tag","embeddable":true,"href":"https:\/\/luchonoticias.com\/editor\/wp-json\/wp\/v2\/tags?post=47868"}],"curies":[{"name":"wp","href":"https:\/\/api.w.org\/{rel}","templated":true}]}}