{"id":47880,"date":"2023-03-09T11:21:49","date_gmt":"2023-03-09T16:21:49","guid":{"rendered":"https:\/\/luchonoticias.com\/?p=47880"},"modified":"2023-03-09T11:21:50","modified_gmt":"2023-03-09T16:21:50","slug":"via-libre-para-obras-viales-en-el-sur-del-huila","status":"publish","type":"post","link":"https:\/\/luchonoticias.com\/editor\/via-libre-para-obras-viales-en-el-sur-del-huila\/","title":{"rendered":"V\u00eda libre para obras viales en el sur del Huila"},"content":{"rendered":"\n<p>Un nuevo anuncio hizo recientemente el gobernador del Huila, Luis Enrique Duss\u00e1n, en su recorrido por el sur del Huila. Destac\u00f3 que las&nbsp;<strong>importantes inversiones en el Anillo Tur\u00edstico del Sur y la pavimentaci\u00f3n de la v\u00eda Pitalito \u2013 Palestina,<\/strong>&nbsp;ya fueron adjudicadas luego de surtir los procesos legales y ya cuentan con un contratista para el pronto inicio de las obras.<\/p>\n\n\n\n<p>\u201cLa&nbsp;<strong>v\u00eda a Palestina consta de dos proyectos, hay uno que es de pavimentaci\u00f3n y otro de rehabilitaci\u00f3n<\/strong>; ya se adjudic\u00f3 el m\u00e1s grande, ya hay contratista, ya lo que sigue es hacer los tr\u00e1mites para iniciar la obra, esa es una de las m\u00e1s importantes del sur. Asimismo,<strong>&nbsp;el circuito tur\u00edstico del sur que recientemente se adjudic\u00f3 creo que est\u00e1 del orden de los $52.000 millones, m\u00e1s la interventor\u00eda; todo el proyecto vale $58.000 millones<\/strong>. Es la inversi\u00f3n m\u00e1s grande que se pueda haber hecho en cuanto a v\u00edas por cuenta de la Gobernaci\u00f3n\u201d, se\u00f1al\u00f3 el mandatario departamental.<\/p>\n\n\n\n<p>\u201cNosotros pusimos $28.000 millones y logramos jalonar del gobierno nacional $30.000 millones m\u00e1s y esperamos que se pueda llevar a cabo muy bien\u201d, a\u00f1adi\u00f3 el mandatario de los huilenses.<\/p>\n\n\n\n<p>El gobernador record\u00f3 que el contrato de mejoramiento y pavimentaci\u00f3n del Circuito Tur\u00edstico del Sur, se realizar\u00e1&nbsp;<strong>en el tramo vial Obando \u2013 Isnos \u2013 Bordones \u2013 La Laguna,&nbsp;<\/strong>el cual tendr\u00e1 un plazo de ejecuci\u00f3n de 32 meses, donde ser\u00e1n pavimentados 16 kil\u00f3metros con aporte del Departamento por $27.999.999.939 y con un aporte de la Naci\u00f3n de $30.000.000.000, para un total de inversi\u00f3n de $57.999 millones, de los cuales, en obra ser\u00e1n invertidos $54.398.844.825, y en la interventor\u00eda, $3.601.155.114.<\/p>\n\n\n\n<p>A su turno, Alba Luc\u00eda Medina, directora del Departamento de Contrataci\u00f3n de la Gobernaci\u00f3n del Huila, dio a conocer que el<strong>&nbsp;consorcio San Marcos<\/strong>, integrado por las compa\u00f1\u00edas de ingenier\u00eda V&amp;M ingenier\u00eda SAS, y AJGE ingenier\u00eda SAS. ser\u00e1n los encargados de realizar la pavimentaci\u00f3n del corredor vial de 2.5 kil\u00f3metros entre Pitalito y Palestina.<\/p>\n\n\n\n<p>\u201cHemos adjudicado el proyecto de mejoramiento de 2.5 kil\u00f3metros, mediante la construcci\u00f3n de pavimento flexible, entre estos dos municipios por un valor de $11. 000 millones; se presentaron 20 oferentes, se manejan pliegos tipo y fue adjudicado mediante las f\u00f3rmulas que se establecen por parte de Colombia Compra Eficiente\u201d, dijo la funcionaria.<\/p>\n","protected":false},"excerpt":{"rendered":"<p>Un nuevo anuncio hizo recientemente el gobernador del Huila, Luis Enrique Duss\u00e1n, en su recorrido por el sur del Huila. Destac\u00f3 que las&nbsp;importantes inversiones en el Anillo Tur\u00edstico del Sur y la pavimentaci\u00f3n de la v\u00eda Pitalito \u2013 Palestina,&nbsp;ya fueron adjudicadas luego de surtir los procesos legales y ya cuentan con un contratista para el [&hellip;]<\/p>\n","protected":false},"author":2,"featured_media":0,"comment_status":"open","ping_status":"open","sticky":false,"template":"","format":"standard","meta":{"footnotes":""},"categories":[33],"tags":[],"class_list":["post-47880","post","type-post","status-publish","format-standard","hentry","category-huila"],"yoast_head":"<!-- This site is optimized with the Yoast SEO plugin v26.6 - https:\/\/yoast.com\/wordpress\/plugins\/seo\/ -->\n<title>V\u00eda libre para obras viales en el sur del Huila -<\/title>\n<meta name=\"robots\" content=\"index, follow, max-snippet:-1, max-image-preview:large, max-video-preview:-1\" \/>\n<link rel=\"canonical\" href=\"https:\/\/luchonoticias.com\/editor\/via-libre-para-obras-viales-en-el-sur-del-huila\/\" \/>\n<meta property=\"og:locale\" content=\"es_ES\" \/>\n<meta property=\"og:type\" content=\"article\" \/>\n<meta property=\"og:title\" content=\"V\u00eda libre para obras viales en el sur del Huila -\" \/>\n<meta property=\"og:url\" content=\"https:\/\/luchonoticias.com\/editor\/via-libre-para-obras-viales-en-el-sur-del-huila\/\" \/>\n<meta property=\"article:publisher\" content=\"https:\/\/www.facebook.com\/luchonoticiasneiva\" \/>\n<meta property=\"article:published_time\" content=\"2023-03-09T16:21:49+00:00\" \/>\n<meta property=\"article:modified_time\" content=\"2023-03-09T16:21:50+00:00\" \/>\n<meta name=\"author\" content=\"Editor General\" \/>\n<meta name=\"twitter:card\" content=\"summary_large_image\" \/>\n<meta name=\"twitter:label1\" content=\"Escrito por\" \/>\n\t<meta name=\"twitter:data1\" content=\"Editor General\" \/>\n\t<meta name=\"twitter:label2\" content=\"Tiempo de lectura\" \/>\n\t<meta name=\"twitter:data2\" content=\"2 minutos\" \/>\n<script type=\"application\/ld+json\" class=\"yoast-schema-graph\">{\"@context\":\"https:\/\/schema.org\",\"@graph\":[{\"@type\":\"Article\",\"@id\":\"https:\/\/luchonoticias.com\/editor\/via-libre-para-obras-viales-en-el-sur-del-huila\/#article\",\"isPartOf\":{\"@id\":\"https:\/\/luchonoticias.com\/editor\/via-libre-para-obras-viales-en-el-sur-del-huila\/\"},\"author\":{\"name\":\"Editor General\",\"@id\":\"https:\/\/luchonoticias.com\/editor\/#\/schema\/person\/29217990ddf6f14e35912b2866d591fb\"},\"headline\":\"V\u00eda libre para obras viales en el sur del Huila\",\"datePublished\":\"2023-03-09T16:21:49+00:00\",\"dateModified\":\"2023-03-09T16:21:50+00:00\",\"mainEntityOfPage\":{\"@id\":\"https:\/\/luchonoticias.com\/editor\/via-libre-para-obras-viales-en-el-sur-del-huila\/\"},\"wordCount\":418,\"commentCount\":0,\"publisher\":{\"@id\":\"https:\/\/luchonoticias.com\/editor\/#\/schema\/person\/7a7fd911f58561fd056dbac7b55af9cd\"},\"articleSection\":[\"Huila\"],\"inLanguage\":\"es\",\"potentialAction\":[{\"@type\":\"CommentAction\",\"name\":\"Comment\",\"target\":[\"https:\/\/luchonoticias.com\/editor\/via-libre-para-obras-viales-en-el-sur-del-huila\/#respond\"]}]},{\"@type\":\"WebPage\",\"@id\":\"https:\/\/luchonoticias.com\/editor\/via-libre-para-obras-viales-en-el-sur-del-huila\/\",\"url\":\"https:\/\/luchonoticias.com\/editor\/via-libre-para-obras-viales-en-el-sur-del-huila\/\",\"name\":\"V\u00eda libre para obras viales en el sur del Huila -\",\"isPartOf\":{\"@id\":\"https:\/\/luchonoticias.com\/editor\/#website\"},\"datePublished\":\"2023-03-09T16:21:49+00:00\",\"dateModified\":\"2023-03-09T16:21:50+00:00\",\"breadcrumb\":{\"@id\":\"https:\/\/luchonoticias.com\/editor\/via-libre-para-obras-viales-en-el-sur-del-huila\/#breadcrumb\"},\"inLanguage\":\"es\",\"potentialAction\":[{\"@type\":\"ReadAction\",\"target\":[\"https:\/\/luchonoticias.com\/editor\/via-libre-para-obras-viales-en-el-sur-del-huila\/\"]}]},{\"@type\":\"BreadcrumbList\",\"@id\":\"https:\/\/luchonoticias.com\/editor\/via-libre-para-obras-viales-en-el-sur-del-huila\/#breadcrumb\",\"itemListElement\":[{\"@type\":\"ListItem\",\"position\":1,\"name\":\"Portada\",\"item\":\"https:\/\/luchonoticias.com\/editor\/\"},{\"@type\":\"ListItem\",\"position\":2,\"name\":\"V\u00eda libre para obras viales en el sur del Huila\"}]},{\"@type\":\"WebSite\",\"@id\":\"https:\/\/luchonoticias.com\/editor\/#website\",\"url\":\"https:\/\/luchonoticias.com\/editor\/\",\"name\":\"\",\"description\":\"\",\"publisher\":{\"@id\":\"https:\/\/luchonoticias.com\/editor\/#\/schema\/person\/7a7fd911f58561fd056dbac7b55af9cd\"},\"potentialAction\":[{\"@type\":\"SearchAction\",\"target\":{\"@type\":\"EntryPoint\",\"urlTemplate\":\"https:\/\/luchonoticias.com\/editor\/?s={search_term_string}\"},\"query-input\":{\"@type\":\"PropertyValueSpecification\",\"valueRequired\":true,\"valueName\":\"search_term_string\"}}],\"inLanguage\":\"es\"},{\"@type\":[\"Person\",\"Organization\"],\"@id\":\"https:\/\/luchonoticias.com\/editor\/#\/schema\/person\/7a7fd911f58561fd056dbac7b55af9cd\",\"name\":\"admin\",\"image\":{\"@type\":\"ImageObject\",\"inLanguage\":\"es\",\"@id\":\"https:\/\/luchonoticias.com\/editor\/#\/schema\/person\/image\/\",\"url\":\"https:\/\/luchonoticias.com\/editor\/wp-content\/uploads\/2024\/02\/cropped-cropped-logolu.webp\",\"contentUrl\":\"https:\/\/luchonoticias.com\/editor\/wp-content\/uploads\/2024\/02\/cropped-cropped-logolu.webp\",\"width\":382,\"height\":170,\"caption\":\"admin\"},\"logo\":{\"@id\":\"https:\/\/luchonoticias.com\/editor\/#\/schema\/person\/image\/\"},\"sameAs\":[\"https:\/\/www.facebook.com\/luchonoticiasneiva\"]},{\"@type\":\"Person\",\"@id\":\"https:\/\/luchonoticias.com\/editor\/#\/schema\/person\/29217990ddf6f14e35912b2866d591fb\",\"name\":\"Editor General\",\"image\":{\"@type\":\"ImageObject\",\"inLanguage\":\"es\",\"@id\":\"https:\/\/luchonoticias.com\/editor\/#\/schema\/person\/image\/\",\"url\":\"https:\/\/luchonoticias.com\/editor\/wp-content\/uploads\/2024\/02\/cropped-cropped-logolu-150x150.webp\",\"contentUrl\":\"https:\/\/luchonoticias.com\/editor\/wp-content\/uploads\/2024\/02\/cropped-cropped-logolu-150x150.webp\",\"caption\":\"Editor General\"},\"sameAs\":[\"https:\/\/luchonoticias.com\/\"],\"url\":\"https:\/\/luchonoticias.com\/editor\/author\/editor-general\/\"}]}<\/script>\n<!-- \/ Yoast SEO plugin. -->","yoast_head_json":{"title":"V\u00eda libre para obras viales en el sur del Huila -","robots":{"index":"index","follow":"follow","max-snippet":"max-snippet:-1","max-image-preview":"max-image-preview:large","max-video-preview":"max-video-preview:-1"},"canonical":"https:\/\/luchonoticias.com\/editor\/via-libre-para-obras-viales-en-el-sur-del-huila\/","og_locale":"es_ES","og_type":"article","og_title":"V\u00eda libre para obras viales en el sur del Huila -","og_url":"https:\/\/luchonoticias.com\/editor\/via-libre-para-obras-viales-en-el-sur-del-huila\/","article_publisher":"https:\/\/www.facebook.com\/luchonoticiasneiva","article_published_time":"2023-03-09T16:21:49+00:00","article_modified_time":"2023-03-09T16:21:50+00:00","author":"Editor General","twitter_card":"summary_large_image","twitter_misc":{"Escrito por":"Editor General","Tiempo de lectura":"2 minutos"},"schema":{"@context":"https:\/\/schema.org","@graph":[{"@type":"Article","@id":"https:\/\/luchonoticias.com\/editor\/via-libre-para-obras-viales-en-el-sur-del-huila\/#article","isPartOf":{"@id":"https:\/\/luchonoticias.com\/editor\/via-libre-para-obras-viales-en-el-sur-del-huila\/"},"author":{"name":"Editor General","@id":"https:\/\/luchonoticias.com\/editor\/#\/schema\/person\/29217990ddf6f14e35912b2866d591fb"},"headline":"V\u00eda libre para obras viales en el sur del Huila","datePublished":"2023-03-09T16:21:49+00:00","dateModified":"2023-03-09T16:21:50+00:00","mainEntityOfPage":{"@id":"https:\/\/luchonoticias.com\/editor\/via-libre-para-obras-viales-en-el-sur-del-huila\/"},"wordCount":418,"commentCount":0,"publisher":{"@id":"https:\/\/luchonoticias.com\/editor\/#\/schema\/person\/7a7fd911f58561fd056dbac7b55af9cd"},"articleSection":["Huila"],"inLanguage":"es","potentialAction":[{"@type":"CommentAction","name":"Comment","target":["https:\/\/luchonoticias.com\/editor\/via-libre-para-obras-viales-en-el-sur-del-huila\/#respond"]}]},{"@type":"WebPage","@id":"https:\/\/luchonoticias.com\/editor\/via-libre-para-obras-viales-en-el-sur-del-huila\/","url":"https:\/\/luchonoticias.com\/editor\/via-libre-para-obras-viales-en-el-sur-del-huila\/","name":"V\u00eda libre para obras viales en el sur del Huila -","isPartOf":{"@id":"https:\/\/luchonoticias.com\/editor\/#website"},"datePublished":"2023-03-09T16:21:49+00:00","dateModified":"2023-03-09T16:21:50+00:00","breadcrumb":{"@id":"https:\/\/luchonoticias.com\/editor\/via-libre-para-obras-viales-en-el-sur-del-huila\/#breadcrumb"},"inLanguage":"es","potentialAction":[{"@type":"ReadAction","target":["https:\/\/luchonoticias.com\/editor\/via-libre-para-obras-viales-en-el-sur-del-huila\/"]}]},{"@type":"BreadcrumbList","@id":"https:\/\/luchonoticias.com\/editor\/via-libre-para-obras-viales-en-el-sur-del-huila\/#breadcrumb","itemListElement":[{"@type":"ListItem","position":1,"name":"Portada","item":"https:\/\/luchonoticias.com\/editor\/"},{"@type":"ListItem","position":2,"name":"V\u00eda libre para obras viales en el sur del Huila"}]},{"@type":"WebSite","@id":"https:\/\/luchonoticias.com\/editor\/#website","url":"https:\/\/luchonoticias.com\/editor\/","name":"","description":"","publisher":{"@id":"https:\/\/luchonoticias.com\/editor\/#\/schema\/person\/7a7fd911f58561fd056dbac7b55af9cd"},"potentialAction":[{"@type":"SearchAction","target":{"@type":"EntryPoint","urlTemplate":"https:\/\/luchonoticias.com\/editor\/?s={search_term_string}"},"query-input":{"@type":"PropertyValueSpecification","valueRequired":true,"valueName":"search_term_string"}}],"inLanguage":"es"},{"@type":["Person","Organization"],"@id":"https:\/\/luchonoticias.com\/editor\/#\/schema\/person\/7a7fd911f58561fd056dbac7b55af9cd","name":"admin","image":{"@type":"ImageObject","inLanguage":"es","@id":"https:\/\/luchonoticias.com\/editor\/#\/schema\/person\/image\/","url":"https:\/\/luchonoticias.com\/editor\/wp-content\/uploads\/2024\/02\/cropped-cropped-logolu.webp","contentUrl":"https:\/\/luchonoticias.com\/editor\/wp-content\/uploads\/2024\/02\/cropped-cropped-logolu.webp","width":382,"height":170,"caption":"admin"},"logo":{"@id":"https:\/\/luchonoticias.com\/editor\/#\/schema\/person\/image\/"},"sameAs":["https:\/\/www.facebook.com\/luchonoticiasneiva"]},{"@type":"Person","@id":"https:\/\/luchonoticias.com\/editor\/#\/schema\/person\/29217990ddf6f14e35912b2866d591fb","name":"Editor General","image":{"@type":"ImageObject","inLanguage":"es","@id":"https:\/\/luchonoticias.com\/editor\/#\/schema\/person\/image\/","url":"https:\/\/luchonoticias.com\/editor\/wp-content\/uploads\/2024\/02\/cropped-cropped-logolu-150x150.webp","contentUrl":"https:\/\/luchonoticias.com\/editor\/wp-content\/uploads\/2024\/02\/cropped-cropped-logolu-150x150.webp","caption":"Editor General"},"sameAs":["https:\/\/luchonoticias.com\/"],"url":"https:\/\/luchonoticias.com\/editor\/author\/editor-general\/"}]}},"_links":{"self":[{"href":"https:\/\/luchonoticias.com\/editor\/wp-json\/wp\/v2\/posts\/47880","targetHints":{"allow":["GET"]}}],"collection":[{"href":"https:\/\/luchonoticias.com\/editor\/wp-json\/wp\/v2\/posts"}],"about":[{"href":"https:\/\/luchonoticias.com\/editor\/wp-json\/wp\/v2\/types\/post"}],"author":[{"embeddable":true,"href":"https:\/\/luchonoticias.com\/editor\/wp-json\/wp\/v2\/users\/2"}],"replies":[{"embeddable":true,"href":"https:\/\/luchonoticias.com\/editor\/wp-json\/wp\/v2\/comments?post=47880"}],"version-history":[{"count":0,"href":"https:\/\/luchonoticias.com\/editor\/wp-json\/wp\/v2\/posts\/47880\/revisions"}],"wp:attachment":[{"href":"https:\/\/luchonoticias.com\/editor\/wp-json\/wp\/v2\/media?parent=47880"}],"wp:term":[{"taxonomy":"category","embeddable":true,"href":"https:\/\/luchonoticias.com\/editor\/wp-json\/wp\/v2\/categories?post=47880"},{"taxonomy":"post_tag","embeddable":true,"href":"https:\/\/luchonoticias.com\/editor\/wp-json\/wp\/v2\/tags?post=47880"}],"curies":[{"name":"wp","href":"https:\/\/api.w.org\/{rel}","templated":true}]}}