{"id":48019,"date":"2023-03-11T07:10:39","date_gmt":"2023-03-11T12:10:39","guid":{"rendered":"https:\/\/luchonoticias.com\/?p=48019"},"modified":"2023-03-11T07:10:40","modified_gmt":"2023-03-11T12:10:40","slug":"capturados-el-dia-de-la-mujer-golpeando-a-sus-progenitoras","status":"publish","type":"post","link":"https:\/\/luchonoticias.com\/editor\/capturados-el-dia-de-la-mujer-golpeando-a-sus-progenitoras\/","title":{"rendered":"Capturados el d\u00eda de La Mujer golpeando a sus progenitoras"},"content":{"rendered":"\n<p>&nbsp;En la atenci\u00f3n oportuna de dos motivos de polic\u00eda en horas de la noche el pasado 8 de marzo del 2023, D\u00eda Internacional de la Mujer, fueron capturados dos hombres en hechos aislados en el municipio de La Plata, luego de ser sorprendidos en flagrancia presuntamente agrediendo f\u00edsica y verbalmente a sus progenitoras.&nbsp;<\/p>\n\n\n\n<p>En el primero hecho reportado por la comunidad del barrio Las Mercedes, la patrulla del cuadrante logr\u00f3 la captura de Johnatan Estiven Chantre de 26 a\u00f1os de edad, el cual, fue sorprendido insultando, amenazando y golpeando a su mam\u00e1.<\/p>\n\n\n\n<p>Igualmente, en la vereda El Salado, la Polic\u00eda Nacional logr\u00f3 la captura de un hombre de 28 a\u00f1os de edad identificado como Juan David Pinillos, el cual, momentos antes al parecer&nbsp; hab\u00eda agredido f\u00edsica y verbalmente a su se\u00f1ora madre de 57 a\u00f1os de edad.<\/p>\n\n\n\n<p>Seg\u00fan el teniente Milton Ferro, comandante de la Estaci\u00f3n de Polic\u00eda La Plata, los dos sujetos judicializados por el delito de violencia intrafamiliar, culminadas las audiencias preliminares, se les determin\u00f3 medida de aseguramiento en centro carcelario<\/p>\n","protected":false},"excerpt":{"rendered":"<p>&nbsp;En la atenci\u00f3n oportuna de dos motivos de polic\u00eda en horas de la noche el pasado 8 de marzo del 2023, D\u00eda Internacional de la Mujer, fueron capturados dos hombres en hechos aislados en el municipio de La Plata, luego de ser sorprendidos en flagrancia presuntamente agrediendo f\u00edsica y verbalmente a sus progenitoras.&nbsp; En el [&hellip;]<\/p>\n","protected":false},"author":2,"featured_media":0,"comment_status":"open","ping_status":"open","sticky":false,"template":"","format":"standard","meta":{"footnotes":""},"categories":[36,29],"tags":[],"class_list":["post-48019","post","type-post","status-publish","format-standard","hentry","category-destacado","category-judicial"],"yoast_head":"<!-- This site is optimized with the Yoast SEO plugin v26.6 - https:\/\/yoast.com\/wordpress\/plugins\/seo\/ -->\n<title>Capturados el d\u00eda de La Mujer golpeando a sus progenitoras -<\/title>\n<meta name=\"robots\" content=\"index, follow, max-snippet:-1, max-image-preview:large, max-video-preview:-1\" \/>\n<link rel=\"canonical\" href=\"https:\/\/luchonoticias.com\/editor\/capturados-el-dia-de-la-mujer-golpeando-a-sus-progenitoras\/\" \/>\n<meta property=\"og:locale\" content=\"es_ES\" \/>\n<meta property=\"og:type\" content=\"article\" \/>\n<meta property=\"og:title\" content=\"Capturados el d\u00eda de La Mujer golpeando a sus progenitoras -\" \/>\n<meta property=\"og:url\" content=\"https:\/\/luchonoticias.com\/editor\/capturados-el-dia-de-la-mujer-golpeando-a-sus-progenitoras\/\" \/>\n<meta property=\"article:publisher\" content=\"https:\/\/www.facebook.com\/luchonoticiasneiva\" \/>\n<meta property=\"article:published_time\" content=\"2023-03-11T12:10:39+00:00\" \/>\n<meta property=\"article:modified_time\" content=\"2023-03-11T12:10:40+00:00\" \/>\n<meta name=\"author\" content=\"Editor General\" \/>\n<meta name=\"twitter:card\" content=\"summary_large_image\" \/>\n<meta name=\"twitter:label1\" content=\"Escrito por\" \/>\n\t<meta name=\"twitter:data1\" content=\"Editor General\" \/>\n\t<meta name=\"twitter:label2\" content=\"Tiempo de lectura\" \/>\n\t<meta name=\"twitter:data2\" content=\"1 minuto\" \/>\n<script type=\"application\/ld+json\" class=\"yoast-schema-graph\">{\"@context\":\"https:\/\/schema.org\",\"@graph\":[{\"@type\":\"Article\",\"@id\":\"https:\/\/luchonoticias.com\/editor\/capturados-el-dia-de-la-mujer-golpeando-a-sus-progenitoras\/#article\",\"isPartOf\":{\"@id\":\"https:\/\/luchonoticias.com\/editor\/capturados-el-dia-de-la-mujer-golpeando-a-sus-progenitoras\/\"},\"author\":{\"name\":\"Editor General\",\"@id\":\"https:\/\/luchonoticias.com\/editor\/#\/schema\/person\/29217990ddf6f14e35912b2866d591fb\"},\"headline\":\"Capturados el d\u00eda de La Mujer golpeando a sus progenitoras\",\"datePublished\":\"2023-03-11T12:10:39+00:00\",\"dateModified\":\"2023-03-11T12:10:40+00:00\",\"mainEntityOfPage\":{\"@id\":\"https:\/\/luchonoticias.com\/editor\/capturados-el-dia-de-la-mujer-golpeando-a-sus-progenitoras\/\"},\"wordCount\":196,\"commentCount\":0,\"publisher\":{\"@id\":\"https:\/\/luchonoticias.com\/editor\/#\/schema\/person\/7a7fd911f58561fd056dbac7b55af9cd\"},\"articleSection\":[\"Destacado\",\"Judicial\"],\"inLanguage\":\"es\",\"potentialAction\":[{\"@type\":\"CommentAction\",\"name\":\"Comment\",\"target\":[\"https:\/\/luchonoticias.com\/editor\/capturados-el-dia-de-la-mujer-golpeando-a-sus-progenitoras\/#respond\"]}]},{\"@type\":\"WebPage\",\"@id\":\"https:\/\/luchonoticias.com\/editor\/capturados-el-dia-de-la-mujer-golpeando-a-sus-progenitoras\/\",\"url\":\"https:\/\/luchonoticias.com\/editor\/capturados-el-dia-de-la-mujer-golpeando-a-sus-progenitoras\/\",\"name\":\"Capturados el d\u00eda de La Mujer golpeando a sus progenitoras -\",\"isPartOf\":{\"@id\":\"https:\/\/luchonoticias.com\/editor\/#website\"},\"datePublished\":\"2023-03-11T12:10:39+00:00\",\"dateModified\":\"2023-03-11T12:10:40+00:00\",\"breadcrumb\":{\"@id\":\"https:\/\/luchonoticias.com\/editor\/capturados-el-dia-de-la-mujer-golpeando-a-sus-progenitoras\/#breadcrumb\"},\"inLanguage\":\"es\",\"potentialAction\":[{\"@type\":\"ReadAction\",\"target\":[\"https:\/\/luchonoticias.com\/editor\/capturados-el-dia-de-la-mujer-golpeando-a-sus-progenitoras\/\"]}]},{\"@type\":\"BreadcrumbList\",\"@id\":\"https:\/\/luchonoticias.com\/editor\/capturados-el-dia-de-la-mujer-golpeando-a-sus-progenitoras\/#breadcrumb\",\"itemListElement\":[{\"@type\":\"ListItem\",\"position\":1,\"name\":\"Portada\",\"item\":\"https:\/\/luchonoticias.com\/editor\/\"},{\"@type\":\"ListItem\",\"position\":2,\"name\":\"Capturados el d\u00eda de La Mujer golpeando a sus progenitoras\"}]},{\"@type\":\"WebSite\",\"@id\":\"https:\/\/luchonoticias.com\/editor\/#website\",\"url\":\"https:\/\/luchonoticias.com\/editor\/\",\"name\":\"\",\"description\":\"\",\"publisher\":{\"@id\":\"https:\/\/luchonoticias.com\/editor\/#\/schema\/person\/7a7fd911f58561fd056dbac7b55af9cd\"},\"potentialAction\":[{\"@type\":\"SearchAction\",\"target\":{\"@type\":\"EntryPoint\",\"urlTemplate\":\"https:\/\/luchonoticias.com\/editor\/?s={search_term_string}\"},\"query-input\":{\"@type\":\"PropertyValueSpecification\",\"valueRequired\":true,\"valueName\":\"search_term_string\"}}],\"inLanguage\":\"es\"},{\"@type\":[\"Person\",\"Organization\"],\"@id\":\"https:\/\/luchonoticias.com\/editor\/#\/schema\/person\/7a7fd911f58561fd056dbac7b55af9cd\",\"name\":\"admin\",\"image\":{\"@type\":\"ImageObject\",\"inLanguage\":\"es\",\"@id\":\"https:\/\/luchonoticias.com\/editor\/#\/schema\/person\/image\/\",\"url\":\"https:\/\/luchonoticias.com\/editor\/wp-content\/uploads\/2024\/02\/cropped-cropped-logolu.webp\",\"contentUrl\":\"https:\/\/luchonoticias.com\/editor\/wp-content\/uploads\/2024\/02\/cropped-cropped-logolu.webp\",\"width\":382,\"height\":170,\"caption\":\"admin\"},\"logo\":{\"@id\":\"https:\/\/luchonoticias.com\/editor\/#\/schema\/person\/image\/\"},\"sameAs\":[\"https:\/\/www.facebook.com\/luchonoticiasneiva\"]},{\"@type\":\"Person\",\"@id\":\"https:\/\/luchonoticias.com\/editor\/#\/schema\/person\/29217990ddf6f14e35912b2866d591fb\",\"name\":\"Editor General\",\"image\":{\"@type\":\"ImageObject\",\"inLanguage\":\"es\",\"@id\":\"https:\/\/luchonoticias.com\/editor\/#\/schema\/person\/image\/\",\"url\":\"https:\/\/luchonoticias.com\/editor\/wp-content\/uploads\/2024\/02\/cropped-cropped-logolu-150x150.webp\",\"contentUrl\":\"https:\/\/luchonoticias.com\/editor\/wp-content\/uploads\/2024\/02\/cropped-cropped-logolu-150x150.webp\",\"caption\":\"Editor General\"},\"sameAs\":[\"https:\/\/luchonoticias.com\/\"],\"url\":\"https:\/\/luchonoticias.com\/editor\/author\/editor-general\/\"}]}<\/script>\n<!-- \/ Yoast SEO plugin. -->","yoast_head_json":{"title":"Capturados el d\u00eda de La Mujer golpeando a sus progenitoras -","robots":{"index":"index","follow":"follow","max-snippet":"max-snippet:-1","max-image-preview":"max-image-preview:large","max-video-preview":"max-video-preview:-1"},"canonical":"https:\/\/luchonoticias.com\/editor\/capturados-el-dia-de-la-mujer-golpeando-a-sus-progenitoras\/","og_locale":"es_ES","og_type":"article","og_title":"Capturados el d\u00eda de La Mujer golpeando a sus progenitoras -","og_url":"https:\/\/luchonoticias.com\/editor\/capturados-el-dia-de-la-mujer-golpeando-a-sus-progenitoras\/","article_publisher":"https:\/\/www.facebook.com\/luchonoticiasneiva","article_published_time":"2023-03-11T12:10:39+00:00","article_modified_time":"2023-03-11T12:10:40+00:00","author":"Editor General","twitter_card":"summary_large_image","twitter_misc":{"Escrito por":"Editor General","Tiempo de lectura":"1 minuto"},"schema":{"@context":"https:\/\/schema.org","@graph":[{"@type":"Article","@id":"https:\/\/luchonoticias.com\/editor\/capturados-el-dia-de-la-mujer-golpeando-a-sus-progenitoras\/#article","isPartOf":{"@id":"https:\/\/luchonoticias.com\/editor\/capturados-el-dia-de-la-mujer-golpeando-a-sus-progenitoras\/"},"author":{"name":"Editor General","@id":"https:\/\/luchonoticias.com\/editor\/#\/schema\/person\/29217990ddf6f14e35912b2866d591fb"},"headline":"Capturados el d\u00eda de La Mujer golpeando a sus progenitoras","datePublished":"2023-03-11T12:10:39+00:00","dateModified":"2023-03-11T12:10:40+00:00","mainEntityOfPage":{"@id":"https:\/\/luchonoticias.com\/editor\/capturados-el-dia-de-la-mujer-golpeando-a-sus-progenitoras\/"},"wordCount":196,"commentCount":0,"publisher":{"@id":"https:\/\/luchonoticias.com\/editor\/#\/schema\/person\/7a7fd911f58561fd056dbac7b55af9cd"},"articleSection":["Destacado","Judicial"],"inLanguage":"es","potentialAction":[{"@type":"CommentAction","name":"Comment","target":["https:\/\/luchonoticias.com\/editor\/capturados-el-dia-de-la-mujer-golpeando-a-sus-progenitoras\/#respond"]}]},{"@type":"WebPage","@id":"https:\/\/luchonoticias.com\/editor\/capturados-el-dia-de-la-mujer-golpeando-a-sus-progenitoras\/","url":"https:\/\/luchonoticias.com\/editor\/capturados-el-dia-de-la-mujer-golpeando-a-sus-progenitoras\/","name":"Capturados el d\u00eda de La Mujer golpeando a sus progenitoras -","isPartOf":{"@id":"https:\/\/luchonoticias.com\/editor\/#website"},"datePublished":"2023-03-11T12:10:39+00:00","dateModified":"2023-03-11T12:10:40+00:00","breadcrumb":{"@id":"https:\/\/luchonoticias.com\/editor\/capturados-el-dia-de-la-mujer-golpeando-a-sus-progenitoras\/#breadcrumb"},"inLanguage":"es","potentialAction":[{"@type":"ReadAction","target":["https:\/\/luchonoticias.com\/editor\/capturados-el-dia-de-la-mujer-golpeando-a-sus-progenitoras\/"]}]},{"@type":"BreadcrumbList","@id":"https:\/\/luchonoticias.com\/editor\/capturados-el-dia-de-la-mujer-golpeando-a-sus-progenitoras\/#breadcrumb","itemListElement":[{"@type":"ListItem","position":1,"name":"Portada","item":"https:\/\/luchonoticias.com\/editor\/"},{"@type":"ListItem","position":2,"name":"Capturados el d\u00eda de La Mujer golpeando a sus progenitoras"}]},{"@type":"WebSite","@id":"https:\/\/luchonoticias.com\/editor\/#website","url":"https:\/\/luchonoticias.com\/editor\/","name":"","description":"","publisher":{"@id":"https:\/\/luchonoticias.com\/editor\/#\/schema\/person\/7a7fd911f58561fd056dbac7b55af9cd"},"potentialAction":[{"@type":"SearchAction","target":{"@type":"EntryPoint","urlTemplate":"https:\/\/luchonoticias.com\/editor\/?s={search_term_string}"},"query-input":{"@type":"PropertyValueSpecification","valueRequired":true,"valueName":"search_term_string"}}],"inLanguage":"es"},{"@type":["Person","Organization"],"@id":"https:\/\/luchonoticias.com\/editor\/#\/schema\/person\/7a7fd911f58561fd056dbac7b55af9cd","name":"admin","image":{"@type":"ImageObject","inLanguage":"es","@id":"https:\/\/luchonoticias.com\/editor\/#\/schema\/person\/image\/","url":"https:\/\/luchonoticias.com\/editor\/wp-content\/uploads\/2024\/02\/cropped-cropped-logolu.webp","contentUrl":"https:\/\/luchonoticias.com\/editor\/wp-content\/uploads\/2024\/02\/cropped-cropped-logolu.webp","width":382,"height":170,"caption":"admin"},"logo":{"@id":"https:\/\/luchonoticias.com\/editor\/#\/schema\/person\/image\/"},"sameAs":["https:\/\/www.facebook.com\/luchonoticiasneiva"]},{"@type":"Person","@id":"https:\/\/luchonoticias.com\/editor\/#\/schema\/person\/29217990ddf6f14e35912b2866d591fb","name":"Editor General","image":{"@type":"ImageObject","inLanguage":"es","@id":"https:\/\/luchonoticias.com\/editor\/#\/schema\/person\/image\/","url":"https:\/\/luchonoticias.com\/editor\/wp-content\/uploads\/2024\/02\/cropped-cropped-logolu-150x150.webp","contentUrl":"https:\/\/luchonoticias.com\/editor\/wp-content\/uploads\/2024\/02\/cropped-cropped-logolu-150x150.webp","caption":"Editor General"},"sameAs":["https:\/\/luchonoticias.com\/"],"url":"https:\/\/luchonoticias.com\/editor\/author\/editor-general\/"}]}},"_links":{"self":[{"href":"https:\/\/luchonoticias.com\/editor\/wp-json\/wp\/v2\/posts\/48019","targetHints":{"allow":["GET"]}}],"collection":[{"href":"https:\/\/luchonoticias.com\/editor\/wp-json\/wp\/v2\/posts"}],"about":[{"href":"https:\/\/luchonoticias.com\/editor\/wp-json\/wp\/v2\/types\/post"}],"author":[{"embeddable":true,"href":"https:\/\/luchonoticias.com\/editor\/wp-json\/wp\/v2\/users\/2"}],"replies":[{"embeddable":true,"href":"https:\/\/luchonoticias.com\/editor\/wp-json\/wp\/v2\/comments?post=48019"}],"version-history":[{"count":0,"href":"https:\/\/luchonoticias.com\/editor\/wp-json\/wp\/v2\/posts\/48019\/revisions"}],"wp:attachment":[{"href":"https:\/\/luchonoticias.com\/editor\/wp-json\/wp\/v2\/media?parent=48019"}],"wp:term":[{"taxonomy":"category","embeddable":true,"href":"https:\/\/luchonoticias.com\/editor\/wp-json\/wp\/v2\/categories?post=48019"},{"taxonomy":"post_tag","embeddable":true,"href":"https:\/\/luchonoticias.com\/editor\/wp-json\/wp\/v2\/tags?post=48019"}],"curies":[{"name":"wp","href":"https:\/\/api.w.org\/{rel}","templated":true}]}}