{"id":48028,"date":"2023-03-11T07:20:07","date_gmt":"2023-03-11T12:20:07","guid":{"rendered":"https:\/\/luchonoticias.com\/?p=48028"},"modified":"2023-03-11T07:20:08","modified_gmt":"2023-03-11T12:20:08","slug":"proyectos-para-mitigar-el-cambio-climatico-se-podran-postular-hasta-el-24-de-abril","status":"publish","type":"post","link":"https:\/\/luchonoticias.com\/editor\/proyectos-para-mitigar-el-cambio-climatico-se-podran-postular-hasta-el-24-de-abril\/","title":{"rendered":"Proyectos para mitigar el cambio clim\u00e1tico se podr\u00e1n postular hasta el 24 de abril"},"content":{"rendered":"\n<p>La Aceleradora de Financiamiento Clim\u00e1tico (CFA, por sus siglas en ingl\u00e9s) abri\u00f3 una nueva convocatoria para Colombia, a la cual podr\u00e1n postularse \u2013hasta el pr\u00f3ximo 24 de abril\u2013 los proyectos enfocados en mitigaci\u00f3n o adaptaci\u00f3n al cambio clim\u00e1tico y que buscan financiamiento para su realizaci\u00f3n, principalmente, en los sectores de energ\u00eda, transporte, agricultura, silvicultura y otros usos del suelo.<\/p>\n\n\n\n<p>Las iniciativas seleccionadas podr\u00e1n recibir asesor\u00eda, acceso a potenciales inversionistas, mentor\u00edas especializadas y oportunidades de relacionamiento, para obtener mayor visibilidad y aportar al alcance de las metas clim\u00e1ticas del pa\u00eds.<\/p>\n\n\n\n<p>Los colombianos y colombianas interesadas en ampliar la informaci\u00f3n de esta convocatoria lo pueden hacer a trav\u00e9s del&nbsp;<a href=\"https:\/\/www.pwc.com\/co\/es\/cfa.html\" target=\"_blank\" rel=\"noreferrer noopener\">link\u200b<\/a>&nbsp;<\/p>\n\n\n\n<h3 class=\"wp-block-heading\">Sobre la CFA<\/h3>\n\n\n\n<p>\u200bColombia present\u00f3 en diciembre de 2022 la actualizaci\u00f3n de la Estrategia Nacional de Financiamiento Clim\u00e1tico (ENFC), para orientar al pa\u00eds a movilizar, de manera eficiente, sostenible, escalable y transparente, recursos orientados a iniciativas de mitigaci\u00f3n y adaptaci\u00f3n a lo largo de todo su ciclo.<\/p>\n\n\n\n<p>Cabe destacar que la ENFC cuenta con distintos frentes de trabajo, entre ellos, el Corredor de Financiamiento Clim\u00e1tico, un sistema liderado por el Departamento Nacional de Planeaci\u00f3n (DNP), que busca orientar la oferta de recursos de financiaci\u00f3n para conectarla con los proyectos sectoriales y territoriales.&nbsp;<\/p>\n\n\n\n<p>Es aqu\u00ed donde la CFA se articula y complementa los esfuerzos nacionales, para aportar a la construcci\u00f3n de un banco de proyectos robustos y financiables que contribuyan a alcanzar la Contribuci\u00f3n Nacionalmente Determinada (NDC, por sus siglas en ingl\u00e9s).<\/p>\n","protected":false},"excerpt":{"rendered":"<p>La Aceleradora de Financiamiento Clim\u00e1tico (CFA, por sus siglas en ingl\u00e9s) abri\u00f3 una nueva convocatoria para Colombia, a la cual podr\u00e1n postularse \u2013hasta el pr\u00f3ximo 24 de abril\u2013 los proyectos enfocados en mitigaci\u00f3n o adaptaci\u00f3n al cambio clim\u00e1tico y que buscan financiamiento para su realizaci\u00f3n, principalmente, en los sectores de energ\u00eda, transporte, agricultura, silvicultura y [&hellip;]<\/p>\n","protected":false},"author":2,"featured_media":0,"comment_status":"open","ping_status":"open","sticky":false,"template":"","format":"standard","meta":{"footnotes":""},"categories":[28,36],"tags":[],"class_list":["post-48028","post","type-post","status-publish","format-standard","hentry","category-actualidad","category-destacado"],"yoast_head":"<!-- This site is optimized with the Yoast SEO plugin v26.6 - https:\/\/yoast.com\/wordpress\/plugins\/seo\/ -->\n<title>Proyectos para mitigar el cambio clim\u00e1tico se podr\u00e1n postular hasta el 24 de abril -<\/title>\n<meta name=\"robots\" content=\"index, follow, max-snippet:-1, max-image-preview:large, max-video-preview:-1\" \/>\n<link rel=\"canonical\" href=\"https:\/\/luchonoticias.com\/editor\/proyectos-para-mitigar-el-cambio-climatico-se-podran-postular-hasta-el-24-de-abril\/\" \/>\n<meta property=\"og:locale\" content=\"es_ES\" \/>\n<meta property=\"og:type\" content=\"article\" \/>\n<meta property=\"og:title\" content=\"Proyectos para mitigar el cambio clim\u00e1tico se podr\u00e1n postular hasta el 24 de abril -\" \/>\n<meta property=\"og:url\" content=\"https:\/\/luchonoticias.com\/editor\/proyectos-para-mitigar-el-cambio-climatico-se-podran-postular-hasta-el-24-de-abril\/\" \/>\n<meta property=\"article:publisher\" content=\"https:\/\/www.facebook.com\/luchonoticiasneiva\" \/>\n<meta property=\"article:published_time\" content=\"2023-03-11T12:20:07+00:00\" \/>\n<meta property=\"article:modified_time\" content=\"2023-03-11T12:20:08+00:00\" \/>\n<meta name=\"author\" content=\"Editor General\" \/>\n<meta name=\"twitter:card\" content=\"summary_large_image\" \/>\n<meta name=\"twitter:label1\" content=\"Escrito por\" \/>\n\t<meta name=\"twitter:data1\" content=\"Editor General\" \/>\n\t<meta name=\"twitter:label2\" content=\"Tiempo de lectura\" \/>\n\t<meta name=\"twitter:data2\" content=\"1 minuto\" \/>\n<script type=\"application\/ld+json\" class=\"yoast-schema-graph\">{\"@context\":\"https:\/\/schema.org\",\"@graph\":[{\"@type\":\"Article\",\"@id\":\"https:\/\/luchonoticias.com\/editor\/proyectos-para-mitigar-el-cambio-climatico-se-podran-postular-hasta-el-24-de-abril\/#article\",\"isPartOf\":{\"@id\":\"https:\/\/luchonoticias.com\/editor\/proyectos-para-mitigar-el-cambio-climatico-se-podran-postular-hasta-el-24-de-abril\/\"},\"author\":{\"name\":\"Editor General\",\"@id\":\"https:\/\/luchonoticias.com\/editor\/#\/schema\/person\/29217990ddf6f14e35912b2866d591fb\"},\"headline\":\"Proyectos para mitigar el cambio clim\u00e1tico se podr\u00e1n postular hasta el 24 de abril\",\"datePublished\":\"2023-03-11T12:20:07+00:00\",\"dateModified\":\"2023-03-11T12:20:08+00:00\",\"mainEntityOfPage\":{\"@id\":\"https:\/\/luchonoticias.com\/editor\/proyectos-para-mitigar-el-cambio-climatico-se-podran-postular-hasta-el-24-de-abril\/\"},\"wordCount\":282,\"commentCount\":0,\"publisher\":{\"@id\":\"https:\/\/luchonoticias.com\/editor\/#\/schema\/person\/7a7fd911f58561fd056dbac7b55af9cd\"},\"articleSection\":[\"Actualidad\",\"Destacado\"],\"inLanguage\":\"es\",\"potentialAction\":[{\"@type\":\"CommentAction\",\"name\":\"Comment\",\"target\":[\"https:\/\/luchonoticias.com\/editor\/proyectos-para-mitigar-el-cambio-climatico-se-podran-postular-hasta-el-24-de-abril\/#respond\"]}]},{\"@type\":\"WebPage\",\"@id\":\"https:\/\/luchonoticias.com\/editor\/proyectos-para-mitigar-el-cambio-climatico-se-podran-postular-hasta-el-24-de-abril\/\",\"url\":\"https:\/\/luchonoticias.com\/editor\/proyectos-para-mitigar-el-cambio-climatico-se-podran-postular-hasta-el-24-de-abril\/\",\"name\":\"Proyectos para mitigar el cambio clim\u00e1tico se podr\u00e1n postular hasta el 24 de abril -\",\"isPartOf\":{\"@id\":\"https:\/\/luchonoticias.com\/editor\/#website\"},\"datePublished\":\"2023-03-11T12:20:07+00:00\",\"dateModified\":\"2023-03-11T12:20:08+00:00\",\"breadcrumb\":{\"@id\":\"https:\/\/luchonoticias.com\/editor\/proyectos-para-mitigar-el-cambio-climatico-se-podran-postular-hasta-el-24-de-abril\/#breadcrumb\"},\"inLanguage\":\"es\",\"potentialAction\":[{\"@type\":\"ReadAction\",\"target\":[\"https:\/\/luchonoticias.com\/editor\/proyectos-para-mitigar-el-cambio-climatico-se-podran-postular-hasta-el-24-de-abril\/\"]}]},{\"@type\":\"BreadcrumbList\",\"@id\":\"https:\/\/luchonoticias.com\/editor\/proyectos-para-mitigar-el-cambio-climatico-se-podran-postular-hasta-el-24-de-abril\/#breadcrumb\",\"itemListElement\":[{\"@type\":\"ListItem\",\"position\":1,\"name\":\"Portada\",\"item\":\"https:\/\/luchonoticias.com\/editor\/\"},{\"@type\":\"ListItem\",\"position\":2,\"name\":\"Proyectos para mitigar el cambio clim\u00e1tico se podr\u00e1n postular hasta el 24 de abril\"}]},{\"@type\":\"WebSite\",\"@id\":\"https:\/\/luchonoticias.com\/editor\/#website\",\"url\":\"https:\/\/luchonoticias.com\/editor\/\",\"name\":\"\",\"description\":\"\",\"publisher\":{\"@id\":\"https:\/\/luchonoticias.com\/editor\/#\/schema\/person\/7a7fd911f58561fd056dbac7b55af9cd\"},\"potentialAction\":[{\"@type\":\"SearchAction\",\"target\":{\"@type\":\"EntryPoint\",\"urlTemplate\":\"https:\/\/luchonoticias.com\/editor\/?s={search_term_string}\"},\"query-input\":{\"@type\":\"PropertyValueSpecification\",\"valueRequired\":true,\"valueName\":\"search_term_string\"}}],\"inLanguage\":\"es\"},{\"@type\":[\"Person\",\"Organization\"],\"@id\":\"https:\/\/luchonoticias.com\/editor\/#\/schema\/person\/7a7fd911f58561fd056dbac7b55af9cd\",\"name\":\"admin\",\"image\":{\"@type\":\"ImageObject\",\"inLanguage\":\"es\",\"@id\":\"https:\/\/luchonoticias.com\/editor\/#\/schema\/person\/image\/\",\"url\":\"https:\/\/luchonoticias.com\/editor\/wp-content\/uploads\/2024\/02\/cropped-cropped-logolu.webp\",\"contentUrl\":\"https:\/\/luchonoticias.com\/editor\/wp-content\/uploads\/2024\/02\/cropped-cropped-logolu.webp\",\"width\":382,\"height\":170,\"caption\":\"admin\"},\"logo\":{\"@id\":\"https:\/\/luchonoticias.com\/editor\/#\/schema\/person\/image\/\"},\"sameAs\":[\"https:\/\/www.facebook.com\/luchonoticiasneiva\"]},{\"@type\":\"Person\",\"@id\":\"https:\/\/luchonoticias.com\/editor\/#\/schema\/person\/29217990ddf6f14e35912b2866d591fb\",\"name\":\"Editor General\",\"image\":{\"@type\":\"ImageObject\",\"inLanguage\":\"es\",\"@id\":\"https:\/\/luchonoticias.com\/editor\/#\/schema\/person\/image\/\",\"url\":\"https:\/\/luchonoticias.com\/editor\/wp-content\/uploads\/2024\/02\/cropped-cropped-logolu-150x150.webp\",\"contentUrl\":\"https:\/\/luchonoticias.com\/editor\/wp-content\/uploads\/2024\/02\/cropped-cropped-logolu-150x150.webp\",\"caption\":\"Editor General\"},\"sameAs\":[\"https:\/\/luchonoticias.com\/\"],\"url\":\"https:\/\/luchonoticias.com\/editor\/author\/editor-general\/\"}]}<\/script>\n<!-- \/ Yoast SEO plugin. -->","yoast_head_json":{"title":"Proyectos para mitigar el cambio clim\u00e1tico se podr\u00e1n postular hasta el 24 de abril -","robots":{"index":"index","follow":"follow","max-snippet":"max-snippet:-1","max-image-preview":"max-image-preview:large","max-video-preview":"max-video-preview:-1"},"canonical":"https:\/\/luchonoticias.com\/editor\/proyectos-para-mitigar-el-cambio-climatico-se-podran-postular-hasta-el-24-de-abril\/","og_locale":"es_ES","og_type":"article","og_title":"Proyectos para mitigar el cambio clim\u00e1tico se podr\u00e1n postular hasta el 24 de abril -","og_url":"https:\/\/luchonoticias.com\/editor\/proyectos-para-mitigar-el-cambio-climatico-se-podran-postular-hasta-el-24-de-abril\/","article_publisher":"https:\/\/www.facebook.com\/luchonoticiasneiva","article_published_time":"2023-03-11T12:20:07+00:00","article_modified_time":"2023-03-11T12:20:08+00:00","author":"Editor General","twitter_card":"summary_large_image","twitter_misc":{"Escrito por":"Editor General","Tiempo de lectura":"1 minuto"},"schema":{"@context":"https:\/\/schema.org","@graph":[{"@type":"Article","@id":"https:\/\/luchonoticias.com\/editor\/proyectos-para-mitigar-el-cambio-climatico-se-podran-postular-hasta-el-24-de-abril\/#article","isPartOf":{"@id":"https:\/\/luchonoticias.com\/editor\/proyectos-para-mitigar-el-cambio-climatico-se-podran-postular-hasta-el-24-de-abril\/"},"author":{"name":"Editor General","@id":"https:\/\/luchonoticias.com\/editor\/#\/schema\/person\/29217990ddf6f14e35912b2866d591fb"},"headline":"Proyectos para mitigar el cambio clim\u00e1tico se podr\u00e1n postular hasta el 24 de abril","datePublished":"2023-03-11T12:20:07+00:00","dateModified":"2023-03-11T12:20:08+00:00","mainEntityOfPage":{"@id":"https:\/\/luchonoticias.com\/editor\/proyectos-para-mitigar-el-cambio-climatico-se-podran-postular-hasta-el-24-de-abril\/"},"wordCount":282,"commentCount":0,"publisher":{"@id":"https:\/\/luchonoticias.com\/editor\/#\/schema\/person\/7a7fd911f58561fd056dbac7b55af9cd"},"articleSection":["Actualidad","Destacado"],"inLanguage":"es","potentialAction":[{"@type":"CommentAction","name":"Comment","target":["https:\/\/luchonoticias.com\/editor\/proyectos-para-mitigar-el-cambio-climatico-se-podran-postular-hasta-el-24-de-abril\/#respond"]}]},{"@type":"WebPage","@id":"https:\/\/luchonoticias.com\/editor\/proyectos-para-mitigar-el-cambio-climatico-se-podran-postular-hasta-el-24-de-abril\/","url":"https:\/\/luchonoticias.com\/editor\/proyectos-para-mitigar-el-cambio-climatico-se-podran-postular-hasta-el-24-de-abril\/","name":"Proyectos para mitigar el cambio clim\u00e1tico se podr\u00e1n postular hasta el 24 de abril -","isPartOf":{"@id":"https:\/\/luchonoticias.com\/editor\/#website"},"datePublished":"2023-03-11T12:20:07+00:00","dateModified":"2023-03-11T12:20:08+00:00","breadcrumb":{"@id":"https:\/\/luchonoticias.com\/editor\/proyectos-para-mitigar-el-cambio-climatico-se-podran-postular-hasta-el-24-de-abril\/#breadcrumb"},"inLanguage":"es","potentialAction":[{"@type":"ReadAction","target":["https:\/\/luchonoticias.com\/editor\/proyectos-para-mitigar-el-cambio-climatico-se-podran-postular-hasta-el-24-de-abril\/"]}]},{"@type":"BreadcrumbList","@id":"https:\/\/luchonoticias.com\/editor\/proyectos-para-mitigar-el-cambio-climatico-se-podran-postular-hasta-el-24-de-abril\/#breadcrumb","itemListElement":[{"@type":"ListItem","position":1,"name":"Portada","item":"https:\/\/luchonoticias.com\/editor\/"},{"@type":"ListItem","position":2,"name":"Proyectos para mitigar el cambio clim\u00e1tico se podr\u00e1n postular hasta el 24 de abril"}]},{"@type":"WebSite","@id":"https:\/\/luchonoticias.com\/editor\/#website","url":"https:\/\/luchonoticias.com\/editor\/","name":"","description":"","publisher":{"@id":"https:\/\/luchonoticias.com\/editor\/#\/schema\/person\/7a7fd911f58561fd056dbac7b55af9cd"},"potentialAction":[{"@type":"SearchAction","target":{"@type":"EntryPoint","urlTemplate":"https:\/\/luchonoticias.com\/editor\/?s={search_term_string}"},"query-input":{"@type":"PropertyValueSpecification","valueRequired":true,"valueName":"search_term_string"}}],"inLanguage":"es"},{"@type":["Person","Organization"],"@id":"https:\/\/luchonoticias.com\/editor\/#\/schema\/person\/7a7fd911f58561fd056dbac7b55af9cd","name":"admin","image":{"@type":"ImageObject","inLanguage":"es","@id":"https:\/\/luchonoticias.com\/editor\/#\/schema\/person\/image\/","url":"https:\/\/luchonoticias.com\/editor\/wp-content\/uploads\/2024\/02\/cropped-cropped-logolu.webp","contentUrl":"https:\/\/luchonoticias.com\/editor\/wp-content\/uploads\/2024\/02\/cropped-cropped-logolu.webp","width":382,"height":170,"caption":"admin"},"logo":{"@id":"https:\/\/luchonoticias.com\/editor\/#\/schema\/person\/image\/"},"sameAs":["https:\/\/www.facebook.com\/luchonoticiasneiva"]},{"@type":"Person","@id":"https:\/\/luchonoticias.com\/editor\/#\/schema\/person\/29217990ddf6f14e35912b2866d591fb","name":"Editor General","image":{"@type":"ImageObject","inLanguage":"es","@id":"https:\/\/luchonoticias.com\/editor\/#\/schema\/person\/image\/","url":"https:\/\/luchonoticias.com\/editor\/wp-content\/uploads\/2024\/02\/cropped-cropped-logolu-150x150.webp","contentUrl":"https:\/\/luchonoticias.com\/editor\/wp-content\/uploads\/2024\/02\/cropped-cropped-logolu-150x150.webp","caption":"Editor General"},"sameAs":["https:\/\/luchonoticias.com\/"],"url":"https:\/\/luchonoticias.com\/editor\/author\/editor-general\/"}]}},"_links":{"self":[{"href":"https:\/\/luchonoticias.com\/editor\/wp-json\/wp\/v2\/posts\/48028","targetHints":{"allow":["GET"]}}],"collection":[{"href":"https:\/\/luchonoticias.com\/editor\/wp-json\/wp\/v2\/posts"}],"about":[{"href":"https:\/\/luchonoticias.com\/editor\/wp-json\/wp\/v2\/types\/post"}],"author":[{"embeddable":true,"href":"https:\/\/luchonoticias.com\/editor\/wp-json\/wp\/v2\/users\/2"}],"replies":[{"embeddable":true,"href":"https:\/\/luchonoticias.com\/editor\/wp-json\/wp\/v2\/comments?post=48028"}],"version-history":[{"count":0,"href":"https:\/\/luchonoticias.com\/editor\/wp-json\/wp\/v2\/posts\/48028\/revisions"}],"wp:attachment":[{"href":"https:\/\/luchonoticias.com\/editor\/wp-json\/wp\/v2\/media?parent=48028"}],"wp:term":[{"taxonomy":"category","embeddable":true,"href":"https:\/\/luchonoticias.com\/editor\/wp-json\/wp\/v2\/categories?post=48028"},{"taxonomy":"post_tag","embeddable":true,"href":"https:\/\/luchonoticias.com\/editor\/wp-json\/wp\/v2\/tags?post=48028"}],"curies":[{"name":"wp","href":"https:\/\/api.w.org\/{rel}","templated":true}]}}