{"id":48106,"date":"2023-03-12T07:05:06","date_gmt":"2023-03-12T12:05:06","guid":{"rendered":"https:\/\/luchonoticias.com\/?p=48106"},"modified":"2023-03-12T07:05:07","modified_gmt":"2023-03-12T12:05:07","slug":"sancocho-comunitario-en-pro-de-la-seguridad-de-garzon","status":"publish","type":"post","link":"https:\/\/luchonoticias.com\/editor\/sancocho-comunitario-en-pro-de-la-seguridad-de-garzon\/","title":{"rendered":"\u2018Sancocho comunitario\u2019 en pro de la seguridad de Garz\u00f3n"},"content":{"rendered":"\n<p>Cerca de 150 personas se hicieron participes de la jornada liderada por uniformados de la Polic\u00eda Nacional, quienes en conjunto con la ciudadan\u00eda del barrio Julio Baham\u00f3n de la Capital Diocesana del Huila, realizaron un sancocho comunitario con el objetivo de apoyar los frentes de seguridad.<\/p>\n\n\n\n<p>\u201cEn Garz\u00f3n Polic\u00eda y comunidad hicieron un sancocho comunitario al aire libre para personas de escasos recursos, en la actividad se beneficiaron 150 personas del sector del frente de seguridad Julio Baham\u00f3n\u201d, indicaron voceros de la actividad.<\/p>\n\n\n\n<figure class=\"wp-block-gallery has-nested-images columns-default is-cropped wp-block-gallery-1 is-layout-flex wp-block-gallery-is-layout-flex\">\n<figure class=\"wp-block-image size-large\"><img decoding=\"async\" data-id=\"48108\" src=\"https:\/\/luchonoticias.com\/wp-content\/uploads\/2023\/03\/WhatsApp-Image-2023-03-11-at-4.42.59-PM-2-768x1024.jpeg\" alt=\"\" class=\"wp-image-48108\"\/><\/figure>\n\n\n\n<figure class=\"wp-block-image size-large\"><img decoding=\"async\" data-id=\"48109\" src=\"https:\/\/luchonoticias.com\/wp-content\/uploads\/2023\/03\/WhatsApp-Image-2023-03-11-at-4.42.59-PM-1024x768.jpeg\" alt=\"\" class=\"wp-image-48109\"\/><\/figure>\n<\/figure>\n\n\n\n<p>Asimismo, dieron a conocer que esta jornada se realiz\u00f3 gracias al apoyo de una reconocida comerciante del sector.<\/p>\n\n\n\n<p>\u201cUna reconocida academia de belleza se vincul\u00f3 a la actividad y brind\u00f3 el servicio de peluquer\u00eda a los habitantes del sector, las mujeres que se vincularon a la actividad recibieron capacitaci\u00f3n en violencias de g\u00e9nero y la ruta de atenci\u00f3n a la mujer\u201d, concluyeron.<\/p>\n\n\n\n<figure class=\"wp-block-gallery has-nested-images columns-default is-cropped wp-block-gallery-2 is-layout-flex wp-block-gallery-is-layout-flex\">\n<figure class=\"wp-block-image size-large\"><img decoding=\"async\" data-id=\"48111\" src=\"https:\/\/luchonoticias.com\/wp-content\/uploads\/2023\/03\/WhatsApp-Image-2023-03-11-at-4.43.00-PM-2-1024x768.jpeg\" alt=\"\" class=\"wp-image-48111\"\/><\/figure>\n\n\n\n<figure class=\"wp-block-image size-large\"><img decoding=\"async\" data-id=\"48112\" src=\"https:\/\/luchonoticias.com\/wp-content\/uploads\/2023\/03\/WhatsApp-Image-2023-03-11-at-4.43.00-PM-1-1024x768.jpeg\" alt=\"\" class=\"wp-image-48112\"\/><\/figure>\n\n\n\n<figure class=\"wp-block-image size-large\"><img decoding=\"async\" data-id=\"48110\" src=\"https:\/\/luchonoticias.com\/wp-content\/uploads\/2023\/03\/WhatsApp-Image-2023-03-11-at-4.43.00-PM-1024x768.jpeg\" alt=\"\" class=\"wp-image-48110\"\/><\/figure>\n<\/figure>\n","protected":false},"excerpt":{"rendered":"<p>Cerca de 150 personas se hicieron participes de la jornada liderada por uniformados de la Polic\u00eda Nacional, quienes en conjunto con la ciudadan\u00eda del barrio Julio Baham\u00f3n de la Capital Diocesana del Huila, realizaron un sancocho comunitario con el objetivo de apoyar los frentes de seguridad. \u201cEn Garz\u00f3n Polic\u00eda y comunidad hicieron un sancocho comunitario [&hellip;]<\/p>\n","protected":false},"author":2,"featured_media":0,"comment_status":"open","ping_status":"open","sticky":false,"template":"","format":"standard","meta":{"footnotes":""},"categories":[3961,36],"tags":[],"class_list":["post-48106","post","type-post","status-publish","format-standard","hentry","category-comunidad","category-destacado"],"yoast_head":"<!-- This site is optimized with the Yoast SEO plugin v26.6 - https:\/\/yoast.com\/wordpress\/plugins\/seo\/ -->\n<title>\u2018Sancocho comunitario\u2019 en pro de la seguridad de Garz\u00f3n -<\/title>\n<meta name=\"robots\" content=\"index, follow, max-snippet:-1, max-image-preview:large, max-video-preview:-1\" \/>\n<link rel=\"canonical\" href=\"https:\/\/luchonoticias.com\/editor\/sancocho-comunitario-en-pro-de-la-seguridad-de-garzon\/\" \/>\n<meta property=\"og:locale\" content=\"es_ES\" \/>\n<meta property=\"og:type\" content=\"article\" \/>\n<meta property=\"og:title\" content=\"\u2018Sancocho comunitario\u2019 en pro de la seguridad de Garz\u00f3n -\" \/>\n<meta property=\"og:url\" content=\"https:\/\/luchonoticias.com\/editor\/sancocho-comunitario-en-pro-de-la-seguridad-de-garzon\/\" \/>\n<meta property=\"article:publisher\" content=\"https:\/\/www.facebook.com\/luchonoticiasneiva\" \/>\n<meta property=\"article:published_time\" content=\"2023-03-12T12:05:06+00:00\" \/>\n<meta property=\"article:modified_time\" content=\"2023-03-12T12:05:07+00:00\" \/>\n<meta property=\"og:image\" content=\"https:\/\/luchonoticias.com\/wp-content\/uploads\/2023\/03\/WhatsApp-Image-2023-03-11-at-4.42.59-PM-2-768x1024.jpeg\" \/>\n<meta name=\"author\" content=\"Editor General\" \/>\n<meta name=\"twitter:card\" content=\"summary_large_image\" \/>\n<meta name=\"twitter:label1\" content=\"Escrito por\" \/>\n\t<meta name=\"twitter:data1\" content=\"Editor General\" \/>\n\t<meta name=\"twitter:label2\" content=\"Tiempo de lectura\" \/>\n\t<meta name=\"twitter:data2\" content=\"1 minuto\" \/>\n<script type=\"application\/ld+json\" class=\"yoast-schema-graph\">{\"@context\":\"https:\/\/schema.org\",\"@graph\":[{\"@type\":\"Article\",\"@id\":\"https:\/\/luchonoticias.com\/editor\/sancocho-comunitario-en-pro-de-la-seguridad-de-garzon\/#article\",\"isPartOf\":{\"@id\":\"https:\/\/luchonoticias.com\/editor\/sancocho-comunitario-en-pro-de-la-seguridad-de-garzon\/\"},\"author\":{\"name\":\"Editor General\",\"@id\":\"https:\/\/luchonoticias.com\/editor\/#\/schema\/person\/29217990ddf6f14e35912b2866d591fb\"},\"headline\":\"\u2018Sancocho comunitario\u2019 en pro de la seguridad de Garz\u00f3n\",\"datePublished\":\"2023-03-12T12:05:06+00:00\",\"dateModified\":\"2023-03-12T12:05:07+00:00\",\"mainEntityOfPage\":{\"@id\":\"https:\/\/luchonoticias.com\/editor\/sancocho-comunitario-en-pro-de-la-seguridad-de-garzon\/\"},\"wordCount\":163,\"commentCount\":0,\"publisher\":{\"@id\":\"https:\/\/luchonoticias.com\/editor\/#\/schema\/person\/7a7fd911f58561fd056dbac7b55af9cd\"},\"image\":{\"@id\":\"https:\/\/luchonoticias.com\/editor\/sancocho-comunitario-en-pro-de-la-seguridad-de-garzon\/#primaryimage\"},\"thumbnailUrl\":\"https:\/\/luchonoticias.com\/wp-content\/uploads\/2023\/03\/WhatsApp-Image-2023-03-11-at-4.42.59-PM-2-768x1024.jpeg\",\"articleSection\":[\"Comunidad\",\"Destacado\"],\"inLanguage\":\"es\",\"potentialAction\":[{\"@type\":\"CommentAction\",\"name\":\"Comment\",\"target\":[\"https:\/\/luchonoticias.com\/editor\/sancocho-comunitario-en-pro-de-la-seguridad-de-garzon\/#respond\"]}]},{\"@type\":\"WebPage\",\"@id\":\"https:\/\/luchonoticias.com\/editor\/sancocho-comunitario-en-pro-de-la-seguridad-de-garzon\/\",\"url\":\"https:\/\/luchonoticias.com\/editor\/sancocho-comunitario-en-pro-de-la-seguridad-de-garzon\/\",\"name\":\"\u2018Sancocho comunitario\u2019 en pro de la seguridad de Garz\u00f3n -\",\"isPartOf\":{\"@id\":\"https:\/\/luchonoticias.com\/editor\/#website\"},\"primaryImageOfPage\":{\"@id\":\"https:\/\/luchonoticias.com\/editor\/sancocho-comunitario-en-pro-de-la-seguridad-de-garzon\/#primaryimage\"},\"image\":{\"@id\":\"https:\/\/luchonoticias.com\/editor\/sancocho-comunitario-en-pro-de-la-seguridad-de-garzon\/#primaryimage\"},\"thumbnailUrl\":\"https:\/\/luchonoticias.com\/wp-content\/uploads\/2023\/03\/WhatsApp-Image-2023-03-11-at-4.42.59-PM-2-768x1024.jpeg\",\"datePublished\":\"2023-03-12T12:05:06+00:00\",\"dateModified\":\"2023-03-12T12:05:07+00:00\",\"breadcrumb\":{\"@id\":\"https:\/\/luchonoticias.com\/editor\/sancocho-comunitario-en-pro-de-la-seguridad-de-garzon\/#breadcrumb\"},\"inLanguage\":\"es\",\"potentialAction\":[{\"@type\":\"ReadAction\",\"target\":[\"https:\/\/luchonoticias.com\/editor\/sancocho-comunitario-en-pro-de-la-seguridad-de-garzon\/\"]}]},{\"@type\":\"ImageObject\",\"inLanguage\":\"es\",\"@id\":\"https:\/\/luchonoticias.com\/editor\/sancocho-comunitario-en-pro-de-la-seguridad-de-garzon\/#primaryimage\",\"url\":\"https:\/\/luchonoticias.com\/wp-content\/uploads\/2023\/03\/WhatsApp-Image-2023-03-11-at-4.42.59-PM-2-768x1024.jpeg\",\"contentUrl\":\"https:\/\/luchonoticias.com\/wp-content\/uploads\/2023\/03\/WhatsApp-Image-2023-03-11-at-4.42.59-PM-2-768x1024.jpeg\"},{\"@type\":\"BreadcrumbList\",\"@id\":\"https:\/\/luchonoticias.com\/editor\/sancocho-comunitario-en-pro-de-la-seguridad-de-garzon\/#breadcrumb\",\"itemListElement\":[{\"@type\":\"ListItem\",\"position\":1,\"name\":\"Portada\",\"item\":\"https:\/\/luchonoticias.com\/editor\/\"},{\"@type\":\"ListItem\",\"position\":2,\"name\":\"\u2018Sancocho comunitario\u2019 en pro de la seguridad de Garz\u00f3n\"}]},{\"@type\":\"WebSite\",\"@id\":\"https:\/\/luchonoticias.com\/editor\/#website\",\"url\":\"https:\/\/luchonoticias.com\/editor\/\",\"name\":\"\",\"description\":\"\",\"publisher\":{\"@id\":\"https:\/\/luchonoticias.com\/editor\/#\/schema\/person\/7a7fd911f58561fd056dbac7b55af9cd\"},\"potentialAction\":[{\"@type\":\"SearchAction\",\"target\":{\"@type\":\"EntryPoint\",\"urlTemplate\":\"https:\/\/luchonoticias.com\/editor\/?s={search_term_string}\"},\"query-input\":{\"@type\":\"PropertyValueSpecification\",\"valueRequired\":true,\"valueName\":\"search_term_string\"}}],\"inLanguage\":\"es\"},{\"@type\":[\"Person\",\"Organization\"],\"@id\":\"https:\/\/luchonoticias.com\/editor\/#\/schema\/person\/7a7fd911f58561fd056dbac7b55af9cd\",\"name\":\"admin\",\"image\":{\"@type\":\"ImageObject\",\"inLanguage\":\"es\",\"@id\":\"https:\/\/luchonoticias.com\/editor\/#\/schema\/person\/image\/\",\"url\":\"https:\/\/luchonoticias.com\/editor\/wp-content\/uploads\/2024\/02\/cropped-cropped-logolu.webp\",\"contentUrl\":\"https:\/\/luchonoticias.com\/editor\/wp-content\/uploads\/2024\/02\/cropped-cropped-logolu.webp\",\"width\":382,\"height\":170,\"caption\":\"admin\"},\"logo\":{\"@id\":\"https:\/\/luchonoticias.com\/editor\/#\/schema\/person\/image\/\"},\"sameAs\":[\"https:\/\/www.facebook.com\/luchonoticiasneiva\"]},{\"@type\":\"Person\",\"@id\":\"https:\/\/luchonoticias.com\/editor\/#\/schema\/person\/29217990ddf6f14e35912b2866d591fb\",\"name\":\"Editor General\",\"image\":{\"@type\":\"ImageObject\",\"inLanguage\":\"es\",\"@id\":\"https:\/\/luchonoticias.com\/editor\/#\/schema\/person\/image\/\",\"url\":\"https:\/\/luchonoticias.com\/editor\/wp-content\/uploads\/2024\/02\/cropped-cropped-logolu-150x150.webp\",\"contentUrl\":\"https:\/\/luchonoticias.com\/editor\/wp-content\/uploads\/2024\/02\/cropped-cropped-logolu-150x150.webp\",\"caption\":\"Editor General\"},\"sameAs\":[\"https:\/\/luchonoticias.com\/\"],\"url\":\"https:\/\/luchonoticias.com\/editor\/author\/editor-general\/\"}]}<\/script>\n<!-- \/ Yoast SEO plugin. -->","yoast_head_json":{"title":"\u2018Sancocho comunitario\u2019 en pro de la seguridad de Garz\u00f3n -","robots":{"index":"index","follow":"follow","max-snippet":"max-snippet:-1","max-image-preview":"max-image-preview:large","max-video-preview":"max-video-preview:-1"},"canonical":"https:\/\/luchonoticias.com\/editor\/sancocho-comunitario-en-pro-de-la-seguridad-de-garzon\/","og_locale":"es_ES","og_type":"article","og_title":"\u2018Sancocho comunitario\u2019 en pro de la seguridad de Garz\u00f3n -","og_url":"https:\/\/luchonoticias.com\/editor\/sancocho-comunitario-en-pro-de-la-seguridad-de-garzon\/","article_publisher":"https:\/\/www.facebook.com\/luchonoticiasneiva","article_published_time":"2023-03-12T12:05:06+00:00","article_modified_time":"2023-03-12T12:05:07+00:00","og_image":[{"url":"https:\/\/luchonoticias.com\/wp-content\/uploads\/2023\/03\/WhatsApp-Image-2023-03-11-at-4.42.59-PM-2-768x1024.jpeg","type":"","width":"","height":""}],"author":"Editor General","twitter_card":"summary_large_image","twitter_misc":{"Escrito por":"Editor General","Tiempo de lectura":"1 minuto"},"schema":{"@context":"https:\/\/schema.org","@graph":[{"@type":"Article","@id":"https:\/\/luchonoticias.com\/editor\/sancocho-comunitario-en-pro-de-la-seguridad-de-garzon\/#article","isPartOf":{"@id":"https:\/\/luchonoticias.com\/editor\/sancocho-comunitario-en-pro-de-la-seguridad-de-garzon\/"},"author":{"name":"Editor General","@id":"https:\/\/luchonoticias.com\/editor\/#\/schema\/person\/29217990ddf6f14e35912b2866d591fb"},"headline":"\u2018Sancocho comunitario\u2019 en pro de la seguridad de Garz\u00f3n","datePublished":"2023-03-12T12:05:06+00:00","dateModified":"2023-03-12T12:05:07+00:00","mainEntityOfPage":{"@id":"https:\/\/luchonoticias.com\/editor\/sancocho-comunitario-en-pro-de-la-seguridad-de-garzon\/"},"wordCount":163,"commentCount":0,"publisher":{"@id":"https:\/\/luchonoticias.com\/editor\/#\/schema\/person\/7a7fd911f58561fd056dbac7b55af9cd"},"image":{"@id":"https:\/\/luchonoticias.com\/editor\/sancocho-comunitario-en-pro-de-la-seguridad-de-garzon\/#primaryimage"},"thumbnailUrl":"https:\/\/luchonoticias.com\/wp-content\/uploads\/2023\/03\/WhatsApp-Image-2023-03-11-at-4.42.59-PM-2-768x1024.jpeg","articleSection":["Comunidad","Destacado"],"inLanguage":"es","potentialAction":[{"@type":"CommentAction","name":"Comment","target":["https:\/\/luchonoticias.com\/editor\/sancocho-comunitario-en-pro-de-la-seguridad-de-garzon\/#respond"]}]},{"@type":"WebPage","@id":"https:\/\/luchonoticias.com\/editor\/sancocho-comunitario-en-pro-de-la-seguridad-de-garzon\/","url":"https:\/\/luchonoticias.com\/editor\/sancocho-comunitario-en-pro-de-la-seguridad-de-garzon\/","name":"\u2018Sancocho comunitario\u2019 en pro de la seguridad de Garz\u00f3n -","isPartOf":{"@id":"https:\/\/luchonoticias.com\/editor\/#website"},"primaryImageOfPage":{"@id":"https:\/\/luchonoticias.com\/editor\/sancocho-comunitario-en-pro-de-la-seguridad-de-garzon\/#primaryimage"},"image":{"@id":"https:\/\/luchonoticias.com\/editor\/sancocho-comunitario-en-pro-de-la-seguridad-de-garzon\/#primaryimage"},"thumbnailUrl":"https:\/\/luchonoticias.com\/wp-content\/uploads\/2023\/03\/WhatsApp-Image-2023-03-11-at-4.42.59-PM-2-768x1024.jpeg","datePublished":"2023-03-12T12:05:06+00:00","dateModified":"2023-03-12T12:05:07+00:00","breadcrumb":{"@id":"https:\/\/luchonoticias.com\/editor\/sancocho-comunitario-en-pro-de-la-seguridad-de-garzon\/#breadcrumb"},"inLanguage":"es","potentialAction":[{"@type":"ReadAction","target":["https:\/\/luchonoticias.com\/editor\/sancocho-comunitario-en-pro-de-la-seguridad-de-garzon\/"]}]},{"@type":"ImageObject","inLanguage":"es","@id":"https:\/\/luchonoticias.com\/editor\/sancocho-comunitario-en-pro-de-la-seguridad-de-garzon\/#primaryimage","url":"https:\/\/luchonoticias.com\/wp-content\/uploads\/2023\/03\/WhatsApp-Image-2023-03-11-at-4.42.59-PM-2-768x1024.jpeg","contentUrl":"https:\/\/luchonoticias.com\/wp-content\/uploads\/2023\/03\/WhatsApp-Image-2023-03-11-at-4.42.59-PM-2-768x1024.jpeg"},{"@type":"BreadcrumbList","@id":"https:\/\/luchonoticias.com\/editor\/sancocho-comunitario-en-pro-de-la-seguridad-de-garzon\/#breadcrumb","itemListElement":[{"@type":"ListItem","position":1,"name":"Portada","item":"https:\/\/luchonoticias.com\/editor\/"},{"@type":"ListItem","position":2,"name":"\u2018Sancocho comunitario\u2019 en pro de la seguridad de Garz\u00f3n"}]},{"@type":"WebSite","@id":"https:\/\/luchonoticias.com\/editor\/#website","url":"https:\/\/luchonoticias.com\/editor\/","name":"","description":"","publisher":{"@id":"https:\/\/luchonoticias.com\/editor\/#\/schema\/person\/7a7fd911f58561fd056dbac7b55af9cd"},"potentialAction":[{"@type":"SearchAction","target":{"@type":"EntryPoint","urlTemplate":"https:\/\/luchonoticias.com\/editor\/?s={search_term_string}"},"query-input":{"@type":"PropertyValueSpecification","valueRequired":true,"valueName":"search_term_string"}}],"inLanguage":"es"},{"@type":["Person","Organization"],"@id":"https:\/\/luchonoticias.com\/editor\/#\/schema\/person\/7a7fd911f58561fd056dbac7b55af9cd","name":"admin","image":{"@type":"ImageObject","inLanguage":"es","@id":"https:\/\/luchonoticias.com\/editor\/#\/schema\/person\/image\/","url":"https:\/\/luchonoticias.com\/editor\/wp-content\/uploads\/2024\/02\/cropped-cropped-logolu.webp","contentUrl":"https:\/\/luchonoticias.com\/editor\/wp-content\/uploads\/2024\/02\/cropped-cropped-logolu.webp","width":382,"height":170,"caption":"admin"},"logo":{"@id":"https:\/\/luchonoticias.com\/editor\/#\/schema\/person\/image\/"},"sameAs":["https:\/\/www.facebook.com\/luchonoticiasneiva"]},{"@type":"Person","@id":"https:\/\/luchonoticias.com\/editor\/#\/schema\/person\/29217990ddf6f14e35912b2866d591fb","name":"Editor General","image":{"@type":"ImageObject","inLanguage":"es","@id":"https:\/\/luchonoticias.com\/editor\/#\/schema\/person\/image\/","url":"https:\/\/luchonoticias.com\/editor\/wp-content\/uploads\/2024\/02\/cropped-cropped-logolu-150x150.webp","contentUrl":"https:\/\/luchonoticias.com\/editor\/wp-content\/uploads\/2024\/02\/cropped-cropped-logolu-150x150.webp","caption":"Editor General"},"sameAs":["https:\/\/luchonoticias.com\/"],"url":"https:\/\/luchonoticias.com\/editor\/author\/editor-general\/"}]}},"_links":{"self":[{"href":"https:\/\/luchonoticias.com\/editor\/wp-json\/wp\/v2\/posts\/48106","targetHints":{"allow":["GET"]}}],"collection":[{"href":"https:\/\/luchonoticias.com\/editor\/wp-json\/wp\/v2\/posts"}],"about":[{"href":"https:\/\/luchonoticias.com\/editor\/wp-json\/wp\/v2\/types\/post"}],"author":[{"embeddable":true,"href":"https:\/\/luchonoticias.com\/editor\/wp-json\/wp\/v2\/users\/2"}],"replies":[{"embeddable":true,"href":"https:\/\/luchonoticias.com\/editor\/wp-json\/wp\/v2\/comments?post=48106"}],"version-history":[{"count":0,"href":"https:\/\/luchonoticias.com\/editor\/wp-json\/wp\/v2\/posts\/48106\/revisions"}],"wp:attachment":[{"href":"https:\/\/luchonoticias.com\/editor\/wp-json\/wp\/v2\/media?parent=48106"}],"wp:term":[{"taxonomy":"category","embeddable":true,"href":"https:\/\/luchonoticias.com\/editor\/wp-json\/wp\/v2\/categories?post=48106"},{"taxonomy":"post_tag","embeddable":true,"href":"https:\/\/luchonoticias.com\/editor\/wp-json\/wp\/v2\/tags?post=48106"}],"curies":[{"name":"wp","href":"https:\/\/api.w.org\/{rel}","templated":true}]}}