{"id":48117,"date":"2023-03-12T15:47:12","date_gmt":"2023-03-12T20:47:12","guid":{"rendered":"https:\/\/luchonoticias.com\/?p=48117"},"modified":"2023-03-12T15:47:13","modified_gmt":"2023-03-12T20:47:13","slug":"la-seguridad-es-para-liberar-y-proteger-a-la-ciudadania-no-para-matarla-presidente-petro","status":"publish","type":"post","link":"https:\/\/luchonoticias.com\/editor\/la-seguridad-es-para-liberar-y-proteger-a-la-ciudadania-no-para-matarla-presidente-petro\/","title":{"rendered":"La seguridad es para liberar y proteger a la ciudadan\u00eda, no para matarla:\u00a0 Presidente Petro"},"content":{"rendered":"\n<p>El Presidente Gustavo Petro convers\u00f3 con la revista Cambio, entre otros temas, acerca del papel de la Fuerza P\u00fablica en el Gobierno del Cambio. Fue enf\u00e1tico en la dignificaci\u00f3n de su labor y el respeto por la vida de la sociedad civil, con la que debe mantenerse una relaci\u00f3n de di\u00e1logo.<\/p>\n\n\n\n<p>\u201cEsa Fuerza P\u00fablica est\u00e1 dignificada porque no mat\u00f3. La Fuerza P\u00fablica que mata a civiles es la que se hunde en la indignidad. Eso es diferente. Yo soy un dem\u00f3crata. Los fascistas que han gobernado a Colombia, que piensan contrario a m\u00ed, que me critiquen. Pero nosotros no vamos a matar civiles con la Fuerza P\u00fablica\u201d, dijo el Jefe de Estado al responder interrogantes sobre la situaci\u00f3n presentada en San Vicente del Cagu\u00e1n, Caquet\u00e1, d\u00edas atr\u00e1s.<\/p>\n\n\n\n<p>Agreg\u00f3 que \u201cen la opini\u00f3n p\u00fablica ha venido construy\u00e9ndose, durante varias d\u00e9cadas, la tesis de que hay que matar al civil. De ah\u00ed surgieron los mal llamados falsos positivos: que se puede matar al civil, que el Estado puede matar al civil, al ciudadano. Una tesis de esas no tiene que ver con la democracia\u201d.<\/p>\n\n\n\n<p>En ese sentido, reafirm\u00f3 uno de los principales mensajes de su intervenci\u00f3n en la segunda jornada de \u2018Gobierno Escucha\u2019, en Soacha, Cundinamarca, ayer s\u00e1bado, sobre la importancia del di\u00e1logo con los y las colombianas.<\/p>\n\n\n\n<p>\u201cLa relaci\u00f3n con la poblaci\u00f3n civil es de di\u00e1logo. El Ej\u00e9rcito est\u00e1 para recuperar el territorio de organizaciones armadas, recuperarlo para el Estado; incluso la recuperaci\u00f3n del territorio es para que la ciudadan\u00eda sea libre y no es para matar a la ciudadan\u00eda, como se confundi\u00f3 en a\u00f1os pasados\u201d, dijo el Presidente.<\/p>\n\n\n\n<p>Finalmente, asever\u00f3 que la seguridad no es para que se mate a la ciudadan\u00eda, es para que se libere. \u201cEse es el eje que nosotros estamos construyendo\u201d, concluy\u00f3.<\/p>\n","protected":false},"excerpt":{"rendered":"<p>El Presidente Gustavo Petro convers\u00f3 con la revista Cambio, entre otros temas, acerca del papel de la Fuerza P\u00fablica en el Gobierno del Cambio. Fue enf\u00e1tico en la dignificaci\u00f3n de su labor y el respeto por la vida de la sociedad civil, con la que debe mantenerse una relaci\u00f3n de di\u00e1logo. \u201cEsa Fuerza P\u00fablica est\u00e1 [&hellip;]<\/p>\n","protected":false},"author":2,"featured_media":0,"comment_status":"open","ping_status":"open","sticky":false,"template":"","format":"standard","meta":{"footnotes":""},"categories":[36,32],"tags":[],"class_list":["post-48117","post","type-post","status-publish","format-standard","hentry","category-destacado","category-nacional"],"yoast_head":"<!-- This site is optimized with the Yoast SEO plugin v26.6 - https:\/\/yoast.com\/wordpress\/plugins\/seo\/ -->\n<title>La seguridad es para liberar y proteger a la ciudadan\u00eda, no para matarla:\u00a0 Presidente Petro -<\/title>\n<meta name=\"robots\" content=\"index, follow, max-snippet:-1, max-image-preview:large, max-video-preview:-1\" \/>\n<link rel=\"canonical\" href=\"https:\/\/luchonoticias.com\/editor\/la-seguridad-es-para-liberar-y-proteger-a-la-ciudadania-no-para-matarla-presidente-petro\/\" \/>\n<meta property=\"og:locale\" content=\"es_ES\" \/>\n<meta property=\"og:type\" content=\"article\" \/>\n<meta property=\"og:title\" content=\"La seguridad es para liberar y proteger a la ciudadan\u00eda, no para matarla:\u00a0 Presidente Petro -\" \/>\n<meta property=\"og:url\" content=\"https:\/\/luchonoticias.com\/editor\/la-seguridad-es-para-liberar-y-proteger-a-la-ciudadania-no-para-matarla-presidente-petro\/\" \/>\n<meta property=\"article:publisher\" content=\"https:\/\/www.facebook.com\/luchonoticiasneiva\" \/>\n<meta property=\"article:published_time\" content=\"2023-03-12T20:47:12+00:00\" \/>\n<meta property=\"article:modified_time\" content=\"2023-03-12T20:47:13+00:00\" \/>\n<meta name=\"author\" content=\"Editor General\" \/>\n<meta name=\"twitter:card\" content=\"summary_large_image\" \/>\n<meta name=\"twitter:label1\" content=\"Escrito por\" \/>\n\t<meta name=\"twitter:data1\" content=\"Editor General\" \/>\n\t<meta name=\"twitter:label2\" content=\"Tiempo de lectura\" \/>\n\t<meta name=\"twitter:data2\" content=\"2 minutos\" \/>\n<script type=\"application\/ld+json\" class=\"yoast-schema-graph\">{\"@context\":\"https:\/\/schema.org\",\"@graph\":[{\"@type\":\"Article\",\"@id\":\"https:\/\/luchonoticias.com\/editor\/la-seguridad-es-para-liberar-y-proteger-a-la-ciudadania-no-para-matarla-presidente-petro\/#article\",\"isPartOf\":{\"@id\":\"https:\/\/luchonoticias.com\/editor\/la-seguridad-es-para-liberar-y-proteger-a-la-ciudadania-no-para-matarla-presidente-petro\/\"},\"author\":{\"name\":\"Editor General\",\"@id\":\"https:\/\/luchonoticias.com\/editor\/#\/schema\/person\/29217990ddf6f14e35912b2866d591fb\"},\"headline\":\"La seguridad es para liberar y proteger a la ciudadan\u00eda, no para matarla:\u00a0 Presidente Petro\",\"datePublished\":\"2023-03-12T20:47:12+00:00\",\"dateModified\":\"2023-03-12T20:47:13+00:00\",\"mainEntityOfPage\":{\"@id\":\"https:\/\/luchonoticias.com\/editor\/la-seguridad-es-para-liberar-y-proteger-a-la-ciudadania-no-para-matarla-presidente-petro\/\"},\"wordCount\":341,\"commentCount\":0,\"publisher\":{\"@id\":\"https:\/\/luchonoticias.com\/editor\/#\/schema\/person\/7a7fd911f58561fd056dbac7b55af9cd\"},\"articleSection\":[\"Destacado\",\"Nacional\"],\"inLanguage\":\"es\",\"potentialAction\":[{\"@type\":\"CommentAction\",\"name\":\"Comment\",\"target\":[\"https:\/\/luchonoticias.com\/editor\/la-seguridad-es-para-liberar-y-proteger-a-la-ciudadania-no-para-matarla-presidente-petro\/#respond\"]}]},{\"@type\":\"WebPage\",\"@id\":\"https:\/\/luchonoticias.com\/editor\/la-seguridad-es-para-liberar-y-proteger-a-la-ciudadania-no-para-matarla-presidente-petro\/\",\"url\":\"https:\/\/luchonoticias.com\/editor\/la-seguridad-es-para-liberar-y-proteger-a-la-ciudadania-no-para-matarla-presidente-petro\/\",\"name\":\"La seguridad es para liberar y proteger a la ciudadan\u00eda, no para matarla:\u00a0 Presidente Petro -\",\"isPartOf\":{\"@id\":\"https:\/\/luchonoticias.com\/editor\/#website\"},\"datePublished\":\"2023-03-12T20:47:12+00:00\",\"dateModified\":\"2023-03-12T20:47:13+00:00\",\"breadcrumb\":{\"@id\":\"https:\/\/luchonoticias.com\/editor\/la-seguridad-es-para-liberar-y-proteger-a-la-ciudadania-no-para-matarla-presidente-petro\/#breadcrumb\"},\"inLanguage\":\"es\",\"potentialAction\":[{\"@type\":\"ReadAction\",\"target\":[\"https:\/\/luchonoticias.com\/editor\/la-seguridad-es-para-liberar-y-proteger-a-la-ciudadania-no-para-matarla-presidente-petro\/\"]}]},{\"@type\":\"BreadcrumbList\",\"@id\":\"https:\/\/luchonoticias.com\/editor\/la-seguridad-es-para-liberar-y-proteger-a-la-ciudadania-no-para-matarla-presidente-petro\/#breadcrumb\",\"itemListElement\":[{\"@type\":\"ListItem\",\"position\":1,\"name\":\"Portada\",\"item\":\"https:\/\/luchonoticias.com\/editor\/\"},{\"@type\":\"ListItem\",\"position\":2,\"name\":\"La seguridad es para liberar y proteger a la ciudadan\u00eda, no para matarla:\u00a0 Presidente Petro\"}]},{\"@type\":\"WebSite\",\"@id\":\"https:\/\/luchonoticias.com\/editor\/#website\",\"url\":\"https:\/\/luchonoticias.com\/editor\/\",\"name\":\"\",\"description\":\"\",\"publisher\":{\"@id\":\"https:\/\/luchonoticias.com\/editor\/#\/schema\/person\/7a7fd911f58561fd056dbac7b55af9cd\"},\"potentialAction\":[{\"@type\":\"SearchAction\",\"target\":{\"@type\":\"EntryPoint\",\"urlTemplate\":\"https:\/\/luchonoticias.com\/editor\/?s={search_term_string}\"},\"query-input\":{\"@type\":\"PropertyValueSpecification\",\"valueRequired\":true,\"valueName\":\"search_term_string\"}}],\"inLanguage\":\"es\"},{\"@type\":[\"Person\",\"Organization\"],\"@id\":\"https:\/\/luchonoticias.com\/editor\/#\/schema\/person\/7a7fd911f58561fd056dbac7b55af9cd\",\"name\":\"admin\",\"image\":{\"@type\":\"ImageObject\",\"inLanguage\":\"es\",\"@id\":\"https:\/\/luchonoticias.com\/editor\/#\/schema\/person\/image\/\",\"url\":\"https:\/\/luchonoticias.com\/editor\/wp-content\/uploads\/2024\/02\/cropped-cropped-logolu.webp\",\"contentUrl\":\"https:\/\/luchonoticias.com\/editor\/wp-content\/uploads\/2024\/02\/cropped-cropped-logolu.webp\",\"width\":382,\"height\":170,\"caption\":\"admin\"},\"logo\":{\"@id\":\"https:\/\/luchonoticias.com\/editor\/#\/schema\/person\/image\/\"},\"sameAs\":[\"https:\/\/www.facebook.com\/luchonoticiasneiva\"]},{\"@type\":\"Person\",\"@id\":\"https:\/\/luchonoticias.com\/editor\/#\/schema\/person\/29217990ddf6f14e35912b2866d591fb\",\"name\":\"Editor General\",\"image\":{\"@type\":\"ImageObject\",\"inLanguage\":\"es\",\"@id\":\"https:\/\/luchonoticias.com\/editor\/#\/schema\/person\/image\/\",\"url\":\"https:\/\/luchonoticias.com\/editor\/wp-content\/uploads\/2024\/02\/cropped-cropped-logolu-150x150.webp\",\"contentUrl\":\"https:\/\/luchonoticias.com\/editor\/wp-content\/uploads\/2024\/02\/cropped-cropped-logolu-150x150.webp\",\"caption\":\"Editor General\"},\"sameAs\":[\"https:\/\/luchonoticias.com\/\"],\"url\":\"https:\/\/luchonoticias.com\/editor\/author\/editor-general\/\"}]}<\/script>\n<!-- \/ Yoast SEO plugin. -->","yoast_head_json":{"title":"La seguridad es para liberar y proteger a la ciudadan\u00eda, no para matarla:\u00a0 Presidente Petro -","robots":{"index":"index","follow":"follow","max-snippet":"max-snippet:-1","max-image-preview":"max-image-preview:large","max-video-preview":"max-video-preview:-1"},"canonical":"https:\/\/luchonoticias.com\/editor\/la-seguridad-es-para-liberar-y-proteger-a-la-ciudadania-no-para-matarla-presidente-petro\/","og_locale":"es_ES","og_type":"article","og_title":"La seguridad es para liberar y proteger a la ciudadan\u00eda, no para matarla:\u00a0 Presidente Petro -","og_url":"https:\/\/luchonoticias.com\/editor\/la-seguridad-es-para-liberar-y-proteger-a-la-ciudadania-no-para-matarla-presidente-petro\/","article_publisher":"https:\/\/www.facebook.com\/luchonoticiasneiva","article_published_time":"2023-03-12T20:47:12+00:00","article_modified_time":"2023-03-12T20:47:13+00:00","author":"Editor General","twitter_card":"summary_large_image","twitter_misc":{"Escrito por":"Editor General","Tiempo de lectura":"2 minutos"},"schema":{"@context":"https:\/\/schema.org","@graph":[{"@type":"Article","@id":"https:\/\/luchonoticias.com\/editor\/la-seguridad-es-para-liberar-y-proteger-a-la-ciudadania-no-para-matarla-presidente-petro\/#article","isPartOf":{"@id":"https:\/\/luchonoticias.com\/editor\/la-seguridad-es-para-liberar-y-proteger-a-la-ciudadania-no-para-matarla-presidente-petro\/"},"author":{"name":"Editor General","@id":"https:\/\/luchonoticias.com\/editor\/#\/schema\/person\/29217990ddf6f14e35912b2866d591fb"},"headline":"La seguridad es para liberar y proteger a la ciudadan\u00eda, no para matarla:\u00a0 Presidente Petro","datePublished":"2023-03-12T20:47:12+00:00","dateModified":"2023-03-12T20:47:13+00:00","mainEntityOfPage":{"@id":"https:\/\/luchonoticias.com\/editor\/la-seguridad-es-para-liberar-y-proteger-a-la-ciudadania-no-para-matarla-presidente-petro\/"},"wordCount":341,"commentCount":0,"publisher":{"@id":"https:\/\/luchonoticias.com\/editor\/#\/schema\/person\/7a7fd911f58561fd056dbac7b55af9cd"},"articleSection":["Destacado","Nacional"],"inLanguage":"es","potentialAction":[{"@type":"CommentAction","name":"Comment","target":["https:\/\/luchonoticias.com\/editor\/la-seguridad-es-para-liberar-y-proteger-a-la-ciudadania-no-para-matarla-presidente-petro\/#respond"]}]},{"@type":"WebPage","@id":"https:\/\/luchonoticias.com\/editor\/la-seguridad-es-para-liberar-y-proteger-a-la-ciudadania-no-para-matarla-presidente-petro\/","url":"https:\/\/luchonoticias.com\/editor\/la-seguridad-es-para-liberar-y-proteger-a-la-ciudadania-no-para-matarla-presidente-petro\/","name":"La seguridad es para liberar y proteger a la ciudadan\u00eda, no para matarla:\u00a0 Presidente Petro -","isPartOf":{"@id":"https:\/\/luchonoticias.com\/editor\/#website"},"datePublished":"2023-03-12T20:47:12+00:00","dateModified":"2023-03-12T20:47:13+00:00","breadcrumb":{"@id":"https:\/\/luchonoticias.com\/editor\/la-seguridad-es-para-liberar-y-proteger-a-la-ciudadania-no-para-matarla-presidente-petro\/#breadcrumb"},"inLanguage":"es","potentialAction":[{"@type":"ReadAction","target":["https:\/\/luchonoticias.com\/editor\/la-seguridad-es-para-liberar-y-proteger-a-la-ciudadania-no-para-matarla-presidente-petro\/"]}]},{"@type":"BreadcrumbList","@id":"https:\/\/luchonoticias.com\/editor\/la-seguridad-es-para-liberar-y-proteger-a-la-ciudadania-no-para-matarla-presidente-petro\/#breadcrumb","itemListElement":[{"@type":"ListItem","position":1,"name":"Portada","item":"https:\/\/luchonoticias.com\/editor\/"},{"@type":"ListItem","position":2,"name":"La seguridad es para liberar y proteger a la ciudadan\u00eda, no para matarla:\u00a0 Presidente Petro"}]},{"@type":"WebSite","@id":"https:\/\/luchonoticias.com\/editor\/#website","url":"https:\/\/luchonoticias.com\/editor\/","name":"","description":"","publisher":{"@id":"https:\/\/luchonoticias.com\/editor\/#\/schema\/person\/7a7fd911f58561fd056dbac7b55af9cd"},"potentialAction":[{"@type":"SearchAction","target":{"@type":"EntryPoint","urlTemplate":"https:\/\/luchonoticias.com\/editor\/?s={search_term_string}"},"query-input":{"@type":"PropertyValueSpecification","valueRequired":true,"valueName":"search_term_string"}}],"inLanguage":"es"},{"@type":["Person","Organization"],"@id":"https:\/\/luchonoticias.com\/editor\/#\/schema\/person\/7a7fd911f58561fd056dbac7b55af9cd","name":"admin","image":{"@type":"ImageObject","inLanguage":"es","@id":"https:\/\/luchonoticias.com\/editor\/#\/schema\/person\/image\/","url":"https:\/\/luchonoticias.com\/editor\/wp-content\/uploads\/2024\/02\/cropped-cropped-logolu.webp","contentUrl":"https:\/\/luchonoticias.com\/editor\/wp-content\/uploads\/2024\/02\/cropped-cropped-logolu.webp","width":382,"height":170,"caption":"admin"},"logo":{"@id":"https:\/\/luchonoticias.com\/editor\/#\/schema\/person\/image\/"},"sameAs":["https:\/\/www.facebook.com\/luchonoticiasneiva"]},{"@type":"Person","@id":"https:\/\/luchonoticias.com\/editor\/#\/schema\/person\/29217990ddf6f14e35912b2866d591fb","name":"Editor General","image":{"@type":"ImageObject","inLanguage":"es","@id":"https:\/\/luchonoticias.com\/editor\/#\/schema\/person\/image\/","url":"https:\/\/luchonoticias.com\/editor\/wp-content\/uploads\/2024\/02\/cropped-cropped-logolu-150x150.webp","contentUrl":"https:\/\/luchonoticias.com\/editor\/wp-content\/uploads\/2024\/02\/cropped-cropped-logolu-150x150.webp","caption":"Editor General"},"sameAs":["https:\/\/luchonoticias.com\/"],"url":"https:\/\/luchonoticias.com\/editor\/author\/editor-general\/"}]}},"_links":{"self":[{"href":"https:\/\/luchonoticias.com\/editor\/wp-json\/wp\/v2\/posts\/48117","targetHints":{"allow":["GET"]}}],"collection":[{"href":"https:\/\/luchonoticias.com\/editor\/wp-json\/wp\/v2\/posts"}],"about":[{"href":"https:\/\/luchonoticias.com\/editor\/wp-json\/wp\/v2\/types\/post"}],"author":[{"embeddable":true,"href":"https:\/\/luchonoticias.com\/editor\/wp-json\/wp\/v2\/users\/2"}],"replies":[{"embeddable":true,"href":"https:\/\/luchonoticias.com\/editor\/wp-json\/wp\/v2\/comments?post=48117"}],"version-history":[{"count":0,"href":"https:\/\/luchonoticias.com\/editor\/wp-json\/wp\/v2\/posts\/48117\/revisions"}],"wp:attachment":[{"href":"https:\/\/luchonoticias.com\/editor\/wp-json\/wp\/v2\/media?parent=48117"}],"wp:term":[{"taxonomy":"category","embeddable":true,"href":"https:\/\/luchonoticias.com\/editor\/wp-json\/wp\/v2\/categories?post=48117"},{"taxonomy":"post_tag","embeddable":true,"href":"https:\/\/luchonoticias.com\/editor\/wp-json\/wp\/v2\/tags?post=48117"}],"curies":[{"name":"wp","href":"https:\/\/api.w.org\/{rel}","templated":true}]}}