{"id":48120,"date":"2023-03-12T17:42:26","date_gmt":"2023-03-12T22:42:26","guid":{"rendered":"https:\/\/luchonoticias.com\/?p=48120"},"modified":"2023-03-12T17:42:29","modified_gmt":"2023-03-12T22:42:29","slug":"dos-capturados-por-trafico-de-estupefacientes-en-las-ultimas-horas-en-neiva","status":"publish","type":"post","link":"https:\/\/luchonoticias.com\/editor\/dos-capturados-por-trafico-de-estupefacientes-en-las-ultimas-horas-en-neiva\/","title":{"rendered":"Dos capturados por trafico de estupefacientes en las \u00faltimas horas en Neiva"},"content":{"rendered":"\n<p>La Polic\u00eda Metropolitana, revelaron que mediante las acciones judiciales realizadas en las ultimas horas en la Capital Huilense, fueron capturados dos sujetos en diferentes sectores de la ciudad, cuando al parecer ten\u00edan en su poder varias dosis de estupefacientes.<\/p>\n\n\n\n<p>Seg\u00fan lo revelado por las fuentes oficiales, el primer resultado se realiz\u00f3 en la carrera 15a con calle 1\u00aa del barrio San Mart\u00edn de la comuna 7 de Neiva, donde en consecuencia a los planes preventivos consistentes en registro e identificaci\u00f3n a personas y veh\u00edculos en v\u00eda p\u00fablica, se le encuentra en su poder 5 bolsas pl\u00e1sticas, el cual conten\u00edan m\u00e1s de 170 dosis de bazuco, a un sujeto conocido como \u2018Jos\u00e9\u2019 de 33 a\u00f1os de edad.<\/p>\n\n\n\n<p>\u201cDe esta manera se inicia el proceso de judicializaci\u00f3n dej\u00e1ndolo a disposici\u00f3n de la Fiscal\u00eda 31 Seccional. Esta persona ya registra anotaci\u00f3n judicial y deber\u00e1 responder por el delito de Tr\u00e1fico, fabricaci\u00f3n o porte de estupefacientes\u201d, indicaron las autoridades en un comunicado.<\/p>\n\n\n\n<p>Continuamente, el comando de la Polic\u00eda Metropolitana revel\u00f3 que la segunda acci\u00f3n policial fue flagrancia, donde al parecer una persona en el barrio Oro Negro de la comuna 10 de la ciudad de Neiva, al ser intervenido en v\u00eda p\u00fablica se le encuentra en su poder 80 dosis de bazuco.<\/p>\n\n\n\n<p>\u201cInmediatamente se procede a informarle el motivo de su captura realizando as\u00ed las labores de judicializaci\u00f3n. Este sujeto ya ten\u00eda en su historial criminal anotaciones por el delito de hurto calificado a establecimiento p\u00fablico en el a\u00f1o 2020, tr\u00e1fico de estupefacientes en a\u00f1o 2022 y hurto calificado de menor cuant\u00eda en el 2020, ahora responder\u00e1 por el delito de Tr\u00e1fico, porte o fabricaci\u00f3n de estupefacientes\u201d, concluyeron las autoridades.<\/p>\n","protected":false},"excerpt":{"rendered":"<p>La Polic\u00eda Metropolitana, revelaron que mediante las acciones judiciales realizadas en las ultimas horas en la Capital Huilense, fueron capturados dos sujetos en diferentes sectores de la ciudad, cuando al parecer ten\u00edan en su poder varias dosis de estupefacientes. Seg\u00fan lo revelado por las fuentes oficiales, el primer resultado se realiz\u00f3 en la carrera 15a [&hellip;]<\/p>\n","protected":false},"author":2,"featured_media":0,"comment_status":"open","ping_status":"open","sticky":false,"template":"","format":"standard","meta":{"footnotes":""},"categories":[36,29],"tags":[],"class_list":["post-48120","post","type-post","status-publish","format-standard","hentry","category-destacado","category-judicial"],"yoast_head":"<!-- This site is optimized with the Yoast SEO plugin v26.6 - https:\/\/yoast.com\/wordpress\/plugins\/seo\/ -->\n<title>Dos capturados por trafico de estupefacientes en las \u00faltimas horas en Neiva -<\/title>\n<meta name=\"robots\" content=\"index, follow, max-snippet:-1, max-image-preview:large, max-video-preview:-1\" \/>\n<link rel=\"canonical\" href=\"https:\/\/luchonoticias.com\/editor\/dos-capturados-por-trafico-de-estupefacientes-en-las-ultimas-horas-en-neiva\/\" \/>\n<meta property=\"og:locale\" content=\"es_ES\" \/>\n<meta property=\"og:type\" content=\"article\" \/>\n<meta property=\"og:title\" content=\"Dos capturados por trafico de estupefacientes en las \u00faltimas horas en Neiva -\" \/>\n<meta property=\"og:url\" content=\"https:\/\/luchonoticias.com\/editor\/dos-capturados-por-trafico-de-estupefacientes-en-las-ultimas-horas-en-neiva\/\" \/>\n<meta property=\"article:publisher\" content=\"https:\/\/www.facebook.com\/luchonoticiasneiva\" \/>\n<meta property=\"article:published_time\" content=\"2023-03-12T22:42:26+00:00\" \/>\n<meta property=\"article:modified_time\" content=\"2023-03-12T22:42:29+00:00\" \/>\n<meta name=\"author\" content=\"Editor General\" \/>\n<meta name=\"twitter:card\" content=\"summary_large_image\" \/>\n<meta name=\"twitter:label1\" content=\"Escrito por\" \/>\n\t<meta name=\"twitter:data1\" content=\"Editor General\" \/>\n\t<meta name=\"twitter:label2\" content=\"Tiempo de lectura\" \/>\n\t<meta name=\"twitter:data2\" content=\"1 minuto\" \/>\n<script type=\"application\/ld+json\" class=\"yoast-schema-graph\">{\"@context\":\"https:\/\/schema.org\",\"@graph\":[{\"@type\":\"Article\",\"@id\":\"https:\/\/luchonoticias.com\/editor\/dos-capturados-por-trafico-de-estupefacientes-en-las-ultimas-horas-en-neiva\/#article\",\"isPartOf\":{\"@id\":\"https:\/\/luchonoticias.com\/editor\/dos-capturados-por-trafico-de-estupefacientes-en-las-ultimas-horas-en-neiva\/\"},\"author\":{\"name\":\"Editor General\",\"@id\":\"https:\/\/luchonoticias.com\/editor\/#\/schema\/person\/29217990ddf6f14e35912b2866d591fb\"},\"headline\":\"Dos capturados por trafico de estupefacientes en las \u00faltimas horas en Neiva\",\"datePublished\":\"2023-03-12T22:42:26+00:00\",\"dateModified\":\"2023-03-12T22:42:29+00:00\",\"mainEntityOfPage\":{\"@id\":\"https:\/\/luchonoticias.com\/editor\/dos-capturados-por-trafico-de-estupefacientes-en-las-ultimas-horas-en-neiva\/\"},\"wordCount\":309,\"commentCount\":0,\"publisher\":{\"@id\":\"https:\/\/luchonoticias.com\/editor\/#\/schema\/person\/7a7fd911f58561fd056dbac7b55af9cd\"},\"articleSection\":[\"Destacado\",\"Judicial\"],\"inLanguage\":\"es\",\"potentialAction\":[{\"@type\":\"CommentAction\",\"name\":\"Comment\",\"target\":[\"https:\/\/luchonoticias.com\/editor\/dos-capturados-por-trafico-de-estupefacientes-en-las-ultimas-horas-en-neiva\/#respond\"]}]},{\"@type\":\"WebPage\",\"@id\":\"https:\/\/luchonoticias.com\/editor\/dos-capturados-por-trafico-de-estupefacientes-en-las-ultimas-horas-en-neiva\/\",\"url\":\"https:\/\/luchonoticias.com\/editor\/dos-capturados-por-trafico-de-estupefacientes-en-las-ultimas-horas-en-neiva\/\",\"name\":\"Dos capturados por trafico de estupefacientes en las \u00faltimas horas en Neiva -\",\"isPartOf\":{\"@id\":\"https:\/\/luchonoticias.com\/editor\/#website\"},\"datePublished\":\"2023-03-12T22:42:26+00:00\",\"dateModified\":\"2023-03-12T22:42:29+00:00\",\"breadcrumb\":{\"@id\":\"https:\/\/luchonoticias.com\/editor\/dos-capturados-por-trafico-de-estupefacientes-en-las-ultimas-horas-en-neiva\/#breadcrumb\"},\"inLanguage\":\"es\",\"potentialAction\":[{\"@type\":\"ReadAction\",\"target\":[\"https:\/\/luchonoticias.com\/editor\/dos-capturados-por-trafico-de-estupefacientes-en-las-ultimas-horas-en-neiva\/\"]}]},{\"@type\":\"BreadcrumbList\",\"@id\":\"https:\/\/luchonoticias.com\/editor\/dos-capturados-por-trafico-de-estupefacientes-en-las-ultimas-horas-en-neiva\/#breadcrumb\",\"itemListElement\":[{\"@type\":\"ListItem\",\"position\":1,\"name\":\"Portada\",\"item\":\"https:\/\/luchonoticias.com\/editor\/\"},{\"@type\":\"ListItem\",\"position\":2,\"name\":\"Dos capturados por trafico de estupefacientes en las \u00faltimas horas en Neiva\"}]},{\"@type\":\"WebSite\",\"@id\":\"https:\/\/luchonoticias.com\/editor\/#website\",\"url\":\"https:\/\/luchonoticias.com\/editor\/\",\"name\":\"\",\"description\":\"\",\"publisher\":{\"@id\":\"https:\/\/luchonoticias.com\/editor\/#\/schema\/person\/7a7fd911f58561fd056dbac7b55af9cd\"},\"potentialAction\":[{\"@type\":\"SearchAction\",\"target\":{\"@type\":\"EntryPoint\",\"urlTemplate\":\"https:\/\/luchonoticias.com\/editor\/?s={search_term_string}\"},\"query-input\":{\"@type\":\"PropertyValueSpecification\",\"valueRequired\":true,\"valueName\":\"search_term_string\"}}],\"inLanguage\":\"es\"},{\"@type\":[\"Person\",\"Organization\"],\"@id\":\"https:\/\/luchonoticias.com\/editor\/#\/schema\/person\/7a7fd911f58561fd056dbac7b55af9cd\",\"name\":\"admin\",\"image\":{\"@type\":\"ImageObject\",\"inLanguage\":\"es\",\"@id\":\"https:\/\/luchonoticias.com\/editor\/#\/schema\/person\/image\/\",\"url\":\"https:\/\/luchonoticias.com\/editor\/wp-content\/uploads\/2024\/02\/cropped-cropped-logolu.webp\",\"contentUrl\":\"https:\/\/luchonoticias.com\/editor\/wp-content\/uploads\/2024\/02\/cropped-cropped-logolu.webp\",\"width\":382,\"height\":170,\"caption\":\"admin\"},\"logo\":{\"@id\":\"https:\/\/luchonoticias.com\/editor\/#\/schema\/person\/image\/\"},\"sameAs\":[\"https:\/\/www.facebook.com\/luchonoticiasneiva\"]},{\"@type\":\"Person\",\"@id\":\"https:\/\/luchonoticias.com\/editor\/#\/schema\/person\/29217990ddf6f14e35912b2866d591fb\",\"name\":\"Editor General\",\"image\":{\"@type\":\"ImageObject\",\"inLanguage\":\"es\",\"@id\":\"https:\/\/luchonoticias.com\/editor\/#\/schema\/person\/image\/\",\"url\":\"https:\/\/luchonoticias.com\/editor\/wp-content\/uploads\/2024\/02\/cropped-cropped-logolu-150x150.webp\",\"contentUrl\":\"https:\/\/luchonoticias.com\/editor\/wp-content\/uploads\/2024\/02\/cropped-cropped-logolu-150x150.webp\",\"caption\":\"Editor General\"},\"sameAs\":[\"https:\/\/luchonoticias.com\/\"],\"url\":\"https:\/\/luchonoticias.com\/editor\/author\/editor-general\/\"}]}<\/script>\n<!-- \/ Yoast SEO plugin. -->","yoast_head_json":{"title":"Dos capturados por trafico de estupefacientes en las \u00faltimas horas en Neiva -","robots":{"index":"index","follow":"follow","max-snippet":"max-snippet:-1","max-image-preview":"max-image-preview:large","max-video-preview":"max-video-preview:-1"},"canonical":"https:\/\/luchonoticias.com\/editor\/dos-capturados-por-trafico-de-estupefacientes-en-las-ultimas-horas-en-neiva\/","og_locale":"es_ES","og_type":"article","og_title":"Dos capturados por trafico de estupefacientes en las \u00faltimas horas en Neiva -","og_url":"https:\/\/luchonoticias.com\/editor\/dos-capturados-por-trafico-de-estupefacientes-en-las-ultimas-horas-en-neiva\/","article_publisher":"https:\/\/www.facebook.com\/luchonoticiasneiva","article_published_time":"2023-03-12T22:42:26+00:00","article_modified_time":"2023-03-12T22:42:29+00:00","author":"Editor General","twitter_card":"summary_large_image","twitter_misc":{"Escrito por":"Editor General","Tiempo de lectura":"1 minuto"},"schema":{"@context":"https:\/\/schema.org","@graph":[{"@type":"Article","@id":"https:\/\/luchonoticias.com\/editor\/dos-capturados-por-trafico-de-estupefacientes-en-las-ultimas-horas-en-neiva\/#article","isPartOf":{"@id":"https:\/\/luchonoticias.com\/editor\/dos-capturados-por-trafico-de-estupefacientes-en-las-ultimas-horas-en-neiva\/"},"author":{"name":"Editor General","@id":"https:\/\/luchonoticias.com\/editor\/#\/schema\/person\/29217990ddf6f14e35912b2866d591fb"},"headline":"Dos capturados por trafico de estupefacientes en las \u00faltimas horas en Neiva","datePublished":"2023-03-12T22:42:26+00:00","dateModified":"2023-03-12T22:42:29+00:00","mainEntityOfPage":{"@id":"https:\/\/luchonoticias.com\/editor\/dos-capturados-por-trafico-de-estupefacientes-en-las-ultimas-horas-en-neiva\/"},"wordCount":309,"commentCount":0,"publisher":{"@id":"https:\/\/luchonoticias.com\/editor\/#\/schema\/person\/7a7fd911f58561fd056dbac7b55af9cd"},"articleSection":["Destacado","Judicial"],"inLanguage":"es","potentialAction":[{"@type":"CommentAction","name":"Comment","target":["https:\/\/luchonoticias.com\/editor\/dos-capturados-por-trafico-de-estupefacientes-en-las-ultimas-horas-en-neiva\/#respond"]}]},{"@type":"WebPage","@id":"https:\/\/luchonoticias.com\/editor\/dos-capturados-por-trafico-de-estupefacientes-en-las-ultimas-horas-en-neiva\/","url":"https:\/\/luchonoticias.com\/editor\/dos-capturados-por-trafico-de-estupefacientes-en-las-ultimas-horas-en-neiva\/","name":"Dos capturados por trafico de estupefacientes en las \u00faltimas horas en Neiva -","isPartOf":{"@id":"https:\/\/luchonoticias.com\/editor\/#website"},"datePublished":"2023-03-12T22:42:26+00:00","dateModified":"2023-03-12T22:42:29+00:00","breadcrumb":{"@id":"https:\/\/luchonoticias.com\/editor\/dos-capturados-por-trafico-de-estupefacientes-en-las-ultimas-horas-en-neiva\/#breadcrumb"},"inLanguage":"es","potentialAction":[{"@type":"ReadAction","target":["https:\/\/luchonoticias.com\/editor\/dos-capturados-por-trafico-de-estupefacientes-en-las-ultimas-horas-en-neiva\/"]}]},{"@type":"BreadcrumbList","@id":"https:\/\/luchonoticias.com\/editor\/dos-capturados-por-trafico-de-estupefacientes-en-las-ultimas-horas-en-neiva\/#breadcrumb","itemListElement":[{"@type":"ListItem","position":1,"name":"Portada","item":"https:\/\/luchonoticias.com\/editor\/"},{"@type":"ListItem","position":2,"name":"Dos capturados por trafico de estupefacientes en las \u00faltimas horas en Neiva"}]},{"@type":"WebSite","@id":"https:\/\/luchonoticias.com\/editor\/#website","url":"https:\/\/luchonoticias.com\/editor\/","name":"","description":"","publisher":{"@id":"https:\/\/luchonoticias.com\/editor\/#\/schema\/person\/7a7fd911f58561fd056dbac7b55af9cd"},"potentialAction":[{"@type":"SearchAction","target":{"@type":"EntryPoint","urlTemplate":"https:\/\/luchonoticias.com\/editor\/?s={search_term_string}"},"query-input":{"@type":"PropertyValueSpecification","valueRequired":true,"valueName":"search_term_string"}}],"inLanguage":"es"},{"@type":["Person","Organization"],"@id":"https:\/\/luchonoticias.com\/editor\/#\/schema\/person\/7a7fd911f58561fd056dbac7b55af9cd","name":"admin","image":{"@type":"ImageObject","inLanguage":"es","@id":"https:\/\/luchonoticias.com\/editor\/#\/schema\/person\/image\/","url":"https:\/\/luchonoticias.com\/editor\/wp-content\/uploads\/2024\/02\/cropped-cropped-logolu.webp","contentUrl":"https:\/\/luchonoticias.com\/editor\/wp-content\/uploads\/2024\/02\/cropped-cropped-logolu.webp","width":382,"height":170,"caption":"admin"},"logo":{"@id":"https:\/\/luchonoticias.com\/editor\/#\/schema\/person\/image\/"},"sameAs":["https:\/\/www.facebook.com\/luchonoticiasneiva"]},{"@type":"Person","@id":"https:\/\/luchonoticias.com\/editor\/#\/schema\/person\/29217990ddf6f14e35912b2866d591fb","name":"Editor General","image":{"@type":"ImageObject","inLanguage":"es","@id":"https:\/\/luchonoticias.com\/editor\/#\/schema\/person\/image\/","url":"https:\/\/luchonoticias.com\/editor\/wp-content\/uploads\/2024\/02\/cropped-cropped-logolu-150x150.webp","contentUrl":"https:\/\/luchonoticias.com\/editor\/wp-content\/uploads\/2024\/02\/cropped-cropped-logolu-150x150.webp","caption":"Editor General"},"sameAs":["https:\/\/luchonoticias.com\/"],"url":"https:\/\/luchonoticias.com\/editor\/author\/editor-general\/"}]}},"_links":{"self":[{"href":"https:\/\/luchonoticias.com\/editor\/wp-json\/wp\/v2\/posts\/48120","targetHints":{"allow":["GET"]}}],"collection":[{"href":"https:\/\/luchonoticias.com\/editor\/wp-json\/wp\/v2\/posts"}],"about":[{"href":"https:\/\/luchonoticias.com\/editor\/wp-json\/wp\/v2\/types\/post"}],"author":[{"embeddable":true,"href":"https:\/\/luchonoticias.com\/editor\/wp-json\/wp\/v2\/users\/2"}],"replies":[{"embeddable":true,"href":"https:\/\/luchonoticias.com\/editor\/wp-json\/wp\/v2\/comments?post=48120"}],"version-history":[{"count":0,"href":"https:\/\/luchonoticias.com\/editor\/wp-json\/wp\/v2\/posts\/48120\/revisions"}],"wp:attachment":[{"href":"https:\/\/luchonoticias.com\/editor\/wp-json\/wp\/v2\/media?parent=48120"}],"wp:term":[{"taxonomy":"category","embeddable":true,"href":"https:\/\/luchonoticias.com\/editor\/wp-json\/wp\/v2\/categories?post=48120"},{"taxonomy":"post_tag","embeddable":true,"href":"https:\/\/luchonoticias.com\/editor\/wp-json\/wp\/v2\/tags?post=48120"}],"curies":[{"name":"wp","href":"https:\/\/api.w.org\/{rel}","templated":true}]}}