{"id":48123,"date":"2023-03-12T17:46:47","date_gmt":"2023-03-12T22:46:47","guid":{"rendered":"https:\/\/luchonoticias.com\/?p=48123"},"modified":"2023-03-12T17:46:48","modified_gmt":"2023-03-12T22:46:48","slug":"nicaragua-pide-al-vaticano-el-cierre-de-sus-respectivas-sedes-diplomaticas","status":"publish","type":"post","link":"https:\/\/luchonoticias.com\/editor\/nicaragua-pide-al-vaticano-el-cierre-de-sus-respectivas-sedes-diplomaticas\/","title":{"rendered":"Nicaragua pide al Vaticano el cierre de sus respectivas sedes diplom\u00e1ticas"},"content":{"rendered":"\n<p>El gobierno de Nicaragua ha solicitado a la Santa Sede el cierre de sus respectivas sedes diplom\u00e1ticas. No se trata de una ruptura de relaciones, como hab\u00edan anunciado algunos medios de comunicaci\u00f3n.<\/p>\n\n\n\n<p>Exactamente hace un a\u00f1o, el 12 de marzo de 2022, el nuncio apost\u00f3lico en Managua, monse\u00f1or Waldemar Stanis\u0142aw Sommertag, hab\u00eda sido expulsado del pa\u00eds. La Santa Sede hab\u00eda recibido la decisi\u00f3n del gobierno de Nicaragua con gran sorpresa y dolor.<\/p>\n\n\n\n<p>\u201cTal disposici\u00f3n resulta incomprensible -subrayaba un comunicado de la Santa Sede- ya que, durante su misi\u00f3n, S.E. Mons. Sommertag ha trabajado incansablemente por el bien de la Iglesia y del pueblo nicarag\u00fcense, especialmente por los m\u00e1s vulnerables, buscando siempre favorecer las buenas relaciones entre la Sede Apost\u00f3lica y las Autoridades de Nicaragua\u201d.<\/p>\n\n\n\n<p>En una entrevista concedida al diario espa\u00f1ol ABC el pasado mes de diciembre, el Papa Francisco, respondiendo a una pregunta sobre la diplomacia vaticana respecto a Nicaragua, hab\u00eda reiterado que la Santa Sede siempre busca salvar a los pueblos y que su arma es el di\u00e1logo.<\/p>\n\n\n\n<p>\u201cLa Santa Sede nunca se va. La echan. Siempre trata de salvar las relaciones diplom\u00e1ticas y salvar lo que se pueda salvar con la paciencia y el di\u00e1logo\u201d, hab\u00eda afirmado el Papa.<\/p>\n\n\n\n<p>La situaci\u00f3n social y pol\u00edtica en Nicaragua se ha agravado en los \u00faltimos a\u00f1os con la represi\u00f3n violenta de manifestaciones, detenciones y expulsiones.<\/p>\n\n\n\n<p>Despu\u00e9s de haber estado bajo arresto domiciliario desde agosto pasado, monse\u00f1or Rolando \u00c1lvarez, obispo de Matagalpa, hace un mes fue condenado arbitrariamente a 26 a\u00f1os de c\u00e1rcel, y desde entonces no ha habido m\u00e1s informaciones acerca de \u00e9l.<\/p>\n","protected":false},"excerpt":{"rendered":"<p>El gobierno de Nicaragua ha solicitado a la Santa Sede el cierre de sus respectivas sedes diplom\u00e1ticas. No se trata de una ruptura de relaciones, como hab\u00edan anunciado algunos medios de comunicaci\u00f3n. Exactamente hace un a\u00f1o, el 12 de marzo de 2022, el nuncio apost\u00f3lico en Managua, monse\u00f1or Waldemar Stanis\u0142aw Sommertag, hab\u00eda sido expulsado del [&hellip;]<\/p>\n","protected":false},"author":2,"featured_media":0,"comment_status":"open","ping_status":"open","sticky":false,"template":"","format":"standard","meta":{"footnotes":""},"categories":[28,36],"tags":[],"class_list":["post-48123","post","type-post","status-publish","format-standard","hentry","category-actualidad","category-destacado"],"yoast_head":"<!-- This site is optimized with the Yoast SEO plugin v26.6 - https:\/\/yoast.com\/wordpress\/plugins\/seo\/ -->\n<title>Nicaragua pide al Vaticano el cierre de sus respectivas sedes diplom\u00e1ticas -<\/title>\n<meta name=\"robots\" content=\"index, follow, max-snippet:-1, max-image-preview:large, max-video-preview:-1\" \/>\n<link rel=\"canonical\" href=\"https:\/\/luchonoticias.com\/editor\/nicaragua-pide-al-vaticano-el-cierre-de-sus-respectivas-sedes-diplomaticas\/\" \/>\n<meta property=\"og:locale\" content=\"es_ES\" \/>\n<meta property=\"og:type\" content=\"article\" \/>\n<meta property=\"og:title\" content=\"Nicaragua pide al Vaticano el cierre de sus respectivas sedes diplom\u00e1ticas -\" \/>\n<meta property=\"og:url\" content=\"https:\/\/luchonoticias.com\/editor\/nicaragua-pide-al-vaticano-el-cierre-de-sus-respectivas-sedes-diplomaticas\/\" \/>\n<meta property=\"article:publisher\" content=\"https:\/\/www.facebook.com\/luchonoticiasneiva\" \/>\n<meta property=\"article:published_time\" content=\"2023-03-12T22:46:47+00:00\" \/>\n<meta property=\"article:modified_time\" content=\"2023-03-12T22:46:48+00:00\" \/>\n<meta name=\"author\" content=\"Editor General\" \/>\n<meta name=\"twitter:card\" content=\"summary_large_image\" \/>\n<meta name=\"twitter:label1\" content=\"Escrito por\" \/>\n\t<meta name=\"twitter:data1\" content=\"Editor General\" \/>\n\t<meta name=\"twitter:label2\" content=\"Tiempo de lectura\" \/>\n\t<meta name=\"twitter:data2\" content=\"1 minuto\" \/>\n<script type=\"application\/ld+json\" class=\"yoast-schema-graph\">{\"@context\":\"https:\/\/schema.org\",\"@graph\":[{\"@type\":\"Article\",\"@id\":\"https:\/\/luchonoticias.com\/editor\/nicaragua-pide-al-vaticano-el-cierre-de-sus-respectivas-sedes-diplomaticas\/#article\",\"isPartOf\":{\"@id\":\"https:\/\/luchonoticias.com\/editor\/nicaragua-pide-al-vaticano-el-cierre-de-sus-respectivas-sedes-diplomaticas\/\"},\"author\":{\"name\":\"Editor General\",\"@id\":\"https:\/\/luchonoticias.com\/editor\/#\/schema\/person\/29217990ddf6f14e35912b2866d591fb\"},\"headline\":\"Nicaragua pide al Vaticano el cierre de sus respectivas sedes diplom\u00e1ticas\",\"datePublished\":\"2023-03-12T22:46:47+00:00\",\"dateModified\":\"2023-03-12T22:46:48+00:00\",\"mainEntityOfPage\":{\"@id\":\"https:\/\/luchonoticias.com\/editor\/nicaragua-pide-al-vaticano-el-cierre-de-sus-respectivas-sedes-diplomaticas\/\"},\"wordCount\":304,\"commentCount\":0,\"publisher\":{\"@id\":\"https:\/\/luchonoticias.com\/editor\/#\/schema\/person\/7a7fd911f58561fd056dbac7b55af9cd\"},\"articleSection\":[\"Actualidad\",\"Destacado\"],\"inLanguage\":\"es\",\"potentialAction\":[{\"@type\":\"CommentAction\",\"name\":\"Comment\",\"target\":[\"https:\/\/luchonoticias.com\/editor\/nicaragua-pide-al-vaticano-el-cierre-de-sus-respectivas-sedes-diplomaticas\/#respond\"]}]},{\"@type\":\"WebPage\",\"@id\":\"https:\/\/luchonoticias.com\/editor\/nicaragua-pide-al-vaticano-el-cierre-de-sus-respectivas-sedes-diplomaticas\/\",\"url\":\"https:\/\/luchonoticias.com\/editor\/nicaragua-pide-al-vaticano-el-cierre-de-sus-respectivas-sedes-diplomaticas\/\",\"name\":\"Nicaragua pide al Vaticano el cierre de sus respectivas sedes diplom\u00e1ticas -\",\"isPartOf\":{\"@id\":\"https:\/\/luchonoticias.com\/editor\/#website\"},\"datePublished\":\"2023-03-12T22:46:47+00:00\",\"dateModified\":\"2023-03-12T22:46:48+00:00\",\"breadcrumb\":{\"@id\":\"https:\/\/luchonoticias.com\/editor\/nicaragua-pide-al-vaticano-el-cierre-de-sus-respectivas-sedes-diplomaticas\/#breadcrumb\"},\"inLanguage\":\"es\",\"potentialAction\":[{\"@type\":\"ReadAction\",\"target\":[\"https:\/\/luchonoticias.com\/editor\/nicaragua-pide-al-vaticano-el-cierre-de-sus-respectivas-sedes-diplomaticas\/\"]}]},{\"@type\":\"BreadcrumbList\",\"@id\":\"https:\/\/luchonoticias.com\/editor\/nicaragua-pide-al-vaticano-el-cierre-de-sus-respectivas-sedes-diplomaticas\/#breadcrumb\",\"itemListElement\":[{\"@type\":\"ListItem\",\"position\":1,\"name\":\"Portada\",\"item\":\"https:\/\/luchonoticias.com\/editor\/\"},{\"@type\":\"ListItem\",\"position\":2,\"name\":\"Nicaragua pide al Vaticano el cierre de sus respectivas sedes diplom\u00e1ticas\"}]},{\"@type\":\"WebSite\",\"@id\":\"https:\/\/luchonoticias.com\/editor\/#website\",\"url\":\"https:\/\/luchonoticias.com\/editor\/\",\"name\":\"\",\"description\":\"\",\"publisher\":{\"@id\":\"https:\/\/luchonoticias.com\/editor\/#\/schema\/person\/7a7fd911f58561fd056dbac7b55af9cd\"},\"potentialAction\":[{\"@type\":\"SearchAction\",\"target\":{\"@type\":\"EntryPoint\",\"urlTemplate\":\"https:\/\/luchonoticias.com\/editor\/?s={search_term_string}\"},\"query-input\":{\"@type\":\"PropertyValueSpecification\",\"valueRequired\":true,\"valueName\":\"search_term_string\"}}],\"inLanguage\":\"es\"},{\"@type\":[\"Person\",\"Organization\"],\"@id\":\"https:\/\/luchonoticias.com\/editor\/#\/schema\/person\/7a7fd911f58561fd056dbac7b55af9cd\",\"name\":\"admin\",\"image\":{\"@type\":\"ImageObject\",\"inLanguage\":\"es\",\"@id\":\"https:\/\/luchonoticias.com\/editor\/#\/schema\/person\/image\/\",\"url\":\"https:\/\/luchonoticias.com\/editor\/wp-content\/uploads\/2024\/02\/cropped-cropped-logolu.webp\",\"contentUrl\":\"https:\/\/luchonoticias.com\/editor\/wp-content\/uploads\/2024\/02\/cropped-cropped-logolu.webp\",\"width\":382,\"height\":170,\"caption\":\"admin\"},\"logo\":{\"@id\":\"https:\/\/luchonoticias.com\/editor\/#\/schema\/person\/image\/\"},\"sameAs\":[\"https:\/\/www.facebook.com\/luchonoticiasneiva\"]},{\"@type\":\"Person\",\"@id\":\"https:\/\/luchonoticias.com\/editor\/#\/schema\/person\/29217990ddf6f14e35912b2866d591fb\",\"name\":\"Editor General\",\"image\":{\"@type\":\"ImageObject\",\"inLanguage\":\"es\",\"@id\":\"https:\/\/luchonoticias.com\/editor\/#\/schema\/person\/image\/\",\"url\":\"https:\/\/luchonoticias.com\/editor\/wp-content\/uploads\/2024\/02\/cropped-cropped-logolu-150x150.webp\",\"contentUrl\":\"https:\/\/luchonoticias.com\/editor\/wp-content\/uploads\/2024\/02\/cropped-cropped-logolu-150x150.webp\",\"caption\":\"Editor General\"},\"sameAs\":[\"https:\/\/luchonoticias.com\/\"],\"url\":\"https:\/\/luchonoticias.com\/editor\/author\/editor-general\/\"}]}<\/script>\n<!-- \/ Yoast SEO plugin. -->","yoast_head_json":{"title":"Nicaragua pide al Vaticano el cierre de sus respectivas sedes diplom\u00e1ticas -","robots":{"index":"index","follow":"follow","max-snippet":"max-snippet:-1","max-image-preview":"max-image-preview:large","max-video-preview":"max-video-preview:-1"},"canonical":"https:\/\/luchonoticias.com\/editor\/nicaragua-pide-al-vaticano-el-cierre-de-sus-respectivas-sedes-diplomaticas\/","og_locale":"es_ES","og_type":"article","og_title":"Nicaragua pide al Vaticano el cierre de sus respectivas sedes diplom\u00e1ticas -","og_url":"https:\/\/luchonoticias.com\/editor\/nicaragua-pide-al-vaticano-el-cierre-de-sus-respectivas-sedes-diplomaticas\/","article_publisher":"https:\/\/www.facebook.com\/luchonoticiasneiva","article_published_time":"2023-03-12T22:46:47+00:00","article_modified_time":"2023-03-12T22:46:48+00:00","author":"Editor General","twitter_card":"summary_large_image","twitter_misc":{"Escrito por":"Editor General","Tiempo de lectura":"1 minuto"},"schema":{"@context":"https:\/\/schema.org","@graph":[{"@type":"Article","@id":"https:\/\/luchonoticias.com\/editor\/nicaragua-pide-al-vaticano-el-cierre-de-sus-respectivas-sedes-diplomaticas\/#article","isPartOf":{"@id":"https:\/\/luchonoticias.com\/editor\/nicaragua-pide-al-vaticano-el-cierre-de-sus-respectivas-sedes-diplomaticas\/"},"author":{"name":"Editor General","@id":"https:\/\/luchonoticias.com\/editor\/#\/schema\/person\/29217990ddf6f14e35912b2866d591fb"},"headline":"Nicaragua pide al Vaticano el cierre de sus respectivas sedes diplom\u00e1ticas","datePublished":"2023-03-12T22:46:47+00:00","dateModified":"2023-03-12T22:46:48+00:00","mainEntityOfPage":{"@id":"https:\/\/luchonoticias.com\/editor\/nicaragua-pide-al-vaticano-el-cierre-de-sus-respectivas-sedes-diplomaticas\/"},"wordCount":304,"commentCount":0,"publisher":{"@id":"https:\/\/luchonoticias.com\/editor\/#\/schema\/person\/7a7fd911f58561fd056dbac7b55af9cd"},"articleSection":["Actualidad","Destacado"],"inLanguage":"es","potentialAction":[{"@type":"CommentAction","name":"Comment","target":["https:\/\/luchonoticias.com\/editor\/nicaragua-pide-al-vaticano-el-cierre-de-sus-respectivas-sedes-diplomaticas\/#respond"]}]},{"@type":"WebPage","@id":"https:\/\/luchonoticias.com\/editor\/nicaragua-pide-al-vaticano-el-cierre-de-sus-respectivas-sedes-diplomaticas\/","url":"https:\/\/luchonoticias.com\/editor\/nicaragua-pide-al-vaticano-el-cierre-de-sus-respectivas-sedes-diplomaticas\/","name":"Nicaragua pide al Vaticano el cierre de sus respectivas sedes diplom\u00e1ticas -","isPartOf":{"@id":"https:\/\/luchonoticias.com\/editor\/#website"},"datePublished":"2023-03-12T22:46:47+00:00","dateModified":"2023-03-12T22:46:48+00:00","breadcrumb":{"@id":"https:\/\/luchonoticias.com\/editor\/nicaragua-pide-al-vaticano-el-cierre-de-sus-respectivas-sedes-diplomaticas\/#breadcrumb"},"inLanguage":"es","potentialAction":[{"@type":"ReadAction","target":["https:\/\/luchonoticias.com\/editor\/nicaragua-pide-al-vaticano-el-cierre-de-sus-respectivas-sedes-diplomaticas\/"]}]},{"@type":"BreadcrumbList","@id":"https:\/\/luchonoticias.com\/editor\/nicaragua-pide-al-vaticano-el-cierre-de-sus-respectivas-sedes-diplomaticas\/#breadcrumb","itemListElement":[{"@type":"ListItem","position":1,"name":"Portada","item":"https:\/\/luchonoticias.com\/editor\/"},{"@type":"ListItem","position":2,"name":"Nicaragua pide al Vaticano el cierre de sus respectivas sedes diplom\u00e1ticas"}]},{"@type":"WebSite","@id":"https:\/\/luchonoticias.com\/editor\/#website","url":"https:\/\/luchonoticias.com\/editor\/","name":"","description":"","publisher":{"@id":"https:\/\/luchonoticias.com\/editor\/#\/schema\/person\/7a7fd911f58561fd056dbac7b55af9cd"},"potentialAction":[{"@type":"SearchAction","target":{"@type":"EntryPoint","urlTemplate":"https:\/\/luchonoticias.com\/editor\/?s={search_term_string}"},"query-input":{"@type":"PropertyValueSpecification","valueRequired":true,"valueName":"search_term_string"}}],"inLanguage":"es"},{"@type":["Person","Organization"],"@id":"https:\/\/luchonoticias.com\/editor\/#\/schema\/person\/7a7fd911f58561fd056dbac7b55af9cd","name":"admin","image":{"@type":"ImageObject","inLanguage":"es","@id":"https:\/\/luchonoticias.com\/editor\/#\/schema\/person\/image\/","url":"https:\/\/luchonoticias.com\/editor\/wp-content\/uploads\/2024\/02\/cropped-cropped-logolu.webp","contentUrl":"https:\/\/luchonoticias.com\/editor\/wp-content\/uploads\/2024\/02\/cropped-cropped-logolu.webp","width":382,"height":170,"caption":"admin"},"logo":{"@id":"https:\/\/luchonoticias.com\/editor\/#\/schema\/person\/image\/"},"sameAs":["https:\/\/www.facebook.com\/luchonoticiasneiva"]},{"@type":"Person","@id":"https:\/\/luchonoticias.com\/editor\/#\/schema\/person\/29217990ddf6f14e35912b2866d591fb","name":"Editor General","image":{"@type":"ImageObject","inLanguage":"es","@id":"https:\/\/luchonoticias.com\/editor\/#\/schema\/person\/image\/","url":"https:\/\/luchonoticias.com\/editor\/wp-content\/uploads\/2024\/02\/cropped-cropped-logolu-150x150.webp","contentUrl":"https:\/\/luchonoticias.com\/editor\/wp-content\/uploads\/2024\/02\/cropped-cropped-logolu-150x150.webp","caption":"Editor General"},"sameAs":["https:\/\/luchonoticias.com\/"],"url":"https:\/\/luchonoticias.com\/editor\/author\/editor-general\/"}]}},"_links":{"self":[{"href":"https:\/\/luchonoticias.com\/editor\/wp-json\/wp\/v2\/posts\/48123","targetHints":{"allow":["GET"]}}],"collection":[{"href":"https:\/\/luchonoticias.com\/editor\/wp-json\/wp\/v2\/posts"}],"about":[{"href":"https:\/\/luchonoticias.com\/editor\/wp-json\/wp\/v2\/types\/post"}],"author":[{"embeddable":true,"href":"https:\/\/luchonoticias.com\/editor\/wp-json\/wp\/v2\/users\/2"}],"replies":[{"embeddable":true,"href":"https:\/\/luchonoticias.com\/editor\/wp-json\/wp\/v2\/comments?post=48123"}],"version-history":[{"count":0,"href":"https:\/\/luchonoticias.com\/editor\/wp-json\/wp\/v2\/posts\/48123\/revisions"}],"wp:attachment":[{"href":"https:\/\/luchonoticias.com\/editor\/wp-json\/wp\/v2\/media?parent=48123"}],"wp:term":[{"taxonomy":"category","embeddable":true,"href":"https:\/\/luchonoticias.com\/editor\/wp-json\/wp\/v2\/categories?post=48123"},{"taxonomy":"post_tag","embeddable":true,"href":"https:\/\/luchonoticias.com\/editor\/wp-json\/wp\/v2\/tags?post=48123"}],"curies":[{"name":"wp","href":"https:\/\/api.w.org\/{rel}","templated":true}]}}