{"id":48126,"date":"2023-03-12T20:46:28","date_gmt":"2023-03-13T01:46:28","guid":{"rendered":"https:\/\/luchonoticias.com\/?p=48126"},"modified":"2023-03-12T20:46:30","modified_gmt":"2023-03-13T01:46:30","slug":"seguira-lloviendo-en-el-huila","status":"publish","type":"post","link":"https:\/\/luchonoticias.com\/editor\/seguira-lloviendo-en-el-huila\/","title":{"rendered":"Seguir\u00e1 lloviendo en el Huila"},"content":{"rendered":"\n<p>Pese a que durante los \u00faltimos meses&nbsp;<strong>se ha venido disipando la influencia del fen\u00f3meno de \u201cLa Ni\u00f1a\u201d,&nbsp;<\/strong>generado por cambios bruscos de temperaturas en el Oc\u00e9ano Pac\u00edfico,&nbsp;<strong>la temporada de lluvias que ha comenzado,<\/strong>&nbsp;podr\u00eda cerrar con vol\u00famenes de lluvias por encima del promedio habitual, debido a frentes h\u00famedos provenientes de la amazonia brasilera.<\/p>\n\n\n\n<p>As\u00ed lo indic\u00f3 Ofelia \u00c1ngel, funcionaria del IDEAM Huila \u2013 Caquet\u00e1, al advertir que pese a que enero hace parte de la primera temporada seca del a\u00f1o estuvo pasado por lluvias, mientras que&nbsp;<strong>febrero fue uno de los meses en los que se registraron las temperaturas m\u00e1s altas en el departamento.<\/strong><\/p>\n\n\n\n<p>Enero fue un mes de lluvias, y a pesar que hace parte de la primera temporada seca del a\u00f1o, fue influenciado por el fen\u00f3meno de \u201cLa Ni\u00f1a\u201d que es generador de lluvia, producto de una interacci\u00f3n entre el oc\u00e9ano y la atmosfera, fen\u00f3meno que se viene disipando r\u00e1pidamente hasta llegar a condiciones neutras;&nbsp;<strong>febrero por el contrario fue un mes muy seco,<\/strong>&nbsp;propio de la primera temporada de verano del a\u00f1o donde las lluvias se registraron muy por debajo de lo normal, caso contrario a las temperaturas que estuvieron por encima de los promedios hist\u00f3ricos, con picos en el Huila entre los 37 y 38 grados Celsius.<\/p>\n\n\n\n<p>La profesional igualmente indic\u00f3 que<strong>&nbsp;marzo es un mes de transici\u00f3n entre la primera temporada seca, y la primera temporada de lluvias<\/strong>&nbsp;de 2023, lo que traer\u00e1 d\u00edas de sol, intercalados con d\u00edas de lluvias.<\/p>\n\n\n\n<p>\u201cMarzo es un mes de transici\u00f3n entre la temporada seca, y la primera temporada de lluvias del a\u00f1o. Las lluvias que hemos tenido por estos d\u00edas son lluvias generadas por humedad que est\u00e1 ingresando del sureste de la amazonia brasilera; por lo que vamos a tener d\u00edas de lluvias intercalados con d\u00edas soleados, precisando que esta temporada de m\u00e1s lluvias se extender\u00e1 hasta inicios del mes de junio\u201d, indic\u00f3 la funcionaria del IDEAM Huila \u2013 Caquet\u00e1.<\/p>\n\n\n\n<p>Finalmente la funcionaria del IDEAM sostuvo que si bien estamos iniciando el primer periodo de lluvias de 2023,&nbsp;<strong>este podr\u00eda estar atravesado por un aumento en las precipitaciones.<\/strong><\/p>\n\n\n\n<p>\u201cLo que vamos a tener son las precipitaciones que corresponden a la primera temporada de lluvias del a\u00f1o, las cuales podr\u00edan estar entre un 20% y 30% por encima del promedio normal, por lo que hay que estar atentos a las recomendaciones de las autoridades\u201d, a\u00f1adi\u00f3.<\/p>\n\n\n\n<p>Por su parte del Secretario de Agricultura y Miner\u00eda del Huila, Dilberto Trujillo, sostuvo que frente a estos fen\u00f3menos de variabilidad clim\u00e1tica, el gobierno \u201cHuila Crece\u201d<strong>&nbsp;se ha venido preparando con acciones&nbsp;<\/strong>para prevenir y mitigar posibles afectaciones, principalmente en el sector rural.<\/p>\n\n\n\n<p>\u201cRetornan las lluvias y&nbsp;<strong>esto desfavorece principalmente a los productores rurales<\/strong>&nbsp;m\u00e1xime cuando estamos ad portas de iniciar la cosecha cafetera en el occidente y norte del departamento del Huila. Sin lugar a dudas vamos a tener afectaciones, por lo que desde ya estamos prepar\u00e1ndonos para poder hacerle frente a la situaci\u00f3n, con labores de mantenimiento de v\u00edas terciarias, en t\u00e9rminos de recolecci\u00f3n de la cosecha cafetera, y todo lo que pueda afectarse con las lluvias.<\/p>\n","protected":false},"excerpt":{"rendered":"<p>Pese a que durante los \u00faltimos meses&nbsp;se ha venido disipando la influencia del fen\u00f3meno de \u201cLa Ni\u00f1a\u201d,&nbsp;generado por cambios bruscos de temperaturas en el Oc\u00e9ano Pac\u00edfico,&nbsp;la temporada de lluvias que ha comenzado,&nbsp;podr\u00eda cerrar con vol\u00famenes de lluvias por encima del promedio habitual, debido a frentes h\u00famedos provenientes de la amazonia brasilera. As\u00ed lo indic\u00f3 Ofelia [&hellip;]<\/p>\n","protected":false},"author":2,"featured_media":0,"comment_status":"open","ping_status":"open","sticky":false,"template":"","format":"standard","meta":{"footnotes":""},"categories":[33],"tags":[],"class_list":["post-48126","post","type-post","status-publish","format-standard","hentry","category-huila"],"yoast_head":"<!-- This site is optimized with the Yoast SEO plugin v26.6 - https:\/\/yoast.com\/wordpress\/plugins\/seo\/ -->\n<title>Seguir\u00e1 lloviendo en el Huila -<\/title>\n<meta name=\"robots\" content=\"index, follow, max-snippet:-1, max-image-preview:large, max-video-preview:-1\" \/>\n<link rel=\"canonical\" href=\"https:\/\/luchonoticias.com\/editor\/seguira-lloviendo-en-el-huila\/\" \/>\n<meta property=\"og:locale\" content=\"es_ES\" \/>\n<meta property=\"og:type\" content=\"article\" \/>\n<meta property=\"og:title\" content=\"Seguir\u00e1 lloviendo en el Huila -\" \/>\n<meta property=\"og:url\" content=\"https:\/\/luchonoticias.com\/editor\/seguira-lloviendo-en-el-huila\/\" \/>\n<meta property=\"article:publisher\" content=\"https:\/\/www.facebook.com\/luchonoticiasneiva\" \/>\n<meta property=\"article:published_time\" content=\"2023-03-13T01:46:28+00:00\" \/>\n<meta property=\"article:modified_time\" content=\"2023-03-13T01:46:30+00:00\" \/>\n<meta name=\"author\" content=\"Editor General\" \/>\n<meta name=\"twitter:card\" content=\"summary_large_image\" \/>\n<meta name=\"twitter:label1\" content=\"Escrito por\" \/>\n\t<meta name=\"twitter:data1\" content=\"Editor General\" \/>\n\t<meta name=\"twitter:label2\" content=\"Tiempo de lectura\" \/>\n\t<meta name=\"twitter:data2\" content=\"3 minutos\" \/>\n<script type=\"application\/ld+json\" class=\"yoast-schema-graph\">{\"@context\":\"https:\/\/schema.org\",\"@graph\":[{\"@type\":\"Article\",\"@id\":\"https:\/\/luchonoticias.com\/editor\/seguira-lloviendo-en-el-huila\/#article\",\"isPartOf\":{\"@id\":\"https:\/\/luchonoticias.com\/editor\/seguira-lloviendo-en-el-huila\/\"},\"author\":{\"name\":\"Editor General\",\"@id\":\"https:\/\/luchonoticias.com\/editor\/#\/schema\/person\/29217990ddf6f14e35912b2866d591fb\"},\"headline\":\"Seguir\u00e1 lloviendo en el Huila\",\"datePublished\":\"2023-03-13T01:46:28+00:00\",\"dateModified\":\"2023-03-13T01:46:30+00:00\",\"mainEntityOfPage\":{\"@id\":\"https:\/\/luchonoticias.com\/editor\/seguira-lloviendo-en-el-huila\/\"},\"wordCount\":568,\"commentCount\":0,\"publisher\":{\"@id\":\"https:\/\/luchonoticias.com\/editor\/#\/schema\/person\/7a7fd911f58561fd056dbac7b55af9cd\"},\"articleSection\":[\"Huila\"],\"inLanguage\":\"es\",\"potentialAction\":[{\"@type\":\"CommentAction\",\"name\":\"Comment\",\"target\":[\"https:\/\/luchonoticias.com\/editor\/seguira-lloviendo-en-el-huila\/#respond\"]}]},{\"@type\":\"WebPage\",\"@id\":\"https:\/\/luchonoticias.com\/editor\/seguira-lloviendo-en-el-huila\/\",\"url\":\"https:\/\/luchonoticias.com\/editor\/seguira-lloviendo-en-el-huila\/\",\"name\":\"Seguir\u00e1 lloviendo en el Huila -\",\"isPartOf\":{\"@id\":\"https:\/\/luchonoticias.com\/editor\/#website\"},\"datePublished\":\"2023-03-13T01:46:28+00:00\",\"dateModified\":\"2023-03-13T01:46:30+00:00\",\"breadcrumb\":{\"@id\":\"https:\/\/luchonoticias.com\/editor\/seguira-lloviendo-en-el-huila\/#breadcrumb\"},\"inLanguage\":\"es\",\"potentialAction\":[{\"@type\":\"ReadAction\",\"target\":[\"https:\/\/luchonoticias.com\/editor\/seguira-lloviendo-en-el-huila\/\"]}]},{\"@type\":\"BreadcrumbList\",\"@id\":\"https:\/\/luchonoticias.com\/editor\/seguira-lloviendo-en-el-huila\/#breadcrumb\",\"itemListElement\":[{\"@type\":\"ListItem\",\"position\":1,\"name\":\"Portada\",\"item\":\"https:\/\/luchonoticias.com\/editor\/\"},{\"@type\":\"ListItem\",\"position\":2,\"name\":\"Seguir\u00e1 lloviendo en el Huila\"}]},{\"@type\":\"WebSite\",\"@id\":\"https:\/\/luchonoticias.com\/editor\/#website\",\"url\":\"https:\/\/luchonoticias.com\/editor\/\",\"name\":\"\",\"description\":\"\",\"publisher\":{\"@id\":\"https:\/\/luchonoticias.com\/editor\/#\/schema\/person\/7a7fd911f58561fd056dbac7b55af9cd\"},\"potentialAction\":[{\"@type\":\"SearchAction\",\"target\":{\"@type\":\"EntryPoint\",\"urlTemplate\":\"https:\/\/luchonoticias.com\/editor\/?s={search_term_string}\"},\"query-input\":{\"@type\":\"PropertyValueSpecification\",\"valueRequired\":true,\"valueName\":\"search_term_string\"}}],\"inLanguage\":\"es\"},{\"@type\":[\"Person\",\"Organization\"],\"@id\":\"https:\/\/luchonoticias.com\/editor\/#\/schema\/person\/7a7fd911f58561fd056dbac7b55af9cd\",\"name\":\"admin\",\"image\":{\"@type\":\"ImageObject\",\"inLanguage\":\"es\",\"@id\":\"https:\/\/luchonoticias.com\/editor\/#\/schema\/person\/image\/\",\"url\":\"https:\/\/luchonoticias.com\/editor\/wp-content\/uploads\/2024\/02\/cropped-cropped-logolu.webp\",\"contentUrl\":\"https:\/\/luchonoticias.com\/editor\/wp-content\/uploads\/2024\/02\/cropped-cropped-logolu.webp\",\"width\":382,\"height\":170,\"caption\":\"admin\"},\"logo\":{\"@id\":\"https:\/\/luchonoticias.com\/editor\/#\/schema\/person\/image\/\"},\"sameAs\":[\"https:\/\/www.facebook.com\/luchonoticiasneiva\"]},{\"@type\":\"Person\",\"@id\":\"https:\/\/luchonoticias.com\/editor\/#\/schema\/person\/29217990ddf6f14e35912b2866d591fb\",\"name\":\"Editor General\",\"image\":{\"@type\":\"ImageObject\",\"inLanguage\":\"es\",\"@id\":\"https:\/\/luchonoticias.com\/editor\/#\/schema\/person\/image\/\",\"url\":\"https:\/\/luchonoticias.com\/editor\/wp-content\/uploads\/2024\/02\/cropped-cropped-logolu-150x150.webp\",\"contentUrl\":\"https:\/\/luchonoticias.com\/editor\/wp-content\/uploads\/2024\/02\/cropped-cropped-logolu-150x150.webp\",\"caption\":\"Editor General\"},\"sameAs\":[\"https:\/\/luchonoticias.com\/\"],\"url\":\"https:\/\/luchonoticias.com\/editor\/author\/editor-general\/\"}]}<\/script>\n<!-- \/ Yoast SEO plugin. -->","yoast_head_json":{"title":"Seguir\u00e1 lloviendo en el Huila -","robots":{"index":"index","follow":"follow","max-snippet":"max-snippet:-1","max-image-preview":"max-image-preview:large","max-video-preview":"max-video-preview:-1"},"canonical":"https:\/\/luchonoticias.com\/editor\/seguira-lloviendo-en-el-huila\/","og_locale":"es_ES","og_type":"article","og_title":"Seguir\u00e1 lloviendo en el Huila -","og_url":"https:\/\/luchonoticias.com\/editor\/seguira-lloviendo-en-el-huila\/","article_publisher":"https:\/\/www.facebook.com\/luchonoticiasneiva","article_published_time":"2023-03-13T01:46:28+00:00","article_modified_time":"2023-03-13T01:46:30+00:00","author":"Editor General","twitter_card":"summary_large_image","twitter_misc":{"Escrito por":"Editor General","Tiempo de lectura":"3 minutos"},"schema":{"@context":"https:\/\/schema.org","@graph":[{"@type":"Article","@id":"https:\/\/luchonoticias.com\/editor\/seguira-lloviendo-en-el-huila\/#article","isPartOf":{"@id":"https:\/\/luchonoticias.com\/editor\/seguira-lloviendo-en-el-huila\/"},"author":{"name":"Editor General","@id":"https:\/\/luchonoticias.com\/editor\/#\/schema\/person\/29217990ddf6f14e35912b2866d591fb"},"headline":"Seguir\u00e1 lloviendo en el Huila","datePublished":"2023-03-13T01:46:28+00:00","dateModified":"2023-03-13T01:46:30+00:00","mainEntityOfPage":{"@id":"https:\/\/luchonoticias.com\/editor\/seguira-lloviendo-en-el-huila\/"},"wordCount":568,"commentCount":0,"publisher":{"@id":"https:\/\/luchonoticias.com\/editor\/#\/schema\/person\/7a7fd911f58561fd056dbac7b55af9cd"},"articleSection":["Huila"],"inLanguage":"es","potentialAction":[{"@type":"CommentAction","name":"Comment","target":["https:\/\/luchonoticias.com\/editor\/seguira-lloviendo-en-el-huila\/#respond"]}]},{"@type":"WebPage","@id":"https:\/\/luchonoticias.com\/editor\/seguira-lloviendo-en-el-huila\/","url":"https:\/\/luchonoticias.com\/editor\/seguira-lloviendo-en-el-huila\/","name":"Seguir\u00e1 lloviendo en el Huila -","isPartOf":{"@id":"https:\/\/luchonoticias.com\/editor\/#website"},"datePublished":"2023-03-13T01:46:28+00:00","dateModified":"2023-03-13T01:46:30+00:00","breadcrumb":{"@id":"https:\/\/luchonoticias.com\/editor\/seguira-lloviendo-en-el-huila\/#breadcrumb"},"inLanguage":"es","potentialAction":[{"@type":"ReadAction","target":["https:\/\/luchonoticias.com\/editor\/seguira-lloviendo-en-el-huila\/"]}]},{"@type":"BreadcrumbList","@id":"https:\/\/luchonoticias.com\/editor\/seguira-lloviendo-en-el-huila\/#breadcrumb","itemListElement":[{"@type":"ListItem","position":1,"name":"Portada","item":"https:\/\/luchonoticias.com\/editor\/"},{"@type":"ListItem","position":2,"name":"Seguir\u00e1 lloviendo en el Huila"}]},{"@type":"WebSite","@id":"https:\/\/luchonoticias.com\/editor\/#website","url":"https:\/\/luchonoticias.com\/editor\/","name":"","description":"","publisher":{"@id":"https:\/\/luchonoticias.com\/editor\/#\/schema\/person\/7a7fd911f58561fd056dbac7b55af9cd"},"potentialAction":[{"@type":"SearchAction","target":{"@type":"EntryPoint","urlTemplate":"https:\/\/luchonoticias.com\/editor\/?s={search_term_string}"},"query-input":{"@type":"PropertyValueSpecification","valueRequired":true,"valueName":"search_term_string"}}],"inLanguage":"es"},{"@type":["Person","Organization"],"@id":"https:\/\/luchonoticias.com\/editor\/#\/schema\/person\/7a7fd911f58561fd056dbac7b55af9cd","name":"admin","image":{"@type":"ImageObject","inLanguage":"es","@id":"https:\/\/luchonoticias.com\/editor\/#\/schema\/person\/image\/","url":"https:\/\/luchonoticias.com\/editor\/wp-content\/uploads\/2024\/02\/cropped-cropped-logolu.webp","contentUrl":"https:\/\/luchonoticias.com\/editor\/wp-content\/uploads\/2024\/02\/cropped-cropped-logolu.webp","width":382,"height":170,"caption":"admin"},"logo":{"@id":"https:\/\/luchonoticias.com\/editor\/#\/schema\/person\/image\/"},"sameAs":["https:\/\/www.facebook.com\/luchonoticiasneiva"]},{"@type":"Person","@id":"https:\/\/luchonoticias.com\/editor\/#\/schema\/person\/29217990ddf6f14e35912b2866d591fb","name":"Editor General","image":{"@type":"ImageObject","inLanguage":"es","@id":"https:\/\/luchonoticias.com\/editor\/#\/schema\/person\/image\/","url":"https:\/\/luchonoticias.com\/editor\/wp-content\/uploads\/2024\/02\/cropped-cropped-logolu-150x150.webp","contentUrl":"https:\/\/luchonoticias.com\/editor\/wp-content\/uploads\/2024\/02\/cropped-cropped-logolu-150x150.webp","caption":"Editor General"},"sameAs":["https:\/\/luchonoticias.com\/"],"url":"https:\/\/luchonoticias.com\/editor\/author\/editor-general\/"}]}},"_links":{"self":[{"href":"https:\/\/luchonoticias.com\/editor\/wp-json\/wp\/v2\/posts\/48126","targetHints":{"allow":["GET"]}}],"collection":[{"href":"https:\/\/luchonoticias.com\/editor\/wp-json\/wp\/v2\/posts"}],"about":[{"href":"https:\/\/luchonoticias.com\/editor\/wp-json\/wp\/v2\/types\/post"}],"author":[{"embeddable":true,"href":"https:\/\/luchonoticias.com\/editor\/wp-json\/wp\/v2\/users\/2"}],"replies":[{"embeddable":true,"href":"https:\/\/luchonoticias.com\/editor\/wp-json\/wp\/v2\/comments?post=48126"}],"version-history":[{"count":0,"href":"https:\/\/luchonoticias.com\/editor\/wp-json\/wp\/v2\/posts\/48126\/revisions"}],"wp:attachment":[{"href":"https:\/\/luchonoticias.com\/editor\/wp-json\/wp\/v2\/media?parent=48126"}],"wp:term":[{"taxonomy":"category","embeddable":true,"href":"https:\/\/luchonoticias.com\/editor\/wp-json\/wp\/v2\/categories?post=48126"},{"taxonomy":"post_tag","embeddable":true,"href":"https:\/\/luchonoticias.com\/editor\/wp-json\/wp\/v2\/tags?post=48126"}],"curies":[{"name":"wp","href":"https:\/\/api.w.org\/{rel}","templated":true}]}}