{"id":48129,"date":"2023-03-13T06:52:11","date_gmt":"2023-03-13T11:52:11","guid":{"rendered":"https:\/\/luchonoticias.com\/?p=48129"},"modified":"2023-03-13T06:52:12","modified_gmt":"2023-03-13T11:52:12","slug":"16-personas-capturadas-durante-el-fin-de-semana-en-neiva","status":"publish","type":"post","link":"https:\/\/luchonoticias.com\/editor\/16-personas-capturadas-durante-el-fin-de-semana-en-neiva\/","title":{"rendered":"16 personas capturadas durante el fin de semana en Neiva"},"content":{"rendered":"\n<p>Las autoridades opitas, dieron a conocer en un comunicado de prensa, el balance de los resultados que lograron obtener durante el fin de semana en Neiva.<\/p>\n\n\n\n<p>Seg\u00fan lo revelado por las fuentes oficiales, durante los \u00faltimos d\u00edas, se han lograron la incautaci\u00f3n de grandes cantidades de estupefacientes y se logr\u00f3 la captura en flagrancia de 16 personas por distintos delitos.<\/p>\n\n\n\n<p>* 6 por tr\u00e1fico, fabricaci\u00f3n o porte de estupefacientes<\/p>\n\n\n\n<p>* 3 por lesiones personales.<\/p>\n\n\n\n<p>* 3 por violencia intrafamiliar.&nbsp;&nbsp;<\/p>\n\n\n\n<p>* 3 por receptaci\u00f3n.<\/p>\n\n\n\n<p>* 3 por Hurto<\/p>\n\n\n\n<p>* 1 por uso de documento falso.<\/p>\n\n\n\n<p>* 1 por porte ilegal de armas.<\/p>\n\n\n\n<figure class=\"wp-block-gallery has-nested-images columns-default is-cropped wp-block-gallery-1 is-layout-flex wp-block-gallery-is-layout-flex\">\n<figure class=\"wp-block-image size-large\"><img decoding=\"async\" data-id=\"48133\" src=\"https:\/\/luchonoticias.com\/wp-content\/uploads\/2023\/03\/WhatsApp-Image-2023-03-12-at-8.44.35-PM.jpeg\" alt=\"\" class=\"wp-image-48133\"\/><\/figure>\n\n\n\n<figure class=\"wp-block-image size-large\"><img decoding=\"async\" data-id=\"48131\" src=\"https:\/\/luchonoticias.com\/wp-content\/uploads\/2023\/03\/WhatsApp-Image-2023-03-12-at-8.44.24-PM-1.jpeg\" alt=\"\" class=\"wp-image-48131\"\/><\/figure>\n\n\n\n<figure class=\"wp-block-image size-large\"><img decoding=\"async\" data-id=\"48132\" src=\"https:\/\/luchonoticias.com\/wp-content\/uploads\/2023\/03\/WhatsApp-Image-2023-03-12-at-8.44.24-PM.jpeg\" alt=\"\" class=\"wp-image-48132\"\/><\/figure>\n<\/figure>\n\n\n\n<p><strong>Hechos relevantes<\/strong><\/p>\n\n\n\n<p>En el informe oficial, se conoci\u00f3 que como casos relevantes esta la captura de una mujer de 18 a\u00f1os y la aprehensi\u00f3n de una adolescente de 14 a\u00f1os de edad y la recuperaci\u00f3n de una motocicleta YAMAHA XTZ 125 la cual hab\u00eda sido hurtada d\u00edas antes en el sector del triunfo de la comuna 10 mediante la modalidad de halada.<\/p>\n\n\n\n<p>As\u00ed mismo, la captura de un hombre de 33 a\u00f1os de edad por el delito de tr\u00e1fico, fabricaci\u00f3n o porte de estupefacientes quien fue sorprendido en su poder 170 dosis de bazuco listas para ser comercializadas.<\/p>\n\n\n\n<p>Adem\u00e1s, la captura en flagrancia de un hombre de 31 a\u00f1os de edad por el delito de tr\u00e1fico, fabricaci\u00f3n o porte de estupefacientes quien ten\u00eda en su poder 100 cigarrillos de marihuana, gracias a un plan de intervenci\u00f3n en el parque de los ni\u00f1os de la comuna 3 de la ciudad de Neiva.\u00a0<\/p>\n\n\n\n<figure class=\"wp-block-gallery has-nested-images columns-default is-cropped wp-block-gallery-2 is-layout-flex wp-block-gallery-is-layout-flex\">\n<figure class=\"wp-block-image size-large\"><img decoding=\"async\" data-id=\"48136\" src=\"https:\/\/luchonoticias.com\/wp-content\/uploads\/2023\/03\/WhatsApp-Image-2023-03-12-at-8.44.23-PM-2-1024x768.jpeg\" alt=\"\" class=\"wp-image-48136\"\/><\/figure>\n\n\n\n<figure class=\"wp-block-image size-large\"><img decoding=\"async\" data-id=\"48135\" src=\"https:\/\/luchonoticias.com\/wp-content\/uploads\/2023\/03\/WhatsApp-Image-2023-03-12-at-8.44.23-PM-1-1024x461.jpeg\" alt=\"\" class=\"wp-image-48135\"\/><\/figure>\n\n\n\n<figure class=\"wp-block-image size-large\"><img decoding=\"async\" data-id=\"48134\" src=\"https:\/\/luchonoticias.com\/wp-content\/uploads\/2023\/03\/WhatsApp-Image-2023-03-12-at-8.44.23-PM-1024x461.jpeg\" alt=\"\" class=\"wp-image-48134\"\/><\/figure>\n<\/figure>\n\n\n\n<p><strong>Atenci\u00f3n a la l\u00ednea de emergencia<\/strong><\/p>\n\n\n\n<p>Continuamente, en el informe oficial entregado por la Polic\u00eda Metropolitana de Neiva, se estableci\u00f3 que, a la l\u00ednea de emergencia 123 ingresaron un total de 1.843 llamadas, destacando entre estas: 110 por ri\u00f1a, 75 por alteraci\u00f3n a la tranquilidad p\u00fablica, 28 por consumo de estupefacientes y 17 por violencia intrafamiliar.<\/p>\n\n\n\n<p><strong>Aplicaci\u00f3n del C\u00f3digo Nacional de Seguridad<\/strong><\/p>\n\n\n\n<p>Finalmente, las autoridades neivanas confirmaron que lo que respecta a la aplicaci\u00f3n del C\u00f3digo Nacional de Seguridad y Convivencia Ciudadana, durante el \u00faltimo fin de semana en la ciudad, &nbsp;se impusieron 41 \u00f3rdenes de comparendo por comportamientos contrarios a la convivencia, as\u00ed: 33 por porte de armas corto punzantes, 2 por comprar, alquilar o usar equipo terminal m\u00f3vil con reporte de p\u00e9rdida o hurto, 2 por consumo de sustancias estupefacientes en sitios prohibidos, 1 arma traum\u00e1tica, 1 por ataque animal y 1 por el cierre de un establecimiento por ruido previo a concepto t\u00e9cnico expedido por la secretar\u00eda de medio ambiente.<\/p>\n","protected":false},"excerpt":{"rendered":"<p>Las autoridades opitas, dieron a conocer en un comunicado de prensa, el balance de los resultados que lograron obtener durante el fin de semana en Neiva. Seg\u00fan lo revelado por las fuentes oficiales, durante los \u00faltimos d\u00edas, se han lograron la incautaci\u00f3n de grandes cantidades de estupefacientes y se logr\u00f3 la captura en flagrancia de [&hellip;]<\/p>\n","protected":false},"author":2,"featured_media":0,"comment_status":"open","ping_status":"open","sticky":false,"template":"","format":"standard","meta":{"footnotes":""},"categories":[36,29],"tags":[],"class_list":["post-48129","post","type-post","status-publish","format-standard","hentry","category-destacado","category-judicial"],"yoast_head":"<!-- This site is optimized with the Yoast SEO plugin v26.6 - https:\/\/yoast.com\/wordpress\/plugins\/seo\/ -->\n<title>16 personas capturadas durante el fin de semana en Neiva -<\/title>\n<meta name=\"robots\" content=\"index, follow, max-snippet:-1, max-image-preview:large, max-video-preview:-1\" \/>\n<link rel=\"canonical\" href=\"https:\/\/luchonoticias.com\/editor\/16-personas-capturadas-durante-el-fin-de-semana-en-neiva\/\" \/>\n<meta property=\"og:locale\" content=\"es_ES\" \/>\n<meta property=\"og:type\" content=\"article\" \/>\n<meta property=\"og:title\" content=\"16 personas capturadas durante el fin de semana en Neiva -\" \/>\n<meta property=\"og:url\" content=\"https:\/\/luchonoticias.com\/editor\/16-personas-capturadas-durante-el-fin-de-semana-en-neiva\/\" \/>\n<meta property=\"article:publisher\" content=\"https:\/\/www.facebook.com\/luchonoticiasneiva\" \/>\n<meta property=\"article:published_time\" content=\"2023-03-13T11:52:11+00:00\" \/>\n<meta property=\"article:modified_time\" content=\"2023-03-13T11:52:12+00:00\" \/>\n<meta property=\"og:image\" content=\"https:\/\/luchonoticias.com\/wp-content\/uploads\/2023\/03\/WhatsApp-Image-2023-03-12-at-8.44.35-PM.jpeg\" \/>\n<meta name=\"author\" content=\"Editor General\" \/>\n<meta name=\"twitter:card\" content=\"summary_large_image\" \/>\n<meta name=\"twitter:label1\" content=\"Escrito por\" \/>\n\t<meta name=\"twitter:data1\" content=\"Editor General\" \/>\n\t<meta name=\"twitter:label2\" content=\"Tiempo de lectura\" \/>\n\t<meta name=\"twitter:data2\" content=\"2 minutos\" \/>\n<script type=\"application\/ld+json\" class=\"yoast-schema-graph\">{\"@context\":\"https:\/\/schema.org\",\"@graph\":[{\"@type\":\"Article\",\"@id\":\"https:\/\/luchonoticias.com\/editor\/16-personas-capturadas-durante-el-fin-de-semana-en-neiva\/#article\",\"isPartOf\":{\"@id\":\"https:\/\/luchonoticias.com\/editor\/16-personas-capturadas-durante-el-fin-de-semana-en-neiva\/\"},\"author\":{\"name\":\"Editor General\",\"@id\":\"https:\/\/luchonoticias.com\/editor\/#\/schema\/person\/29217990ddf6f14e35912b2866d591fb\"},\"headline\":\"16 personas capturadas durante el fin de semana en Neiva\",\"datePublished\":\"2023-03-13T11:52:11+00:00\",\"dateModified\":\"2023-03-13T11:52:12+00:00\",\"mainEntityOfPage\":{\"@id\":\"https:\/\/luchonoticias.com\/editor\/16-personas-capturadas-durante-el-fin-de-semana-en-neiva\/\"},\"wordCount\":428,\"commentCount\":0,\"publisher\":{\"@id\":\"https:\/\/luchonoticias.com\/editor\/#\/schema\/person\/7a7fd911f58561fd056dbac7b55af9cd\"},\"image\":{\"@id\":\"https:\/\/luchonoticias.com\/editor\/16-personas-capturadas-durante-el-fin-de-semana-en-neiva\/#primaryimage\"},\"thumbnailUrl\":\"https:\/\/luchonoticias.com\/wp-content\/uploads\/2023\/03\/WhatsApp-Image-2023-03-12-at-8.44.35-PM.jpeg\",\"articleSection\":[\"Destacado\",\"Judicial\"],\"inLanguage\":\"es\",\"potentialAction\":[{\"@type\":\"CommentAction\",\"name\":\"Comment\",\"target\":[\"https:\/\/luchonoticias.com\/editor\/16-personas-capturadas-durante-el-fin-de-semana-en-neiva\/#respond\"]}]},{\"@type\":\"WebPage\",\"@id\":\"https:\/\/luchonoticias.com\/editor\/16-personas-capturadas-durante-el-fin-de-semana-en-neiva\/\",\"url\":\"https:\/\/luchonoticias.com\/editor\/16-personas-capturadas-durante-el-fin-de-semana-en-neiva\/\",\"name\":\"16 personas capturadas durante el fin de semana en Neiva -\",\"isPartOf\":{\"@id\":\"https:\/\/luchonoticias.com\/editor\/#website\"},\"primaryImageOfPage\":{\"@id\":\"https:\/\/luchonoticias.com\/editor\/16-personas-capturadas-durante-el-fin-de-semana-en-neiva\/#primaryimage\"},\"image\":{\"@id\":\"https:\/\/luchonoticias.com\/editor\/16-personas-capturadas-durante-el-fin-de-semana-en-neiva\/#primaryimage\"},\"thumbnailUrl\":\"https:\/\/luchonoticias.com\/wp-content\/uploads\/2023\/03\/WhatsApp-Image-2023-03-12-at-8.44.35-PM.jpeg\",\"datePublished\":\"2023-03-13T11:52:11+00:00\",\"dateModified\":\"2023-03-13T11:52:12+00:00\",\"breadcrumb\":{\"@id\":\"https:\/\/luchonoticias.com\/editor\/16-personas-capturadas-durante-el-fin-de-semana-en-neiva\/#breadcrumb\"},\"inLanguage\":\"es\",\"potentialAction\":[{\"@type\":\"ReadAction\",\"target\":[\"https:\/\/luchonoticias.com\/editor\/16-personas-capturadas-durante-el-fin-de-semana-en-neiva\/\"]}]},{\"@type\":\"ImageObject\",\"inLanguage\":\"es\",\"@id\":\"https:\/\/luchonoticias.com\/editor\/16-personas-capturadas-durante-el-fin-de-semana-en-neiva\/#primaryimage\",\"url\":\"https:\/\/luchonoticias.com\/wp-content\/uploads\/2023\/03\/WhatsApp-Image-2023-03-12-at-8.44.35-PM.jpeg\",\"contentUrl\":\"https:\/\/luchonoticias.com\/wp-content\/uploads\/2023\/03\/WhatsApp-Image-2023-03-12-at-8.44.35-PM.jpeg\"},{\"@type\":\"BreadcrumbList\",\"@id\":\"https:\/\/luchonoticias.com\/editor\/16-personas-capturadas-durante-el-fin-de-semana-en-neiva\/#breadcrumb\",\"itemListElement\":[{\"@type\":\"ListItem\",\"position\":1,\"name\":\"Portada\",\"item\":\"https:\/\/luchonoticias.com\/editor\/\"},{\"@type\":\"ListItem\",\"position\":2,\"name\":\"16 personas capturadas durante el fin de semana en Neiva\"}]},{\"@type\":\"WebSite\",\"@id\":\"https:\/\/luchonoticias.com\/editor\/#website\",\"url\":\"https:\/\/luchonoticias.com\/editor\/\",\"name\":\"\",\"description\":\"\",\"publisher\":{\"@id\":\"https:\/\/luchonoticias.com\/editor\/#\/schema\/person\/7a7fd911f58561fd056dbac7b55af9cd\"},\"potentialAction\":[{\"@type\":\"SearchAction\",\"target\":{\"@type\":\"EntryPoint\",\"urlTemplate\":\"https:\/\/luchonoticias.com\/editor\/?s={search_term_string}\"},\"query-input\":{\"@type\":\"PropertyValueSpecification\",\"valueRequired\":true,\"valueName\":\"search_term_string\"}}],\"inLanguage\":\"es\"},{\"@type\":[\"Person\",\"Organization\"],\"@id\":\"https:\/\/luchonoticias.com\/editor\/#\/schema\/person\/7a7fd911f58561fd056dbac7b55af9cd\",\"name\":\"admin\",\"image\":{\"@type\":\"ImageObject\",\"inLanguage\":\"es\",\"@id\":\"https:\/\/luchonoticias.com\/editor\/#\/schema\/person\/image\/\",\"url\":\"https:\/\/luchonoticias.com\/editor\/wp-content\/uploads\/2024\/02\/cropped-cropped-logolu.webp\",\"contentUrl\":\"https:\/\/luchonoticias.com\/editor\/wp-content\/uploads\/2024\/02\/cropped-cropped-logolu.webp\",\"width\":382,\"height\":170,\"caption\":\"admin\"},\"logo\":{\"@id\":\"https:\/\/luchonoticias.com\/editor\/#\/schema\/person\/image\/\"},\"sameAs\":[\"https:\/\/www.facebook.com\/luchonoticiasneiva\"]},{\"@type\":\"Person\",\"@id\":\"https:\/\/luchonoticias.com\/editor\/#\/schema\/person\/29217990ddf6f14e35912b2866d591fb\",\"name\":\"Editor General\",\"image\":{\"@type\":\"ImageObject\",\"inLanguage\":\"es\",\"@id\":\"https:\/\/luchonoticias.com\/editor\/#\/schema\/person\/image\/\",\"url\":\"https:\/\/luchonoticias.com\/editor\/wp-content\/uploads\/2024\/02\/cropped-cropped-logolu-150x150.webp\",\"contentUrl\":\"https:\/\/luchonoticias.com\/editor\/wp-content\/uploads\/2024\/02\/cropped-cropped-logolu-150x150.webp\",\"caption\":\"Editor General\"},\"sameAs\":[\"https:\/\/luchonoticias.com\/\"],\"url\":\"https:\/\/luchonoticias.com\/editor\/author\/editor-general\/\"}]}<\/script>\n<!-- \/ Yoast SEO plugin. -->","yoast_head_json":{"title":"16 personas capturadas durante el fin de semana en Neiva -","robots":{"index":"index","follow":"follow","max-snippet":"max-snippet:-1","max-image-preview":"max-image-preview:large","max-video-preview":"max-video-preview:-1"},"canonical":"https:\/\/luchonoticias.com\/editor\/16-personas-capturadas-durante-el-fin-de-semana-en-neiva\/","og_locale":"es_ES","og_type":"article","og_title":"16 personas capturadas durante el fin de semana en Neiva -","og_url":"https:\/\/luchonoticias.com\/editor\/16-personas-capturadas-durante-el-fin-de-semana-en-neiva\/","article_publisher":"https:\/\/www.facebook.com\/luchonoticiasneiva","article_published_time":"2023-03-13T11:52:11+00:00","article_modified_time":"2023-03-13T11:52:12+00:00","og_image":[{"url":"https:\/\/luchonoticias.com\/wp-content\/uploads\/2023\/03\/WhatsApp-Image-2023-03-12-at-8.44.35-PM.jpeg","type":"","width":"","height":""}],"author":"Editor General","twitter_card":"summary_large_image","twitter_misc":{"Escrito por":"Editor General","Tiempo de lectura":"2 minutos"},"schema":{"@context":"https:\/\/schema.org","@graph":[{"@type":"Article","@id":"https:\/\/luchonoticias.com\/editor\/16-personas-capturadas-durante-el-fin-de-semana-en-neiva\/#article","isPartOf":{"@id":"https:\/\/luchonoticias.com\/editor\/16-personas-capturadas-durante-el-fin-de-semana-en-neiva\/"},"author":{"name":"Editor General","@id":"https:\/\/luchonoticias.com\/editor\/#\/schema\/person\/29217990ddf6f14e35912b2866d591fb"},"headline":"16 personas capturadas durante el fin de semana en Neiva","datePublished":"2023-03-13T11:52:11+00:00","dateModified":"2023-03-13T11:52:12+00:00","mainEntityOfPage":{"@id":"https:\/\/luchonoticias.com\/editor\/16-personas-capturadas-durante-el-fin-de-semana-en-neiva\/"},"wordCount":428,"commentCount":0,"publisher":{"@id":"https:\/\/luchonoticias.com\/editor\/#\/schema\/person\/7a7fd911f58561fd056dbac7b55af9cd"},"image":{"@id":"https:\/\/luchonoticias.com\/editor\/16-personas-capturadas-durante-el-fin-de-semana-en-neiva\/#primaryimage"},"thumbnailUrl":"https:\/\/luchonoticias.com\/wp-content\/uploads\/2023\/03\/WhatsApp-Image-2023-03-12-at-8.44.35-PM.jpeg","articleSection":["Destacado","Judicial"],"inLanguage":"es","potentialAction":[{"@type":"CommentAction","name":"Comment","target":["https:\/\/luchonoticias.com\/editor\/16-personas-capturadas-durante-el-fin-de-semana-en-neiva\/#respond"]}]},{"@type":"WebPage","@id":"https:\/\/luchonoticias.com\/editor\/16-personas-capturadas-durante-el-fin-de-semana-en-neiva\/","url":"https:\/\/luchonoticias.com\/editor\/16-personas-capturadas-durante-el-fin-de-semana-en-neiva\/","name":"16 personas capturadas durante el fin de semana en Neiva -","isPartOf":{"@id":"https:\/\/luchonoticias.com\/editor\/#website"},"primaryImageOfPage":{"@id":"https:\/\/luchonoticias.com\/editor\/16-personas-capturadas-durante-el-fin-de-semana-en-neiva\/#primaryimage"},"image":{"@id":"https:\/\/luchonoticias.com\/editor\/16-personas-capturadas-durante-el-fin-de-semana-en-neiva\/#primaryimage"},"thumbnailUrl":"https:\/\/luchonoticias.com\/wp-content\/uploads\/2023\/03\/WhatsApp-Image-2023-03-12-at-8.44.35-PM.jpeg","datePublished":"2023-03-13T11:52:11+00:00","dateModified":"2023-03-13T11:52:12+00:00","breadcrumb":{"@id":"https:\/\/luchonoticias.com\/editor\/16-personas-capturadas-durante-el-fin-de-semana-en-neiva\/#breadcrumb"},"inLanguage":"es","potentialAction":[{"@type":"ReadAction","target":["https:\/\/luchonoticias.com\/editor\/16-personas-capturadas-durante-el-fin-de-semana-en-neiva\/"]}]},{"@type":"ImageObject","inLanguage":"es","@id":"https:\/\/luchonoticias.com\/editor\/16-personas-capturadas-durante-el-fin-de-semana-en-neiva\/#primaryimage","url":"https:\/\/luchonoticias.com\/wp-content\/uploads\/2023\/03\/WhatsApp-Image-2023-03-12-at-8.44.35-PM.jpeg","contentUrl":"https:\/\/luchonoticias.com\/wp-content\/uploads\/2023\/03\/WhatsApp-Image-2023-03-12-at-8.44.35-PM.jpeg"},{"@type":"BreadcrumbList","@id":"https:\/\/luchonoticias.com\/editor\/16-personas-capturadas-durante-el-fin-de-semana-en-neiva\/#breadcrumb","itemListElement":[{"@type":"ListItem","position":1,"name":"Portada","item":"https:\/\/luchonoticias.com\/editor\/"},{"@type":"ListItem","position":2,"name":"16 personas capturadas durante el fin de semana en Neiva"}]},{"@type":"WebSite","@id":"https:\/\/luchonoticias.com\/editor\/#website","url":"https:\/\/luchonoticias.com\/editor\/","name":"","description":"","publisher":{"@id":"https:\/\/luchonoticias.com\/editor\/#\/schema\/person\/7a7fd911f58561fd056dbac7b55af9cd"},"potentialAction":[{"@type":"SearchAction","target":{"@type":"EntryPoint","urlTemplate":"https:\/\/luchonoticias.com\/editor\/?s={search_term_string}"},"query-input":{"@type":"PropertyValueSpecification","valueRequired":true,"valueName":"search_term_string"}}],"inLanguage":"es"},{"@type":["Person","Organization"],"@id":"https:\/\/luchonoticias.com\/editor\/#\/schema\/person\/7a7fd911f58561fd056dbac7b55af9cd","name":"admin","image":{"@type":"ImageObject","inLanguage":"es","@id":"https:\/\/luchonoticias.com\/editor\/#\/schema\/person\/image\/","url":"https:\/\/luchonoticias.com\/editor\/wp-content\/uploads\/2024\/02\/cropped-cropped-logolu.webp","contentUrl":"https:\/\/luchonoticias.com\/editor\/wp-content\/uploads\/2024\/02\/cropped-cropped-logolu.webp","width":382,"height":170,"caption":"admin"},"logo":{"@id":"https:\/\/luchonoticias.com\/editor\/#\/schema\/person\/image\/"},"sameAs":["https:\/\/www.facebook.com\/luchonoticiasneiva"]},{"@type":"Person","@id":"https:\/\/luchonoticias.com\/editor\/#\/schema\/person\/29217990ddf6f14e35912b2866d591fb","name":"Editor General","image":{"@type":"ImageObject","inLanguage":"es","@id":"https:\/\/luchonoticias.com\/editor\/#\/schema\/person\/image\/","url":"https:\/\/luchonoticias.com\/editor\/wp-content\/uploads\/2024\/02\/cropped-cropped-logolu-150x150.webp","contentUrl":"https:\/\/luchonoticias.com\/editor\/wp-content\/uploads\/2024\/02\/cropped-cropped-logolu-150x150.webp","caption":"Editor General"},"sameAs":["https:\/\/luchonoticias.com\/"],"url":"https:\/\/luchonoticias.com\/editor\/author\/editor-general\/"}]}},"_links":{"self":[{"href":"https:\/\/luchonoticias.com\/editor\/wp-json\/wp\/v2\/posts\/48129","targetHints":{"allow":["GET"]}}],"collection":[{"href":"https:\/\/luchonoticias.com\/editor\/wp-json\/wp\/v2\/posts"}],"about":[{"href":"https:\/\/luchonoticias.com\/editor\/wp-json\/wp\/v2\/types\/post"}],"author":[{"embeddable":true,"href":"https:\/\/luchonoticias.com\/editor\/wp-json\/wp\/v2\/users\/2"}],"replies":[{"embeddable":true,"href":"https:\/\/luchonoticias.com\/editor\/wp-json\/wp\/v2\/comments?post=48129"}],"version-history":[{"count":0,"href":"https:\/\/luchonoticias.com\/editor\/wp-json\/wp\/v2\/posts\/48129\/revisions"}],"wp:attachment":[{"href":"https:\/\/luchonoticias.com\/editor\/wp-json\/wp\/v2\/media?parent=48129"}],"wp:term":[{"taxonomy":"category","embeddable":true,"href":"https:\/\/luchonoticias.com\/editor\/wp-json\/wp\/v2\/categories?post=48129"},{"taxonomy":"post_tag","embeddable":true,"href":"https:\/\/luchonoticias.com\/editor\/wp-json\/wp\/v2\/tags?post=48129"}],"curies":[{"name":"wp","href":"https:\/\/api.w.org\/{rel}","templated":true}]}}