{"id":48138,"date":"2023-03-13T06:57:09","date_gmt":"2023-03-13T11:57:09","guid":{"rendered":"https:\/\/luchonoticias.com\/?p=48138"},"modified":"2023-03-13T06:57:10","modified_gmt":"2023-03-13T11:57:10","slug":"gran-ofensiva-contra-la-delincuencia-en-el-huila-durante-el-ultimo-fin-de-semana","status":"publish","type":"post","link":"https:\/\/luchonoticias.com\/editor\/gran-ofensiva-contra-la-delincuencia-en-el-huila-durante-el-ultimo-fin-de-semana\/","title":{"rendered":"Gran ofensiva contra la delincuencia en el Huila durante el \u00faltimo fin de semana"},"content":{"rendered":"\n<p>En el despliegue de los procedimientos preventivos y operativos para garantizar la convivencia y seguridad ciudadana por parte del Departamento de Polic\u00eda Huila en los municipios de su jurisdicci\u00f3n, durante el fin de semana lograron la captura de 12 personas comprometidas en delitos como, hurto calificado y agravado, tr\u00e1fico de estupefacientes, porte ilegal de armas de fuego, receptaci\u00f3n, concierto para delinquir y violencia intrafamiliar.<\/p>\n\n\n\n<p>Igualmente, durante los planes de registro, control y solicitud de antecedentes, lograron la incautaci\u00f3n de dos armas de fuego, la recuperaci\u00f3n de 3 motocicletas, 2 celulares y la incautaci\u00f3n de mercanc\u00eda por un valor superior a los 70 millones de pesos.<\/p>\n\n\n\n<figure class=\"wp-block-gallery has-nested-images columns-default is-cropped wp-block-gallery-1 is-layout-flex wp-block-gallery-is-layout-flex\">\n<figure class=\"wp-block-image size-large\"><img decoding=\"async\" data-id=\"48141\" src=\"https:\/\/luchonoticias.com\/wp-content\/uploads\/2023\/03\/WhatsApp-Image-2023-03-12-at-5.16.36-PM-1-1024x682.jpeg\" alt=\"\" class=\"wp-image-48141\"\/><\/figure>\n\n\n\n<figure class=\"wp-block-image size-large\"><img decoding=\"async\" data-id=\"48142\" src=\"https:\/\/luchonoticias.com\/wp-content\/uploads\/2023\/03\/WhatsApp-Image-2023-03-12-at-5.14.57-PM-1-1024x768.jpeg\" alt=\"\" class=\"wp-image-48142\"\/><\/figure>\n\n\n\n<figure class=\"wp-block-image size-large\"><img decoding=\"async\" data-id=\"48140\" src=\"https:\/\/luchonoticias.com\/wp-content\/uploads\/2023\/03\/WhatsApp-Image-2023-03-12-at-5.14.55-PM-1.jpeg\" alt=\"\" class=\"wp-image-48140\"\/><\/figure>\n<\/figure>\n\n\n\n<p>Seg\u00fan el coronel Gustavo Camargo, comandante del Departamento de Polic\u00eda Huila, en ejecuci\u00f3n del \u201cPlan Cazador e Incautaci\u00f3n de Drogas\u201d, logramos la incautaci\u00f3n de 32 kilos de marihuana que eran trasportados desde el Departamento del Cauca en un veh\u00edculo de servicio p\u00fablico, los cuales, tendr\u00edan como destino los municipios del Huila, sacando de circulaci\u00f3n m\u00e1s de 30 mil dosis y evitando su comercializaci\u00f3n.<\/p>\n\n\n\n<p>As\u00ed mismo, se llev\u00f3 a cabo este fin de semana la estrategia \u201cCaravanas por la Vida\u201d en el municipio de Algeciras, impactando con toda nuestra oferta institucional la comunidad de este importante municipio, en aras de que conozcan nuevas modalidades del delito en lo que concierne a la extorsi\u00f3n, el hurto, la estafa, entre otros, y que acudan a nosotros a trav\u00e9s de la denuncia segura para generar las acciones de prevenci\u00f3n y reacci\u00f3n, seg\u00fan sea el caso.<\/p>\n\n\n\n<figure class=\"wp-block-gallery has-nested-images columns-default is-cropped wp-block-gallery-2 is-layout-flex wp-block-gallery-is-layout-flex\">\n<figure class=\"wp-block-image size-large\"><img decoding=\"async\" data-id=\"48143\" src=\"https:\/\/luchonoticias.com\/wp-content\/uploads\/2023\/03\/WhatsApp-Image-2023-03-12-at-5.14.59-PM-1024x461.jpeg\" alt=\"\" class=\"wp-image-48143\"\/><\/figure>\n\n\n\n<figure class=\"wp-block-image size-large\"><img decoding=\"async\" data-id=\"48144\" src=\"https:\/\/luchonoticias.com\/wp-content\/uploads\/2023\/03\/WhatsApp-Image-2023-03-12-at-5.14.55-PM-2-1024x768.jpeg\" alt=\"\" class=\"wp-image-48144\"\/><\/figure>\n\n\n\n<figure class=\"wp-block-image size-large\"><img decoding=\"async\" data-id=\"48145\" src=\"https:\/\/luchonoticias.com\/wp-content\/uploads\/2023\/03\/WhatsApp-Image-2023-03-12-at-5.14.55-PM-1024x768.jpeg\" alt=\"\" class=\"wp-image-48145\"\/><\/figure>\n<\/figure>\n\n\n\n<p>En lo concerniente a la aplicaci\u00f3n del C\u00f3digo de convivencia y seguridad ciudadana, se realizaron 62 \u00f3rdenes de comparendos por comportamientos contrarios a la convivencia, teniendo como faltas m\u00e1s recurrentes el porte y consumo de estupefacientes en lugares abiertos al p\u00fablico, el porte de armas blancas, tener equipos m\u00f3viles con reporte de hurto o extravi\u00f3 y el cierre de 4 establecimientos p\u00fablicos por no cumplir con los requisitos establecidos.<\/p>\n","protected":false},"excerpt":{"rendered":"<p>En el despliegue de los procedimientos preventivos y operativos para garantizar la convivencia y seguridad ciudadana por parte del Departamento de Polic\u00eda Huila en los municipios de su jurisdicci\u00f3n, durante el fin de semana lograron la captura de 12 personas comprometidas en delitos como, hurto calificado y agravado, tr\u00e1fico de estupefacientes, porte ilegal de armas [&hellip;]<\/p>\n","protected":false},"author":2,"featured_media":0,"comment_status":"open","ping_status":"open","sticky":false,"template":"","format":"standard","meta":{"footnotes":""},"categories":[36,29],"tags":[],"class_list":["post-48138","post","type-post","status-publish","format-standard","hentry","category-destacado","category-judicial"],"yoast_head":"<!-- This site is optimized with the Yoast SEO plugin v26.6 - https:\/\/yoast.com\/wordpress\/plugins\/seo\/ -->\n<title>Gran ofensiva contra la delincuencia en el Huila durante el \u00faltimo fin de semana -<\/title>\n<meta name=\"robots\" content=\"index, follow, max-snippet:-1, max-image-preview:large, max-video-preview:-1\" \/>\n<link rel=\"canonical\" href=\"https:\/\/luchonoticias.com\/editor\/gran-ofensiva-contra-la-delincuencia-en-el-huila-durante-el-ultimo-fin-de-semana\/\" \/>\n<meta property=\"og:locale\" content=\"es_ES\" \/>\n<meta property=\"og:type\" content=\"article\" \/>\n<meta property=\"og:title\" content=\"Gran ofensiva contra la delincuencia en el Huila durante el \u00faltimo fin de semana -\" \/>\n<meta property=\"og:url\" content=\"https:\/\/luchonoticias.com\/editor\/gran-ofensiva-contra-la-delincuencia-en-el-huila-durante-el-ultimo-fin-de-semana\/\" \/>\n<meta property=\"article:publisher\" content=\"https:\/\/www.facebook.com\/luchonoticiasneiva\" \/>\n<meta property=\"article:published_time\" content=\"2023-03-13T11:57:09+00:00\" \/>\n<meta property=\"article:modified_time\" content=\"2023-03-13T11:57:10+00:00\" \/>\n<meta property=\"og:image\" content=\"https:\/\/luchonoticias.com\/wp-content\/uploads\/2023\/03\/WhatsApp-Image-2023-03-12-at-5.16.36-PM-1-1024x682.jpeg\" \/>\n<meta name=\"author\" content=\"Editor General\" \/>\n<meta name=\"twitter:card\" content=\"summary_large_image\" \/>\n<meta name=\"twitter:label1\" content=\"Escrito por\" \/>\n\t<meta name=\"twitter:data1\" content=\"Editor General\" \/>\n\t<meta name=\"twitter:label2\" content=\"Tiempo de lectura\" \/>\n\t<meta name=\"twitter:data2\" content=\"2 minutos\" \/>\n<script type=\"application\/ld+json\" class=\"yoast-schema-graph\">{\"@context\":\"https:\/\/schema.org\",\"@graph\":[{\"@type\":\"Article\",\"@id\":\"https:\/\/luchonoticias.com\/editor\/gran-ofensiva-contra-la-delincuencia-en-el-huila-durante-el-ultimo-fin-de-semana\/#article\",\"isPartOf\":{\"@id\":\"https:\/\/luchonoticias.com\/editor\/gran-ofensiva-contra-la-delincuencia-en-el-huila-durante-el-ultimo-fin-de-semana\/\"},\"author\":{\"name\":\"Editor General\",\"@id\":\"https:\/\/luchonoticias.com\/editor\/#\/schema\/person\/29217990ddf6f14e35912b2866d591fb\"},\"headline\":\"Gran ofensiva contra la delincuencia en el Huila durante el \u00faltimo fin de semana\",\"datePublished\":\"2023-03-13T11:57:09+00:00\",\"dateModified\":\"2023-03-13T11:57:10+00:00\",\"mainEntityOfPage\":{\"@id\":\"https:\/\/luchonoticias.com\/editor\/gran-ofensiva-contra-la-delincuencia-en-el-huila-durante-el-ultimo-fin-de-semana\/\"},\"wordCount\":351,\"commentCount\":0,\"publisher\":{\"@id\":\"https:\/\/luchonoticias.com\/editor\/#\/schema\/person\/7a7fd911f58561fd056dbac7b55af9cd\"},\"image\":{\"@id\":\"https:\/\/luchonoticias.com\/editor\/gran-ofensiva-contra-la-delincuencia-en-el-huila-durante-el-ultimo-fin-de-semana\/#primaryimage\"},\"thumbnailUrl\":\"https:\/\/luchonoticias.com\/wp-content\/uploads\/2023\/03\/WhatsApp-Image-2023-03-12-at-5.16.36-PM-1-1024x682.jpeg\",\"articleSection\":[\"Destacado\",\"Judicial\"],\"inLanguage\":\"es\",\"potentialAction\":[{\"@type\":\"CommentAction\",\"name\":\"Comment\",\"target\":[\"https:\/\/luchonoticias.com\/editor\/gran-ofensiva-contra-la-delincuencia-en-el-huila-durante-el-ultimo-fin-de-semana\/#respond\"]}]},{\"@type\":\"WebPage\",\"@id\":\"https:\/\/luchonoticias.com\/editor\/gran-ofensiva-contra-la-delincuencia-en-el-huila-durante-el-ultimo-fin-de-semana\/\",\"url\":\"https:\/\/luchonoticias.com\/editor\/gran-ofensiva-contra-la-delincuencia-en-el-huila-durante-el-ultimo-fin-de-semana\/\",\"name\":\"Gran ofensiva contra la delincuencia en el Huila durante el \u00faltimo fin de semana -\",\"isPartOf\":{\"@id\":\"https:\/\/luchonoticias.com\/editor\/#website\"},\"primaryImageOfPage\":{\"@id\":\"https:\/\/luchonoticias.com\/editor\/gran-ofensiva-contra-la-delincuencia-en-el-huila-durante-el-ultimo-fin-de-semana\/#primaryimage\"},\"image\":{\"@id\":\"https:\/\/luchonoticias.com\/editor\/gran-ofensiva-contra-la-delincuencia-en-el-huila-durante-el-ultimo-fin-de-semana\/#primaryimage\"},\"thumbnailUrl\":\"https:\/\/luchonoticias.com\/wp-content\/uploads\/2023\/03\/WhatsApp-Image-2023-03-12-at-5.16.36-PM-1-1024x682.jpeg\",\"datePublished\":\"2023-03-13T11:57:09+00:00\",\"dateModified\":\"2023-03-13T11:57:10+00:00\",\"breadcrumb\":{\"@id\":\"https:\/\/luchonoticias.com\/editor\/gran-ofensiva-contra-la-delincuencia-en-el-huila-durante-el-ultimo-fin-de-semana\/#breadcrumb\"},\"inLanguage\":\"es\",\"potentialAction\":[{\"@type\":\"ReadAction\",\"target\":[\"https:\/\/luchonoticias.com\/editor\/gran-ofensiva-contra-la-delincuencia-en-el-huila-durante-el-ultimo-fin-de-semana\/\"]}]},{\"@type\":\"ImageObject\",\"inLanguage\":\"es\",\"@id\":\"https:\/\/luchonoticias.com\/editor\/gran-ofensiva-contra-la-delincuencia-en-el-huila-durante-el-ultimo-fin-de-semana\/#primaryimage\",\"url\":\"https:\/\/luchonoticias.com\/wp-content\/uploads\/2023\/03\/WhatsApp-Image-2023-03-12-at-5.16.36-PM-1-1024x682.jpeg\",\"contentUrl\":\"https:\/\/luchonoticias.com\/wp-content\/uploads\/2023\/03\/WhatsApp-Image-2023-03-12-at-5.16.36-PM-1-1024x682.jpeg\"},{\"@type\":\"BreadcrumbList\",\"@id\":\"https:\/\/luchonoticias.com\/editor\/gran-ofensiva-contra-la-delincuencia-en-el-huila-durante-el-ultimo-fin-de-semana\/#breadcrumb\",\"itemListElement\":[{\"@type\":\"ListItem\",\"position\":1,\"name\":\"Portada\",\"item\":\"https:\/\/luchonoticias.com\/editor\/\"},{\"@type\":\"ListItem\",\"position\":2,\"name\":\"Gran ofensiva contra la delincuencia en el Huila durante el \u00faltimo fin de semana\"}]},{\"@type\":\"WebSite\",\"@id\":\"https:\/\/luchonoticias.com\/editor\/#website\",\"url\":\"https:\/\/luchonoticias.com\/editor\/\",\"name\":\"\",\"description\":\"\",\"publisher\":{\"@id\":\"https:\/\/luchonoticias.com\/editor\/#\/schema\/person\/7a7fd911f58561fd056dbac7b55af9cd\"},\"potentialAction\":[{\"@type\":\"SearchAction\",\"target\":{\"@type\":\"EntryPoint\",\"urlTemplate\":\"https:\/\/luchonoticias.com\/editor\/?s={search_term_string}\"},\"query-input\":{\"@type\":\"PropertyValueSpecification\",\"valueRequired\":true,\"valueName\":\"search_term_string\"}}],\"inLanguage\":\"es\"},{\"@type\":[\"Person\",\"Organization\"],\"@id\":\"https:\/\/luchonoticias.com\/editor\/#\/schema\/person\/7a7fd911f58561fd056dbac7b55af9cd\",\"name\":\"admin\",\"image\":{\"@type\":\"ImageObject\",\"inLanguage\":\"es\",\"@id\":\"https:\/\/luchonoticias.com\/editor\/#\/schema\/person\/image\/\",\"url\":\"https:\/\/luchonoticias.com\/editor\/wp-content\/uploads\/2024\/02\/cropped-cropped-logolu.webp\",\"contentUrl\":\"https:\/\/luchonoticias.com\/editor\/wp-content\/uploads\/2024\/02\/cropped-cropped-logolu.webp\",\"width\":382,\"height\":170,\"caption\":\"admin\"},\"logo\":{\"@id\":\"https:\/\/luchonoticias.com\/editor\/#\/schema\/person\/image\/\"},\"sameAs\":[\"https:\/\/www.facebook.com\/luchonoticiasneiva\"]},{\"@type\":\"Person\",\"@id\":\"https:\/\/luchonoticias.com\/editor\/#\/schema\/person\/29217990ddf6f14e35912b2866d591fb\",\"name\":\"Editor General\",\"image\":{\"@type\":\"ImageObject\",\"inLanguage\":\"es\",\"@id\":\"https:\/\/luchonoticias.com\/editor\/#\/schema\/person\/image\/\",\"url\":\"https:\/\/luchonoticias.com\/editor\/wp-content\/uploads\/2024\/02\/cropped-cropped-logolu-150x150.webp\",\"contentUrl\":\"https:\/\/luchonoticias.com\/editor\/wp-content\/uploads\/2024\/02\/cropped-cropped-logolu-150x150.webp\",\"caption\":\"Editor General\"},\"sameAs\":[\"https:\/\/luchonoticias.com\/\"],\"url\":\"https:\/\/luchonoticias.com\/editor\/author\/editor-general\/\"}]}<\/script>\n<!-- \/ Yoast SEO plugin. -->","yoast_head_json":{"title":"Gran ofensiva contra la delincuencia en el Huila durante el \u00faltimo fin de semana -","robots":{"index":"index","follow":"follow","max-snippet":"max-snippet:-1","max-image-preview":"max-image-preview:large","max-video-preview":"max-video-preview:-1"},"canonical":"https:\/\/luchonoticias.com\/editor\/gran-ofensiva-contra-la-delincuencia-en-el-huila-durante-el-ultimo-fin-de-semana\/","og_locale":"es_ES","og_type":"article","og_title":"Gran ofensiva contra la delincuencia en el Huila durante el \u00faltimo fin de semana -","og_url":"https:\/\/luchonoticias.com\/editor\/gran-ofensiva-contra-la-delincuencia-en-el-huila-durante-el-ultimo-fin-de-semana\/","article_publisher":"https:\/\/www.facebook.com\/luchonoticiasneiva","article_published_time":"2023-03-13T11:57:09+00:00","article_modified_time":"2023-03-13T11:57:10+00:00","og_image":[{"url":"https:\/\/luchonoticias.com\/wp-content\/uploads\/2023\/03\/WhatsApp-Image-2023-03-12-at-5.16.36-PM-1-1024x682.jpeg","type":"","width":"","height":""}],"author":"Editor General","twitter_card":"summary_large_image","twitter_misc":{"Escrito por":"Editor General","Tiempo de lectura":"2 minutos"},"schema":{"@context":"https:\/\/schema.org","@graph":[{"@type":"Article","@id":"https:\/\/luchonoticias.com\/editor\/gran-ofensiva-contra-la-delincuencia-en-el-huila-durante-el-ultimo-fin-de-semana\/#article","isPartOf":{"@id":"https:\/\/luchonoticias.com\/editor\/gran-ofensiva-contra-la-delincuencia-en-el-huila-durante-el-ultimo-fin-de-semana\/"},"author":{"name":"Editor General","@id":"https:\/\/luchonoticias.com\/editor\/#\/schema\/person\/29217990ddf6f14e35912b2866d591fb"},"headline":"Gran ofensiva contra la delincuencia en el Huila durante el \u00faltimo fin de semana","datePublished":"2023-03-13T11:57:09+00:00","dateModified":"2023-03-13T11:57:10+00:00","mainEntityOfPage":{"@id":"https:\/\/luchonoticias.com\/editor\/gran-ofensiva-contra-la-delincuencia-en-el-huila-durante-el-ultimo-fin-de-semana\/"},"wordCount":351,"commentCount":0,"publisher":{"@id":"https:\/\/luchonoticias.com\/editor\/#\/schema\/person\/7a7fd911f58561fd056dbac7b55af9cd"},"image":{"@id":"https:\/\/luchonoticias.com\/editor\/gran-ofensiva-contra-la-delincuencia-en-el-huila-durante-el-ultimo-fin-de-semana\/#primaryimage"},"thumbnailUrl":"https:\/\/luchonoticias.com\/wp-content\/uploads\/2023\/03\/WhatsApp-Image-2023-03-12-at-5.16.36-PM-1-1024x682.jpeg","articleSection":["Destacado","Judicial"],"inLanguage":"es","potentialAction":[{"@type":"CommentAction","name":"Comment","target":["https:\/\/luchonoticias.com\/editor\/gran-ofensiva-contra-la-delincuencia-en-el-huila-durante-el-ultimo-fin-de-semana\/#respond"]}]},{"@type":"WebPage","@id":"https:\/\/luchonoticias.com\/editor\/gran-ofensiva-contra-la-delincuencia-en-el-huila-durante-el-ultimo-fin-de-semana\/","url":"https:\/\/luchonoticias.com\/editor\/gran-ofensiva-contra-la-delincuencia-en-el-huila-durante-el-ultimo-fin-de-semana\/","name":"Gran ofensiva contra la delincuencia en el Huila durante el \u00faltimo fin de semana -","isPartOf":{"@id":"https:\/\/luchonoticias.com\/editor\/#website"},"primaryImageOfPage":{"@id":"https:\/\/luchonoticias.com\/editor\/gran-ofensiva-contra-la-delincuencia-en-el-huila-durante-el-ultimo-fin-de-semana\/#primaryimage"},"image":{"@id":"https:\/\/luchonoticias.com\/editor\/gran-ofensiva-contra-la-delincuencia-en-el-huila-durante-el-ultimo-fin-de-semana\/#primaryimage"},"thumbnailUrl":"https:\/\/luchonoticias.com\/wp-content\/uploads\/2023\/03\/WhatsApp-Image-2023-03-12-at-5.16.36-PM-1-1024x682.jpeg","datePublished":"2023-03-13T11:57:09+00:00","dateModified":"2023-03-13T11:57:10+00:00","breadcrumb":{"@id":"https:\/\/luchonoticias.com\/editor\/gran-ofensiva-contra-la-delincuencia-en-el-huila-durante-el-ultimo-fin-de-semana\/#breadcrumb"},"inLanguage":"es","potentialAction":[{"@type":"ReadAction","target":["https:\/\/luchonoticias.com\/editor\/gran-ofensiva-contra-la-delincuencia-en-el-huila-durante-el-ultimo-fin-de-semana\/"]}]},{"@type":"ImageObject","inLanguage":"es","@id":"https:\/\/luchonoticias.com\/editor\/gran-ofensiva-contra-la-delincuencia-en-el-huila-durante-el-ultimo-fin-de-semana\/#primaryimage","url":"https:\/\/luchonoticias.com\/wp-content\/uploads\/2023\/03\/WhatsApp-Image-2023-03-12-at-5.16.36-PM-1-1024x682.jpeg","contentUrl":"https:\/\/luchonoticias.com\/wp-content\/uploads\/2023\/03\/WhatsApp-Image-2023-03-12-at-5.16.36-PM-1-1024x682.jpeg"},{"@type":"BreadcrumbList","@id":"https:\/\/luchonoticias.com\/editor\/gran-ofensiva-contra-la-delincuencia-en-el-huila-durante-el-ultimo-fin-de-semana\/#breadcrumb","itemListElement":[{"@type":"ListItem","position":1,"name":"Portada","item":"https:\/\/luchonoticias.com\/editor\/"},{"@type":"ListItem","position":2,"name":"Gran ofensiva contra la delincuencia en el Huila durante el \u00faltimo fin de semana"}]},{"@type":"WebSite","@id":"https:\/\/luchonoticias.com\/editor\/#website","url":"https:\/\/luchonoticias.com\/editor\/","name":"","description":"","publisher":{"@id":"https:\/\/luchonoticias.com\/editor\/#\/schema\/person\/7a7fd911f58561fd056dbac7b55af9cd"},"potentialAction":[{"@type":"SearchAction","target":{"@type":"EntryPoint","urlTemplate":"https:\/\/luchonoticias.com\/editor\/?s={search_term_string}"},"query-input":{"@type":"PropertyValueSpecification","valueRequired":true,"valueName":"search_term_string"}}],"inLanguage":"es"},{"@type":["Person","Organization"],"@id":"https:\/\/luchonoticias.com\/editor\/#\/schema\/person\/7a7fd911f58561fd056dbac7b55af9cd","name":"admin","image":{"@type":"ImageObject","inLanguage":"es","@id":"https:\/\/luchonoticias.com\/editor\/#\/schema\/person\/image\/","url":"https:\/\/luchonoticias.com\/editor\/wp-content\/uploads\/2024\/02\/cropped-cropped-logolu.webp","contentUrl":"https:\/\/luchonoticias.com\/editor\/wp-content\/uploads\/2024\/02\/cropped-cropped-logolu.webp","width":382,"height":170,"caption":"admin"},"logo":{"@id":"https:\/\/luchonoticias.com\/editor\/#\/schema\/person\/image\/"},"sameAs":["https:\/\/www.facebook.com\/luchonoticiasneiva"]},{"@type":"Person","@id":"https:\/\/luchonoticias.com\/editor\/#\/schema\/person\/29217990ddf6f14e35912b2866d591fb","name":"Editor General","image":{"@type":"ImageObject","inLanguage":"es","@id":"https:\/\/luchonoticias.com\/editor\/#\/schema\/person\/image\/","url":"https:\/\/luchonoticias.com\/editor\/wp-content\/uploads\/2024\/02\/cropped-cropped-logolu-150x150.webp","contentUrl":"https:\/\/luchonoticias.com\/editor\/wp-content\/uploads\/2024\/02\/cropped-cropped-logolu-150x150.webp","caption":"Editor General"},"sameAs":["https:\/\/luchonoticias.com\/"],"url":"https:\/\/luchonoticias.com\/editor\/author\/editor-general\/"}]}},"_links":{"self":[{"href":"https:\/\/luchonoticias.com\/editor\/wp-json\/wp\/v2\/posts\/48138","targetHints":{"allow":["GET"]}}],"collection":[{"href":"https:\/\/luchonoticias.com\/editor\/wp-json\/wp\/v2\/posts"}],"about":[{"href":"https:\/\/luchonoticias.com\/editor\/wp-json\/wp\/v2\/types\/post"}],"author":[{"embeddable":true,"href":"https:\/\/luchonoticias.com\/editor\/wp-json\/wp\/v2\/users\/2"}],"replies":[{"embeddable":true,"href":"https:\/\/luchonoticias.com\/editor\/wp-json\/wp\/v2\/comments?post=48138"}],"version-history":[{"count":0,"href":"https:\/\/luchonoticias.com\/editor\/wp-json\/wp\/v2\/posts\/48138\/revisions"}],"wp:attachment":[{"href":"https:\/\/luchonoticias.com\/editor\/wp-json\/wp\/v2\/media?parent=48138"}],"wp:term":[{"taxonomy":"category","embeddable":true,"href":"https:\/\/luchonoticias.com\/editor\/wp-json\/wp\/v2\/categories?post=48138"},{"taxonomy":"post_tag","embeddable":true,"href":"https:\/\/luchonoticias.com\/editor\/wp-json\/wp\/v2\/tags?post=48138"}],"curies":[{"name":"wp","href":"https:\/\/api.w.org\/{rel}","templated":true}]}}