{"id":48147,"date":"2023-03-13T07:16:22","date_gmt":"2023-03-13T12:16:22","guid":{"rendered":"https:\/\/luchonoticias.com\/?p=48147"},"modified":"2023-03-13T07:16:23","modified_gmt":"2023-03-13T12:16:23","slug":"supuesto-delincuente-fue-herido-en-intercambio-de-disparos-con-la-policia","status":"publish","type":"post","link":"https:\/\/luchonoticias.com\/editor\/supuesto-delincuente-fue-herido-en-intercambio-de-disparos-con-la-policia\/","title":{"rendered":"Supuesto delincuente fue herido en intercambio de disparos con la Polic\u00eda"},"content":{"rendered":"\n<p>Bajos estrictos cuidados m\u00e9dicos, se encuentra Juan Camilo Mart\u00ednez Rojas en el Hospital Departamental San Antonio del municipio de Pitalito, tras ingresar en horas de la noche del pasado s\u00e1bado gravemente herido, al parecer tras recibir tres disparos por uniformados del Valle de Laboyos.<\/p>\n\n\n\n<p>Seg\u00fan lo establecido por este de comunicaci\u00f3n, el hombre fue herido supuestamente por las autoridades, tras enfrentarse a disparos al intentar escapar junto a otro sujeto, cuando fueron sorprendidos asaltando un establecimiento comercial nocturno.<\/p>\n\n\n\n<p>Asimismo, se estableci\u00f3 que las autoridades se encuentran en b\u00fasqueda del c\u00f3mplice del hoy indiciado, quien adem\u00e1s fue privado de la libertad y quien se encuentra a espera de ser presentado ante un juez de control de garant\u00edas, para responder por los delitos de hurto calificado y agravado junto con porte ilegal de armas de fuego.<\/p>\n\n\n\n<p>Finalmente se estableci\u00f3 que las autoridades reforzaron los custodios del implicado, por presunta intenci\u00f3n de fuga, ya que el procesado ya hab\u00eda estado involucrado en el 2019, en el atraco de un veh\u00edculo de carga en la vereda Agua Dulce de Pitalito y la Fiscal\u00eda logr\u00f3 que le dictaran medida de aseguramiento en centro carcelario, sin embargo, el sujeto en la actualidad ya estaba en libertad.<\/p>\n","protected":false},"excerpt":{"rendered":"<p>Bajos estrictos cuidados m\u00e9dicos, se encuentra Juan Camilo Mart\u00ednez Rojas en el Hospital Departamental San Antonio del municipio de Pitalito, tras ingresar en horas de la noche del pasado s\u00e1bado gravemente herido, al parecer tras recibir tres disparos por uniformados del Valle de Laboyos. Seg\u00fan lo establecido por este de comunicaci\u00f3n, el hombre fue herido [&hellip;]<\/p>\n","protected":false},"author":2,"featured_media":0,"comment_status":"open","ping_status":"open","sticky":false,"template":"","format":"standard","meta":{"footnotes":""},"categories":[36,29],"tags":[],"class_list":["post-48147","post","type-post","status-publish","format-standard","hentry","category-destacado","category-judicial"],"yoast_head":"<!-- This site is optimized with the Yoast SEO plugin v26.6 - https:\/\/yoast.com\/wordpress\/plugins\/seo\/ -->\n<title>Supuesto delincuente fue herido en intercambio de disparos con la Polic\u00eda -<\/title>\n<meta name=\"robots\" content=\"index, follow, max-snippet:-1, max-image-preview:large, max-video-preview:-1\" \/>\n<link rel=\"canonical\" href=\"https:\/\/luchonoticias.com\/editor\/supuesto-delincuente-fue-herido-en-intercambio-de-disparos-con-la-policia\/\" \/>\n<meta property=\"og:locale\" content=\"es_ES\" \/>\n<meta property=\"og:type\" content=\"article\" \/>\n<meta property=\"og:title\" content=\"Supuesto delincuente fue herido en intercambio de disparos con la Polic\u00eda -\" \/>\n<meta property=\"og:url\" content=\"https:\/\/luchonoticias.com\/editor\/supuesto-delincuente-fue-herido-en-intercambio-de-disparos-con-la-policia\/\" \/>\n<meta property=\"article:publisher\" content=\"https:\/\/www.facebook.com\/luchonoticiasneiva\" \/>\n<meta property=\"article:published_time\" content=\"2023-03-13T12:16:22+00:00\" \/>\n<meta property=\"article:modified_time\" content=\"2023-03-13T12:16:23+00:00\" \/>\n<meta name=\"author\" content=\"Editor General\" \/>\n<meta name=\"twitter:card\" content=\"summary_large_image\" \/>\n<meta name=\"twitter:label1\" content=\"Escrito por\" \/>\n\t<meta name=\"twitter:data1\" content=\"Editor General\" \/>\n\t<meta name=\"twitter:label2\" content=\"Tiempo de lectura\" \/>\n\t<meta name=\"twitter:data2\" content=\"1 minuto\" \/>\n<script type=\"application\/ld+json\" class=\"yoast-schema-graph\">{\"@context\":\"https:\/\/schema.org\",\"@graph\":[{\"@type\":\"Article\",\"@id\":\"https:\/\/luchonoticias.com\/editor\/supuesto-delincuente-fue-herido-en-intercambio-de-disparos-con-la-policia\/#article\",\"isPartOf\":{\"@id\":\"https:\/\/luchonoticias.com\/editor\/supuesto-delincuente-fue-herido-en-intercambio-de-disparos-con-la-policia\/\"},\"author\":{\"name\":\"Editor General\",\"@id\":\"https:\/\/luchonoticias.com\/editor\/#\/schema\/person\/29217990ddf6f14e35912b2866d591fb\"},\"headline\":\"Supuesto delincuente fue herido en intercambio de disparos con la Polic\u00eda\",\"datePublished\":\"2023-03-13T12:16:22+00:00\",\"dateModified\":\"2023-03-13T12:16:23+00:00\",\"mainEntityOfPage\":{\"@id\":\"https:\/\/luchonoticias.com\/editor\/supuesto-delincuente-fue-herido-en-intercambio-de-disparos-con-la-policia\/\"},\"wordCount\":224,\"commentCount\":0,\"publisher\":{\"@id\":\"https:\/\/luchonoticias.com\/editor\/#\/schema\/person\/7a7fd911f58561fd056dbac7b55af9cd\"},\"articleSection\":[\"Destacado\",\"Judicial\"],\"inLanguage\":\"es\",\"potentialAction\":[{\"@type\":\"CommentAction\",\"name\":\"Comment\",\"target\":[\"https:\/\/luchonoticias.com\/editor\/supuesto-delincuente-fue-herido-en-intercambio-de-disparos-con-la-policia\/#respond\"]}]},{\"@type\":\"WebPage\",\"@id\":\"https:\/\/luchonoticias.com\/editor\/supuesto-delincuente-fue-herido-en-intercambio-de-disparos-con-la-policia\/\",\"url\":\"https:\/\/luchonoticias.com\/editor\/supuesto-delincuente-fue-herido-en-intercambio-de-disparos-con-la-policia\/\",\"name\":\"Supuesto delincuente fue herido en intercambio de disparos con la Polic\u00eda -\",\"isPartOf\":{\"@id\":\"https:\/\/luchonoticias.com\/editor\/#website\"},\"datePublished\":\"2023-03-13T12:16:22+00:00\",\"dateModified\":\"2023-03-13T12:16:23+00:00\",\"breadcrumb\":{\"@id\":\"https:\/\/luchonoticias.com\/editor\/supuesto-delincuente-fue-herido-en-intercambio-de-disparos-con-la-policia\/#breadcrumb\"},\"inLanguage\":\"es\",\"potentialAction\":[{\"@type\":\"ReadAction\",\"target\":[\"https:\/\/luchonoticias.com\/editor\/supuesto-delincuente-fue-herido-en-intercambio-de-disparos-con-la-policia\/\"]}]},{\"@type\":\"BreadcrumbList\",\"@id\":\"https:\/\/luchonoticias.com\/editor\/supuesto-delincuente-fue-herido-en-intercambio-de-disparos-con-la-policia\/#breadcrumb\",\"itemListElement\":[{\"@type\":\"ListItem\",\"position\":1,\"name\":\"Portada\",\"item\":\"https:\/\/luchonoticias.com\/editor\/\"},{\"@type\":\"ListItem\",\"position\":2,\"name\":\"Supuesto delincuente fue herido en intercambio de disparos con la Polic\u00eda\"}]},{\"@type\":\"WebSite\",\"@id\":\"https:\/\/luchonoticias.com\/editor\/#website\",\"url\":\"https:\/\/luchonoticias.com\/editor\/\",\"name\":\"\",\"description\":\"\",\"publisher\":{\"@id\":\"https:\/\/luchonoticias.com\/editor\/#\/schema\/person\/7a7fd911f58561fd056dbac7b55af9cd\"},\"potentialAction\":[{\"@type\":\"SearchAction\",\"target\":{\"@type\":\"EntryPoint\",\"urlTemplate\":\"https:\/\/luchonoticias.com\/editor\/?s={search_term_string}\"},\"query-input\":{\"@type\":\"PropertyValueSpecification\",\"valueRequired\":true,\"valueName\":\"search_term_string\"}}],\"inLanguage\":\"es\"},{\"@type\":[\"Person\",\"Organization\"],\"@id\":\"https:\/\/luchonoticias.com\/editor\/#\/schema\/person\/7a7fd911f58561fd056dbac7b55af9cd\",\"name\":\"admin\",\"image\":{\"@type\":\"ImageObject\",\"inLanguage\":\"es\",\"@id\":\"https:\/\/luchonoticias.com\/editor\/#\/schema\/person\/image\/\",\"url\":\"https:\/\/luchonoticias.com\/editor\/wp-content\/uploads\/2024\/02\/cropped-cropped-logolu.webp\",\"contentUrl\":\"https:\/\/luchonoticias.com\/editor\/wp-content\/uploads\/2024\/02\/cropped-cropped-logolu.webp\",\"width\":382,\"height\":170,\"caption\":\"admin\"},\"logo\":{\"@id\":\"https:\/\/luchonoticias.com\/editor\/#\/schema\/person\/image\/\"},\"sameAs\":[\"https:\/\/www.facebook.com\/luchonoticiasneiva\"]},{\"@type\":\"Person\",\"@id\":\"https:\/\/luchonoticias.com\/editor\/#\/schema\/person\/29217990ddf6f14e35912b2866d591fb\",\"name\":\"Editor General\",\"image\":{\"@type\":\"ImageObject\",\"inLanguage\":\"es\",\"@id\":\"https:\/\/luchonoticias.com\/editor\/#\/schema\/person\/image\/\",\"url\":\"https:\/\/luchonoticias.com\/editor\/wp-content\/uploads\/2024\/02\/cropped-cropped-logolu-150x150.webp\",\"contentUrl\":\"https:\/\/luchonoticias.com\/editor\/wp-content\/uploads\/2024\/02\/cropped-cropped-logolu-150x150.webp\",\"caption\":\"Editor General\"},\"sameAs\":[\"https:\/\/luchonoticias.com\/\"],\"url\":\"https:\/\/luchonoticias.com\/editor\/author\/editor-general\/\"}]}<\/script>\n<!-- \/ Yoast SEO plugin. -->","yoast_head_json":{"title":"Supuesto delincuente fue herido en intercambio de disparos con la Polic\u00eda -","robots":{"index":"index","follow":"follow","max-snippet":"max-snippet:-1","max-image-preview":"max-image-preview:large","max-video-preview":"max-video-preview:-1"},"canonical":"https:\/\/luchonoticias.com\/editor\/supuesto-delincuente-fue-herido-en-intercambio-de-disparos-con-la-policia\/","og_locale":"es_ES","og_type":"article","og_title":"Supuesto delincuente fue herido en intercambio de disparos con la Polic\u00eda -","og_url":"https:\/\/luchonoticias.com\/editor\/supuesto-delincuente-fue-herido-en-intercambio-de-disparos-con-la-policia\/","article_publisher":"https:\/\/www.facebook.com\/luchonoticiasneiva","article_published_time":"2023-03-13T12:16:22+00:00","article_modified_time":"2023-03-13T12:16:23+00:00","author":"Editor General","twitter_card":"summary_large_image","twitter_misc":{"Escrito por":"Editor General","Tiempo de lectura":"1 minuto"},"schema":{"@context":"https:\/\/schema.org","@graph":[{"@type":"Article","@id":"https:\/\/luchonoticias.com\/editor\/supuesto-delincuente-fue-herido-en-intercambio-de-disparos-con-la-policia\/#article","isPartOf":{"@id":"https:\/\/luchonoticias.com\/editor\/supuesto-delincuente-fue-herido-en-intercambio-de-disparos-con-la-policia\/"},"author":{"name":"Editor General","@id":"https:\/\/luchonoticias.com\/editor\/#\/schema\/person\/29217990ddf6f14e35912b2866d591fb"},"headline":"Supuesto delincuente fue herido en intercambio de disparos con la Polic\u00eda","datePublished":"2023-03-13T12:16:22+00:00","dateModified":"2023-03-13T12:16:23+00:00","mainEntityOfPage":{"@id":"https:\/\/luchonoticias.com\/editor\/supuesto-delincuente-fue-herido-en-intercambio-de-disparos-con-la-policia\/"},"wordCount":224,"commentCount":0,"publisher":{"@id":"https:\/\/luchonoticias.com\/editor\/#\/schema\/person\/7a7fd911f58561fd056dbac7b55af9cd"},"articleSection":["Destacado","Judicial"],"inLanguage":"es","potentialAction":[{"@type":"CommentAction","name":"Comment","target":["https:\/\/luchonoticias.com\/editor\/supuesto-delincuente-fue-herido-en-intercambio-de-disparos-con-la-policia\/#respond"]}]},{"@type":"WebPage","@id":"https:\/\/luchonoticias.com\/editor\/supuesto-delincuente-fue-herido-en-intercambio-de-disparos-con-la-policia\/","url":"https:\/\/luchonoticias.com\/editor\/supuesto-delincuente-fue-herido-en-intercambio-de-disparos-con-la-policia\/","name":"Supuesto delincuente fue herido en intercambio de disparos con la Polic\u00eda -","isPartOf":{"@id":"https:\/\/luchonoticias.com\/editor\/#website"},"datePublished":"2023-03-13T12:16:22+00:00","dateModified":"2023-03-13T12:16:23+00:00","breadcrumb":{"@id":"https:\/\/luchonoticias.com\/editor\/supuesto-delincuente-fue-herido-en-intercambio-de-disparos-con-la-policia\/#breadcrumb"},"inLanguage":"es","potentialAction":[{"@type":"ReadAction","target":["https:\/\/luchonoticias.com\/editor\/supuesto-delincuente-fue-herido-en-intercambio-de-disparos-con-la-policia\/"]}]},{"@type":"BreadcrumbList","@id":"https:\/\/luchonoticias.com\/editor\/supuesto-delincuente-fue-herido-en-intercambio-de-disparos-con-la-policia\/#breadcrumb","itemListElement":[{"@type":"ListItem","position":1,"name":"Portada","item":"https:\/\/luchonoticias.com\/editor\/"},{"@type":"ListItem","position":2,"name":"Supuesto delincuente fue herido en intercambio de disparos con la Polic\u00eda"}]},{"@type":"WebSite","@id":"https:\/\/luchonoticias.com\/editor\/#website","url":"https:\/\/luchonoticias.com\/editor\/","name":"","description":"","publisher":{"@id":"https:\/\/luchonoticias.com\/editor\/#\/schema\/person\/7a7fd911f58561fd056dbac7b55af9cd"},"potentialAction":[{"@type":"SearchAction","target":{"@type":"EntryPoint","urlTemplate":"https:\/\/luchonoticias.com\/editor\/?s={search_term_string}"},"query-input":{"@type":"PropertyValueSpecification","valueRequired":true,"valueName":"search_term_string"}}],"inLanguage":"es"},{"@type":["Person","Organization"],"@id":"https:\/\/luchonoticias.com\/editor\/#\/schema\/person\/7a7fd911f58561fd056dbac7b55af9cd","name":"admin","image":{"@type":"ImageObject","inLanguage":"es","@id":"https:\/\/luchonoticias.com\/editor\/#\/schema\/person\/image\/","url":"https:\/\/luchonoticias.com\/editor\/wp-content\/uploads\/2024\/02\/cropped-cropped-logolu.webp","contentUrl":"https:\/\/luchonoticias.com\/editor\/wp-content\/uploads\/2024\/02\/cropped-cropped-logolu.webp","width":382,"height":170,"caption":"admin"},"logo":{"@id":"https:\/\/luchonoticias.com\/editor\/#\/schema\/person\/image\/"},"sameAs":["https:\/\/www.facebook.com\/luchonoticiasneiva"]},{"@type":"Person","@id":"https:\/\/luchonoticias.com\/editor\/#\/schema\/person\/29217990ddf6f14e35912b2866d591fb","name":"Editor General","image":{"@type":"ImageObject","inLanguage":"es","@id":"https:\/\/luchonoticias.com\/editor\/#\/schema\/person\/image\/","url":"https:\/\/luchonoticias.com\/editor\/wp-content\/uploads\/2024\/02\/cropped-cropped-logolu-150x150.webp","contentUrl":"https:\/\/luchonoticias.com\/editor\/wp-content\/uploads\/2024\/02\/cropped-cropped-logolu-150x150.webp","caption":"Editor General"},"sameAs":["https:\/\/luchonoticias.com\/"],"url":"https:\/\/luchonoticias.com\/editor\/author\/editor-general\/"}]}},"_links":{"self":[{"href":"https:\/\/luchonoticias.com\/editor\/wp-json\/wp\/v2\/posts\/48147","targetHints":{"allow":["GET"]}}],"collection":[{"href":"https:\/\/luchonoticias.com\/editor\/wp-json\/wp\/v2\/posts"}],"about":[{"href":"https:\/\/luchonoticias.com\/editor\/wp-json\/wp\/v2\/types\/post"}],"author":[{"embeddable":true,"href":"https:\/\/luchonoticias.com\/editor\/wp-json\/wp\/v2\/users\/2"}],"replies":[{"embeddable":true,"href":"https:\/\/luchonoticias.com\/editor\/wp-json\/wp\/v2\/comments?post=48147"}],"version-history":[{"count":0,"href":"https:\/\/luchonoticias.com\/editor\/wp-json\/wp\/v2\/posts\/48147\/revisions"}],"wp:attachment":[{"href":"https:\/\/luchonoticias.com\/editor\/wp-json\/wp\/v2\/media?parent=48147"}],"wp:term":[{"taxonomy":"category","embeddable":true,"href":"https:\/\/luchonoticias.com\/editor\/wp-json\/wp\/v2\/categories?post=48147"},{"taxonomy":"post_tag","embeddable":true,"href":"https:\/\/luchonoticias.com\/editor\/wp-json\/wp\/v2\/tags?post=48147"}],"curies":[{"name":"wp","href":"https:\/\/api.w.org\/{rel}","templated":true}]}}