{"id":48159,"date":"2023-03-13T07:35:38","date_gmt":"2023-03-13T12:35:38","guid":{"rendered":"https:\/\/luchonoticias.com\/?p=48159"},"modified":"2023-03-13T07:35:39","modified_gmt":"2023-03-13T12:35:39","slug":"gobernacion-y-su-inversion-para-construir-colegio-en-nataga","status":"publish","type":"post","link":"https:\/\/luchonoticias.com\/editor\/gobernacion-y-su-inversion-para-construir-colegio-en-nataga\/","title":{"rendered":"Gobernaci\u00f3n y su inversi\u00f3n para construir colegio en N\u00e1taga"},"content":{"rendered":"\n<p>En reciente&nbsp;<strong>visita a N\u00e1taga,<\/strong>&nbsp;el gobernador Luis Enrique Duss\u00e1n hizo&nbsp;<strong>importantes anuncios a esta comunidad<\/strong>&nbsp;que lo recibi\u00f3 con el alcalde esta localidad.<\/p>\n\n\n\n<p>\u201cLa&nbsp;<strong>Instituci\u00f3n Educativa Las Mercedes del Municipio de N\u00e1taga&nbsp;<\/strong>es un proyecto de infraestructura que val\u00eda $5.800 millones, y el Alcalde se hab\u00eda comprometido yo s\u00e9 que con gran esfuerzo, gracias a un endeudamiento que hizo y donde estuvieron los concejales, y lograron completar $1.300 millones y yo les dije que pon\u00eda $4.500 millones, y&nbsp;<strong>ya est\u00e1 la plata<\/strong>\u201d, expres\u00f3 el mandatario departamental.<\/p>\n\n\n\n<p>\u201cTenemos un problema y es que tanto tiempo ha pasado y todo aument\u00f3, los materiales, el hierro, el cemento, la mano de obra, y ahora nos faltan como $1.400 millones. Y ahora aqu\u00ed<strong>&nbsp;nos vamos a comprometer con ese faltante&nbsp;<\/strong>porque creemos que la educaci\u00f3n es primordial en el desarrollo de cualquier territorio\u201d, a\u00f1adi\u00f3.<\/p>\n\n\n\n<p>Ante esta noticia, el alcalde de N\u00e1taga, H\u00e9ctor \u00c1ngel Am\u00e9zquita, destac\u00f3 este esfuerzo del gobierno Huila Crece: \u201cEste&nbsp;<strong>es un momento muy importante. Es la alegr\u00eda de todo un pueblo.<\/strong>..reiteramos ese apoyo del gobernador, Luis Enrique Duss\u00e1n L\u00f3pez, es que&nbsp;<strong>son 5.900 millones de pesos que hace de aporte, algo \u00fanico en la historia de nuestro municipio<\/strong>. Es el proyecto m\u00e1s anhelado por los nataguenses\u201d, complement\u00f3.<\/p>\n","protected":false},"excerpt":{"rendered":"<p>En reciente&nbsp;visita a N\u00e1taga,&nbsp;el gobernador Luis Enrique Duss\u00e1n hizo&nbsp;importantes anuncios a esta comunidad&nbsp;que lo recibi\u00f3 con el alcalde esta localidad. \u201cLa&nbsp;Instituci\u00f3n Educativa Las Mercedes del Municipio de N\u00e1taga&nbsp;es un proyecto de infraestructura que val\u00eda $5.800 millones, y el Alcalde se hab\u00eda comprometido yo s\u00e9 que con gran esfuerzo, gracias a un endeudamiento que hizo y [&hellip;]<\/p>\n","protected":false},"author":2,"featured_media":0,"comment_status":"open","ping_status":"open","sticky":false,"template":"","format":"standard","meta":{"footnotes":""},"categories":[33],"tags":[],"class_list":["post-48159","post","type-post","status-publish","format-standard","hentry","category-huila"],"yoast_head":"<!-- This site is optimized with the Yoast SEO plugin v26.6 - https:\/\/yoast.com\/wordpress\/plugins\/seo\/ -->\n<title>Gobernaci\u00f3n y su inversi\u00f3n para construir colegio en N\u00e1taga -<\/title>\n<meta name=\"robots\" content=\"index, follow, max-snippet:-1, max-image-preview:large, max-video-preview:-1\" \/>\n<link rel=\"canonical\" href=\"https:\/\/luchonoticias.com\/editor\/gobernacion-y-su-inversion-para-construir-colegio-en-nataga\/\" \/>\n<meta property=\"og:locale\" content=\"es_ES\" \/>\n<meta property=\"og:type\" content=\"article\" \/>\n<meta property=\"og:title\" content=\"Gobernaci\u00f3n y su inversi\u00f3n para construir colegio en N\u00e1taga -\" \/>\n<meta property=\"og:url\" content=\"https:\/\/luchonoticias.com\/editor\/gobernacion-y-su-inversion-para-construir-colegio-en-nataga\/\" \/>\n<meta property=\"article:publisher\" content=\"https:\/\/www.facebook.com\/luchonoticiasneiva\" \/>\n<meta property=\"article:published_time\" content=\"2023-03-13T12:35:38+00:00\" \/>\n<meta property=\"article:modified_time\" content=\"2023-03-13T12:35:39+00:00\" \/>\n<meta name=\"author\" content=\"Editor General\" \/>\n<meta name=\"twitter:card\" content=\"summary_large_image\" \/>\n<meta name=\"twitter:label1\" content=\"Escrito por\" \/>\n\t<meta name=\"twitter:data1\" content=\"Editor General\" \/>\n\t<meta name=\"twitter:label2\" content=\"Tiempo de lectura\" \/>\n\t<meta name=\"twitter:data2\" content=\"1 minuto\" \/>\n<script type=\"application\/ld+json\" class=\"yoast-schema-graph\">{\"@context\":\"https:\/\/schema.org\",\"@graph\":[{\"@type\":\"Article\",\"@id\":\"https:\/\/luchonoticias.com\/editor\/gobernacion-y-su-inversion-para-construir-colegio-en-nataga\/#article\",\"isPartOf\":{\"@id\":\"https:\/\/luchonoticias.com\/editor\/gobernacion-y-su-inversion-para-construir-colegio-en-nataga\/\"},\"author\":{\"name\":\"Editor General\",\"@id\":\"https:\/\/luchonoticias.com\/editor\/#\/schema\/person\/29217990ddf6f14e35912b2866d591fb\"},\"headline\":\"Gobernaci\u00f3n y su inversi\u00f3n para construir colegio en N\u00e1taga\",\"datePublished\":\"2023-03-13T12:35:38+00:00\",\"dateModified\":\"2023-03-13T12:35:39+00:00\",\"mainEntityOfPage\":{\"@id\":\"https:\/\/luchonoticias.com\/editor\/gobernacion-y-su-inversion-para-construir-colegio-en-nataga\/\"},\"wordCount\":242,\"commentCount\":0,\"publisher\":{\"@id\":\"https:\/\/luchonoticias.com\/editor\/#\/schema\/person\/7a7fd911f58561fd056dbac7b55af9cd\"},\"articleSection\":[\"Huila\"],\"inLanguage\":\"es\",\"potentialAction\":[{\"@type\":\"CommentAction\",\"name\":\"Comment\",\"target\":[\"https:\/\/luchonoticias.com\/editor\/gobernacion-y-su-inversion-para-construir-colegio-en-nataga\/#respond\"]}]},{\"@type\":\"WebPage\",\"@id\":\"https:\/\/luchonoticias.com\/editor\/gobernacion-y-su-inversion-para-construir-colegio-en-nataga\/\",\"url\":\"https:\/\/luchonoticias.com\/editor\/gobernacion-y-su-inversion-para-construir-colegio-en-nataga\/\",\"name\":\"Gobernaci\u00f3n y su inversi\u00f3n para construir colegio en N\u00e1taga -\",\"isPartOf\":{\"@id\":\"https:\/\/luchonoticias.com\/editor\/#website\"},\"datePublished\":\"2023-03-13T12:35:38+00:00\",\"dateModified\":\"2023-03-13T12:35:39+00:00\",\"breadcrumb\":{\"@id\":\"https:\/\/luchonoticias.com\/editor\/gobernacion-y-su-inversion-para-construir-colegio-en-nataga\/#breadcrumb\"},\"inLanguage\":\"es\",\"potentialAction\":[{\"@type\":\"ReadAction\",\"target\":[\"https:\/\/luchonoticias.com\/editor\/gobernacion-y-su-inversion-para-construir-colegio-en-nataga\/\"]}]},{\"@type\":\"BreadcrumbList\",\"@id\":\"https:\/\/luchonoticias.com\/editor\/gobernacion-y-su-inversion-para-construir-colegio-en-nataga\/#breadcrumb\",\"itemListElement\":[{\"@type\":\"ListItem\",\"position\":1,\"name\":\"Portada\",\"item\":\"https:\/\/luchonoticias.com\/editor\/\"},{\"@type\":\"ListItem\",\"position\":2,\"name\":\"Gobernaci\u00f3n y su inversi\u00f3n para construir colegio en N\u00e1taga\"}]},{\"@type\":\"WebSite\",\"@id\":\"https:\/\/luchonoticias.com\/editor\/#website\",\"url\":\"https:\/\/luchonoticias.com\/editor\/\",\"name\":\"\",\"description\":\"\",\"publisher\":{\"@id\":\"https:\/\/luchonoticias.com\/editor\/#\/schema\/person\/7a7fd911f58561fd056dbac7b55af9cd\"},\"potentialAction\":[{\"@type\":\"SearchAction\",\"target\":{\"@type\":\"EntryPoint\",\"urlTemplate\":\"https:\/\/luchonoticias.com\/editor\/?s={search_term_string}\"},\"query-input\":{\"@type\":\"PropertyValueSpecification\",\"valueRequired\":true,\"valueName\":\"search_term_string\"}}],\"inLanguage\":\"es\"},{\"@type\":[\"Person\",\"Organization\"],\"@id\":\"https:\/\/luchonoticias.com\/editor\/#\/schema\/person\/7a7fd911f58561fd056dbac7b55af9cd\",\"name\":\"admin\",\"image\":{\"@type\":\"ImageObject\",\"inLanguage\":\"es\",\"@id\":\"https:\/\/luchonoticias.com\/editor\/#\/schema\/person\/image\/\",\"url\":\"https:\/\/luchonoticias.com\/editor\/wp-content\/uploads\/2024\/02\/cropped-cropped-logolu.webp\",\"contentUrl\":\"https:\/\/luchonoticias.com\/editor\/wp-content\/uploads\/2024\/02\/cropped-cropped-logolu.webp\",\"width\":382,\"height\":170,\"caption\":\"admin\"},\"logo\":{\"@id\":\"https:\/\/luchonoticias.com\/editor\/#\/schema\/person\/image\/\"},\"sameAs\":[\"https:\/\/www.facebook.com\/luchonoticiasneiva\"]},{\"@type\":\"Person\",\"@id\":\"https:\/\/luchonoticias.com\/editor\/#\/schema\/person\/29217990ddf6f14e35912b2866d591fb\",\"name\":\"Editor General\",\"image\":{\"@type\":\"ImageObject\",\"inLanguage\":\"es\",\"@id\":\"https:\/\/luchonoticias.com\/editor\/#\/schema\/person\/image\/\",\"url\":\"https:\/\/luchonoticias.com\/editor\/wp-content\/uploads\/2024\/02\/cropped-cropped-logolu-150x150.webp\",\"contentUrl\":\"https:\/\/luchonoticias.com\/editor\/wp-content\/uploads\/2024\/02\/cropped-cropped-logolu-150x150.webp\",\"caption\":\"Editor General\"},\"sameAs\":[\"https:\/\/luchonoticias.com\/\"],\"url\":\"https:\/\/luchonoticias.com\/editor\/author\/editor-general\/\"}]}<\/script>\n<!-- \/ Yoast SEO plugin. -->","yoast_head_json":{"title":"Gobernaci\u00f3n y su inversi\u00f3n para construir colegio en N\u00e1taga -","robots":{"index":"index","follow":"follow","max-snippet":"max-snippet:-1","max-image-preview":"max-image-preview:large","max-video-preview":"max-video-preview:-1"},"canonical":"https:\/\/luchonoticias.com\/editor\/gobernacion-y-su-inversion-para-construir-colegio-en-nataga\/","og_locale":"es_ES","og_type":"article","og_title":"Gobernaci\u00f3n y su inversi\u00f3n para construir colegio en N\u00e1taga -","og_url":"https:\/\/luchonoticias.com\/editor\/gobernacion-y-su-inversion-para-construir-colegio-en-nataga\/","article_publisher":"https:\/\/www.facebook.com\/luchonoticiasneiva","article_published_time":"2023-03-13T12:35:38+00:00","article_modified_time":"2023-03-13T12:35:39+00:00","author":"Editor General","twitter_card":"summary_large_image","twitter_misc":{"Escrito por":"Editor General","Tiempo de lectura":"1 minuto"},"schema":{"@context":"https:\/\/schema.org","@graph":[{"@type":"Article","@id":"https:\/\/luchonoticias.com\/editor\/gobernacion-y-su-inversion-para-construir-colegio-en-nataga\/#article","isPartOf":{"@id":"https:\/\/luchonoticias.com\/editor\/gobernacion-y-su-inversion-para-construir-colegio-en-nataga\/"},"author":{"name":"Editor General","@id":"https:\/\/luchonoticias.com\/editor\/#\/schema\/person\/29217990ddf6f14e35912b2866d591fb"},"headline":"Gobernaci\u00f3n y su inversi\u00f3n para construir colegio en N\u00e1taga","datePublished":"2023-03-13T12:35:38+00:00","dateModified":"2023-03-13T12:35:39+00:00","mainEntityOfPage":{"@id":"https:\/\/luchonoticias.com\/editor\/gobernacion-y-su-inversion-para-construir-colegio-en-nataga\/"},"wordCount":242,"commentCount":0,"publisher":{"@id":"https:\/\/luchonoticias.com\/editor\/#\/schema\/person\/7a7fd911f58561fd056dbac7b55af9cd"},"articleSection":["Huila"],"inLanguage":"es","potentialAction":[{"@type":"CommentAction","name":"Comment","target":["https:\/\/luchonoticias.com\/editor\/gobernacion-y-su-inversion-para-construir-colegio-en-nataga\/#respond"]}]},{"@type":"WebPage","@id":"https:\/\/luchonoticias.com\/editor\/gobernacion-y-su-inversion-para-construir-colegio-en-nataga\/","url":"https:\/\/luchonoticias.com\/editor\/gobernacion-y-su-inversion-para-construir-colegio-en-nataga\/","name":"Gobernaci\u00f3n y su inversi\u00f3n para construir colegio en N\u00e1taga -","isPartOf":{"@id":"https:\/\/luchonoticias.com\/editor\/#website"},"datePublished":"2023-03-13T12:35:38+00:00","dateModified":"2023-03-13T12:35:39+00:00","breadcrumb":{"@id":"https:\/\/luchonoticias.com\/editor\/gobernacion-y-su-inversion-para-construir-colegio-en-nataga\/#breadcrumb"},"inLanguage":"es","potentialAction":[{"@type":"ReadAction","target":["https:\/\/luchonoticias.com\/editor\/gobernacion-y-su-inversion-para-construir-colegio-en-nataga\/"]}]},{"@type":"BreadcrumbList","@id":"https:\/\/luchonoticias.com\/editor\/gobernacion-y-su-inversion-para-construir-colegio-en-nataga\/#breadcrumb","itemListElement":[{"@type":"ListItem","position":1,"name":"Portada","item":"https:\/\/luchonoticias.com\/editor\/"},{"@type":"ListItem","position":2,"name":"Gobernaci\u00f3n y su inversi\u00f3n para construir colegio en N\u00e1taga"}]},{"@type":"WebSite","@id":"https:\/\/luchonoticias.com\/editor\/#website","url":"https:\/\/luchonoticias.com\/editor\/","name":"","description":"","publisher":{"@id":"https:\/\/luchonoticias.com\/editor\/#\/schema\/person\/7a7fd911f58561fd056dbac7b55af9cd"},"potentialAction":[{"@type":"SearchAction","target":{"@type":"EntryPoint","urlTemplate":"https:\/\/luchonoticias.com\/editor\/?s={search_term_string}"},"query-input":{"@type":"PropertyValueSpecification","valueRequired":true,"valueName":"search_term_string"}}],"inLanguage":"es"},{"@type":["Person","Organization"],"@id":"https:\/\/luchonoticias.com\/editor\/#\/schema\/person\/7a7fd911f58561fd056dbac7b55af9cd","name":"admin","image":{"@type":"ImageObject","inLanguage":"es","@id":"https:\/\/luchonoticias.com\/editor\/#\/schema\/person\/image\/","url":"https:\/\/luchonoticias.com\/editor\/wp-content\/uploads\/2024\/02\/cropped-cropped-logolu.webp","contentUrl":"https:\/\/luchonoticias.com\/editor\/wp-content\/uploads\/2024\/02\/cropped-cropped-logolu.webp","width":382,"height":170,"caption":"admin"},"logo":{"@id":"https:\/\/luchonoticias.com\/editor\/#\/schema\/person\/image\/"},"sameAs":["https:\/\/www.facebook.com\/luchonoticiasneiva"]},{"@type":"Person","@id":"https:\/\/luchonoticias.com\/editor\/#\/schema\/person\/29217990ddf6f14e35912b2866d591fb","name":"Editor General","image":{"@type":"ImageObject","inLanguage":"es","@id":"https:\/\/luchonoticias.com\/editor\/#\/schema\/person\/image\/","url":"https:\/\/luchonoticias.com\/editor\/wp-content\/uploads\/2024\/02\/cropped-cropped-logolu-150x150.webp","contentUrl":"https:\/\/luchonoticias.com\/editor\/wp-content\/uploads\/2024\/02\/cropped-cropped-logolu-150x150.webp","caption":"Editor General"},"sameAs":["https:\/\/luchonoticias.com\/"],"url":"https:\/\/luchonoticias.com\/editor\/author\/editor-general\/"}]}},"_links":{"self":[{"href":"https:\/\/luchonoticias.com\/editor\/wp-json\/wp\/v2\/posts\/48159","targetHints":{"allow":["GET"]}}],"collection":[{"href":"https:\/\/luchonoticias.com\/editor\/wp-json\/wp\/v2\/posts"}],"about":[{"href":"https:\/\/luchonoticias.com\/editor\/wp-json\/wp\/v2\/types\/post"}],"author":[{"embeddable":true,"href":"https:\/\/luchonoticias.com\/editor\/wp-json\/wp\/v2\/users\/2"}],"replies":[{"embeddable":true,"href":"https:\/\/luchonoticias.com\/editor\/wp-json\/wp\/v2\/comments?post=48159"}],"version-history":[{"count":0,"href":"https:\/\/luchonoticias.com\/editor\/wp-json\/wp\/v2\/posts\/48159\/revisions"}],"wp:attachment":[{"href":"https:\/\/luchonoticias.com\/editor\/wp-json\/wp\/v2\/media?parent=48159"}],"wp:term":[{"taxonomy":"category","embeddable":true,"href":"https:\/\/luchonoticias.com\/editor\/wp-json\/wp\/v2\/categories?post=48159"},{"taxonomy":"post_tag","embeddable":true,"href":"https:\/\/luchonoticias.com\/editor\/wp-json\/wp\/v2\/tags?post=48159"}],"curies":[{"name":"wp","href":"https:\/\/api.w.org\/{rel}","templated":true}]}}