{"id":48162,"date":"2023-03-13T07:40:56","date_gmt":"2023-03-13T12:40:56","guid":{"rendered":"https:\/\/luchonoticias.com\/?p=48162"},"modified":"2023-03-13T07:40:57","modified_gmt":"2023-03-13T12:40:57","slug":"sorprendidas-movilizandose-en-una-motocicleta-hurtada-en-neiva","status":"publish","type":"post","link":"https:\/\/luchonoticias.com\/editor\/sorprendidas-movilizandose-en-una-motocicleta-hurtada-en-neiva\/","title":{"rendered":"Sorprendidas moviliz\u00e1ndose en una motocicleta hurtada en Neiva"},"content":{"rendered":"\n<p>Las autoridades de la Capital Huilense, dieron a conocer que en las \u00faltimas horas que, dos mujeres, entre ellas una menor de edad, fueron sorprendidas por uniformados de la Polic\u00eda Metropolitana, al parecer cuando se movilizaban en una motocicleta hurtada de marca XTZ color negra.<\/p>\n\n\n\n<p>Seg\u00fan lo revelado por las fuentes oficiales, el veloc\u00edpedo en que fueron interceptadas las implicadas, hab\u00eda sido hurtado en el barrio en el barrio El Triunfo comuna 10 de Neiva, bajo la modalidad de halado.<\/p>\n\n\n\n<p>\u201cLas mujeres fueron son sorprendidas tras recibir el llamado de la comunidad los uniformados del CAI Bogot\u00e1 y la moto fue regresada a su propietario\u201d, indicaron las fuentes oficiales.<\/p>\n\n\n\n<p>Finalmente se estableci\u00f3 que la mujer mayor de edad judicializada por receptaci\u00f3n, mientras la menor qued\u00f3 en poder de las autoridades de infancia.<\/p>\n","protected":false},"excerpt":{"rendered":"<p>Las autoridades de la Capital Huilense, dieron a conocer que en las \u00faltimas horas que, dos mujeres, entre ellas una menor de edad, fueron sorprendidas por uniformados de la Polic\u00eda Metropolitana, al parecer cuando se movilizaban en una motocicleta hurtada de marca XTZ color negra. Seg\u00fan lo revelado por las fuentes oficiales, el veloc\u00edpedo en [&hellip;]<\/p>\n","protected":false},"author":2,"featured_media":0,"comment_status":"open","ping_status":"open","sticky":false,"template":"","format":"standard","meta":{"footnotes":""},"categories":[36,29],"tags":[],"class_list":["post-48162","post","type-post","status-publish","format-standard","hentry","category-destacado","category-judicial"],"yoast_head":"<!-- This site is optimized with the Yoast SEO plugin v26.6 - https:\/\/yoast.com\/wordpress\/plugins\/seo\/ -->\n<title>Sorprendidas moviliz\u00e1ndose en una motocicleta hurtada en Neiva -<\/title>\n<meta name=\"robots\" content=\"index, follow, max-snippet:-1, max-image-preview:large, max-video-preview:-1\" \/>\n<link rel=\"canonical\" href=\"https:\/\/luchonoticias.com\/editor\/sorprendidas-movilizandose-en-una-motocicleta-hurtada-en-neiva\/\" \/>\n<meta property=\"og:locale\" content=\"es_ES\" \/>\n<meta property=\"og:type\" content=\"article\" \/>\n<meta property=\"og:title\" content=\"Sorprendidas moviliz\u00e1ndose en una motocicleta hurtada en Neiva -\" \/>\n<meta property=\"og:url\" content=\"https:\/\/luchonoticias.com\/editor\/sorprendidas-movilizandose-en-una-motocicleta-hurtada-en-neiva\/\" \/>\n<meta property=\"article:publisher\" content=\"https:\/\/www.facebook.com\/luchonoticiasneiva\" \/>\n<meta property=\"article:published_time\" content=\"2023-03-13T12:40:56+00:00\" \/>\n<meta property=\"article:modified_time\" content=\"2023-03-13T12:40:57+00:00\" \/>\n<meta name=\"author\" content=\"Editor General\" \/>\n<meta name=\"twitter:card\" content=\"summary_large_image\" \/>\n<meta name=\"twitter:label1\" content=\"Escrito por\" \/>\n\t<meta name=\"twitter:data1\" content=\"Editor General\" \/>\n\t<meta name=\"twitter:label2\" content=\"Tiempo de lectura\" \/>\n\t<meta name=\"twitter:data2\" content=\"1 minuto\" \/>\n<script type=\"application\/ld+json\" class=\"yoast-schema-graph\">{\"@context\":\"https:\/\/schema.org\",\"@graph\":[{\"@type\":\"Article\",\"@id\":\"https:\/\/luchonoticias.com\/editor\/sorprendidas-movilizandose-en-una-motocicleta-hurtada-en-neiva\/#article\",\"isPartOf\":{\"@id\":\"https:\/\/luchonoticias.com\/editor\/sorprendidas-movilizandose-en-una-motocicleta-hurtada-en-neiva\/\"},\"author\":{\"name\":\"Editor General\",\"@id\":\"https:\/\/luchonoticias.com\/editor\/#\/schema\/person\/29217990ddf6f14e35912b2866d591fb\"},\"headline\":\"Sorprendidas moviliz\u00e1ndose en una motocicleta hurtada en Neiva\",\"datePublished\":\"2023-03-13T12:40:56+00:00\",\"dateModified\":\"2023-03-13T12:40:57+00:00\",\"mainEntityOfPage\":{\"@id\":\"https:\/\/luchonoticias.com\/editor\/sorprendidas-movilizandose-en-una-motocicleta-hurtada-en-neiva\/\"},\"wordCount\":145,\"commentCount\":0,\"publisher\":{\"@id\":\"https:\/\/luchonoticias.com\/editor\/#\/schema\/person\/7a7fd911f58561fd056dbac7b55af9cd\"},\"articleSection\":[\"Destacado\",\"Judicial\"],\"inLanguage\":\"es\",\"potentialAction\":[{\"@type\":\"CommentAction\",\"name\":\"Comment\",\"target\":[\"https:\/\/luchonoticias.com\/editor\/sorprendidas-movilizandose-en-una-motocicleta-hurtada-en-neiva\/#respond\"]}]},{\"@type\":\"WebPage\",\"@id\":\"https:\/\/luchonoticias.com\/editor\/sorprendidas-movilizandose-en-una-motocicleta-hurtada-en-neiva\/\",\"url\":\"https:\/\/luchonoticias.com\/editor\/sorprendidas-movilizandose-en-una-motocicleta-hurtada-en-neiva\/\",\"name\":\"Sorprendidas moviliz\u00e1ndose en una motocicleta hurtada en Neiva -\",\"isPartOf\":{\"@id\":\"https:\/\/luchonoticias.com\/editor\/#website\"},\"datePublished\":\"2023-03-13T12:40:56+00:00\",\"dateModified\":\"2023-03-13T12:40:57+00:00\",\"breadcrumb\":{\"@id\":\"https:\/\/luchonoticias.com\/editor\/sorprendidas-movilizandose-en-una-motocicleta-hurtada-en-neiva\/#breadcrumb\"},\"inLanguage\":\"es\",\"potentialAction\":[{\"@type\":\"ReadAction\",\"target\":[\"https:\/\/luchonoticias.com\/editor\/sorprendidas-movilizandose-en-una-motocicleta-hurtada-en-neiva\/\"]}]},{\"@type\":\"BreadcrumbList\",\"@id\":\"https:\/\/luchonoticias.com\/editor\/sorprendidas-movilizandose-en-una-motocicleta-hurtada-en-neiva\/#breadcrumb\",\"itemListElement\":[{\"@type\":\"ListItem\",\"position\":1,\"name\":\"Portada\",\"item\":\"https:\/\/luchonoticias.com\/editor\/\"},{\"@type\":\"ListItem\",\"position\":2,\"name\":\"Sorprendidas moviliz\u00e1ndose en una motocicleta hurtada en Neiva\"}]},{\"@type\":\"WebSite\",\"@id\":\"https:\/\/luchonoticias.com\/editor\/#website\",\"url\":\"https:\/\/luchonoticias.com\/editor\/\",\"name\":\"\",\"description\":\"\",\"publisher\":{\"@id\":\"https:\/\/luchonoticias.com\/editor\/#\/schema\/person\/7a7fd911f58561fd056dbac7b55af9cd\"},\"potentialAction\":[{\"@type\":\"SearchAction\",\"target\":{\"@type\":\"EntryPoint\",\"urlTemplate\":\"https:\/\/luchonoticias.com\/editor\/?s={search_term_string}\"},\"query-input\":{\"@type\":\"PropertyValueSpecification\",\"valueRequired\":true,\"valueName\":\"search_term_string\"}}],\"inLanguage\":\"es\"},{\"@type\":[\"Person\",\"Organization\"],\"@id\":\"https:\/\/luchonoticias.com\/editor\/#\/schema\/person\/7a7fd911f58561fd056dbac7b55af9cd\",\"name\":\"admin\",\"image\":{\"@type\":\"ImageObject\",\"inLanguage\":\"es\",\"@id\":\"https:\/\/luchonoticias.com\/editor\/#\/schema\/person\/image\/\",\"url\":\"https:\/\/luchonoticias.com\/editor\/wp-content\/uploads\/2024\/02\/cropped-cropped-logolu.webp\",\"contentUrl\":\"https:\/\/luchonoticias.com\/editor\/wp-content\/uploads\/2024\/02\/cropped-cropped-logolu.webp\",\"width\":382,\"height\":170,\"caption\":\"admin\"},\"logo\":{\"@id\":\"https:\/\/luchonoticias.com\/editor\/#\/schema\/person\/image\/\"},\"sameAs\":[\"https:\/\/www.facebook.com\/luchonoticiasneiva\"]},{\"@type\":\"Person\",\"@id\":\"https:\/\/luchonoticias.com\/editor\/#\/schema\/person\/29217990ddf6f14e35912b2866d591fb\",\"name\":\"Editor General\",\"image\":{\"@type\":\"ImageObject\",\"inLanguage\":\"es\",\"@id\":\"https:\/\/luchonoticias.com\/editor\/#\/schema\/person\/image\/\",\"url\":\"https:\/\/luchonoticias.com\/editor\/wp-content\/uploads\/2024\/02\/cropped-cropped-logolu-150x150.webp\",\"contentUrl\":\"https:\/\/luchonoticias.com\/editor\/wp-content\/uploads\/2024\/02\/cropped-cropped-logolu-150x150.webp\",\"caption\":\"Editor General\"},\"sameAs\":[\"https:\/\/luchonoticias.com\/\"],\"url\":\"https:\/\/luchonoticias.com\/editor\/author\/editor-general\/\"}]}<\/script>\n<!-- \/ Yoast SEO plugin. -->","yoast_head_json":{"title":"Sorprendidas moviliz\u00e1ndose en una motocicleta hurtada en Neiva -","robots":{"index":"index","follow":"follow","max-snippet":"max-snippet:-1","max-image-preview":"max-image-preview:large","max-video-preview":"max-video-preview:-1"},"canonical":"https:\/\/luchonoticias.com\/editor\/sorprendidas-movilizandose-en-una-motocicleta-hurtada-en-neiva\/","og_locale":"es_ES","og_type":"article","og_title":"Sorprendidas moviliz\u00e1ndose en una motocicleta hurtada en Neiva -","og_url":"https:\/\/luchonoticias.com\/editor\/sorprendidas-movilizandose-en-una-motocicleta-hurtada-en-neiva\/","article_publisher":"https:\/\/www.facebook.com\/luchonoticiasneiva","article_published_time":"2023-03-13T12:40:56+00:00","article_modified_time":"2023-03-13T12:40:57+00:00","author":"Editor General","twitter_card":"summary_large_image","twitter_misc":{"Escrito por":"Editor General","Tiempo de lectura":"1 minuto"},"schema":{"@context":"https:\/\/schema.org","@graph":[{"@type":"Article","@id":"https:\/\/luchonoticias.com\/editor\/sorprendidas-movilizandose-en-una-motocicleta-hurtada-en-neiva\/#article","isPartOf":{"@id":"https:\/\/luchonoticias.com\/editor\/sorprendidas-movilizandose-en-una-motocicleta-hurtada-en-neiva\/"},"author":{"name":"Editor General","@id":"https:\/\/luchonoticias.com\/editor\/#\/schema\/person\/29217990ddf6f14e35912b2866d591fb"},"headline":"Sorprendidas moviliz\u00e1ndose en una motocicleta hurtada en Neiva","datePublished":"2023-03-13T12:40:56+00:00","dateModified":"2023-03-13T12:40:57+00:00","mainEntityOfPage":{"@id":"https:\/\/luchonoticias.com\/editor\/sorprendidas-movilizandose-en-una-motocicleta-hurtada-en-neiva\/"},"wordCount":145,"commentCount":0,"publisher":{"@id":"https:\/\/luchonoticias.com\/editor\/#\/schema\/person\/7a7fd911f58561fd056dbac7b55af9cd"},"articleSection":["Destacado","Judicial"],"inLanguage":"es","potentialAction":[{"@type":"CommentAction","name":"Comment","target":["https:\/\/luchonoticias.com\/editor\/sorprendidas-movilizandose-en-una-motocicleta-hurtada-en-neiva\/#respond"]}]},{"@type":"WebPage","@id":"https:\/\/luchonoticias.com\/editor\/sorprendidas-movilizandose-en-una-motocicleta-hurtada-en-neiva\/","url":"https:\/\/luchonoticias.com\/editor\/sorprendidas-movilizandose-en-una-motocicleta-hurtada-en-neiva\/","name":"Sorprendidas moviliz\u00e1ndose en una motocicleta hurtada en Neiva -","isPartOf":{"@id":"https:\/\/luchonoticias.com\/editor\/#website"},"datePublished":"2023-03-13T12:40:56+00:00","dateModified":"2023-03-13T12:40:57+00:00","breadcrumb":{"@id":"https:\/\/luchonoticias.com\/editor\/sorprendidas-movilizandose-en-una-motocicleta-hurtada-en-neiva\/#breadcrumb"},"inLanguage":"es","potentialAction":[{"@type":"ReadAction","target":["https:\/\/luchonoticias.com\/editor\/sorprendidas-movilizandose-en-una-motocicleta-hurtada-en-neiva\/"]}]},{"@type":"BreadcrumbList","@id":"https:\/\/luchonoticias.com\/editor\/sorprendidas-movilizandose-en-una-motocicleta-hurtada-en-neiva\/#breadcrumb","itemListElement":[{"@type":"ListItem","position":1,"name":"Portada","item":"https:\/\/luchonoticias.com\/editor\/"},{"@type":"ListItem","position":2,"name":"Sorprendidas moviliz\u00e1ndose en una motocicleta hurtada en Neiva"}]},{"@type":"WebSite","@id":"https:\/\/luchonoticias.com\/editor\/#website","url":"https:\/\/luchonoticias.com\/editor\/","name":"","description":"","publisher":{"@id":"https:\/\/luchonoticias.com\/editor\/#\/schema\/person\/7a7fd911f58561fd056dbac7b55af9cd"},"potentialAction":[{"@type":"SearchAction","target":{"@type":"EntryPoint","urlTemplate":"https:\/\/luchonoticias.com\/editor\/?s={search_term_string}"},"query-input":{"@type":"PropertyValueSpecification","valueRequired":true,"valueName":"search_term_string"}}],"inLanguage":"es"},{"@type":["Person","Organization"],"@id":"https:\/\/luchonoticias.com\/editor\/#\/schema\/person\/7a7fd911f58561fd056dbac7b55af9cd","name":"admin","image":{"@type":"ImageObject","inLanguage":"es","@id":"https:\/\/luchonoticias.com\/editor\/#\/schema\/person\/image\/","url":"https:\/\/luchonoticias.com\/editor\/wp-content\/uploads\/2024\/02\/cropped-cropped-logolu.webp","contentUrl":"https:\/\/luchonoticias.com\/editor\/wp-content\/uploads\/2024\/02\/cropped-cropped-logolu.webp","width":382,"height":170,"caption":"admin"},"logo":{"@id":"https:\/\/luchonoticias.com\/editor\/#\/schema\/person\/image\/"},"sameAs":["https:\/\/www.facebook.com\/luchonoticiasneiva"]},{"@type":"Person","@id":"https:\/\/luchonoticias.com\/editor\/#\/schema\/person\/29217990ddf6f14e35912b2866d591fb","name":"Editor General","image":{"@type":"ImageObject","inLanguage":"es","@id":"https:\/\/luchonoticias.com\/editor\/#\/schema\/person\/image\/","url":"https:\/\/luchonoticias.com\/editor\/wp-content\/uploads\/2024\/02\/cropped-cropped-logolu-150x150.webp","contentUrl":"https:\/\/luchonoticias.com\/editor\/wp-content\/uploads\/2024\/02\/cropped-cropped-logolu-150x150.webp","caption":"Editor General"},"sameAs":["https:\/\/luchonoticias.com\/"],"url":"https:\/\/luchonoticias.com\/editor\/author\/editor-general\/"}]}},"_links":{"self":[{"href":"https:\/\/luchonoticias.com\/editor\/wp-json\/wp\/v2\/posts\/48162","targetHints":{"allow":["GET"]}}],"collection":[{"href":"https:\/\/luchonoticias.com\/editor\/wp-json\/wp\/v2\/posts"}],"about":[{"href":"https:\/\/luchonoticias.com\/editor\/wp-json\/wp\/v2\/types\/post"}],"author":[{"embeddable":true,"href":"https:\/\/luchonoticias.com\/editor\/wp-json\/wp\/v2\/users\/2"}],"replies":[{"embeddable":true,"href":"https:\/\/luchonoticias.com\/editor\/wp-json\/wp\/v2\/comments?post=48162"}],"version-history":[{"count":0,"href":"https:\/\/luchonoticias.com\/editor\/wp-json\/wp\/v2\/posts\/48162\/revisions"}],"wp:attachment":[{"href":"https:\/\/luchonoticias.com\/editor\/wp-json\/wp\/v2\/media?parent=48162"}],"wp:term":[{"taxonomy":"category","embeddable":true,"href":"https:\/\/luchonoticias.com\/editor\/wp-json\/wp\/v2\/categories?post=48162"},{"taxonomy":"post_tag","embeddable":true,"href":"https:\/\/luchonoticias.com\/editor\/wp-json\/wp\/v2\/tags?post=48162"}],"curies":[{"name":"wp","href":"https:\/\/api.w.org\/{rel}","templated":true}]}}