{"id":48168,"date":"2023-03-13T08:56:40","date_gmt":"2023-03-13T13:56:40","guid":{"rendered":"https:\/\/luchonoticias.com\/?p=48168"},"modified":"2023-03-13T08:56:41","modified_gmt":"2023-03-13T13:56:41","slug":"gran-jornada-para-los-huilenses-en-el-interclubes-sub-17b","status":"publish","type":"post","link":"https:\/\/luchonoticias.com\/editor\/gran-jornada-para-los-huilenses-en-el-interclubes-sub-17b\/","title":{"rendered":"Gran jornada para los huilenses en el Interclubes sub &#8211; 17B"},"content":{"rendered":"\n<p>El pasado s\u00e1bado se cumpli\u00f3 la&nbsp;<strong>tercera fecha<\/strong>&nbsp;para los&nbsp;<strong>equipos huilenses&nbsp;<\/strong>que compiten en el&nbsp;<strong>Interclubes sub 17B,&nbsp;<\/strong>jornada que dej\u00f3 resultados positivos.<\/p>\n\n\n\n<p><strong>Utrahuilca<\/strong>&nbsp;(en la foto) fue el que sac\u00f3 mejores r\u00e9ditos, luego de&nbsp;<strong>vencer<\/strong>&nbsp;como local&nbsp;<strong>1:0 a Alianza Tolimense<\/strong>, llegando a nueve puntos.<\/p>\n\n\n\n<p>Por su parte el&nbsp;<strong>Aston Huila igual\u00f3<\/strong>&nbsp;a dos goles como visitante ante el&nbsp;<strong>Club V y V de Ibagu\u00e9,&nbsp;<\/strong>resultado que lo deja con siete unidades.<\/p>\n","protected":false},"excerpt":{"rendered":"<p>El pasado s\u00e1bado se cumpli\u00f3 la&nbsp;tercera fecha&nbsp;para los&nbsp;equipos huilenses&nbsp;que compiten en el&nbsp;Interclubes sub 17B,&nbsp;jornada que dej\u00f3 resultados positivos. Utrahuilca&nbsp;(en la foto) fue el que sac\u00f3 mejores r\u00e9ditos, luego de&nbsp;vencer&nbsp;como local&nbsp;1:0 a Alianza Tolimense, llegando a nueve puntos. Por su parte el&nbsp;Aston Huila igual\u00f3&nbsp;a dos goles como visitante ante el&nbsp;Club V y V de Ibagu\u00e9,&nbsp;resultado que [&hellip;]<\/p>\n","protected":false},"author":2,"featured_media":0,"comment_status":"open","ping_status":"open","sticky":false,"template":"","format":"standard","meta":{"footnotes":""},"categories":[34],"tags":[],"class_list":["post-48168","post","type-post","status-publish","format-standard","hentry","category-deportes"],"yoast_head":"<!-- This site is optimized with the Yoast SEO plugin v26.6 - https:\/\/yoast.com\/wordpress\/plugins\/seo\/ -->\n<title>Gran jornada para los huilenses en el Interclubes sub - 17B -<\/title>\n<meta name=\"robots\" content=\"index, follow, max-snippet:-1, max-image-preview:large, max-video-preview:-1\" \/>\n<link rel=\"canonical\" href=\"https:\/\/luchonoticias.com\/editor\/gran-jornada-para-los-huilenses-en-el-interclubes-sub-17b\/\" \/>\n<meta property=\"og:locale\" content=\"es_ES\" \/>\n<meta property=\"og:type\" content=\"article\" \/>\n<meta property=\"og:title\" content=\"Gran jornada para los huilenses en el Interclubes sub - 17B -\" \/>\n<meta property=\"og:url\" content=\"https:\/\/luchonoticias.com\/editor\/gran-jornada-para-los-huilenses-en-el-interclubes-sub-17b\/\" \/>\n<meta property=\"article:publisher\" content=\"https:\/\/www.facebook.com\/luchonoticiasneiva\" \/>\n<meta property=\"article:published_time\" content=\"2023-03-13T13:56:40+00:00\" \/>\n<meta property=\"article:modified_time\" content=\"2023-03-13T13:56:41+00:00\" \/>\n<meta name=\"author\" content=\"Editor General\" \/>\n<meta name=\"twitter:card\" content=\"summary_large_image\" \/>\n<meta name=\"twitter:label1\" content=\"Escrito por\" \/>\n\t<meta name=\"twitter:data1\" content=\"Editor General\" \/>\n<script type=\"application\/ld+json\" class=\"yoast-schema-graph\">{\"@context\":\"https:\/\/schema.org\",\"@graph\":[{\"@type\":\"Article\",\"@id\":\"https:\/\/luchonoticias.com\/editor\/gran-jornada-para-los-huilenses-en-el-interclubes-sub-17b\/#article\",\"isPartOf\":{\"@id\":\"https:\/\/luchonoticias.com\/editor\/gran-jornada-para-los-huilenses-en-el-interclubes-sub-17b\/\"},\"author\":{\"name\":\"Editor General\",\"@id\":\"https:\/\/luchonoticias.com\/editor\/#\/schema\/person\/29217990ddf6f14e35912b2866d591fb\"},\"headline\":\"Gran jornada para los huilenses en el Interclubes sub &#8211; 17B\",\"datePublished\":\"2023-03-13T13:56:40+00:00\",\"dateModified\":\"2023-03-13T13:56:41+00:00\",\"mainEntityOfPage\":{\"@id\":\"https:\/\/luchonoticias.com\/editor\/gran-jornada-para-los-huilenses-en-el-interclubes-sub-17b\/\"},\"wordCount\":100,\"commentCount\":0,\"publisher\":{\"@id\":\"https:\/\/luchonoticias.com\/editor\/#\/schema\/person\/7a7fd911f58561fd056dbac7b55af9cd\"},\"articleSection\":[\"Deportes\"],\"inLanguage\":\"es\",\"potentialAction\":[{\"@type\":\"CommentAction\",\"name\":\"Comment\",\"target\":[\"https:\/\/luchonoticias.com\/editor\/gran-jornada-para-los-huilenses-en-el-interclubes-sub-17b\/#respond\"]}]},{\"@type\":\"WebPage\",\"@id\":\"https:\/\/luchonoticias.com\/editor\/gran-jornada-para-los-huilenses-en-el-interclubes-sub-17b\/\",\"url\":\"https:\/\/luchonoticias.com\/editor\/gran-jornada-para-los-huilenses-en-el-interclubes-sub-17b\/\",\"name\":\"Gran jornada para los huilenses en el Interclubes sub - 17B -\",\"isPartOf\":{\"@id\":\"https:\/\/luchonoticias.com\/editor\/#website\"},\"datePublished\":\"2023-03-13T13:56:40+00:00\",\"dateModified\":\"2023-03-13T13:56:41+00:00\",\"breadcrumb\":{\"@id\":\"https:\/\/luchonoticias.com\/editor\/gran-jornada-para-los-huilenses-en-el-interclubes-sub-17b\/#breadcrumb\"},\"inLanguage\":\"es\",\"potentialAction\":[{\"@type\":\"ReadAction\",\"target\":[\"https:\/\/luchonoticias.com\/editor\/gran-jornada-para-los-huilenses-en-el-interclubes-sub-17b\/\"]}]},{\"@type\":\"BreadcrumbList\",\"@id\":\"https:\/\/luchonoticias.com\/editor\/gran-jornada-para-los-huilenses-en-el-interclubes-sub-17b\/#breadcrumb\",\"itemListElement\":[{\"@type\":\"ListItem\",\"position\":1,\"name\":\"Portada\",\"item\":\"https:\/\/luchonoticias.com\/editor\/\"},{\"@type\":\"ListItem\",\"position\":2,\"name\":\"Gran jornada para los huilenses en el Interclubes sub &#8211; 17B\"}]},{\"@type\":\"WebSite\",\"@id\":\"https:\/\/luchonoticias.com\/editor\/#website\",\"url\":\"https:\/\/luchonoticias.com\/editor\/\",\"name\":\"\",\"description\":\"\",\"publisher\":{\"@id\":\"https:\/\/luchonoticias.com\/editor\/#\/schema\/person\/7a7fd911f58561fd056dbac7b55af9cd\"},\"potentialAction\":[{\"@type\":\"SearchAction\",\"target\":{\"@type\":\"EntryPoint\",\"urlTemplate\":\"https:\/\/luchonoticias.com\/editor\/?s={search_term_string}\"},\"query-input\":{\"@type\":\"PropertyValueSpecification\",\"valueRequired\":true,\"valueName\":\"search_term_string\"}}],\"inLanguage\":\"es\"},{\"@type\":[\"Person\",\"Organization\"],\"@id\":\"https:\/\/luchonoticias.com\/editor\/#\/schema\/person\/7a7fd911f58561fd056dbac7b55af9cd\",\"name\":\"admin\",\"image\":{\"@type\":\"ImageObject\",\"inLanguage\":\"es\",\"@id\":\"https:\/\/luchonoticias.com\/editor\/#\/schema\/person\/image\/\",\"url\":\"https:\/\/luchonoticias.com\/editor\/wp-content\/uploads\/2024\/02\/cropped-cropped-logolu.webp\",\"contentUrl\":\"https:\/\/luchonoticias.com\/editor\/wp-content\/uploads\/2024\/02\/cropped-cropped-logolu.webp\",\"width\":382,\"height\":170,\"caption\":\"admin\"},\"logo\":{\"@id\":\"https:\/\/luchonoticias.com\/editor\/#\/schema\/person\/image\/\"},\"sameAs\":[\"https:\/\/www.facebook.com\/luchonoticiasneiva\"]},{\"@type\":\"Person\",\"@id\":\"https:\/\/luchonoticias.com\/editor\/#\/schema\/person\/29217990ddf6f14e35912b2866d591fb\",\"name\":\"Editor General\",\"image\":{\"@type\":\"ImageObject\",\"inLanguage\":\"es\",\"@id\":\"https:\/\/luchonoticias.com\/editor\/#\/schema\/person\/image\/\",\"url\":\"https:\/\/luchonoticias.com\/editor\/wp-content\/uploads\/2024\/02\/cropped-cropped-logolu-150x150.webp\",\"contentUrl\":\"https:\/\/luchonoticias.com\/editor\/wp-content\/uploads\/2024\/02\/cropped-cropped-logolu-150x150.webp\",\"caption\":\"Editor General\"},\"sameAs\":[\"https:\/\/luchonoticias.com\/\"],\"url\":\"https:\/\/luchonoticias.com\/editor\/author\/editor-general\/\"}]}<\/script>\n<!-- \/ Yoast SEO plugin. -->","yoast_head_json":{"title":"Gran jornada para los huilenses en el Interclubes sub - 17B -","robots":{"index":"index","follow":"follow","max-snippet":"max-snippet:-1","max-image-preview":"max-image-preview:large","max-video-preview":"max-video-preview:-1"},"canonical":"https:\/\/luchonoticias.com\/editor\/gran-jornada-para-los-huilenses-en-el-interclubes-sub-17b\/","og_locale":"es_ES","og_type":"article","og_title":"Gran jornada para los huilenses en el Interclubes sub - 17B -","og_url":"https:\/\/luchonoticias.com\/editor\/gran-jornada-para-los-huilenses-en-el-interclubes-sub-17b\/","article_publisher":"https:\/\/www.facebook.com\/luchonoticiasneiva","article_published_time":"2023-03-13T13:56:40+00:00","article_modified_time":"2023-03-13T13:56:41+00:00","author":"Editor General","twitter_card":"summary_large_image","twitter_misc":{"Escrito por":"Editor General"},"schema":{"@context":"https:\/\/schema.org","@graph":[{"@type":"Article","@id":"https:\/\/luchonoticias.com\/editor\/gran-jornada-para-los-huilenses-en-el-interclubes-sub-17b\/#article","isPartOf":{"@id":"https:\/\/luchonoticias.com\/editor\/gran-jornada-para-los-huilenses-en-el-interclubes-sub-17b\/"},"author":{"name":"Editor General","@id":"https:\/\/luchonoticias.com\/editor\/#\/schema\/person\/29217990ddf6f14e35912b2866d591fb"},"headline":"Gran jornada para los huilenses en el Interclubes sub &#8211; 17B","datePublished":"2023-03-13T13:56:40+00:00","dateModified":"2023-03-13T13:56:41+00:00","mainEntityOfPage":{"@id":"https:\/\/luchonoticias.com\/editor\/gran-jornada-para-los-huilenses-en-el-interclubes-sub-17b\/"},"wordCount":100,"commentCount":0,"publisher":{"@id":"https:\/\/luchonoticias.com\/editor\/#\/schema\/person\/7a7fd911f58561fd056dbac7b55af9cd"},"articleSection":["Deportes"],"inLanguage":"es","potentialAction":[{"@type":"CommentAction","name":"Comment","target":["https:\/\/luchonoticias.com\/editor\/gran-jornada-para-los-huilenses-en-el-interclubes-sub-17b\/#respond"]}]},{"@type":"WebPage","@id":"https:\/\/luchonoticias.com\/editor\/gran-jornada-para-los-huilenses-en-el-interclubes-sub-17b\/","url":"https:\/\/luchonoticias.com\/editor\/gran-jornada-para-los-huilenses-en-el-interclubes-sub-17b\/","name":"Gran jornada para los huilenses en el Interclubes sub - 17B -","isPartOf":{"@id":"https:\/\/luchonoticias.com\/editor\/#website"},"datePublished":"2023-03-13T13:56:40+00:00","dateModified":"2023-03-13T13:56:41+00:00","breadcrumb":{"@id":"https:\/\/luchonoticias.com\/editor\/gran-jornada-para-los-huilenses-en-el-interclubes-sub-17b\/#breadcrumb"},"inLanguage":"es","potentialAction":[{"@type":"ReadAction","target":["https:\/\/luchonoticias.com\/editor\/gran-jornada-para-los-huilenses-en-el-interclubes-sub-17b\/"]}]},{"@type":"BreadcrumbList","@id":"https:\/\/luchonoticias.com\/editor\/gran-jornada-para-los-huilenses-en-el-interclubes-sub-17b\/#breadcrumb","itemListElement":[{"@type":"ListItem","position":1,"name":"Portada","item":"https:\/\/luchonoticias.com\/editor\/"},{"@type":"ListItem","position":2,"name":"Gran jornada para los huilenses en el Interclubes sub &#8211; 17B"}]},{"@type":"WebSite","@id":"https:\/\/luchonoticias.com\/editor\/#website","url":"https:\/\/luchonoticias.com\/editor\/","name":"","description":"","publisher":{"@id":"https:\/\/luchonoticias.com\/editor\/#\/schema\/person\/7a7fd911f58561fd056dbac7b55af9cd"},"potentialAction":[{"@type":"SearchAction","target":{"@type":"EntryPoint","urlTemplate":"https:\/\/luchonoticias.com\/editor\/?s={search_term_string}"},"query-input":{"@type":"PropertyValueSpecification","valueRequired":true,"valueName":"search_term_string"}}],"inLanguage":"es"},{"@type":["Person","Organization"],"@id":"https:\/\/luchonoticias.com\/editor\/#\/schema\/person\/7a7fd911f58561fd056dbac7b55af9cd","name":"admin","image":{"@type":"ImageObject","inLanguage":"es","@id":"https:\/\/luchonoticias.com\/editor\/#\/schema\/person\/image\/","url":"https:\/\/luchonoticias.com\/editor\/wp-content\/uploads\/2024\/02\/cropped-cropped-logolu.webp","contentUrl":"https:\/\/luchonoticias.com\/editor\/wp-content\/uploads\/2024\/02\/cropped-cropped-logolu.webp","width":382,"height":170,"caption":"admin"},"logo":{"@id":"https:\/\/luchonoticias.com\/editor\/#\/schema\/person\/image\/"},"sameAs":["https:\/\/www.facebook.com\/luchonoticiasneiva"]},{"@type":"Person","@id":"https:\/\/luchonoticias.com\/editor\/#\/schema\/person\/29217990ddf6f14e35912b2866d591fb","name":"Editor General","image":{"@type":"ImageObject","inLanguage":"es","@id":"https:\/\/luchonoticias.com\/editor\/#\/schema\/person\/image\/","url":"https:\/\/luchonoticias.com\/editor\/wp-content\/uploads\/2024\/02\/cropped-cropped-logolu-150x150.webp","contentUrl":"https:\/\/luchonoticias.com\/editor\/wp-content\/uploads\/2024\/02\/cropped-cropped-logolu-150x150.webp","caption":"Editor General"},"sameAs":["https:\/\/luchonoticias.com\/"],"url":"https:\/\/luchonoticias.com\/editor\/author\/editor-general\/"}]}},"_links":{"self":[{"href":"https:\/\/luchonoticias.com\/editor\/wp-json\/wp\/v2\/posts\/48168","targetHints":{"allow":["GET"]}}],"collection":[{"href":"https:\/\/luchonoticias.com\/editor\/wp-json\/wp\/v2\/posts"}],"about":[{"href":"https:\/\/luchonoticias.com\/editor\/wp-json\/wp\/v2\/types\/post"}],"author":[{"embeddable":true,"href":"https:\/\/luchonoticias.com\/editor\/wp-json\/wp\/v2\/users\/2"}],"replies":[{"embeddable":true,"href":"https:\/\/luchonoticias.com\/editor\/wp-json\/wp\/v2\/comments?post=48168"}],"version-history":[{"count":0,"href":"https:\/\/luchonoticias.com\/editor\/wp-json\/wp\/v2\/posts\/48168\/revisions"}],"wp:attachment":[{"href":"https:\/\/luchonoticias.com\/editor\/wp-json\/wp\/v2\/media?parent=48168"}],"wp:term":[{"taxonomy":"category","embeddable":true,"href":"https:\/\/luchonoticias.com\/editor\/wp-json\/wp\/v2\/categories?post=48168"},{"taxonomy":"post_tag","embeddable":true,"href":"https:\/\/luchonoticias.com\/editor\/wp-json\/wp\/v2\/tags?post=48168"}],"curies":[{"name":"wp","href":"https:\/\/api.w.org\/{rel}","templated":true}]}}