{"id":48171,"date":"2023-03-13T14:15:49","date_gmt":"2023-03-13T19:15:49","guid":{"rendered":"https:\/\/luchonoticias.com\/?p=48171"},"modified":"2023-03-13T14:15:50","modified_gmt":"2023-03-13T19:15:50","slug":"dignificar-el-trabajo-esa-es-la-intencion-de-la-reforma-laboral-presidente-gustavo-petro","status":"publish","type":"post","link":"https:\/\/luchonoticias.com\/editor\/dignificar-el-trabajo-esa-es-la-intencion-de-la-reforma-laboral-presidente-gustavo-petro\/","title":{"rendered":"\u2018Dignificar el trabajo, esa es la intenci\u00f3n de la Reforma Laboral\u2019: Presidente Gustavo Petro"},"content":{"rendered":"\n<p>El Presidente Gustavo Petro explic\u00f3 en los micr\u00f3fonos de \u2018Colombia Hoy Radio\u2019 los detalles de la Reforma Laboral que se presentar\u00e1 al Congreso de la Rep\u00fablica esta semana, cuyo objetivo es \u201cdignificar el trabajo\u201d.<\/p>\n\n\n\n<p>\u201cLo que hemos presentado es que el d\u00eda (laboral) se acaba a las 6:00 p.m., que vuelve a haber contrataci\u00f3n indefinida, que no te pueden sacar sino por circunstancias reales, justificadas, que las horas extras se pagan\u201d, indic\u00f3 el Jefe de Estado.<\/p>\n\n\n\n<p>Se refiri\u00f3, adem\u00e1s, a la situaci\u00f3n actual del pa\u00eds y expres\u00f3 que lo que \u201cno le conviene al pa\u00eds es como estamos. Estar en la OCDE (Organizaci\u00f3n para la Cooperaci\u00f3n y el Desarrollo Econ\u00f3micos) con la jornada m\u00e1s larga de todo el mundo y, al mismo tiempo, siendo el m\u00e1s improductivo de la OCDE; eso no le sirve a nadie\u201d.<\/p>\n\n\n\n<p>Finalmente a\u00f1adi\u00f3 que en mundos altamente productivos, con jornadas menores, las ganancias son grandes, porque esto depende de la productividad y no de la jornada del trabajo.<\/p>\n","protected":false},"excerpt":{"rendered":"<p>El Presidente Gustavo Petro explic\u00f3 en los micr\u00f3fonos de \u2018Colombia Hoy Radio\u2019 los detalles de la Reforma Laboral que se presentar\u00e1 al Congreso de la Rep\u00fablica esta semana, cuyo objetivo es \u201cdignificar el trabajo\u201d. \u201cLo que hemos presentado es que el d\u00eda (laboral) se acaba a las 6:00 p.m., que vuelve a haber contrataci\u00f3n indefinida, [&hellip;]<\/p>\n","protected":false},"author":2,"featured_media":0,"comment_status":"open","ping_status":"open","sticky":false,"template":"","format":"standard","meta":{"footnotes":""},"categories":[36,32],"tags":[],"class_list":["post-48171","post","type-post","status-publish","format-standard","hentry","category-destacado","category-nacional"],"yoast_head":"<!-- This site is optimized with the Yoast SEO plugin v26.6 - https:\/\/yoast.com\/wordpress\/plugins\/seo\/ -->\n<title>\u2018Dignificar el trabajo, esa es la intenci\u00f3n de la Reforma Laboral\u2019: Presidente Gustavo Petro -<\/title>\n<meta name=\"robots\" content=\"index, follow, max-snippet:-1, max-image-preview:large, max-video-preview:-1\" \/>\n<link rel=\"canonical\" href=\"https:\/\/luchonoticias.com\/editor\/dignificar-el-trabajo-esa-es-la-intencion-de-la-reforma-laboral-presidente-gustavo-petro\/\" \/>\n<meta property=\"og:locale\" content=\"es_ES\" \/>\n<meta property=\"og:type\" content=\"article\" \/>\n<meta property=\"og:title\" content=\"\u2018Dignificar el trabajo, esa es la intenci\u00f3n de la Reforma Laboral\u2019: Presidente Gustavo Petro -\" \/>\n<meta property=\"og:url\" content=\"https:\/\/luchonoticias.com\/editor\/dignificar-el-trabajo-esa-es-la-intencion-de-la-reforma-laboral-presidente-gustavo-petro\/\" \/>\n<meta property=\"article:publisher\" content=\"https:\/\/www.facebook.com\/luchonoticiasneiva\" \/>\n<meta property=\"article:published_time\" content=\"2023-03-13T19:15:49+00:00\" \/>\n<meta property=\"article:modified_time\" content=\"2023-03-13T19:15:50+00:00\" \/>\n<meta name=\"author\" content=\"Editor General\" \/>\n<meta name=\"twitter:card\" content=\"summary_large_image\" \/>\n<meta name=\"twitter:label1\" content=\"Escrito por\" \/>\n\t<meta name=\"twitter:data1\" content=\"Editor General\" \/>\n\t<meta name=\"twitter:label2\" content=\"Tiempo de lectura\" \/>\n\t<meta name=\"twitter:data2\" content=\"1 minuto\" \/>\n<script type=\"application\/ld+json\" class=\"yoast-schema-graph\">{\"@context\":\"https:\/\/schema.org\",\"@graph\":[{\"@type\":\"Article\",\"@id\":\"https:\/\/luchonoticias.com\/editor\/dignificar-el-trabajo-esa-es-la-intencion-de-la-reforma-laboral-presidente-gustavo-petro\/#article\",\"isPartOf\":{\"@id\":\"https:\/\/luchonoticias.com\/editor\/dignificar-el-trabajo-esa-es-la-intencion-de-la-reforma-laboral-presidente-gustavo-petro\/\"},\"author\":{\"name\":\"Editor General\",\"@id\":\"https:\/\/luchonoticias.com\/editor\/#\/schema\/person\/29217990ddf6f14e35912b2866d591fb\"},\"headline\":\"\u2018Dignificar el trabajo, esa es la intenci\u00f3n de la Reforma Laboral\u2019: Presidente Gustavo Petro\",\"datePublished\":\"2023-03-13T19:15:49+00:00\",\"dateModified\":\"2023-03-13T19:15:50+00:00\",\"mainEntityOfPage\":{\"@id\":\"https:\/\/luchonoticias.com\/editor\/dignificar-el-trabajo-esa-es-la-intencion-de-la-reforma-laboral-presidente-gustavo-petro\/\"},\"wordCount\":192,\"commentCount\":0,\"publisher\":{\"@id\":\"https:\/\/luchonoticias.com\/editor\/#\/schema\/person\/7a7fd911f58561fd056dbac7b55af9cd\"},\"articleSection\":[\"Destacado\",\"Nacional\"],\"inLanguage\":\"es\",\"potentialAction\":[{\"@type\":\"CommentAction\",\"name\":\"Comment\",\"target\":[\"https:\/\/luchonoticias.com\/editor\/dignificar-el-trabajo-esa-es-la-intencion-de-la-reforma-laboral-presidente-gustavo-petro\/#respond\"]}]},{\"@type\":\"WebPage\",\"@id\":\"https:\/\/luchonoticias.com\/editor\/dignificar-el-trabajo-esa-es-la-intencion-de-la-reforma-laboral-presidente-gustavo-petro\/\",\"url\":\"https:\/\/luchonoticias.com\/editor\/dignificar-el-trabajo-esa-es-la-intencion-de-la-reforma-laboral-presidente-gustavo-petro\/\",\"name\":\"\u2018Dignificar el trabajo, esa es la intenci\u00f3n de la Reforma Laboral\u2019: Presidente Gustavo Petro -\",\"isPartOf\":{\"@id\":\"https:\/\/luchonoticias.com\/editor\/#website\"},\"datePublished\":\"2023-03-13T19:15:49+00:00\",\"dateModified\":\"2023-03-13T19:15:50+00:00\",\"breadcrumb\":{\"@id\":\"https:\/\/luchonoticias.com\/editor\/dignificar-el-trabajo-esa-es-la-intencion-de-la-reforma-laboral-presidente-gustavo-petro\/#breadcrumb\"},\"inLanguage\":\"es\",\"potentialAction\":[{\"@type\":\"ReadAction\",\"target\":[\"https:\/\/luchonoticias.com\/editor\/dignificar-el-trabajo-esa-es-la-intencion-de-la-reforma-laboral-presidente-gustavo-petro\/\"]}]},{\"@type\":\"BreadcrumbList\",\"@id\":\"https:\/\/luchonoticias.com\/editor\/dignificar-el-trabajo-esa-es-la-intencion-de-la-reforma-laboral-presidente-gustavo-petro\/#breadcrumb\",\"itemListElement\":[{\"@type\":\"ListItem\",\"position\":1,\"name\":\"Portada\",\"item\":\"https:\/\/luchonoticias.com\/editor\/\"},{\"@type\":\"ListItem\",\"position\":2,\"name\":\"\u2018Dignificar el trabajo, esa es la intenci\u00f3n de la Reforma Laboral\u2019: Presidente Gustavo Petro\"}]},{\"@type\":\"WebSite\",\"@id\":\"https:\/\/luchonoticias.com\/editor\/#website\",\"url\":\"https:\/\/luchonoticias.com\/editor\/\",\"name\":\"\",\"description\":\"\",\"publisher\":{\"@id\":\"https:\/\/luchonoticias.com\/editor\/#\/schema\/person\/7a7fd911f58561fd056dbac7b55af9cd\"},\"potentialAction\":[{\"@type\":\"SearchAction\",\"target\":{\"@type\":\"EntryPoint\",\"urlTemplate\":\"https:\/\/luchonoticias.com\/editor\/?s={search_term_string}\"},\"query-input\":{\"@type\":\"PropertyValueSpecification\",\"valueRequired\":true,\"valueName\":\"search_term_string\"}}],\"inLanguage\":\"es\"},{\"@type\":[\"Person\",\"Organization\"],\"@id\":\"https:\/\/luchonoticias.com\/editor\/#\/schema\/person\/7a7fd911f58561fd056dbac7b55af9cd\",\"name\":\"admin\",\"image\":{\"@type\":\"ImageObject\",\"inLanguage\":\"es\",\"@id\":\"https:\/\/luchonoticias.com\/editor\/#\/schema\/person\/image\/\",\"url\":\"https:\/\/luchonoticias.com\/editor\/wp-content\/uploads\/2024\/02\/cropped-cropped-logolu.webp\",\"contentUrl\":\"https:\/\/luchonoticias.com\/editor\/wp-content\/uploads\/2024\/02\/cropped-cropped-logolu.webp\",\"width\":382,\"height\":170,\"caption\":\"admin\"},\"logo\":{\"@id\":\"https:\/\/luchonoticias.com\/editor\/#\/schema\/person\/image\/\"},\"sameAs\":[\"https:\/\/www.facebook.com\/luchonoticiasneiva\"]},{\"@type\":\"Person\",\"@id\":\"https:\/\/luchonoticias.com\/editor\/#\/schema\/person\/29217990ddf6f14e35912b2866d591fb\",\"name\":\"Editor General\",\"image\":{\"@type\":\"ImageObject\",\"inLanguage\":\"es\",\"@id\":\"https:\/\/luchonoticias.com\/editor\/#\/schema\/person\/image\/\",\"url\":\"https:\/\/luchonoticias.com\/editor\/wp-content\/uploads\/2024\/02\/cropped-cropped-logolu-150x150.webp\",\"contentUrl\":\"https:\/\/luchonoticias.com\/editor\/wp-content\/uploads\/2024\/02\/cropped-cropped-logolu-150x150.webp\",\"caption\":\"Editor General\"},\"sameAs\":[\"https:\/\/luchonoticias.com\/\"],\"url\":\"https:\/\/luchonoticias.com\/editor\/author\/editor-general\/\"}]}<\/script>\n<!-- \/ Yoast SEO plugin. -->","yoast_head_json":{"title":"\u2018Dignificar el trabajo, esa es la intenci\u00f3n de la Reforma Laboral\u2019: Presidente Gustavo Petro -","robots":{"index":"index","follow":"follow","max-snippet":"max-snippet:-1","max-image-preview":"max-image-preview:large","max-video-preview":"max-video-preview:-1"},"canonical":"https:\/\/luchonoticias.com\/editor\/dignificar-el-trabajo-esa-es-la-intencion-de-la-reforma-laboral-presidente-gustavo-petro\/","og_locale":"es_ES","og_type":"article","og_title":"\u2018Dignificar el trabajo, esa es la intenci\u00f3n de la Reforma Laboral\u2019: Presidente Gustavo Petro -","og_url":"https:\/\/luchonoticias.com\/editor\/dignificar-el-trabajo-esa-es-la-intencion-de-la-reforma-laboral-presidente-gustavo-petro\/","article_publisher":"https:\/\/www.facebook.com\/luchonoticiasneiva","article_published_time":"2023-03-13T19:15:49+00:00","article_modified_time":"2023-03-13T19:15:50+00:00","author":"Editor General","twitter_card":"summary_large_image","twitter_misc":{"Escrito por":"Editor General","Tiempo de lectura":"1 minuto"},"schema":{"@context":"https:\/\/schema.org","@graph":[{"@type":"Article","@id":"https:\/\/luchonoticias.com\/editor\/dignificar-el-trabajo-esa-es-la-intencion-de-la-reforma-laboral-presidente-gustavo-petro\/#article","isPartOf":{"@id":"https:\/\/luchonoticias.com\/editor\/dignificar-el-trabajo-esa-es-la-intencion-de-la-reforma-laboral-presidente-gustavo-petro\/"},"author":{"name":"Editor General","@id":"https:\/\/luchonoticias.com\/editor\/#\/schema\/person\/29217990ddf6f14e35912b2866d591fb"},"headline":"\u2018Dignificar el trabajo, esa es la intenci\u00f3n de la Reforma Laboral\u2019: Presidente Gustavo Petro","datePublished":"2023-03-13T19:15:49+00:00","dateModified":"2023-03-13T19:15:50+00:00","mainEntityOfPage":{"@id":"https:\/\/luchonoticias.com\/editor\/dignificar-el-trabajo-esa-es-la-intencion-de-la-reforma-laboral-presidente-gustavo-petro\/"},"wordCount":192,"commentCount":0,"publisher":{"@id":"https:\/\/luchonoticias.com\/editor\/#\/schema\/person\/7a7fd911f58561fd056dbac7b55af9cd"},"articleSection":["Destacado","Nacional"],"inLanguage":"es","potentialAction":[{"@type":"CommentAction","name":"Comment","target":["https:\/\/luchonoticias.com\/editor\/dignificar-el-trabajo-esa-es-la-intencion-de-la-reforma-laboral-presidente-gustavo-petro\/#respond"]}]},{"@type":"WebPage","@id":"https:\/\/luchonoticias.com\/editor\/dignificar-el-trabajo-esa-es-la-intencion-de-la-reforma-laboral-presidente-gustavo-petro\/","url":"https:\/\/luchonoticias.com\/editor\/dignificar-el-trabajo-esa-es-la-intencion-de-la-reforma-laboral-presidente-gustavo-petro\/","name":"\u2018Dignificar el trabajo, esa es la intenci\u00f3n de la Reforma Laboral\u2019: Presidente Gustavo Petro -","isPartOf":{"@id":"https:\/\/luchonoticias.com\/editor\/#website"},"datePublished":"2023-03-13T19:15:49+00:00","dateModified":"2023-03-13T19:15:50+00:00","breadcrumb":{"@id":"https:\/\/luchonoticias.com\/editor\/dignificar-el-trabajo-esa-es-la-intencion-de-la-reforma-laboral-presidente-gustavo-petro\/#breadcrumb"},"inLanguage":"es","potentialAction":[{"@type":"ReadAction","target":["https:\/\/luchonoticias.com\/editor\/dignificar-el-trabajo-esa-es-la-intencion-de-la-reforma-laboral-presidente-gustavo-petro\/"]}]},{"@type":"BreadcrumbList","@id":"https:\/\/luchonoticias.com\/editor\/dignificar-el-trabajo-esa-es-la-intencion-de-la-reforma-laboral-presidente-gustavo-petro\/#breadcrumb","itemListElement":[{"@type":"ListItem","position":1,"name":"Portada","item":"https:\/\/luchonoticias.com\/editor\/"},{"@type":"ListItem","position":2,"name":"\u2018Dignificar el trabajo, esa es la intenci\u00f3n de la Reforma Laboral\u2019: Presidente Gustavo Petro"}]},{"@type":"WebSite","@id":"https:\/\/luchonoticias.com\/editor\/#website","url":"https:\/\/luchonoticias.com\/editor\/","name":"","description":"","publisher":{"@id":"https:\/\/luchonoticias.com\/editor\/#\/schema\/person\/7a7fd911f58561fd056dbac7b55af9cd"},"potentialAction":[{"@type":"SearchAction","target":{"@type":"EntryPoint","urlTemplate":"https:\/\/luchonoticias.com\/editor\/?s={search_term_string}"},"query-input":{"@type":"PropertyValueSpecification","valueRequired":true,"valueName":"search_term_string"}}],"inLanguage":"es"},{"@type":["Person","Organization"],"@id":"https:\/\/luchonoticias.com\/editor\/#\/schema\/person\/7a7fd911f58561fd056dbac7b55af9cd","name":"admin","image":{"@type":"ImageObject","inLanguage":"es","@id":"https:\/\/luchonoticias.com\/editor\/#\/schema\/person\/image\/","url":"https:\/\/luchonoticias.com\/editor\/wp-content\/uploads\/2024\/02\/cropped-cropped-logolu.webp","contentUrl":"https:\/\/luchonoticias.com\/editor\/wp-content\/uploads\/2024\/02\/cropped-cropped-logolu.webp","width":382,"height":170,"caption":"admin"},"logo":{"@id":"https:\/\/luchonoticias.com\/editor\/#\/schema\/person\/image\/"},"sameAs":["https:\/\/www.facebook.com\/luchonoticiasneiva"]},{"@type":"Person","@id":"https:\/\/luchonoticias.com\/editor\/#\/schema\/person\/29217990ddf6f14e35912b2866d591fb","name":"Editor General","image":{"@type":"ImageObject","inLanguage":"es","@id":"https:\/\/luchonoticias.com\/editor\/#\/schema\/person\/image\/","url":"https:\/\/luchonoticias.com\/editor\/wp-content\/uploads\/2024\/02\/cropped-cropped-logolu-150x150.webp","contentUrl":"https:\/\/luchonoticias.com\/editor\/wp-content\/uploads\/2024\/02\/cropped-cropped-logolu-150x150.webp","caption":"Editor General"},"sameAs":["https:\/\/luchonoticias.com\/"],"url":"https:\/\/luchonoticias.com\/editor\/author\/editor-general\/"}]}},"_links":{"self":[{"href":"https:\/\/luchonoticias.com\/editor\/wp-json\/wp\/v2\/posts\/48171","targetHints":{"allow":["GET"]}}],"collection":[{"href":"https:\/\/luchonoticias.com\/editor\/wp-json\/wp\/v2\/posts"}],"about":[{"href":"https:\/\/luchonoticias.com\/editor\/wp-json\/wp\/v2\/types\/post"}],"author":[{"embeddable":true,"href":"https:\/\/luchonoticias.com\/editor\/wp-json\/wp\/v2\/users\/2"}],"replies":[{"embeddable":true,"href":"https:\/\/luchonoticias.com\/editor\/wp-json\/wp\/v2\/comments?post=48171"}],"version-history":[{"count":0,"href":"https:\/\/luchonoticias.com\/editor\/wp-json\/wp\/v2\/posts\/48171\/revisions"}],"wp:attachment":[{"href":"https:\/\/luchonoticias.com\/editor\/wp-json\/wp\/v2\/media?parent=48171"}],"wp:term":[{"taxonomy":"category","embeddable":true,"href":"https:\/\/luchonoticias.com\/editor\/wp-json\/wp\/v2\/categories?post=48171"},{"taxonomy":"post_tag","embeddable":true,"href":"https:\/\/luchonoticias.com\/editor\/wp-json\/wp\/v2\/tags?post=48171"}],"curies":[{"name":"wp","href":"https:\/\/api.w.org\/{rel}","templated":true}]}}