{"id":48183,"date":"2023-03-13T14:40:04","date_gmt":"2023-03-13T19:40:04","guid":{"rendered":"https:\/\/luchonoticias.com\/?p=48183"},"modified":"2023-03-13T14:40:30","modified_gmt":"2023-03-13T19:40:30","slug":"fiscal-decidio-suspender-ordenes-de-captura-a-19-integrantes-de-las-disidencias-de-las-farc","status":"publish","type":"post","link":"https:\/\/luchonoticias.com\/editor\/fiscal-decidio-suspender-ordenes-de-captura-a-19-integrantes-de-las-disidencias-de-las-farc\/","title":{"rendered":"Fiscal decidi\u00f3 suspender \u00f3rdenes de captura a 19 integrantes de las disidencias de las Farc"},"content":{"rendered":"\n<p>A trav\u00e9s de un comunicado, la Fiscal\u00eda General de la Naci\u00f3n inform\u00f3 a la opini\u00f3n p\u00fablica que el d\u00eda 9 de febrero pasado, el presidente Gustavo Petro, en el marco de sus competencias legales y constitucionales, emiti\u00f3 la Resoluci\u00f3n 0014 en la cual solicit\u00f3 al Fiscal General de la Naci\u00f3n Francisco Barbosa Delgado, la suspensi\u00f3n de \u00f3rdenes de captura contra 20 personas que ser\u00edan reconocidas como representantes del autodenominado Estado Mayor Central de las Farc-EP, para acercamientos con el Gobierno nacional.<\/p>\n\n\n\n<p>El d\u00eda 16 de febrero pasado, el Fiscal General de la Naci\u00f3n remiti\u00f3 al Presidente Petro una comunicaci\u00f3n en la cual solicitaba aclarar si 11 de esas personas hac\u00edan parte de un grupo armado organizado al margen de la ley que decidi\u00f3 no suscribir el Acuerdo de Paz de la Habana, y por lo tanto, si eran integrantes de alguna organizaci\u00f3n criminal con la cual se adelantara un nuevo Acuerdo de Paz.<\/p>\n\n\n\n<p>El 8 de marzo, el Presidente, le envi\u00f3 respuesta al Fiscal General en la cual plante\u00f3 sus razones constitucionales y legales para pedir la suspensi\u00f3n de esas \u00f3rdenes de captura y se\u00f1al\u00f3 en la comunicaci\u00f3n que remplazaba la primera resoluci\u00f3n, por la resoluci\u00f3n 039 de 2023, en la cual se exclu\u00eda la solicitud inicial para suspender la orden de captura contra Javier Alonso Veloza Garc\u00eda, alias Jhon Mechas.<\/p>\n\n\n\n<p>El Fiscal General de la Naci\u00f3n, luego de sopesar los argumentos presentados por el Presidente Petro, y de acuerdo a sus competencias legales y constitucionales, decidi\u00f3 suspender las \u00f3rdenes de captura dictadas o que sean dictadas en contra de 19 personas. Ellas son: Edgar de Jes\u00fas Orrego Arango, alias Leo; Farby Edison Parra Parra, alias Richard; Robinson de Jes\u00fas Gonz\u00e1lez, alias Caicedo; Willinton Henao Gutierrez, alias Olmedo; Carlos Eduardo Garc\u00eda T\u00e9llez, alias Andrei; Omar Pardo Galeano, alias Antonio Medina; Ciro Alfonso Romero Ospina, alias Willy Romero; Ivan Jacob Idribo Arredondo, alias Marlon; Diverney Valencia, alias Herson; Deison Rodrigo Ortiz Camallo, alias Esteban Gonz\u00e1lez; Wilmar Pasu Rivera, alias David Arenas; Luis Carlos Pinilla Cort\u00e9z, alias Oscar Barreto; Anderson Andrei Vargas, alias Kevin; Oscar Eduardo Sandoval Noscu\u00e9, Luis Hern\u00e1n Ochoa, Fabio Giraldo Giraldo, Jaime Mu\u00f1oz Dorado, Leydy Tatiana Rojas y Eliecer Palomeque C\u00f3rdoba.<\/p>\n\n\n\n<p>&nbsp;Es importante destacar que ninguna de las personas solicitadas en la resoluci\u00f3n 039 de 2023, en la que ya estaba excluido alias Jhon Mechas, tienen \u00f3rdenes de captura con fines de extradici\u00f3n.<\/p>\n\n\n\n<p>Esta decisi\u00f3n es diferente a la solicitud hecha por el presidente el 11 de enero de este a\u00f1o, que buscaba beneficiar a miembros del Clan del Golfo y de las Autodefensas Gaitanistas de Colombia, AGC; narcotraficantes y paramilitares, en donde sigue considerando la Fiscal\u00eda que no existe un fundamento jur\u00eddico y constitucional para poder pedir el levantamiento de esas \u00f3rdenes de captura.<\/p>\n\n\n\n<p>En este caso concreto, para la Fiscal\u00eda existe el fundamento porque el Presidente Petro le dio car\u00e1cter pol\u00edtico a los disidentes que no firmaron el Acuerdo de Paz de la Habana y a los disidentes que firmaron el Acuerdo de Paz de la Habana y lo incumplieron, en ese sentido es una decisi\u00f3n pol\u00edtica del Presidente de la Rep\u00fablica de avanzar en los di\u00e1logos.<\/p>\n\n\n\n<p>Es importante destacar que los procesos penales y de extinci\u00f3n de dominio contra estas personas contin\u00faan vigentes y esta decisi\u00f3n no afecta su desenlace.<\/p>\n\n\n\n<p>Reiteramos que la Fiscal\u00eda General de la Naci\u00f3n y el Fiscal General de la Naci\u00f3n apoya la Paz Total bien hecha, y acompa\u00f1a institucionalmente su ejecuci\u00f3n.<\/p>\n\n\n\n<figure class=\"wp-block-audio\"><audio controls src=\"https:\/\/luchonoticias.com\/wp-content\/uploads\/2023\/03\/a777e5e1-1ed6-4d65-8535-89b76f9cb388.mp3\" autoplay><\/audio><figcaption class=\"wp-element-caption\">Fiscal General de Naci\u00f3n Francisco Barbosa Delgado.<\/figcaption><\/figure>\n","protected":false},"excerpt":{"rendered":"<p>A trav\u00e9s de un comunicado, la Fiscal\u00eda General de la Naci\u00f3n inform\u00f3 a la opini\u00f3n p\u00fablica que el d\u00eda 9 de febrero pasado, el presidente Gustavo Petro, en el marco de sus competencias legales y constitucionales, emiti\u00f3 la Resoluci\u00f3n 0014 en la cual solicit\u00f3 al Fiscal General de la Naci\u00f3n Francisco Barbosa Delgado, la suspensi\u00f3n [&hellip;]<\/p>\n","protected":false},"author":2,"featured_media":0,"comment_status":"open","ping_status":"open","sticky":false,"template":"","format":"standard","meta":{"footnotes":""},"categories":[28,36],"tags":[],"class_list":["post-48183","post","type-post","status-publish","format-standard","hentry","category-actualidad","category-destacado"],"yoast_head":"<!-- This site is optimized with the Yoast SEO plugin v26.6 - https:\/\/yoast.com\/wordpress\/plugins\/seo\/ -->\n<title>Fiscal decidi\u00f3 suspender \u00f3rdenes de captura a 19 integrantes de las disidencias de las Farc -<\/title>\n<meta name=\"robots\" content=\"index, follow, max-snippet:-1, max-image-preview:large, max-video-preview:-1\" \/>\n<link rel=\"canonical\" href=\"https:\/\/luchonoticias.com\/editor\/fiscal-decidio-suspender-ordenes-de-captura-a-19-integrantes-de-las-disidencias-de-las-farc\/\" \/>\n<meta property=\"og:locale\" content=\"es_ES\" \/>\n<meta property=\"og:type\" content=\"article\" \/>\n<meta property=\"og:title\" content=\"Fiscal decidi\u00f3 suspender \u00f3rdenes de captura a 19 integrantes de las disidencias de las Farc -\" \/>\n<meta property=\"og:url\" content=\"https:\/\/luchonoticias.com\/editor\/fiscal-decidio-suspender-ordenes-de-captura-a-19-integrantes-de-las-disidencias-de-las-farc\/\" \/>\n<meta property=\"article:publisher\" content=\"https:\/\/www.facebook.com\/luchonoticiasneiva\" \/>\n<meta property=\"article:published_time\" content=\"2023-03-13T19:40:04+00:00\" \/>\n<meta property=\"article:modified_time\" content=\"2023-03-13T19:40:30+00:00\" \/>\n<meta name=\"author\" content=\"Editor General\" \/>\n<meta name=\"twitter:card\" content=\"summary_large_image\" \/>\n<meta name=\"twitter:label1\" content=\"Escrito por\" \/>\n\t<meta name=\"twitter:data1\" content=\"Editor General\" \/>\n\t<meta name=\"twitter:label2\" content=\"Tiempo de lectura\" \/>\n\t<meta name=\"twitter:data2\" content=\"3 minutos\" \/>\n<script type=\"application\/ld+json\" class=\"yoast-schema-graph\">{\"@context\":\"https:\/\/schema.org\",\"@graph\":[{\"@type\":\"Article\",\"@id\":\"https:\/\/luchonoticias.com\/editor\/fiscal-decidio-suspender-ordenes-de-captura-a-19-integrantes-de-las-disidencias-de-las-farc\/#article\",\"isPartOf\":{\"@id\":\"https:\/\/luchonoticias.com\/editor\/fiscal-decidio-suspender-ordenes-de-captura-a-19-integrantes-de-las-disidencias-de-las-farc\/\"},\"author\":{\"name\":\"Editor General\",\"@id\":\"https:\/\/luchonoticias.com\/editor\/#\/schema\/person\/29217990ddf6f14e35912b2866d591fb\"},\"headline\":\"Fiscal decidi\u00f3 suspender \u00f3rdenes de captura a 19 integrantes de las disidencias de las Farc\",\"datePublished\":\"2023-03-13T19:40:04+00:00\",\"dateModified\":\"2023-03-13T19:40:30+00:00\",\"mainEntityOfPage\":{\"@id\":\"https:\/\/luchonoticias.com\/editor\/fiscal-decidio-suspender-ordenes-de-captura-a-19-integrantes-de-las-disidencias-de-las-farc\/\"},\"wordCount\":635,\"commentCount\":0,\"publisher\":{\"@id\":\"https:\/\/luchonoticias.com\/editor\/#\/schema\/person\/7a7fd911f58561fd056dbac7b55af9cd\"},\"articleSection\":[\"Actualidad\",\"Destacado\"],\"inLanguage\":\"es\",\"potentialAction\":[{\"@type\":\"CommentAction\",\"name\":\"Comment\",\"target\":[\"https:\/\/luchonoticias.com\/editor\/fiscal-decidio-suspender-ordenes-de-captura-a-19-integrantes-de-las-disidencias-de-las-farc\/#respond\"]}]},{\"@type\":\"WebPage\",\"@id\":\"https:\/\/luchonoticias.com\/editor\/fiscal-decidio-suspender-ordenes-de-captura-a-19-integrantes-de-las-disidencias-de-las-farc\/\",\"url\":\"https:\/\/luchonoticias.com\/editor\/fiscal-decidio-suspender-ordenes-de-captura-a-19-integrantes-de-las-disidencias-de-las-farc\/\",\"name\":\"Fiscal decidi\u00f3 suspender \u00f3rdenes de captura a 19 integrantes de las disidencias de las Farc -\",\"isPartOf\":{\"@id\":\"https:\/\/luchonoticias.com\/editor\/#website\"},\"datePublished\":\"2023-03-13T19:40:04+00:00\",\"dateModified\":\"2023-03-13T19:40:30+00:00\",\"breadcrumb\":{\"@id\":\"https:\/\/luchonoticias.com\/editor\/fiscal-decidio-suspender-ordenes-de-captura-a-19-integrantes-de-las-disidencias-de-las-farc\/#breadcrumb\"},\"inLanguage\":\"es\",\"potentialAction\":[{\"@type\":\"ReadAction\",\"target\":[\"https:\/\/luchonoticias.com\/editor\/fiscal-decidio-suspender-ordenes-de-captura-a-19-integrantes-de-las-disidencias-de-las-farc\/\"]}]},{\"@type\":\"BreadcrumbList\",\"@id\":\"https:\/\/luchonoticias.com\/editor\/fiscal-decidio-suspender-ordenes-de-captura-a-19-integrantes-de-las-disidencias-de-las-farc\/#breadcrumb\",\"itemListElement\":[{\"@type\":\"ListItem\",\"position\":1,\"name\":\"Portada\",\"item\":\"https:\/\/luchonoticias.com\/editor\/\"},{\"@type\":\"ListItem\",\"position\":2,\"name\":\"Fiscal decidi\u00f3 suspender \u00f3rdenes de captura a 19 integrantes de las disidencias de las Farc\"}]},{\"@type\":\"WebSite\",\"@id\":\"https:\/\/luchonoticias.com\/editor\/#website\",\"url\":\"https:\/\/luchonoticias.com\/editor\/\",\"name\":\"\",\"description\":\"\",\"publisher\":{\"@id\":\"https:\/\/luchonoticias.com\/editor\/#\/schema\/person\/7a7fd911f58561fd056dbac7b55af9cd\"},\"potentialAction\":[{\"@type\":\"SearchAction\",\"target\":{\"@type\":\"EntryPoint\",\"urlTemplate\":\"https:\/\/luchonoticias.com\/editor\/?s={search_term_string}\"},\"query-input\":{\"@type\":\"PropertyValueSpecification\",\"valueRequired\":true,\"valueName\":\"search_term_string\"}}],\"inLanguage\":\"es\"},{\"@type\":[\"Person\",\"Organization\"],\"@id\":\"https:\/\/luchonoticias.com\/editor\/#\/schema\/person\/7a7fd911f58561fd056dbac7b55af9cd\",\"name\":\"admin\",\"image\":{\"@type\":\"ImageObject\",\"inLanguage\":\"es\",\"@id\":\"https:\/\/luchonoticias.com\/editor\/#\/schema\/person\/image\/\",\"url\":\"https:\/\/luchonoticias.com\/editor\/wp-content\/uploads\/2024\/02\/cropped-cropped-logolu.webp\",\"contentUrl\":\"https:\/\/luchonoticias.com\/editor\/wp-content\/uploads\/2024\/02\/cropped-cropped-logolu.webp\",\"width\":382,\"height\":170,\"caption\":\"admin\"},\"logo\":{\"@id\":\"https:\/\/luchonoticias.com\/editor\/#\/schema\/person\/image\/\"},\"sameAs\":[\"https:\/\/www.facebook.com\/luchonoticiasneiva\"]},{\"@type\":\"Person\",\"@id\":\"https:\/\/luchonoticias.com\/editor\/#\/schema\/person\/29217990ddf6f14e35912b2866d591fb\",\"name\":\"Editor General\",\"image\":{\"@type\":\"ImageObject\",\"inLanguage\":\"es\",\"@id\":\"https:\/\/luchonoticias.com\/editor\/#\/schema\/person\/image\/\",\"url\":\"https:\/\/luchonoticias.com\/editor\/wp-content\/uploads\/2024\/02\/cropped-cropped-logolu-150x150.webp\",\"contentUrl\":\"https:\/\/luchonoticias.com\/editor\/wp-content\/uploads\/2024\/02\/cropped-cropped-logolu-150x150.webp\",\"caption\":\"Editor General\"},\"sameAs\":[\"https:\/\/luchonoticias.com\/\"],\"url\":\"https:\/\/luchonoticias.com\/editor\/author\/editor-general\/\"}]}<\/script>\n<!-- \/ Yoast SEO plugin. -->","yoast_head_json":{"title":"Fiscal decidi\u00f3 suspender \u00f3rdenes de captura a 19 integrantes de las disidencias de las Farc -","robots":{"index":"index","follow":"follow","max-snippet":"max-snippet:-1","max-image-preview":"max-image-preview:large","max-video-preview":"max-video-preview:-1"},"canonical":"https:\/\/luchonoticias.com\/editor\/fiscal-decidio-suspender-ordenes-de-captura-a-19-integrantes-de-las-disidencias-de-las-farc\/","og_locale":"es_ES","og_type":"article","og_title":"Fiscal decidi\u00f3 suspender \u00f3rdenes de captura a 19 integrantes de las disidencias de las Farc -","og_url":"https:\/\/luchonoticias.com\/editor\/fiscal-decidio-suspender-ordenes-de-captura-a-19-integrantes-de-las-disidencias-de-las-farc\/","article_publisher":"https:\/\/www.facebook.com\/luchonoticiasneiva","article_published_time":"2023-03-13T19:40:04+00:00","article_modified_time":"2023-03-13T19:40:30+00:00","author":"Editor General","twitter_card":"summary_large_image","twitter_misc":{"Escrito por":"Editor General","Tiempo de lectura":"3 minutos"},"schema":{"@context":"https:\/\/schema.org","@graph":[{"@type":"Article","@id":"https:\/\/luchonoticias.com\/editor\/fiscal-decidio-suspender-ordenes-de-captura-a-19-integrantes-de-las-disidencias-de-las-farc\/#article","isPartOf":{"@id":"https:\/\/luchonoticias.com\/editor\/fiscal-decidio-suspender-ordenes-de-captura-a-19-integrantes-de-las-disidencias-de-las-farc\/"},"author":{"name":"Editor General","@id":"https:\/\/luchonoticias.com\/editor\/#\/schema\/person\/29217990ddf6f14e35912b2866d591fb"},"headline":"Fiscal decidi\u00f3 suspender \u00f3rdenes de captura a 19 integrantes de las disidencias de las Farc","datePublished":"2023-03-13T19:40:04+00:00","dateModified":"2023-03-13T19:40:30+00:00","mainEntityOfPage":{"@id":"https:\/\/luchonoticias.com\/editor\/fiscal-decidio-suspender-ordenes-de-captura-a-19-integrantes-de-las-disidencias-de-las-farc\/"},"wordCount":635,"commentCount":0,"publisher":{"@id":"https:\/\/luchonoticias.com\/editor\/#\/schema\/person\/7a7fd911f58561fd056dbac7b55af9cd"},"articleSection":["Actualidad","Destacado"],"inLanguage":"es","potentialAction":[{"@type":"CommentAction","name":"Comment","target":["https:\/\/luchonoticias.com\/editor\/fiscal-decidio-suspender-ordenes-de-captura-a-19-integrantes-de-las-disidencias-de-las-farc\/#respond"]}]},{"@type":"WebPage","@id":"https:\/\/luchonoticias.com\/editor\/fiscal-decidio-suspender-ordenes-de-captura-a-19-integrantes-de-las-disidencias-de-las-farc\/","url":"https:\/\/luchonoticias.com\/editor\/fiscal-decidio-suspender-ordenes-de-captura-a-19-integrantes-de-las-disidencias-de-las-farc\/","name":"Fiscal decidi\u00f3 suspender \u00f3rdenes de captura a 19 integrantes de las disidencias de las Farc -","isPartOf":{"@id":"https:\/\/luchonoticias.com\/editor\/#website"},"datePublished":"2023-03-13T19:40:04+00:00","dateModified":"2023-03-13T19:40:30+00:00","breadcrumb":{"@id":"https:\/\/luchonoticias.com\/editor\/fiscal-decidio-suspender-ordenes-de-captura-a-19-integrantes-de-las-disidencias-de-las-farc\/#breadcrumb"},"inLanguage":"es","potentialAction":[{"@type":"ReadAction","target":["https:\/\/luchonoticias.com\/editor\/fiscal-decidio-suspender-ordenes-de-captura-a-19-integrantes-de-las-disidencias-de-las-farc\/"]}]},{"@type":"BreadcrumbList","@id":"https:\/\/luchonoticias.com\/editor\/fiscal-decidio-suspender-ordenes-de-captura-a-19-integrantes-de-las-disidencias-de-las-farc\/#breadcrumb","itemListElement":[{"@type":"ListItem","position":1,"name":"Portada","item":"https:\/\/luchonoticias.com\/editor\/"},{"@type":"ListItem","position":2,"name":"Fiscal decidi\u00f3 suspender \u00f3rdenes de captura a 19 integrantes de las disidencias de las Farc"}]},{"@type":"WebSite","@id":"https:\/\/luchonoticias.com\/editor\/#website","url":"https:\/\/luchonoticias.com\/editor\/","name":"","description":"","publisher":{"@id":"https:\/\/luchonoticias.com\/editor\/#\/schema\/person\/7a7fd911f58561fd056dbac7b55af9cd"},"potentialAction":[{"@type":"SearchAction","target":{"@type":"EntryPoint","urlTemplate":"https:\/\/luchonoticias.com\/editor\/?s={search_term_string}"},"query-input":{"@type":"PropertyValueSpecification","valueRequired":true,"valueName":"search_term_string"}}],"inLanguage":"es"},{"@type":["Person","Organization"],"@id":"https:\/\/luchonoticias.com\/editor\/#\/schema\/person\/7a7fd911f58561fd056dbac7b55af9cd","name":"admin","image":{"@type":"ImageObject","inLanguage":"es","@id":"https:\/\/luchonoticias.com\/editor\/#\/schema\/person\/image\/","url":"https:\/\/luchonoticias.com\/editor\/wp-content\/uploads\/2024\/02\/cropped-cropped-logolu.webp","contentUrl":"https:\/\/luchonoticias.com\/editor\/wp-content\/uploads\/2024\/02\/cropped-cropped-logolu.webp","width":382,"height":170,"caption":"admin"},"logo":{"@id":"https:\/\/luchonoticias.com\/editor\/#\/schema\/person\/image\/"},"sameAs":["https:\/\/www.facebook.com\/luchonoticiasneiva"]},{"@type":"Person","@id":"https:\/\/luchonoticias.com\/editor\/#\/schema\/person\/29217990ddf6f14e35912b2866d591fb","name":"Editor General","image":{"@type":"ImageObject","inLanguage":"es","@id":"https:\/\/luchonoticias.com\/editor\/#\/schema\/person\/image\/","url":"https:\/\/luchonoticias.com\/editor\/wp-content\/uploads\/2024\/02\/cropped-cropped-logolu-150x150.webp","contentUrl":"https:\/\/luchonoticias.com\/editor\/wp-content\/uploads\/2024\/02\/cropped-cropped-logolu-150x150.webp","caption":"Editor General"},"sameAs":["https:\/\/luchonoticias.com\/"],"url":"https:\/\/luchonoticias.com\/editor\/author\/editor-general\/"}]}},"_links":{"self":[{"href":"https:\/\/luchonoticias.com\/editor\/wp-json\/wp\/v2\/posts\/48183","targetHints":{"allow":["GET"]}}],"collection":[{"href":"https:\/\/luchonoticias.com\/editor\/wp-json\/wp\/v2\/posts"}],"about":[{"href":"https:\/\/luchonoticias.com\/editor\/wp-json\/wp\/v2\/types\/post"}],"author":[{"embeddable":true,"href":"https:\/\/luchonoticias.com\/editor\/wp-json\/wp\/v2\/users\/2"}],"replies":[{"embeddable":true,"href":"https:\/\/luchonoticias.com\/editor\/wp-json\/wp\/v2\/comments?post=48183"}],"version-history":[{"count":0,"href":"https:\/\/luchonoticias.com\/editor\/wp-json\/wp\/v2\/posts\/48183\/revisions"}],"wp:attachment":[{"href":"https:\/\/luchonoticias.com\/editor\/wp-json\/wp\/v2\/media?parent=48183"}],"wp:term":[{"taxonomy":"category","embeddable":true,"href":"https:\/\/luchonoticias.com\/editor\/wp-json\/wp\/v2\/categories?post=48183"},{"taxonomy":"post_tag","embeddable":true,"href":"https:\/\/luchonoticias.com\/editor\/wp-json\/wp\/v2\/tags?post=48183"}],"curies":[{"name":"wp","href":"https:\/\/api.w.org\/{rel}","templated":true}]}}