{"id":48189,"date":"2023-03-13T16:03:23","date_gmt":"2023-03-13T21:03:23","guid":{"rendered":"https:\/\/luchonoticias.com\/?p=48189"},"modified":"2023-03-13T16:03:24","modified_gmt":"2023-03-13T21:03:24","slug":"gas-domiciliario-para-comunidades-rurales-del-huila","status":"publish","type":"post","link":"https:\/\/luchonoticias.com\/editor\/gas-domiciliario-para-comunidades-rurales-del-huila\/","title":{"rendered":"Gas domiciliario para comunidades rurales del Huila"},"content":{"rendered":"\n<p>El&nbsp;<strong>convenio 058 entre la Gobernaci\u00f3n del Huila y Alcanos de Colombia<\/strong>&nbsp;por valor de $5.963.035.740.oo y cuyo objeto es la&nbsp;<strong>ampliaci\u00f3n de cobertura de las redes de gas domiciliario y derechos de conexi\u00f3n&nbsp;<\/strong>para usuarios de estratos 1 y 2 en las&nbsp;<strong>zonas rurales de los municipios de La Plata, Garz\u00f3n y Gigante,<\/strong>&nbsp;est\u00e1 siendo socializado en cada una de las veredas del \u00e1rea de cobertura de estos municipios.<\/p>\n\n\n\n<p>En el&nbsp;<strong>municipio de Gigante, en la vereda tres esquinas<\/strong>, 92 familias ser\u00e1n beneficiadas con este iniciativa, as\u00ed lo dio a conocer, Cesar Germ\u00e1n Roa, Alcalde del municipio de Gigante. \u201cMuy contento de estar socializando el d\u00eda de hoy el proyecto de gas de Altos Tres Esquinas, que inician obras el 3 de abril. Esto<strong>&nbsp;es un gran beneficio no solo por el ahorro que significa para la econom\u00eda,<\/strong>&nbsp;porque comprar hoy el d\u00eda el gas en cilindros resulta muy costoso, tambi\u00e9n el tema ecol\u00f3gico y la mujer quien es la que sufre por ell humo de cocinar con le\u00f1a. 92 familias que se van a beneficiar considerablemente\u201d.<\/p>\n\n\n\n<p>Las socializaciones para la ejecuci\u00f3n de las obras tambi\u00e9n&nbsp;<strong>llegaron a las veredas el Cabuyal y la Morena en el municipio de La Plata<\/strong>&nbsp;y pr\u00f3ximamente llegaran a<strong>&nbsp;otras veredas de los municipios de Garz\u00f3n y La Plata.<\/strong><\/p>\n","protected":false},"excerpt":{"rendered":"<p>El&nbsp;convenio 058 entre la Gobernaci\u00f3n del Huila y Alcanos de Colombia&nbsp;por valor de $5.963.035.740.oo y cuyo objeto es la&nbsp;ampliaci\u00f3n de cobertura de las redes de gas domiciliario y derechos de conexi\u00f3n&nbsp;para usuarios de estratos 1 y 2 en las&nbsp;zonas rurales de los municipios de La Plata, Garz\u00f3n y Gigante,&nbsp;est\u00e1 siendo socializado en cada una de [&hellip;]<\/p>\n","protected":false},"author":2,"featured_media":0,"comment_status":"open","ping_status":"open","sticky":false,"template":"","format":"standard","meta":{"footnotes":""},"categories":[33],"tags":[],"class_list":["post-48189","post","type-post","status-publish","format-standard","hentry","category-huila"],"yoast_head":"<!-- This site is optimized with the Yoast SEO plugin v26.6 - https:\/\/yoast.com\/wordpress\/plugins\/seo\/ -->\n<title>Gas domiciliario para comunidades rurales del Huila -<\/title>\n<meta name=\"robots\" content=\"index, follow, max-snippet:-1, max-image-preview:large, max-video-preview:-1\" \/>\n<link rel=\"canonical\" href=\"https:\/\/luchonoticias.com\/editor\/gas-domiciliario-para-comunidades-rurales-del-huila\/\" \/>\n<meta property=\"og:locale\" content=\"es_ES\" \/>\n<meta property=\"og:type\" content=\"article\" \/>\n<meta property=\"og:title\" content=\"Gas domiciliario para comunidades rurales del Huila -\" \/>\n<meta property=\"og:url\" content=\"https:\/\/luchonoticias.com\/editor\/gas-domiciliario-para-comunidades-rurales-del-huila\/\" \/>\n<meta property=\"article:publisher\" content=\"https:\/\/www.facebook.com\/luchonoticiasneiva\" \/>\n<meta property=\"article:published_time\" content=\"2023-03-13T21:03:23+00:00\" \/>\n<meta property=\"article:modified_time\" content=\"2023-03-13T21:03:24+00:00\" \/>\n<meta name=\"author\" content=\"Editor General\" \/>\n<meta name=\"twitter:card\" content=\"summary_large_image\" \/>\n<meta name=\"twitter:label1\" content=\"Escrito por\" \/>\n\t<meta name=\"twitter:data1\" content=\"Editor General\" \/>\n\t<meta name=\"twitter:label2\" content=\"Tiempo de lectura\" \/>\n\t<meta name=\"twitter:data2\" content=\"1 minuto\" \/>\n<script type=\"application\/ld+json\" class=\"yoast-schema-graph\">{\"@context\":\"https:\/\/schema.org\",\"@graph\":[{\"@type\":\"Article\",\"@id\":\"https:\/\/luchonoticias.com\/editor\/gas-domiciliario-para-comunidades-rurales-del-huila\/#article\",\"isPartOf\":{\"@id\":\"https:\/\/luchonoticias.com\/editor\/gas-domiciliario-para-comunidades-rurales-del-huila\/\"},\"author\":{\"name\":\"Editor General\",\"@id\":\"https:\/\/luchonoticias.com\/editor\/#\/schema\/person\/29217990ddf6f14e35912b2866d591fb\"},\"headline\":\"Gas domiciliario para comunidades rurales del Huila\",\"datePublished\":\"2023-03-13T21:03:23+00:00\",\"dateModified\":\"2023-03-13T21:03:24+00:00\",\"mainEntityOfPage\":{\"@id\":\"https:\/\/luchonoticias.com\/editor\/gas-domiciliario-para-comunidades-rurales-del-huila\/\"},\"wordCount\":245,\"commentCount\":0,\"publisher\":{\"@id\":\"https:\/\/luchonoticias.com\/editor\/#\/schema\/person\/7a7fd911f58561fd056dbac7b55af9cd\"},\"articleSection\":[\"Huila\"],\"inLanguage\":\"es\",\"potentialAction\":[{\"@type\":\"CommentAction\",\"name\":\"Comment\",\"target\":[\"https:\/\/luchonoticias.com\/editor\/gas-domiciliario-para-comunidades-rurales-del-huila\/#respond\"]}]},{\"@type\":\"WebPage\",\"@id\":\"https:\/\/luchonoticias.com\/editor\/gas-domiciliario-para-comunidades-rurales-del-huila\/\",\"url\":\"https:\/\/luchonoticias.com\/editor\/gas-domiciliario-para-comunidades-rurales-del-huila\/\",\"name\":\"Gas domiciliario para comunidades rurales del Huila -\",\"isPartOf\":{\"@id\":\"https:\/\/luchonoticias.com\/editor\/#website\"},\"datePublished\":\"2023-03-13T21:03:23+00:00\",\"dateModified\":\"2023-03-13T21:03:24+00:00\",\"breadcrumb\":{\"@id\":\"https:\/\/luchonoticias.com\/editor\/gas-domiciliario-para-comunidades-rurales-del-huila\/#breadcrumb\"},\"inLanguage\":\"es\",\"potentialAction\":[{\"@type\":\"ReadAction\",\"target\":[\"https:\/\/luchonoticias.com\/editor\/gas-domiciliario-para-comunidades-rurales-del-huila\/\"]}]},{\"@type\":\"BreadcrumbList\",\"@id\":\"https:\/\/luchonoticias.com\/editor\/gas-domiciliario-para-comunidades-rurales-del-huila\/#breadcrumb\",\"itemListElement\":[{\"@type\":\"ListItem\",\"position\":1,\"name\":\"Portada\",\"item\":\"https:\/\/luchonoticias.com\/editor\/\"},{\"@type\":\"ListItem\",\"position\":2,\"name\":\"Gas domiciliario para comunidades rurales del Huila\"}]},{\"@type\":\"WebSite\",\"@id\":\"https:\/\/luchonoticias.com\/editor\/#website\",\"url\":\"https:\/\/luchonoticias.com\/editor\/\",\"name\":\"\",\"description\":\"\",\"publisher\":{\"@id\":\"https:\/\/luchonoticias.com\/editor\/#\/schema\/person\/7a7fd911f58561fd056dbac7b55af9cd\"},\"potentialAction\":[{\"@type\":\"SearchAction\",\"target\":{\"@type\":\"EntryPoint\",\"urlTemplate\":\"https:\/\/luchonoticias.com\/editor\/?s={search_term_string}\"},\"query-input\":{\"@type\":\"PropertyValueSpecification\",\"valueRequired\":true,\"valueName\":\"search_term_string\"}}],\"inLanguage\":\"es\"},{\"@type\":[\"Person\",\"Organization\"],\"@id\":\"https:\/\/luchonoticias.com\/editor\/#\/schema\/person\/7a7fd911f58561fd056dbac7b55af9cd\",\"name\":\"admin\",\"image\":{\"@type\":\"ImageObject\",\"inLanguage\":\"es\",\"@id\":\"https:\/\/luchonoticias.com\/editor\/#\/schema\/person\/image\/\",\"url\":\"https:\/\/luchonoticias.com\/editor\/wp-content\/uploads\/2024\/02\/cropped-cropped-logolu.webp\",\"contentUrl\":\"https:\/\/luchonoticias.com\/editor\/wp-content\/uploads\/2024\/02\/cropped-cropped-logolu.webp\",\"width\":382,\"height\":170,\"caption\":\"admin\"},\"logo\":{\"@id\":\"https:\/\/luchonoticias.com\/editor\/#\/schema\/person\/image\/\"},\"sameAs\":[\"https:\/\/www.facebook.com\/luchonoticiasneiva\"]},{\"@type\":\"Person\",\"@id\":\"https:\/\/luchonoticias.com\/editor\/#\/schema\/person\/29217990ddf6f14e35912b2866d591fb\",\"name\":\"Editor General\",\"image\":{\"@type\":\"ImageObject\",\"inLanguage\":\"es\",\"@id\":\"https:\/\/luchonoticias.com\/editor\/#\/schema\/person\/image\/\",\"url\":\"https:\/\/luchonoticias.com\/editor\/wp-content\/uploads\/2024\/02\/cropped-cropped-logolu-150x150.webp\",\"contentUrl\":\"https:\/\/luchonoticias.com\/editor\/wp-content\/uploads\/2024\/02\/cropped-cropped-logolu-150x150.webp\",\"caption\":\"Editor General\"},\"sameAs\":[\"https:\/\/luchonoticias.com\/\"],\"url\":\"https:\/\/luchonoticias.com\/editor\/author\/editor-general\/\"}]}<\/script>\n<!-- \/ Yoast SEO plugin. -->","yoast_head_json":{"title":"Gas domiciliario para comunidades rurales del Huila -","robots":{"index":"index","follow":"follow","max-snippet":"max-snippet:-1","max-image-preview":"max-image-preview:large","max-video-preview":"max-video-preview:-1"},"canonical":"https:\/\/luchonoticias.com\/editor\/gas-domiciliario-para-comunidades-rurales-del-huila\/","og_locale":"es_ES","og_type":"article","og_title":"Gas domiciliario para comunidades rurales del Huila -","og_url":"https:\/\/luchonoticias.com\/editor\/gas-domiciliario-para-comunidades-rurales-del-huila\/","article_publisher":"https:\/\/www.facebook.com\/luchonoticiasneiva","article_published_time":"2023-03-13T21:03:23+00:00","article_modified_time":"2023-03-13T21:03:24+00:00","author":"Editor General","twitter_card":"summary_large_image","twitter_misc":{"Escrito por":"Editor General","Tiempo de lectura":"1 minuto"},"schema":{"@context":"https:\/\/schema.org","@graph":[{"@type":"Article","@id":"https:\/\/luchonoticias.com\/editor\/gas-domiciliario-para-comunidades-rurales-del-huila\/#article","isPartOf":{"@id":"https:\/\/luchonoticias.com\/editor\/gas-domiciliario-para-comunidades-rurales-del-huila\/"},"author":{"name":"Editor General","@id":"https:\/\/luchonoticias.com\/editor\/#\/schema\/person\/29217990ddf6f14e35912b2866d591fb"},"headline":"Gas domiciliario para comunidades rurales del Huila","datePublished":"2023-03-13T21:03:23+00:00","dateModified":"2023-03-13T21:03:24+00:00","mainEntityOfPage":{"@id":"https:\/\/luchonoticias.com\/editor\/gas-domiciliario-para-comunidades-rurales-del-huila\/"},"wordCount":245,"commentCount":0,"publisher":{"@id":"https:\/\/luchonoticias.com\/editor\/#\/schema\/person\/7a7fd911f58561fd056dbac7b55af9cd"},"articleSection":["Huila"],"inLanguage":"es","potentialAction":[{"@type":"CommentAction","name":"Comment","target":["https:\/\/luchonoticias.com\/editor\/gas-domiciliario-para-comunidades-rurales-del-huila\/#respond"]}]},{"@type":"WebPage","@id":"https:\/\/luchonoticias.com\/editor\/gas-domiciliario-para-comunidades-rurales-del-huila\/","url":"https:\/\/luchonoticias.com\/editor\/gas-domiciliario-para-comunidades-rurales-del-huila\/","name":"Gas domiciliario para comunidades rurales del Huila -","isPartOf":{"@id":"https:\/\/luchonoticias.com\/editor\/#website"},"datePublished":"2023-03-13T21:03:23+00:00","dateModified":"2023-03-13T21:03:24+00:00","breadcrumb":{"@id":"https:\/\/luchonoticias.com\/editor\/gas-domiciliario-para-comunidades-rurales-del-huila\/#breadcrumb"},"inLanguage":"es","potentialAction":[{"@type":"ReadAction","target":["https:\/\/luchonoticias.com\/editor\/gas-domiciliario-para-comunidades-rurales-del-huila\/"]}]},{"@type":"BreadcrumbList","@id":"https:\/\/luchonoticias.com\/editor\/gas-domiciliario-para-comunidades-rurales-del-huila\/#breadcrumb","itemListElement":[{"@type":"ListItem","position":1,"name":"Portada","item":"https:\/\/luchonoticias.com\/editor\/"},{"@type":"ListItem","position":2,"name":"Gas domiciliario para comunidades rurales del Huila"}]},{"@type":"WebSite","@id":"https:\/\/luchonoticias.com\/editor\/#website","url":"https:\/\/luchonoticias.com\/editor\/","name":"","description":"","publisher":{"@id":"https:\/\/luchonoticias.com\/editor\/#\/schema\/person\/7a7fd911f58561fd056dbac7b55af9cd"},"potentialAction":[{"@type":"SearchAction","target":{"@type":"EntryPoint","urlTemplate":"https:\/\/luchonoticias.com\/editor\/?s={search_term_string}"},"query-input":{"@type":"PropertyValueSpecification","valueRequired":true,"valueName":"search_term_string"}}],"inLanguage":"es"},{"@type":["Person","Organization"],"@id":"https:\/\/luchonoticias.com\/editor\/#\/schema\/person\/7a7fd911f58561fd056dbac7b55af9cd","name":"admin","image":{"@type":"ImageObject","inLanguage":"es","@id":"https:\/\/luchonoticias.com\/editor\/#\/schema\/person\/image\/","url":"https:\/\/luchonoticias.com\/editor\/wp-content\/uploads\/2024\/02\/cropped-cropped-logolu.webp","contentUrl":"https:\/\/luchonoticias.com\/editor\/wp-content\/uploads\/2024\/02\/cropped-cropped-logolu.webp","width":382,"height":170,"caption":"admin"},"logo":{"@id":"https:\/\/luchonoticias.com\/editor\/#\/schema\/person\/image\/"},"sameAs":["https:\/\/www.facebook.com\/luchonoticiasneiva"]},{"@type":"Person","@id":"https:\/\/luchonoticias.com\/editor\/#\/schema\/person\/29217990ddf6f14e35912b2866d591fb","name":"Editor General","image":{"@type":"ImageObject","inLanguage":"es","@id":"https:\/\/luchonoticias.com\/editor\/#\/schema\/person\/image\/","url":"https:\/\/luchonoticias.com\/editor\/wp-content\/uploads\/2024\/02\/cropped-cropped-logolu-150x150.webp","contentUrl":"https:\/\/luchonoticias.com\/editor\/wp-content\/uploads\/2024\/02\/cropped-cropped-logolu-150x150.webp","caption":"Editor General"},"sameAs":["https:\/\/luchonoticias.com\/"],"url":"https:\/\/luchonoticias.com\/editor\/author\/editor-general\/"}]}},"_links":{"self":[{"href":"https:\/\/luchonoticias.com\/editor\/wp-json\/wp\/v2\/posts\/48189","targetHints":{"allow":["GET"]}}],"collection":[{"href":"https:\/\/luchonoticias.com\/editor\/wp-json\/wp\/v2\/posts"}],"about":[{"href":"https:\/\/luchonoticias.com\/editor\/wp-json\/wp\/v2\/types\/post"}],"author":[{"embeddable":true,"href":"https:\/\/luchonoticias.com\/editor\/wp-json\/wp\/v2\/users\/2"}],"replies":[{"embeddable":true,"href":"https:\/\/luchonoticias.com\/editor\/wp-json\/wp\/v2\/comments?post=48189"}],"version-history":[{"count":0,"href":"https:\/\/luchonoticias.com\/editor\/wp-json\/wp\/v2\/posts\/48189\/revisions"}],"wp:attachment":[{"href":"https:\/\/luchonoticias.com\/editor\/wp-json\/wp\/v2\/media?parent=48189"}],"wp:term":[{"taxonomy":"category","embeddable":true,"href":"https:\/\/luchonoticias.com\/editor\/wp-json\/wp\/v2\/categories?post=48189"},{"taxonomy":"post_tag","embeddable":true,"href":"https:\/\/luchonoticias.com\/editor\/wp-json\/wp\/v2\/tags?post=48189"}],"curies":[{"name":"wp","href":"https:\/\/api.w.org\/{rel}","templated":true}]}}