{"id":48192,"date":"2023-03-13T16:55:18","date_gmt":"2023-03-13T21:55:18","guid":{"rendered":"https:\/\/luchonoticias.com\/?p=48192"},"modified":"2023-03-13T16:55:19","modified_gmt":"2023-03-13T21:55:19","slug":"participacion-masiva-de-mujeres-en-homenaje-que-les-realizo-wilker-bautista","status":"publish","type":"post","link":"https:\/\/luchonoticias.com\/editor\/participacion-masiva-de-mujeres-en-homenaje-que-les-realizo-wilker-bautista\/","title":{"rendered":"Participaci\u00f3n masiva de mujeres en homenaje que les realiz\u00f3 Wilker Bautista"},"content":{"rendered":"\n<p>Multitudinaria. As\u00ed fue la conmemoraci\u00f3n del D\u00eda de la Mujer, organizado por el aspirante a la Alcald\u00eda de Neiva, Wilker Bautista. Al menos5.000 personas, entre ellas 3000 mujeres, llenaron la calle 8 entre carreras 10 y 11, la carrera 10 entre calles 8 y 7, para presenciar el primer acto oficial masivo de la campa\u00f1a del candidato del Grupo Significativo de Ciudadanos, Neiva, Primero La Vida, qui\u00e9n por estos d\u00edas recoge justamente firmas para avalar su aspiraci\u00f3n.<\/p>\n\n\n\n<p>El evento cont\u00f3 con la participaci\u00f3n masiva de mujeres de distintas comunas y corregimientos, qui\u00e9nes fueron centro de un homenaje por parte de la campa\u00f1a y con las que el precandidato se comprometi\u00f3 al firmar un manifiesto en el que asegura que en caso de ser elegido como Alcalde, no solo tendr\u00e1 la cuota de g\u00e9nero en su gobierno, equivalente al 50%, pues asegur\u00f3 que en lo personal, siempre le ha gustado el trabajo que realizan las mujeres al frente de diferentes cargos.<\/p>\n\n\n\n<p>As\u00ed mismo se comprometi\u00f3 a seguir aplicando la pol\u00edtica p\u00fablica de equidad de g\u00e9nero pero adem\u00e1s velar\u00e1 por generar mayores mecanismos que protejan a la mujer de la violencia de g\u00e9nero, y otros flagelos que hoy viven.<\/p>\n\n\n\n<p>\u00abHoy quisimos conmemorar el d\u00eda internacional la mujer urbana y rural, y quisimos evocar lo que significa la mujer neivana para nuestro prop\u00f3sito, en ella encontramos la vida, la persona que engendra transparencia que engendra amor y sobre todo que es motor y desarrollo para nuestro municipio\u00bb, dijo el precandidato independiente.<\/p>\n\n\n\n<figure class=\"wp-block-image size-large\"><img decoding=\"async\" src=\"https:\/\/luchonoticias.com\/wp-content\/uploads\/2023\/03\/WhatsApp-Image-2023-03-13-at-4.49.29-PM-1024x513.jpeg\" alt=\"\" class=\"wp-image-48194\"\/><\/figure>\n\n\n\n<p><strong>Fuerza pol\u00edtica<\/strong><\/p>\n\n\n\n<p>Durante el acto pol\u00edtico que inici\u00f3 sobre las 6:00 PM y se extendi\u00f3 hasta casi las 7:30 PM, Wilker en medio de un en\u00e9rgico discurso convoc\u00f3 a las bases del gorkysmo y dem\u00e1s fuerzas pol\u00edticas que lo respaldan, a seguir unidas para seguir fortaleci\u00e9ndose cada d\u00eda, de cara a las elecciones del pr\u00f3ximo 29 e octubre.<\/p>\n\n\n\n<p><strong>Firmas<\/strong><\/p>\n\n\n\n<p>Aprovech\u00f3 la oportunidad para anunciar que ya super\u00f3 las 60.000 firmas recolectadas de las 150.000 que aspira a recoger antes de junio pr\u00f3ximo, una cifra muy por encima de las 50.000 firmas v\u00e1lidas, que para el caso de Neiva, exige la Registradur\u00eda Nacional para avalar la inscripci\u00f3n de su candidatura.<\/p>\n\n\n\n<p>\u00abEl color naranja significa vida y juventud, alegr\u00eda e independencia, y es lo que estamos haciendo cont\u00e1ndole a la ciudadan\u00eda que, de la mano del pueblo en las calles de Neiva, en todo el territorio, lo estamos haciendo de la mejor manera. Hoy tenemos 59 mil de las 50 mil requeridas, y vamos por la meta que nos propusimos de 150 mil\u00bb, agreg\u00f3.<\/p>\n\n\n\n<figure class=\"wp-block-image size-large\"><img decoding=\"async\" src=\"https:\/\/luchonoticias.com\/wp-content\/uploads\/2023\/03\/WhatsApp-Image-2023-03-13-at-4.49.28-PM-1-1024x682.jpeg\" alt=\"\" class=\"wp-image-48195\"\/><\/figure>\n\n\n\n<p><strong>Equipo pol\u00edtico<\/strong><\/p>\n\n\n\n<p>Finalmente, luego de una presentaci\u00f3n art\u00edstica y de una serenata de mariachis para las mujeres, el precandidato present\u00f3 algunos de los candidatos al Concejo y a la Asamblea que respaldan su aspiraci\u00f3n, as\u00ed como concejales actuales.<\/p>\n\n\n\n<p>Adem\u00e1s hicieron presencia 15 de los m\u00e1s de 23 candidatos al Concejo que lo acompa\u00f1an, aunque se\u00f1al\u00f3 que aspira tener el respaldo de al menos 5 listas; as\u00ed como 4 candidatos a la Asamblea y 7 concejales actuales. De esta manera Wilker Bautista mostr\u00f3 sus dientes, y demostr\u00f3 a la ciudad la fuerza de una candidatura que aunque apenas empieza, ya se proyecta como una de las llamadas a dar la pelea en las elecciones de octubre pr\u00f3ximo.<\/p>\n","protected":false},"excerpt":{"rendered":"<p>Multitudinaria. As\u00ed fue la conmemoraci\u00f3n del D\u00eda de la Mujer, organizado por el aspirante a la Alcald\u00eda de Neiva, Wilker Bautista. Al menos5.000 personas, entre ellas 3000 mujeres, llenaron la calle 8 entre carreras 10 y 11, la carrera 10 entre calles 8 y 7, para presenciar el primer acto oficial masivo de la campa\u00f1a [&hellip;]<\/p>\n","protected":false},"author":2,"featured_media":0,"comment_status":"open","ping_status":"open","sticky":false,"template":"","format":"standard","meta":{"footnotes":""},"categories":[36,617],"tags":[],"class_list":["post-48192","post","type-post","status-publish","format-standard","hentry","category-destacado","category-politica"],"yoast_head":"<!-- This site is optimized with the Yoast SEO plugin v26.6 - https:\/\/yoast.com\/wordpress\/plugins\/seo\/ -->\n<title>Participaci\u00f3n masiva de mujeres en homenaje que les realiz\u00f3 Wilker Bautista -<\/title>\n<meta name=\"robots\" content=\"index, follow, max-snippet:-1, max-image-preview:large, max-video-preview:-1\" \/>\n<link rel=\"canonical\" href=\"https:\/\/luchonoticias.com\/editor\/participacion-masiva-de-mujeres-en-homenaje-que-les-realizo-wilker-bautista\/\" \/>\n<meta property=\"og:locale\" content=\"es_ES\" \/>\n<meta property=\"og:type\" content=\"article\" \/>\n<meta property=\"og:title\" content=\"Participaci\u00f3n masiva de mujeres en homenaje que les realiz\u00f3 Wilker Bautista -\" \/>\n<meta property=\"og:url\" content=\"https:\/\/luchonoticias.com\/editor\/participacion-masiva-de-mujeres-en-homenaje-que-les-realizo-wilker-bautista\/\" \/>\n<meta property=\"article:publisher\" content=\"https:\/\/www.facebook.com\/luchonoticiasneiva\" \/>\n<meta property=\"article:published_time\" content=\"2023-03-13T21:55:18+00:00\" \/>\n<meta property=\"article:modified_time\" content=\"2023-03-13T21:55:19+00:00\" \/>\n<meta property=\"og:image\" content=\"https:\/\/luchonoticias.com\/wp-content\/uploads\/2023\/03\/WhatsApp-Image-2023-03-13-at-4.49.29-PM-1024x513.jpeg\" \/>\n<meta name=\"author\" content=\"Editor General\" \/>\n<meta name=\"twitter:card\" content=\"summary_large_image\" \/>\n<meta name=\"twitter:label1\" content=\"Escrito por\" \/>\n\t<meta name=\"twitter:data1\" content=\"Editor General\" \/>\n\t<meta name=\"twitter:label2\" content=\"Tiempo de lectura\" \/>\n\t<meta name=\"twitter:data2\" content=\"3 minutos\" \/>\n<script type=\"application\/ld+json\" class=\"yoast-schema-graph\">{\"@context\":\"https:\/\/schema.org\",\"@graph\":[{\"@type\":\"Article\",\"@id\":\"https:\/\/luchonoticias.com\/editor\/participacion-masiva-de-mujeres-en-homenaje-que-les-realizo-wilker-bautista\/#article\",\"isPartOf\":{\"@id\":\"https:\/\/luchonoticias.com\/editor\/participacion-masiva-de-mujeres-en-homenaje-que-les-realizo-wilker-bautista\/\"},\"author\":{\"name\":\"Editor General\",\"@id\":\"https:\/\/luchonoticias.com\/editor\/#\/schema\/person\/29217990ddf6f14e35912b2866d591fb\"},\"headline\":\"Participaci\u00f3n masiva de mujeres en homenaje que les realiz\u00f3 Wilker Bautista\",\"datePublished\":\"2023-03-13T21:55:18+00:00\",\"dateModified\":\"2023-03-13T21:55:19+00:00\",\"mainEntityOfPage\":{\"@id\":\"https:\/\/luchonoticias.com\/editor\/participacion-masiva-de-mujeres-en-homenaje-que-les-realizo-wilker-bautista\/\"},\"wordCount\":568,\"commentCount\":0,\"publisher\":{\"@id\":\"https:\/\/luchonoticias.com\/editor\/#\/schema\/person\/7a7fd911f58561fd056dbac7b55af9cd\"},\"image\":{\"@id\":\"https:\/\/luchonoticias.com\/editor\/participacion-masiva-de-mujeres-en-homenaje-que-les-realizo-wilker-bautista\/#primaryimage\"},\"thumbnailUrl\":\"https:\/\/luchonoticias.com\/wp-content\/uploads\/2023\/03\/WhatsApp-Image-2023-03-13-at-4.49.29-PM-1024x513.jpeg\",\"articleSection\":[\"Destacado\",\"Pol\u00edtica\"],\"inLanguage\":\"es\",\"potentialAction\":[{\"@type\":\"CommentAction\",\"name\":\"Comment\",\"target\":[\"https:\/\/luchonoticias.com\/editor\/participacion-masiva-de-mujeres-en-homenaje-que-les-realizo-wilker-bautista\/#respond\"]}]},{\"@type\":\"WebPage\",\"@id\":\"https:\/\/luchonoticias.com\/editor\/participacion-masiva-de-mujeres-en-homenaje-que-les-realizo-wilker-bautista\/\",\"url\":\"https:\/\/luchonoticias.com\/editor\/participacion-masiva-de-mujeres-en-homenaje-que-les-realizo-wilker-bautista\/\",\"name\":\"Participaci\u00f3n masiva de mujeres en homenaje que les realiz\u00f3 Wilker Bautista -\",\"isPartOf\":{\"@id\":\"https:\/\/luchonoticias.com\/editor\/#website\"},\"primaryImageOfPage\":{\"@id\":\"https:\/\/luchonoticias.com\/editor\/participacion-masiva-de-mujeres-en-homenaje-que-les-realizo-wilker-bautista\/#primaryimage\"},\"image\":{\"@id\":\"https:\/\/luchonoticias.com\/editor\/participacion-masiva-de-mujeres-en-homenaje-que-les-realizo-wilker-bautista\/#primaryimage\"},\"thumbnailUrl\":\"https:\/\/luchonoticias.com\/wp-content\/uploads\/2023\/03\/WhatsApp-Image-2023-03-13-at-4.49.29-PM-1024x513.jpeg\",\"datePublished\":\"2023-03-13T21:55:18+00:00\",\"dateModified\":\"2023-03-13T21:55:19+00:00\",\"breadcrumb\":{\"@id\":\"https:\/\/luchonoticias.com\/editor\/participacion-masiva-de-mujeres-en-homenaje-que-les-realizo-wilker-bautista\/#breadcrumb\"},\"inLanguage\":\"es\",\"potentialAction\":[{\"@type\":\"ReadAction\",\"target\":[\"https:\/\/luchonoticias.com\/editor\/participacion-masiva-de-mujeres-en-homenaje-que-les-realizo-wilker-bautista\/\"]}]},{\"@type\":\"ImageObject\",\"inLanguage\":\"es\",\"@id\":\"https:\/\/luchonoticias.com\/editor\/participacion-masiva-de-mujeres-en-homenaje-que-les-realizo-wilker-bautista\/#primaryimage\",\"url\":\"https:\/\/luchonoticias.com\/wp-content\/uploads\/2023\/03\/WhatsApp-Image-2023-03-13-at-4.49.29-PM-1024x513.jpeg\",\"contentUrl\":\"https:\/\/luchonoticias.com\/wp-content\/uploads\/2023\/03\/WhatsApp-Image-2023-03-13-at-4.49.29-PM-1024x513.jpeg\"},{\"@type\":\"BreadcrumbList\",\"@id\":\"https:\/\/luchonoticias.com\/editor\/participacion-masiva-de-mujeres-en-homenaje-que-les-realizo-wilker-bautista\/#breadcrumb\",\"itemListElement\":[{\"@type\":\"ListItem\",\"position\":1,\"name\":\"Portada\",\"item\":\"https:\/\/luchonoticias.com\/editor\/\"},{\"@type\":\"ListItem\",\"position\":2,\"name\":\"Participaci\u00f3n masiva de mujeres en homenaje que les realiz\u00f3 Wilker Bautista\"}]},{\"@type\":\"WebSite\",\"@id\":\"https:\/\/luchonoticias.com\/editor\/#website\",\"url\":\"https:\/\/luchonoticias.com\/editor\/\",\"name\":\"\",\"description\":\"\",\"publisher\":{\"@id\":\"https:\/\/luchonoticias.com\/editor\/#\/schema\/person\/7a7fd911f58561fd056dbac7b55af9cd\"},\"potentialAction\":[{\"@type\":\"SearchAction\",\"target\":{\"@type\":\"EntryPoint\",\"urlTemplate\":\"https:\/\/luchonoticias.com\/editor\/?s={search_term_string}\"},\"query-input\":{\"@type\":\"PropertyValueSpecification\",\"valueRequired\":true,\"valueName\":\"search_term_string\"}}],\"inLanguage\":\"es\"},{\"@type\":[\"Person\",\"Organization\"],\"@id\":\"https:\/\/luchonoticias.com\/editor\/#\/schema\/person\/7a7fd911f58561fd056dbac7b55af9cd\",\"name\":\"admin\",\"image\":{\"@type\":\"ImageObject\",\"inLanguage\":\"es\",\"@id\":\"https:\/\/luchonoticias.com\/editor\/#\/schema\/person\/image\/\",\"url\":\"https:\/\/luchonoticias.com\/editor\/wp-content\/uploads\/2024\/02\/cropped-cropped-logolu.webp\",\"contentUrl\":\"https:\/\/luchonoticias.com\/editor\/wp-content\/uploads\/2024\/02\/cropped-cropped-logolu.webp\",\"width\":382,\"height\":170,\"caption\":\"admin\"},\"logo\":{\"@id\":\"https:\/\/luchonoticias.com\/editor\/#\/schema\/person\/image\/\"},\"sameAs\":[\"https:\/\/www.facebook.com\/luchonoticiasneiva\"]},{\"@type\":\"Person\",\"@id\":\"https:\/\/luchonoticias.com\/editor\/#\/schema\/person\/29217990ddf6f14e35912b2866d591fb\",\"name\":\"Editor General\",\"image\":{\"@type\":\"ImageObject\",\"inLanguage\":\"es\",\"@id\":\"https:\/\/luchonoticias.com\/editor\/#\/schema\/person\/image\/\",\"url\":\"https:\/\/luchonoticias.com\/editor\/wp-content\/uploads\/2024\/02\/cropped-cropped-logolu-150x150.webp\",\"contentUrl\":\"https:\/\/luchonoticias.com\/editor\/wp-content\/uploads\/2024\/02\/cropped-cropped-logolu-150x150.webp\",\"caption\":\"Editor General\"},\"sameAs\":[\"https:\/\/luchonoticias.com\/\"],\"url\":\"https:\/\/luchonoticias.com\/editor\/author\/editor-general\/\"}]}<\/script>\n<!-- \/ Yoast SEO plugin. -->","yoast_head_json":{"title":"Participaci\u00f3n masiva de mujeres en homenaje que les realiz\u00f3 Wilker Bautista -","robots":{"index":"index","follow":"follow","max-snippet":"max-snippet:-1","max-image-preview":"max-image-preview:large","max-video-preview":"max-video-preview:-1"},"canonical":"https:\/\/luchonoticias.com\/editor\/participacion-masiva-de-mujeres-en-homenaje-que-les-realizo-wilker-bautista\/","og_locale":"es_ES","og_type":"article","og_title":"Participaci\u00f3n masiva de mujeres en homenaje que les realiz\u00f3 Wilker Bautista -","og_url":"https:\/\/luchonoticias.com\/editor\/participacion-masiva-de-mujeres-en-homenaje-que-les-realizo-wilker-bautista\/","article_publisher":"https:\/\/www.facebook.com\/luchonoticiasneiva","article_published_time":"2023-03-13T21:55:18+00:00","article_modified_time":"2023-03-13T21:55:19+00:00","og_image":[{"url":"https:\/\/luchonoticias.com\/wp-content\/uploads\/2023\/03\/WhatsApp-Image-2023-03-13-at-4.49.29-PM-1024x513.jpeg","type":"","width":"","height":""}],"author":"Editor General","twitter_card":"summary_large_image","twitter_misc":{"Escrito por":"Editor General","Tiempo de lectura":"3 minutos"},"schema":{"@context":"https:\/\/schema.org","@graph":[{"@type":"Article","@id":"https:\/\/luchonoticias.com\/editor\/participacion-masiva-de-mujeres-en-homenaje-que-les-realizo-wilker-bautista\/#article","isPartOf":{"@id":"https:\/\/luchonoticias.com\/editor\/participacion-masiva-de-mujeres-en-homenaje-que-les-realizo-wilker-bautista\/"},"author":{"name":"Editor General","@id":"https:\/\/luchonoticias.com\/editor\/#\/schema\/person\/29217990ddf6f14e35912b2866d591fb"},"headline":"Participaci\u00f3n masiva de mujeres en homenaje que les realiz\u00f3 Wilker Bautista","datePublished":"2023-03-13T21:55:18+00:00","dateModified":"2023-03-13T21:55:19+00:00","mainEntityOfPage":{"@id":"https:\/\/luchonoticias.com\/editor\/participacion-masiva-de-mujeres-en-homenaje-que-les-realizo-wilker-bautista\/"},"wordCount":568,"commentCount":0,"publisher":{"@id":"https:\/\/luchonoticias.com\/editor\/#\/schema\/person\/7a7fd911f58561fd056dbac7b55af9cd"},"image":{"@id":"https:\/\/luchonoticias.com\/editor\/participacion-masiva-de-mujeres-en-homenaje-que-les-realizo-wilker-bautista\/#primaryimage"},"thumbnailUrl":"https:\/\/luchonoticias.com\/wp-content\/uploads\/2023\/03\/WhatsApp-Image-2023-03-13-at-4.49.29-PM-1024x513.jpeg","articleSection":["Destacado","Pol\u00edtica"],"inLanguage":"es","potentialAction":[{"@type":"CommentAction","name":"Comment","target":["https:\/\/luchonoticias.com\/editor\/participacion-masiva-de-mujeres-en-homenaje-que-les-realizo-wilker-bautista\/#respond"]}]},{"@type":"WebPage","@id":"https:\/\/luchonoticias.com\/editor\/participacion-masiva-de-mujeres-en-homenaje-que-les-realizo-wilker-bautista\/","url":"https:\/\/luchonoticias.com\/editor\/participacion-masiva-de-mujeres-en-homenaje-que-les-realizo-wilker-bautista\/","name":"Participaci\u00f3n masiva de mujeres en homenaje que les realiz\u00f3 Wilker Bautista -","isPartOf":{"@id":"https:\/\/luchonoticias.com\/editor\/#website"},"primaryImageOfPage":{"@id":"https:\/\/luchonoticias.com\/editor\/participacion-masiva-de-mujeres-en-homenaje-que-les-realizo-wilker-bautista\/#primaryimage"},"image":{"@id":"https:\/\/luchonoticias.com\/editor\/participacion-masiva-de-mujeres-en-homenaje-que-les-realizo-wilker-bautista\/#primaryimage"},"thumbnailUrl":"https:\/\/luchonoticias.com\/wp-content\/uploads\/2023\/03\/WhatsApp-Image-2023-03-13-at-4.49.29-PM-1024x513.jpeg","datePublished":"2023-03-13T21:55:18+00:00","dateModified":"2023-03-13T21:55:19+00:00","breadcrumb":{"@id":"https:\/\/luchonoticias.com\/editor\/participacion-masiva-de-mujeres-en-homenaje-que-les-realizo-wilker-bautista\/#breadcrumb"},"inLanguage":"es","potentialAction":[{"@type":"ReadAction","target":["https:\/\/luchonoticias.com\/editor\/participacion-masiva-de-mujeres-en-homenaje-que-les-realizo-wilker-bautista\/"]}]},{"@type":"ImageObject","inLanguage":"es","@id":"https:\/\/luchonoticias.com\/editor\/participacion-masiva-de-mujeres-en-homenaje-que-les-realizo-wilker-bautista\/#primaryimage","url":"https:\/\/luchonoticias.com\/wp-content\/uploads\/2023\/03\/WhatsApp-Image-2023-03-13-at-4.49.29-PM-1024x513.jpeg","contentUrl":"https:\/\/luchonoticias.com\/wp-content\/uploads\/2023\/03\/WhatsApp-Image-2023-03-13-at-4.49.29-PM-1024x513.jpeg"},{"@type":"BreadcrumbList","@id":"https:\/\/luchonoticias.com\/editor\/participacion-masiva-de-mujeres-en-homenaje-que-les-realizo-wilker-bautista\/#breadcrumb","itemListElement":[{"@type":"ListItem","position":1,"name":"Portada","item":"https:\/\/luchonoticias.com\/editor\/"},{"@type":"ListItem","position":2,"name":"Participaci\u00f3n masiva de mujeres en homenaje que les realiz\u00f3 Wilker Bautista"}]},{"@type":"WebSite","@id":"https:\/\/luchonoticias.com\/editor\/#website","url":"https:\/\/luchonoticias.com\/editor\/","name":"","description":"","publisher":{"@id":"https:\/\/luchonoticias.com\/editor\/#\/schema\/person\/7a7fd911f58561fd056dbac7b55af9cd"},"potentialAction":[{"@type":"SearchAction","target":{"@type":"EntryPoint","urlTemplate":"https:\/\/luchonoticias.com\/editor\/?s={search_term_string}"},"query-input":{"@type":"PropertyValueSpecification","valueRequired":true,"valueName":"search_term_string"}}],"inLanguage":"es"},{"@type":["Person","Organization"],"@id":"https:\/\/luchonoticias.com\/editor\/#\/schema\/person\/7a7fd911f58561fd056dbac7b55af9cd","name":"admin","image":{"@type":"ImageObject","inLanguage":"es","@id":"https:\/\/luchonoticias.com\/editor\/#\/schema\/person\/image\/","url":"https:\/\/luchonoticias.com\/editor\/wp-content\/uploads\/2024\/02\/cropped-cropped-logolu.webp","contentUrl":"https:\/\/luchonoticias.com\/editor\/wp-content\/uploads\/2024\/02\/cropped-cropped-logolu.webp","width":382,"height":170,"caption":"admin"},"logo":{"@id":"https:\/\/luchonoticias.com\/editor\/#\/schema\/person\/image\/"},"sameAs":["https:\/\/www.facebook.com\/luchonoticiasneiva"]},{"@type":"Person","@id":"https:\/\/luchonoticias.com\/editor\/#\/schema\/person\/29217990ddf6f14e35912b2866d591fb","name":"Editor General","image":{"@type":"ImageObject","inLanguage":"es","@id":"https:\/\/luchonoticias.com\/editor\/#\/schema\/person\/image\/","url":"https:\/\/luchonoticias.com\/editor\/wp-content\/uploads\/2024\/02\/cropped-cropped-logolu-150x150.webp","contentUrl":"https:\/\/luchonoticias.com\/editor\/wp-content\/uploads\/2024\/02\/cropped-cropped-logolu-150x150.webp","caption":"Editor General"},"sameAs":["https:\/\/luchonoticias.com\/"],"url":"https:\/\/luchonoticias.com\/editor\/author\/editor-general\/"}]}},"_links":{"self":[{"href":"https:\/\/luchonoticias.com\/editor\/wp-json\/wp\/v2\/posts\/48192","targetHints":{"allow":["GET"]}}],"collection":[{"href":"https:\/\/luchonoticias.com\/editor\/wp-json\/wp\/v2\/posts"}],"about":[{"href":"https:\/\/luchonoticias.com\/editor\/wp-json\/wp\/v2\/types\/post"}],"author":[{"embeddable":true,"href":"https:\/\/luchonoticias.com\/editor\/wp-json\/wp\/v2\/users\/2"}],"replies":[{"embeddable":true,"href":"https:\/\/luchonoticias.com\/editor\/wp-json\/wp\/v2\/comments?post=48192"}],"version-history":[{"count":0,"href":"https:\/\/luchonoticias.com\/editor\/wp-json\/wp\/v2\/posts\/48192\/revisions"}],"wp:attachment":[{"href":"https:\/\/luchonoticias.com\/editor\/wp-json\/wp\/v2\/media?parent=48192"}],"wp:term":[{"taxonomy":"category","embeddable":true,"href":"https:\/\/luchonoticias.com\/editor\/wp-json\/wp\/v2\/categories?post=48192"},{"taxonomy":"post_tag","embeddable":true,"href":"https:\/\/luchonoticias.com\/editor\/wp-json\/wp\/v2\/tags?post=48192"}],"curies":[{"name":"wp","href":"https:\/\/api.w.org\/{rel}","templated":true}]}}