{"id":48197,"date":"2023-03-13T16:57:57","date_gmt":"2023-03-13T21:57:57","guid":{"rendered":"https:\/\/luchonoticias.com\/?p=48197"},"modified":"2023-03-13T16:57:58","modified_gmt":"2023-03-13T21:57:58","slug":"presidente-petro-anuncia-mesa-de-dialogo-de-paz-con-el-estado-mayor-central-de-las-farc","status":"publish","type":"post","link":"https:\/\/luchonoticias.com\/editor\/presidente-petro-anuncia-mesa-de-dialogo-de-paz-con-el-estado-mayor-central-de-las-farc\/","title":{"rendered":"Presidente Petro anuncia mesa de di\u00e1logo de paz con el Estado Mayor Central de las Farc"},"content":{"rendered":"\n<p>El Presidente Gustavo Petro anunci\u00f3 este lunes que ser\u00e1 establecida una mesa de di\u00e1logos de paz con la agrupaci\u00f3n Estado Mayor Central de las Farc (EMC-Farc), de la cual hacen parte de los frentes de la exguerrilla de las Farc que no firmaron el Acuerdo de Paz del 2016.<\/p>\n\n\n\n<p>\u201cComienza un segundo proceso de paz. Se establecer\u00e1 una mesa entre el Gobierno y el Estado Mayor Central\u201d, escribi\u00f3 el Jefe de Estado a trav\u00e9s de su cuenta de Twitter y posteriormente dio detalles de la decisi\u00f3n en una declaraci\u00f3n a medios de comunicaci\u00f3n en el municipio de Rosas (Cauca), donde puso en marcha la ruta alterna provisional entre los departamentos de Cauca y Nari\u00f1o, afectada por deslizamientos de tierra en la regi\u00f3n.<\/p>\n\n\n\n<p>\u201cSe llama Estado Mayor Central y su origen son los frentes de las Farc, que no firmaron el Acuerdo de Paz con (el entonces Presidente Juan Manuel) Santos, quienes quedaron por fuera de ese acuerdo por diversas razones. Ahora se han integrado para finiquitar \u2014yo dir\u00eda\u2014 ese Acuerdo de Paz pasado y volverlo completo\u201d, sostuvo el Mandatario.<\/p>\n\n\n\n<p>En el mismo contexto, el Presidente destac\u00f3 la decisi\u00f3n del Fiscal General de la Naci\u00f3n de suspender las \u00f3rdenes de captura contra algunos miembros de la citada agrupaci\u00f3n, quienes actuar\u00e1n como voceros en la mesa de di\u00e1logo.<\/p>\n\n\n\n<p>\u201cCon esta posibilidad que inicia en el d\u00eda de hoy, dada la actitud del Fiscal de aceptar los nombres de las personas que actuar\u00e1n como voceros de esa agrupaci\u00f3n, pr\u00e1cticamente la mitad de las personas armadas hoy entran a un proceso de paz con el Gobierno. A\u00fan falta la mitad. Estamos esperando los acontecimientos que se deriven de esa otra mitad, que a\u00fan contin\u00faa en la violencia\u201d, explic\u00f3 el Mandatario.<\/p>\n\n\n\n<p>Cabe recordar que en la actualidad el Gobierno del Presidente Petro tambi\u00e9n avanza en negociaciones de paz con la guerrilla del Eln. De hecho, en el marco de ese proceso acaba de concluir el segundo ciclo de la mesa di\u00e1logo en la ciudad de M\u00e9xico con una agenda que incluye seis puntos.<\/p>\n","protected":false},"excerpt":{"rendered":"<p>El Presidente Gustavo Petro anunci\u00f3 este lunes que ser\u00e1 establecida una mesa de di\u00e1logos de paz con la agrupaci\u00f3n Estado Mayor Central de las Farc (EMC-Farc), de la cual hacen parte de los frentes de la exguerrilla de las Farc que no firmaron el Acuerdo de Paz del 2016. \u201cComienza un segundo proceso de paz. [&hellip;]<\/p>\n","protected":false},"author":2,"featured_media":0,"comment_status":"open","ping_status":"open","sticky":false,"template":"","format":"standard","meta":{"footnotes":""},"categories":[36,32],"tags":[],"class_list":["post-48197","post","type-post","status-publish","format-standard","hentry","category-destacado","category-nacional"],"yoast_head":"<!-- This site is optimized with the Yoast SEO plugin v26.6 - https:\/\/yoast.com\/wordpress\/plugins\/seo\/ -->\n<title>Presidente Petro anuncia mesa de di\u00e1logo de paz con el Estado Mayor Central de las Farc -<\/title>\n<meta name=\"robots\" content=\"index, follow, max-snippet:-1, max-image-preview:large, max-video-preview:-1\" \/>\n<link rel=\"canonical\" href=\"https:\/\/luchonoticias.com\/editor\/presidente-petro-anuncia-mesa-de-dialogo-de-paz-con-el-estado-mayor-central-de-las-farc\/\" \/>\n<meta property=\"og:locale\" content=\"es_ES\" \/>\n<meta property=\"og:type\" content=\"article\" \/>\n<meta property=\"og:title\" content=\"Presidente Petro anuncia mesa de di\u00e1logo de paz con el Estado Mayor Central de las Farc -\" \/>\n<meta property=\"og:url\" content=\"https:\/\/luchonoticias.com\/editor\/presidente-petro-anuncia-mesa-de-dialogo-de-paz-con-el-estado-mayor-central-de-las-farc\/\" \/>\n<meta property=\"article:publisher\" content=\"https:\/\/www.facebook.com\/luchonoticiasneiva\" \/>\n<meta property=\"article:published_time\" content=\"2023-03-13T21:57:57+00:00\" \/>\n<meta property=\"article:modified_time\" content=\"2023-03-13T21:57:58+00:00\" \/>\n<meta name=\"author\" content=\"Editor General\" \/>\n<meta name=\"twitter:card\" content=\"summary_large_image\" \/>\n<meta name=\"twitter:label1\" content=\"Escrito por\" \/>\n\t<meta name=\"twitter:data1\" content=\"Editor General\" \/>\n\t<meta name=\"twitter:label2\" content=\"Tiempo de lectura\" \/>\n\t<meta name=\"twitter:data2\" content=\"2 minutos\" \/>\n<script type=\"application\/ld+json\" class=\"yoast-schema-graph\">{\"@context\":\"https:\/\/schema.org\",\"@graph\":[{\"@type\":\"Article\",\"@id\":\"https:\/\/luchonoticias.com\/editor\/presidente-petro-anuncia-mesa-de-dialogo-de-paz-con-el-estado-mayor-central-de-las-farc\/#article\",\"isPartOf\":{\"@id\":\"https:\/\/luchonoticias.com\/editor\/presidente-petro-anuncia-mesa-de-dialogo-de-paz-con-el-estado-mayor-central-de-las-farc\/\"},\"author\":{\"name\":\"Editor General\",\"@id\":\"https:\/\/luchonoticias.com\/editor\/#\/schema\/person\/29217990ddf6f14e35912b2866d591fb\"},\"headline\":\"Presidente Petro anuncia mesa de di\u00e1logo de paz con el Estado Mayor Central de las Farc\",\"datePublished\":\"2023-03-13T21:57:57+00:00\",\"dateModified\":\"2023-03-13T21:57:58+00:00\",\"mainEntityOfPage\":{\"@id\":\"https:\/\/luchonoticias.com\/editor\/presidente-petro-anuncia-mesa-de-dialogo-de-paz-con-el-estado-mayor-central-de-las-farc\/\"},\"wordCount\":378,\"commentCount\":0,\"publisher\":{\"@id\":\"https:\/\/luchonoticias.com\/editor\/#\/schema\/person\/7a7fd911f58561fd056dbac7b55af9cd\"},\"articleSection\":[\"Destacado\",\"Nacional\"],\"inLanguage\":\"es\",\"potentialAction\":[{\"@type\":\"CommentAction\",\"name\":\"Comment\",\"target\":[\"https:\/\/luchonoticias.com\/editor\/presidente-petro-anuncia-mesa-de-dialogo-de-paz-con-el-estado-mayor-central-de-las-farc\/#respond\"]}]},{\"@type\":\"WebPage\",\"@id\":\"https:\/\/luchonoticias.com\/editor\/presidente-petro-anuncia-mesa-de-dialogo-de-paz-con-el-estado-mayor-central-de-las-farc\/\",\"url\":\"https:\/\/luchonoticias.com\/editor\/presidente-petro-anuncia-mesa-de-dialogo-de-paz-con-el-estado-mayor-central-de-las-farc\/\",\"name\":\"Presidente Petro anuncia mesa de di\u00e1logo de paz con el Estado Mayor Central de las Farc -\",\"isPartOf\":{\"@id\":\"https:\/\/luchonoticias.com\/editor\/#website\"},\"datePublished\":\"2023-03-13T21:57:57+00:00\",\"dateModified\":\"2023-03-13T21:57:58+00:00\",\"breadcrumb\":{\"@id\":\"https:\/\/luchonoticias.com\/editor\/presidente-petro-anuncia-mesa-de-dialogo-de-paz-con-el-estado-mayor-central-de-las-farc\/#breadcrumb\"},\"inLanguage\":\"es\",\"potentialAction\":[{\"@type\":\"ReadAction\",\"target\":[\"https:\/\/luchonoticias.com\/editor\/presidente-petro-anuncia-mesa-de-dialogo-de-paz-con-el-estado-mayor-central-de-las-farc\/\"]}]},{\"@type\":\"BreadcrumbList\",\"@id\":\"https:\/\/luchonoticias.com\/editor\/presidente-petro-anuncia-mesa-de-dialogo-de-paz-con-el-estado-mayor-central-de-las-farc\/#breadcrumb\",\"itemListElement\":[{\"@type\":\"ListItem\",\"position\":1,\"name\":\"Portada\",\"item\":\"https:\/\/luchonoticias.com\/editor\/\"},{\"@type\":\"ListItem\",\"position\":2,\"name\":\"Presidente Petro anuncia mesa de di\u00e1logo de paz con el Estado Mayor Central de las Farc\"}]},{\"@type\":\"WebSite\",\"@id\":\"https:\/\/luchonoticias.com\/editor\/#website\",\"url\":\"https:\/\/luchonoticias.com\/editor\/\",\"name\":\"\",\"description\":\"\",\"publisher\":{\"@id\":\"https:\/\/luchonoticias.com\/editor\/#\/schema\/person\/7a7fd911f58561fd056dbac7b55af9cd\"},\"potentialAction\":[{\"@type\":\"SearchAction\",\"target\":{\"@type\":\"EntryPoint\",\"urlTemplate\":\"https:\/\/luchonoticias.com\/editor\/?s={search_term_string}\"},\"query-input\":{\"@type\":\"PropertyValueSpecification\",\"valueRequired\":true,\"valueName\":\"search_term_string\"}}],\"inLanguage\":\"es\"},{\"@type\":[\"Person\",\"Organization\"],\"@id\":\"https:\/\/luchonoticias.com\/editor\/#\/schema\/person\/7a7fd911f58561fd056dbac7b55af9cd\",\"name\":\"admin\",\"image\":{\"@type\":\"ImageObject\",\"inLanguage\":\"es\",\"@id\":\"https:\/\/luchonoticias.com\/editor\/#\/schema\/person\/image\/\",\"url\":\"https:\/\/luchonoticias.com\/editor\/wp-content\/uploads\/2024\/02\/cropped-cropped-logolu.webp\",\"contentUrl\":\"https:\/\/luchonoticias.com\/editor\/wp-content\/uploads\/2024\/02\/cropped-cropped-logolu.webp\",\"width\":382,\"height\":170,\"caption\":\"admin\"},\"logo\":{\"@id\":\"https:\/\/luchonoticias.com\/editor\/#\/schema\/person\/image\/\"},\"sameAs\":[\"https:\/\/www.facebook.com\/luchonoticiasneiva\"]},{\"@type\":\"Person\",\"@id\":\"https:\/\/luchonoticias.com\/editor\/#\/schema\/person\/29217990ddf6f14e35912b2866d591fb\",\"name\":\"Editor General\",\"image\":{\"@type\":\"ImageObject\",\"inLanguage\":\"es\",\"@id\":\"https:\/\/luchonoticias.com\/editor\/#\/schema\/person\/image\/\",\"url\":\"https:\/\/luchonoticias.com\/editor\/wp-content\/uploads\/2024\/02\/cropped-cropped-logolu-150x150.webp\",\"contentUrl\":\"https:\/\/luchonoticias.com\/editor\/wp-content\/uploads\/2024\/02\/cropped-cropped-logolu-150x150.webp\",\"caption\":\"Editor General\"},\"sameAs\":[\"https:\/\/luchonoticias.com\/\"],\"url\":\"https:\/\/luchonoticias.com\/editor\/author\/editor-general\/\"}]}<\/script>\n<!-- \/ Yoast SEO plugin. -->","yoast_head_json":{"title":"Presidente Petro anuncia mesa de di\u00e1logo de paz con el Estado Mayor Central de las Farc -","robots":{"index":"index","follow":"follow","max-snippet":"max-snippet:-1","max-image-preview":"max-image-preview:large","max-video-preview":"max-video-preview:-1"},"canonical":"https:\/\/luchonoticias.com\/editor\/presidente-petro-anuncia-mesa-de-dialogo-de-paz-con-el-estado-mayor-central-de-las-farc\/","og_locale":"es_ES","og_type":"article","og_title":"Presidente Petro anuncia mesa de di\u00e1logo de paz con el Estado Mayor Central de las Farc -","og_url":"https:\/\/luchonoticias.com\/editor\/presidente-petro-anuncia-mesa-de-dialogo-de-paz-con-el-estado-mayor-central-de-las-farc\/","article_publisher":"https:\/\/www.facebook.com\/luchonoticiasneiva","article_published_time":"2023-03-13T21:57:57+00:00","article_modified_time":"2023-03-13T21:57:58+00:00","author":"Editor General","twitter_card":"summary_large_image","twitter_misc":{"Escrito por":"Editor General","Tiempo de lectura":"2 minutos"},"schema":{"@context":"https:\/\/schema.org","@graph":[{"@type":"Article","@id":"https:\/\/luchonoticias.com\/editor\/presidente-petro-anuncia-mesa-de-dialogo-de-paz-con-el-estado-mayor-central-de-las-farc\/#article","isPartOf":{"@id":"https:\/\/luchonoticias.com\/editor\/presidente-petro-anuncia-mesa-de-dialogo-de-paz-con-el-estado-mayor-central-de-las-farc\/"},"author":{"name":"Editor General","@id":"https:\/\/luchonoticias.com\/editor\/#\/schema\/person\/29217990ddf6f14e35912b2866d591fb"},"headline":"Presidente Petro anuncia mesa de di\u00e1logo de paz con el Estado Mayor Central de las Farc","datePublished":"2023-03-13T21:57:57+00:00","dateModified":"2023-03-13T21:57:58+00:00","mainEntityOfPage":{"@id":"https:\/\/luchonoticias.com\/editor\/presidente-petro-anuncia-mesa-de-dialogo-de-paz-con-el-estado-mayor-central-de-las-farc\/"},"wordCount":378,"commentCount":0,"publisher":{"@id":"https:\/\/luchonoticias.com\/editor\/#\/schema\/person\/7a7fd911f58561fd056dbac7b55af9cd"},"articleSection":["Destacado","Nacional"],"inLanguage":"es","potentialAction":[{"@type":"CommentAction","name":"Comment","target":["https:\/\/luchonoticias.com\/editor\/presidente-petro-anuncia-mesa-de-dialogo-de-paz-con-el-estado-mayor-central-de-las-farc\/#respond"]}]},{"@type":"WebPage","@id":"https:\/\/luchonoticias.com\/editor\/presidente-petro-anuncia-mesa-de-dialogo-de-paz-con-el-estado-mayor-central-de-las-farc\/","url":"https:\/\/luchonoticias.com\/editor\/presidente-petro-anuncia-mesa-de-dialogo-de-paz-con-el-estado-mayor-central-de-las-farc\/","name":"Presidente Petro anuncia mesa de di\u00e1logo de paz con el Estado Mayor Central de las Farc -","isPartOf":{"@id":"https:\/\/luchonoticias.com\/editor\/#website"},"datePublished":"2023-03-13T21:57:57+00:00","dateModified":"2023-03-13T21:57:58+00:00","breadcrumb":{"@id":"https:\/\/luchonoticias.com\/editor\/presidente-petro-anuncia-mesa-de-dialogo-de-paz-con-el-estado-mayor-central-de-las-farc\/#breadcrumb"},"inLanguage":"es","potentialAction":[{"@type":"ReadAction","target":["https:\/\/luchonoticias.com\/editor\/presidente-petro-anuncia-mesa-de-dialogo-de-paz-con-el-estado-mayor-central-de-las-farc\/"]}]},{"@type":"BreadcrumbList","@id":"https:\/\/luchonoticias.com\/editor\/presidente-petro-anuncia-mesa-de-dialogo-de-paz-con-el-estado-mayor-central-de-las-farc\/#breadcrumb","itemListElement":[{"@type":"ListItem","position":1,"name":"Portada","item":"https:\/\/luchonoticias.com\/editor\/"},{"@type":"ListItem","position":2,"name":"Presidente Petro anuncia mesa de di\u00e1logo de paz con el Estado Mayor Central de las Farc"}]},{"@type":"WebSite","@id":"https:\/\/luchonoticias.com\/editor\/#website","url":"https:\/\/luchonoticias.com\/editor\/","name":"","description":"","publisher":{"@id":"https:\/\/luchonoticias.com\/editor\/#\/schema\/person\/7a7fd911f58561fd056dbac7b55af9cd"},"potentialAction":[{"@type":"SearchAction","target":{"@type":"EntryPoint","urlTemplate":"https:\/\/luchonoticias.com\/editor\/?s={search_term_string}"},"query-input":{"@type":"PropertyValueSpecification","valueRequired":true,"valueName":"search_term_string"}}],"inLanguage":"es"},{"@type":["Person","Organization"],"@id":"https:\/\/luchonoticias.com\/editor\/#\/schema\/person\/7a7fd911f58561fd056dbac7b55af9cd","name":"admin","image":{"@type":"ImageObject","inLanguage":"es","@id":"https:\/\/luchonoticias.com\/editor\/#\/schema\/person\/image\/","url":"https:\/\/luchonoticias.com\/editor\/wp-content\/uploads\/2024\/02\/cropped-cropped-logolu.webp","contentUrl":"https:\/\/luchonoticias.com\/editor\/wp-content\/uploads\/2024\/02\/cropped-cropped-logolu.webp","width":382,"height":170,"caption":"admin"},"logo":{"@id":"https:\/\/luchonoticias.com\/editor\/#\/schema\/person\/image\/"},"sameAs":["https:\/\/www.facebook.com\/luchonoticiasneiva"]},{"@type":"Person","@id":"https:\/\/luchonoticias.com\/editor\/#\/schema\/person\/29217990ddf6f14e35912b2866d591fb","name":"Editor General","image":{"@type":"ImageObject","inLanguage":"es","@id":"https:\/\/luchonoticias.com\/editor\/#\/schema\/person\/image\/","url":"https:\/\/luchonoticias.com\/editor\/wp-content\/uploads\/2024\/02\/cropped-cropped-logolu-150x150.webp","contentUrl":"https:\/\/luchonoticias.com\/editor\/wp-content\/uploads\/2024\/02\/cropped-cropped-logolu-150x150.webp","caption":"Editor General"},"sameAs":["https:\/\/luchonoticias.com\/"],"url":"https:\/\/luchonoticias.com\/editor\/author\/editor-general\/"}]}},"_links":{"self":[{"href":"https:\/\/luchonoticias.com\/editor\/wp-json\/wp\/v2\/posts\/48197","targetHints":{"allow":["GET"]}}],"collection":[{"href":"https:\/\/luchonoticias.com\/editor\/wp-json\/wp\/v2\/posts"}],"about":[{"href":"https:\/\/luchonoticias.com\/editor\/wp-json\/wp\/v2\/types\/post"}],"author":[{"embeddable":true,"href":"https:\/\/luchonoticias.com\/editor\/wp-json\/wp\/v2\/users\/2"}],"replies":[{"embeddable":true,"href":"https:\/\/luchonoticias.com\/editor\/wp-json\/wp\/v2\/comments?post=48197"}],"version-history":[{"count":0,"href":"https:\/\/luchonoticias.com\/editor\/wp-json\/wp\/v2\/posts\/48197\/revisions"}],"wp:attachment":[{"href":"https:\/\/luchonoticias.com\/editor\/wp-json\/wp\/v2\/media?parent=48197"}],"wp:term":[{"taxonomy":"category","embeddable":true,"href":"https:\/\/luchonoticias.com\/editor\/wp-json\/wp\/v2\/categories?post=48197"},{"taxonomy":"post_tag","embeddable":true,"href":"https:\/\/luchonoticias.com\/editor\/wp-json\/wp\/v2\/tags?post=48197"}],"curies":[{"name":"wp","href":"https:\/\/api.w.org\/{rel}","templated":true}]}}