{"id":48200,"date":"2023-03-13T17:02:14","date_gmt":"2023-03-13T22:02:14","guid":{"rendered":"https:\/\/luchonoticias.com\/?p=48200"},"modified":"2023-03-13T17:02:15","modified_gmt":"2023-03-13T22:02:15","slug":"ambiente-de-concertacion-y-dialogo-rodean-a-las-reformas-laboral-y-pensional","status":"publish","type":"post","link":"https:\/\/luchonoticias.com\/editor\/ambiente-de-concertacion-y-dialogo-rodean-a-las-reformas-laboral-y-pensional\/","title":{"rendered":"<strong>Ambiente de concertaci\u00f3n y di\u00e1logo rodean a las reformas laboral y pensional<\/strong>"},"content":{"rendered":"\n<p>La Comisi\u00f3n Permanente de Concertaci\u00f3n de Pol\u00edticas Salariales y Laborales, integrada por las centrales sindicales, gremios y el gobierno, sesion\u00f3 este lunes para avanzar en la consolidaci\u00f3n del texto final de la reforma laboral y que se radicar\u00e1 este jueves 16 de marzo ante el Congreso de la Rep\u00fablica.&nbsp;<\/p>\n\n\n\n<p>La ministra del Trabajo, Gloria In\u00e9s Ram\u00edrez, reconoci\u00f3 y agradeci\u00f3 a los integrantes del tripartismo, la manera juiciosa como se ha trabajado para poder avanzar en el objetivo propuesto, que es el proyecto de ley que se debatir\u00e1 en el Congreso de la Rep\u00fablica.<\/p>\n\n\n\n<p><em>\u201cHaremos un esfuerzo para avanzar con el articulado y se debe seguir fortaleciendo a trav\u00e9s del di\u00e1logo social para su construcci\u00f3n, en medio de la diferencia.\u00a0 Adem\u00e1s, reitero la voluntad y decisi\u00f3n pol\u00edtica que tiene la Comisi\u00f3n de Concertaci\u00f3n para plantearle al pa\u00eds, los elementos centrales que estamos recogiendo y que necesitamos para el cambio\u201d, <\/em>asegur\u00f3 la Ministra Ram\u00edrez.<\/p>\n\n\n\n<figure class=\"wp-block-image size-large\"><img decoding=\"async\" src=\"https:\/\/luchonoticias.com\/wp-content\/uploads\/2023\/03\/WhatsApp-Image-2023-03-13-at-3.53.32-PM-1024x506.jpeg\" alt=\"\" class=\"wp-image-48202\"\/><\/figure>\n\n\n\n<p>Para la construcci\u00f3n de las iniciativas de ley, se han realizado m\u00e1s de 142 reuniones en las subcomisiones con expertos, en las mesas regionales y alternas del proceso y ha acogido los principios b\u00e1sicos de la Organizaci\u00f3n Internacional del Trabajo, OIT.<\/p>\n\n\n\n<p>El documento de la reforma por medio del cual se modifican algunos art\u00edculos del C\u00f3digo Sustantivo del Trabajo, Ley 50 de 1990 y Ley 789 de 2002 fue desarrollada en tres partes: Principios constitucionales del derecho laboral con igualdad de oportunidades para los trabajadores, remuneraci\u00f3n m\u00ednima, con beneficios m\u00ednimos con garant\u00eda a la seguridad social, protecci\u00f3n especial a la mujer, la maternidad entre otros.&nbsp; El segundo componente, hace referencia al derecho individual del trabajo para que haya una estabilidad laboral reforzada, priorizando los contratos a t\u00e9rmino indefinido y derecho colectivo del trabajo, dejando a su m\u00ednima expresi\u00f3n la tercerizaci\u00f3n laboral, definir la jornada diaria, recuperar los recargos nocturnos y festivos, protecci\u00f3n para el trabajo en las plataformas digitales, especialmente en las de reparto o entrega, trabajo agropecuario, futuro de la atomizaci\u00f3n y descarbonizaci\u00f3n de puestos de trabajo y reducci\u00f3n de brechas.<\/p>\n\n\n\n<p>El tercer componente, tiene que ver con el derecho colectivo al trabajo como la asociaci\u00f3n sindical, negociaci\u00f3n colectiva y huelga.&nbsp;<\/p>\n\n\n\n<p>Por su parte, el presidente de la CUT, Francisco Malt\u00e9s, manifest\u00f3: <em>\u201cestamos haciendo un esfuerzo para que las reformas se conviertan en una realidad\u201d.<\/em><\/p>\n\n\n\n<figure class=\"wp-block-video\"><video autoplay controls src=\"https:\/\/luchonoticias.com\/wp-content\/uploads\/2023\/03\/WhatsApp-Video-2023-03-13-at-3.38.47-PM-1.mp4\"><\/video><\/figure>\n\n\n\n<p>El presidente de la ANDI,Bruce Mac Master, celebr\u00f3 que con el di\u00e1logo social es la v\u00eda para buscar los consensos y disminuir las diferencias: <em>\u201cHago un reconocimiento especial a la Ministra, por activar la subcomisi\u00f3n tanto con los empresarios y las centrales sindicales en donde hay varios aspectos acordados relacionados con la defensa de los derechos de los trabajadores y que tienen que ver de no afectar el empleo y disminuir la informalidad del pa\u00eds\u201d.<\/em><\/p>\n\n\n\n<p>Finalmente, el presidente de la Junta Directiva Nacional de ACOPI,<em> Jairo Pulecio, dijo: \u201cEstamos complacidos de haber llevado este ejercicio verdaderamente democr\u00e1tico y a consensos en los temas fundamentales y estructurales para el fortalecimiento empresarial y en la defensa de los derechos laborales\u201d.<\/em><\/p>\n","protected":false},"excerpt":{"rendered":"<p>La Comisi\u00f3n Permanente de Concertaci\u00f3n de Pol\u00edticas Salariales y Laborales, integrada por las centrales sindicales, gremios y el gobierno, sesion\u00f3 este lunes para avanzar en la consolidaci\u00f3n del texto final de la reforma laboral y que se radicar\u00e1 este jueves 16 de marzo ante el Congreso de la Rep\u00fablica.&nbsp; La ministra del Trabajo, Gloria In\u00e9s [&hellip;]<\/p>\n","protected":false},"author":2,"featured_media":0,"comment_status":"open","ping_status":"open","sticky":false,"template":"","format":"standard","meta":{"footnotes":""},"categories":[28,36],"tags":[],"class_list":["post-48200","post","type-post","status-publish","format-standard","hentry","category-actualidad","category-destacado"],"yoast_head":"<!-- This site is optimized with the Yoast SEO plugin v26.6 - https:\/\/yoast.com\/wordpress\/plugins\/seo\/ -->\n<title>Ambiente de concertaci\u00f3n y di\u00e1logo rodean a las reformas laboral y pensional -<\/title>\n<meta name=\"robots\" content=\"index, follow, max-snippet:-1, max-image-preview:large, max-video-preview:-1\" \/>\n<link rel=\"canonical\" href=\"https:\/\/luchonoticias.com\/editor\/ambiente-de-concertacion-y-dialogo-rodean-a-las-reformas-laboral-y-pensional\/\" \/>\n<meta property=\"og:locale\" content=\"es_ES\" \/>\n<meta property=\"og:type\" content=\"article\" \/>\n<meta property=\"og:title\" content=\"Ambiente de concertaci\u00f3n y di\u00e1logo rodean a las reformas laboral y pensional -\" \/>\n<meta property=\"og:url\" content=\"https:\/\/luchonoticias.com\/editor\/ambiente-de-concertacion-y-dialogo-rodean-a-las-reformas-laboral-y-pensional\/\" \/>\n<meta property=\"article:publisher\" content=\"https:\/\/www.facebook.com\/luchonoticiasneiva\" \/>\n<meta property=\"article:published_time\" content=\"2023-03-13T22:02:14+00:00\" \/>\n<meta property=\"article:modified_time\" content=\"2023-03-13T22:02:15+00:00\" \/>\n<meta property=\"og:image\" content=\"https:\/\/luchonoticias.com\/wp-content\/uploads\/2023\/03\/WhatsApp-Image-2023-03-13-at-3.53.32-PM-1024x506.jpeg\" \/>\n<meta name=\"author\" content=\"Editor General\" \/>\n<meta name=\"twitter:card\" content=\"summary_large_image\" \/>\n<meta name=\"twitter:label1\" content=\"Escrito por\" \/>\n\t<meta name=\"twitter:data1\" content=\"Editor General\" \/>\n\t<meta name=\"twitter:label2\" content=\"Tiempo de lectura\" \/>\n\t<meta name=\"twitter:data2\" content=\"3 minutos\" \/>\n<script type=\"application\/ld+json\" class=\"yoast-schema-graph\">{\"@context\":\"https:\/\/schema.org\",\"@graph\":[{\"@type\":\"Article\",\"@id\":\"https:\/\/luchonoticias.com\/editor\/ambiente-de-concertacion-y-dialogo-rodean-a-las-reformas-laboral-y-pensional\/#article\",\"isPartOf\":{\"@id\":\"https:\/\/luchonoticias.com\/editor\/ambiente-de-concertacion-y-dialogo-rodean-a-las-reformas-laboral-y-pensional\/\"},\"author\":{\"name\":\"Editor General\",\"@id\":\"https:\/\/luchonoticias.com\/editor\/#\/schema\/person\/29217990ddf6f14e35912b2866d591fb\"},\"headline\":\"Ambiente de concertaci\u00f3n y di\u00e1logo rodean a las reformas laboral y pensional\",\"datePublished\":\"2023-03-13T22:02:14+00:00\",\"dateModified\":\"2023-03-13T22:02:15+00:00\",\"mainEntityOfPage\":{\"@id\":\"https:\/\/luchonoticias.com\/editor\/ambiente-de-concertacion-y-dialogo-rodean-a-las-reformas-laboral-y-pensional\/\"},\"wordCount\":553,\"commentCount\":0,\"publisher\":{\"@id\":\"https:\/\/luchonoticias.com\/editor\/#\/schema\/person\/7a7fd911f58561fd056dbac7b55af9cd\"},\"image\":{\"@id\":\"https:\/\/luchonoticias.com\/editor\/ambiente-de-concertacion-y-dialogo-rodean-a-las-reformas-laboral-y-pensional\/#primaryimage\"},\"thumbnailUrl\":\"https:\/\/luchonoticias.com\/wp-content\/uploads\/2023\/03\/WhatsApp-Image-2023-03-13-at-3.53.32-PM-1024x506.jpeg\",\"articleSection\":[\"Actualidad\",\"Destacado\"],\"inLanguage\":\"es\",\"potentialAction\":[{\"@type\":\"CommentAction\",\"name\":\"Comment\",\"target\":[\"https:\/\/luchonoticias.com\/editor\/ambiente-de-concertacion-y-dialogo-rodean-a-las-reformas-laboral-y-pensional\/#respond\"]}]},{\"@type\":\"WebPage\",\"@id\":\"https:\/\/luchonoticias.com\/editor\/ambiente-de-concertacion-y-dialogo-rodean-a-las-reformas-laboral-y-pensional\/\",\"url\":\"https:\/\/luchonoticias.com\/editor\/ambiente-de-concertacion-y-dialogo-rodean-a-las-reformas-laboral-y-pensional\/\",\"name\":\"Ambiente de concertaci\u00f3n y di\u00e1logo rodean a las reformas laboral y pensional -\",\"isPartOf\":{\"@id\":\"https:\/\/luchonoticias.com\/editor\/#website\"},\"primaryImageOfPage\":{\"@id\":\"https:\/\/luchonoticias.com\/editor\/ambiente-de-concertacion-y-dialogo-rodean-a-las-reformas-laboral-y-pensional\/#primaryimage\"},\"image\":{\"@id\":\"https:\/\/luchonoticias.com\/editor\/ambiente-de-concertacion-y-dialogo-rodean-a-las-reformas-laboral-y-pensional\/#primaryimage\"},\"thumbnailUrl\":\"https:\/\/luchonoticias.com\/wp-content\/uploads\/2023\/03\/WhatsApp-Image-2023-03-13-at-3.53.32-PM-1024x506.jpeg\",\"datePublished\":\"2023-03-13T22:02:14+00:00\",\"dateModified\":\"2023-03-13T22:02:15+00:00\",\"breadcrumb\":{\"@id\":\"https:\/\/luchonoticias.com\/editor\/ambiente-de-concertacion-y-dialogo-rodean-a-las-reformas-laboral-y-pensional\/#breadcrumb\"},\"inLanguage\":\"es\",\"potentialAction\":[{\"@type\":\"ReadAction\",\"target\":[\"https:\/\/luchonoticias.com\/editor\/ambiente-de-concertacion-y-dialogo-rodean-a-las-reformas-laboral-y-pensional\/\"]}]},{\"@type\":\"ImageObject\",\"inLanguage\":\"es\",\"@id\":\"https:\/\/luchonoticias.com\/editor\/ambiente-de-concertacion-y-dialogo-rodean-a-las-reformas-laboral-y-pensional\/#primaryimage\",\"url\":\"https:\/\/luchonoticias.com\/wp-content\/uploads\/2023\/03\/WhatsApp-Image-2023-03-13-at-3.53.32-PM-1024x506.jpeg\",\"contentUrl\":\"https:\/\/luchonoticias.com\/wp-content\/uploads\/2023\/03\/WhatsApp-Image-2023-03-13-at-3.53.32-PM-1024x506.jpeg\"},{\"@type\":\"BreadcrumbList\",\"@id\":\"https:\/\/luchonoticias.com\/editor\/ambiente-de-concertacion-y-dialogo-rodean-a-las-reformas-laboral-y-pensional\/#breadcrumb\",\"itemListElement\":[{\"@type\":\"ListItem\",\"position\":1,\"name\":\"Portada\",\"item\":\"https:\/\/luchonoticias.com\/editor\/\"},{\"@type\":\"ListItem\",\"position\":2,\"name\":\"Ambiente de concertaci\u00f3n y di\u00e1logo rodean a las reformas laboral y pensional\"}]},{\"@type\":\"WebSite\",\"@id\":\"https:\/\/luchonoticias.com\/editor\/#website\",\"url\":\"https:\/\/luchonoticias.com\/editor\/\",\"name\":\"\",\"description\":\"\",\"publisher\":{\"@id\":\"https:\/\/luchonoticias.com\/editor\/#\/schema\/person\/7a7fd911f58561fd056dbac7b55af9cd\"},\"potentialAction\":[{\"@type\":\"SearchAction\",\"target\":{\"@type\":\"EntryPoint\",\"urlTemplate\":\"https:\/\/luchonoticias.com\/editor\/?s={search_term_string}\"},\"query-input\":{\"@type\":\"PropertyValueSpecification\",\"valueRequired\":true,\"valueName\":\"search_term_string\"}}],\"inLanguage\":\"es\"},{\"@type\":[\"Person\",\"Organization\"],\"@id\":\"https:\/\/luchonoticias.com\/editor\/#\/schema\/person\/7a7fd911f58561fd056dbac7b55af9cd\",\"name\":\"admin\",\"image\":{\"@type\":\"ImageObject\",\"inLanguage\":\"es\",\"@id\":\"https:\/\/luchonoticias.com\/editor\/#\/schema\/person\/image\/\",\"url\":\"https:\/\/luchonoticias.com\/editor\/wp-content\/uploads\/2024\/02\/cropped-cropped-logolu.webp\",\"contentUrl\":\"https:\/\/luchonoticias.com\/editor\/wp-content\/uploads\/2024\/02\/cropped-cropped-logolu.webp\",\"width\":382,\"height\":170,\"caption\":\"admin\"},\"logo\":{\"@id\":\"https:\/\/luchonoticias.com\/editor\/#\/schema\/person\/image\/\"},\"sameAs\":[\"https:\/\/www.facebook.com\/luchonoticiasneiva\"]},{\"@type\":\"Person\",\"@id\":\"https:\/\/luchonoticias.com\/editor\/#\/schema\/person\/29217990ddf6f14e35912b2866d591fb\",\"name\":\"Editor General\",\"image\":{\"@type\":\"ImageObject\",\"inLanguage\":\"es\",\"@id\":\"https:\/\/luchonoticias.com\/editor\/#\/schema\/person\/image\/\",\"url\":\"https:\/\/luchonoticias.com\/editor\/wp-content\/uploads\/2024\/02\/cropped-cropped-logolu-150x150.webp\",\"contentUrl\":\"https:\/\/luchonoticias.com\/editor\/wp-content\/uploads\/2024\/02\/cropped-cropped-logolu-150x150.webp\",\"caption\":\"Editor General\"},\"sameAs\":[\"https:\/\/luchonoticias.com\/\"],\"url\":\"https:\/\/luchonoticias.com\/editor\/author\/editor-general\/\"}]}<\/script>\n<!-- \/ Yoast SEO plugin. -->","yoast_head_json":{"title":"Ambiente de concertaci\u00f3n y di\u00e1logo rodean a las reformas laboral y pensional -","robots":{"index":"index","follow":"follow","max-snippet":"max-snippet:-1","max-image-preview":"max-image-preview:large","max-video-preview":"max-video-preview:-1"},"canonical":"https:\/\/luchonoticias.com\/editor\/ambiente-de-concertacion-y-dialogo-rodean-a-las-reformas-laboral-y-pensional\/","og_locale":"es_ES","og_type":"article","og_title":"Ambiente de concertaci\u00f3n y di\u00e1logo rodean a las reformas laboral y pensional -","og_url":"https:\/\/luchonoticias.com\/editor\/ambiente-de-concertacion-y-dialogo-rodean-a-las-reformas-laboral-y-pensional\/","article_publisher":"https:\/\/www.facebook.com\/luchonoticiasneiva","article_published_time":"2023-03-13T22:02:14+00:00","article_modified_time":"2023-03-13T22:02:15+00:00","og_image":[{"url":"https:\/\/luchonoticias.com\/wp-content\/uploads\/2023\/03\/WhatsApp-Image-2023-03-13-at-3.53.32-PM-1024x506.jpeg","type":"","width":"","height":""}],"author":"Editor General","twitter_card":"summary_large_image","twitter_misc":{"Escrito por":"Editor General","Tiempo de lectura":"3 minutos"},"schema":{"@context":"https:\/\/schema.org","@graph":[{"@type":"Article","@id":"https:\/\/luchonoticias.com\/editor\/ambiente-de-concertacion-y-dialogo-rodean-a-las-reformas-laboral-y-pensional\/#article","isPartOf":{"@id":"https:\/\/luchonoticias.com\/editor\/ambiente-de-concertacion-y-dialogo-rodean-a-las-reformas-laboral-y-pensional\/"},"author":{"name":"Editor General","@id":"https:\/\/luchonoticias.com\/editor\/#\/schema\/person\/29217990ddf6f14e35912b2866d591fb"},"headline":"Ambiente de concertaci\u00f3n y di\u00e1logo rodean a las reformas laboral y pensional","datePublished":"2023-03-13T22:02:14+00:00","dateModified":"2023-03-13T22:02:15+00:00","mainEntityOfPage":{"@id":"https:\/\/luchonoticias.com\/editor\/ambiente-de-concertacion-y-dialogo-rodean-a-las-reformas-laboral-y-pensional\/"},"wordCount":553,"commentCount":0,"publisher":{"@id":"https:\/\/luchonoticias.com\/editor\/#\/schema\/person\/7a7fd911f58561fd056dbac7b55af9cd"},"image":{"@id":"https:\/\/luchonoticias.com\/editor\/ambiente-de-concertacion-y-dialogo-rodean-a-las-reformas-laboral-y-pensional\/#primaryimage"},"thumbnailUrl":"https:\/\/luchonoticias.com\/wp-content\/uploads\/2023\/03\/WhatsApp-Image-2023-03-13-at-3.53.32-PM-1024x506.jpeg","articleSection":["Actualidad","Destacado"],"inLanguage":"es","potentialAction":[{"@type":"CommentAction","name":"Comment","target":["https:\/\/luchonoticias.com\/editor\/ambiente-de-concertacion-y-dialogo-rodean-a-las-reformas-laboral-y-pensional\/#respond"]}]},{"@type":"WebPage","@id":"https:\/\/luchonoticias.com\/editor\/ambiente-de-concertacion-y-dialogo-rodean-a-las-reformas-laboral-y-pensional\/","url":"https:\/\/luchonoticias.com\/editor\/ambiente-de-concertacion-y-dialogo-rodean-a-las-reformas-laboral-y-pensional\/","name":"Ambiente de concertaci\u00f3n y di\u00e1logo rodean a las reformas laboral y pensional -","isPartOf":{"@id":"https:\/\/luchonoticias.com\/editor\/#website"},"primaryImageOfPage":{"@id":"https:\/\/luchonoticias.com\/editor\/ambiente-de-concertacion-y-dialogo-rodean-a-las-reformas-laboral-y-pensional\/#primaryimage"},"image":{"@id":"https:\/\/luchonoticias.com\/editor\/ambiente-de-concertacion-y-dialogo-rodean-a-las-reformas-laboral-y-pensional\/#primaryimage"},"thumbnailUrl":"https:\/\/luchonoticias.com\/wp-content\/uploads\/2023\/03\/WhatsApp-Image-2023-03-13-at-3.53.32-PM-1024x506.jpeg","datePublished":"2023-03-13T22:02:14+00:00","dateModified":"2023-03-13T22:02:15+00:00","breadcrumb":{"@id":"https:\/\/luchonoticias.com\/editor\/ambiente-de-concertacion-y-dialogo-rodean-a-las-reformas-laboral-y-pensional\/#breadcrumb"},"inLanguage":"es","potentialAction":[{"@type":"ReadAction","target":["https:\/\/luchonoticias.com\/editor\/ambiente-de-concertacion-y-dialogo-rodean-a-las-reformas-laboral-y-pensional\/"]}]},{"@type":"ImageObject","inLanguage":"es","@id":"https:\/\/luchonoticias.com\/editor\/ambiente-de-concertacion-y-dialogo-rodean-a-las-reformas-laboral-y-pensional\/#primaryimage","url":"https:\/\/luchonoticias.com\/wp-content\/uploads\/2023\/03\/WhatsApp-Image-2023-03-13-at-3.53.32-PM-1024x506.jpeg","contentUrl":"https:\/\/luchonoticias.com\/wp-content\/uploads\/2023\/03\/WhatsApp-Image-2023-03-13-at-3.53.32-PM-1024x506.jpeg"},{"@type":"BreadcrumbList","@id":"https:\/\/luchonoticias.com\/editor\/ambiente-de-concertacion-y-dialogo-rodean-a-las-reformas-laboral-y-pensional\/#breadcrumb","itemListElement":[{"@type":"ListItem","position":1,"name":"Portada","item":"https:\/\/luchonoticias.com\/editor\/"},{"@type":"ListItem","position":2,"name":"Ambiente de concertaci\u00f3n y di\u00e1logo rodean a las reformas laboral y pensional"}]},{"@type":"WebSite","@id":"https:\/\/luchonoticias.com\/editor\/#website","url":"https:\/\/luchonoticias.com\/editor\/","name":"","description":"","publisher":{"@id":"https:\/\/luchonoticias.com\/editor\/#\/schema\/person\/7a7fd911f58561fd056dbac7b55af9cd"},"potentialAction":[{"@type":"SearchAction","target":{"@type":"EntryPoint","urlTemplate":"https:\/\/luchonoticias.com\/editor\/?s={search_term_string}"},"query-input":{"@type":"PropertyValueSpecification","valueRequired":true,"valueName":"search_term_string"}}],"inLanguage":"es"},{"@type":["Person","Organization"],"@id":"https:\/\/luchonoticias.com\/editor\/#\/schema\/person\/7a7fd911f58561fd056dbac7b55af9cd","name":"admin","image":{"@type":"ImageObject","inLanguage":"es","@id":"https:\/\/luchonoticias.com\/editor\/#\/schema\/person\/image\/","url":"https:\/\/luchonoticias.com\/editor\/wp-content\/uploads\/2024\/02\/cropped-cropped-logolu.webp","contentUrl":"https:\/\/luchonoticias.com\/editor\/wp-content\/uploads\/2024\/02\/cropped-cropped-logolu.webp","width":382,"height":170,"caption":"admin"},"logo":{"@id":"https:\/\/luchonoticias.com\/editor\/#\/schema\/person\/image\/"},"sameAs":["https:\/\/www.facebook.com\/luchonoticiasneiva"]},{"@type":"Person","@id":"https:\/\/luchonoticias.com\/editor\/#\/schema\/person\/29217990ddf6f14e35912b2866d591fb","name":"Editor General","image":{"@type":"ImageObject","inLanguage":"es","@id":"https:\/\/luchonoticias.com\/editor\/#\/schema\/person\/image\/","url":"https:\/\/luchonoticias.com\/editor\/wp-content\/uploads\/2024\/02\/cropped-cropped-logolu-150x150.webp","contentUrl":"https:\/\/luchonoticias.com\/editor\/wp-content\/uploads\/2024\/02\/cropped-cropped-logolu-150x150.webp","caption":"Editor General"},"sameAs":["https:\/\/luchonoticias.com\/"],"url":"https:\/\/luchonoticias.com\/editor\/author\/editor-general\/"}]}},"_links":{"self":[{"href":"https:\/\/luchonoticias.com\/editor\/wp-json\/wp\/v2\/posts\/48200","targetHints":{"allow":["GET"]}}],"collection":[{"href":"https:\/\/luchonoticias.com\/editor\/wp-json\/wp\/v2\/posts"}],"about":[{"href":"https:\/\/luchonoticias.com\/editor\/wp-json\/wp\/v2\/types\/post"}],"author":[{"embeddable":true,"href":"https:\/\/luchonoticias.com\/editor\/wp-json\/wp\/v2\/users\/2"}],"replies":[{"embeddable":true,"href":"https:\/\/luchonoticias.com\/editor\/wp-json\/wp\/v2\/comments?post=48200"}],"version-history":[{"count":0,"href":"https:\/\/luchonoticias.com\/editor\/wp-json\/wp\/v2\/posts\/48200\/revisions"}],"wp:attachment":[{"href":"https:\/\/luchonoticias.com\/editor\/wp-json\/wp\/v2\/media?parent=48200"}],"wp:term":[{"taxonomy":"category","embeddable":true,"href":"https:\/\/luchonoticias.com\/editor\/wp-json\/wp\/v2\/categories?post=48200"},{"taxonomy":"post_tag","embeddable":true,"href":"https:\/\/luchonoticias.com\/editor\/wp-json\/wp\/v2\/tags?post=48200"}],"curies":[{"name":"wp","href":"https:\/\/api.w.org\/{rel}","templated":true}]}}