{"id":48215,"date":"2023-03-14T06:58:04","date_gmt":"2023-03-14T11:58:04","guid":{"rendered":"https:\/\/luchonoticias.com\/?p=48215"},"modified":"2023-03-14T06:58:05","modified_gmt":"2023-03-14T11:58:05","slug":"en-neiva-planifican-edicion-62-de-las-fiestas-de-san-juan-y-san-pedro","status":"publish","type":"post","link":"https:\/\/luchonoticias.com\/editor\/en-neiva-planifican-edicion-62-de-las-fiestas-de-san-juan-y-san-pedro\/","title":{"rendered":"En Neiva planifican edici\u00f3n 62 de las Fiestas de San Juan y San Pedro"},"content":{"rendered":"\n<p>Con la uni\u00f3n de la Alcald\u00eda de Neiva y la Gobernaci\u00f3n del Huila,&nbsp; trabajan mancomunadamente para lo que ser\u00e1 la edici\u00f3n 62 del festival del Bambuco en San Juan y San Pedro 2023.<\/p>\n\n\n\n<p>Con el prop\u00f3sito de escuchar a los gestores culturales, comunidad en general y a las dem\u00e1s autoridades que integran las festividades, se desarroll\u00f3 una socializaci\u00f3n previa con las secretar\u00edas de Cultura y&nbsp; Gobierno, Corposanpedro, Polic\u00eda, Ej\u00e9rcito y el Ministerio P\u00fablico.<\/p>\n\n\n\n<p>\u201cEstamos evaluando de acuerdo a la programaci\u00f3n que han establecido la Secretar\u00eda de Cultura de Neiva, de la Gobernaci\u00f3n y Corposanpedro, para evaluar las necesidades que implican; se solicitar\u00e1n m\u00e1s de 500 polic\u00edas, igualmente el acompa\u00f1amiento del Ej\u00e9rcito en las zonas perif\u00e9ricas y rurales\u201d asegur\u00f3 Ra\u00fal Rivera Cort\u00e9s, Secretario de Gobierno de Neiva.<\/p>\n\n\n\n<figure class=\"wp-block-gallery has-nested-images columns-default is-cropped wp-block-gallery-1 is-layout-flex wp-block-gallery-is-layout-flex\">\n<figure class=\"wp-block-image size-large\"><img decoding=\"async\" data-id=\"48218\" src=\"https:\/\/luchonoticias.com\/wp-content\/uploads\/2023\/03\/WhatsApp-Image-2023-03-13-at-9.06.36-PM-1-1024x768.jpeg\" alt=\"\" class=\"wp-image-48218\"\/><\/figure>\n\n\n\n<figure class=\"wp-block-image size-large\"><img decoding=\"async\" data-id=\"48217\" src=\"https:\/\/luchonoticias.com\/wp-content\/uploads\/2023\/03\/WhatsApp-Image-2023-03-13-at-9.06.36-PM-1024x728.jpeg\" alt=\"\" class=\"wp-image-48217\"\/><\/figure>\n<\/figure>\n\n\n\n<p><strong>Trabajo en conjunto<\/strong><\/p>\n\n\n\n<p>El gobierno municipal y departamental, usar\u00e1 una sola imagen y programaci\u00f3n, con la cual invitar\u00e1n a ciudadanos nacionales y extranjeros, a pegarse la rodadita al departamento del Huila este a\u00f1o. El prop\u00f3sito es hacer una gran fiesta, donde se resalten las tradiciones aut\u00f3ctonas de esta regi\u00f3n.<\/p>\n\n\n\n<p>\u201cNos hemos unido para poder salvaguardar el festival. En materia de seguridad la apuesta es toda. Presentaremos una propuesta de seguridad, para un desarrollo de las fiestas en paz. Los turistas que lleguen podr\u00e1n estar seguros y tranquilos. Nosotros como autoridades estamos sentados analizando el desarrollo de nuestras fiestas, desde la experiencia, para garantizar seguridad a todos\u201d indic\u00f3 Marieta Trujillo, Secretaria de Cultura de Neiva.<\/p>\n\n\n\n<p>La comunidad reconoce la importancia de estos espacios previos a las festividades, cuyo objetivo es analizar todas las circunstancias y eventos del Festival del Bambuco en San Juan y San Pedro.<\/p>\n\n\n\n<p>\u201cEste a\u00f1o est\u00e1 muy bueno y nos alegra mucho que nos hayan tenido en cuenta para estas socializaciones. Estar\u00e1 buen\u00edsimo con la participaci\u00f3n y el trabajo de todos nosotros\u201d agreg\u00f3 Rosalba P\u00e9rez, l\u00edder de la Comuna 3 de Neiva.<\/p>\n\n\n\n<figure class=\"wp-block-audio\"><audio controls src=\"https:\/\/luchonoticias.com\/wp-content\/uploads\/2023\/03\/WhatsApp-Audio-2023-03-13-at-9.10.04-PM.ogg\" autoplay><\/audio><figcaption class=\"wp-element-caption\">Sonia G\u00f3mez, Coordinadora Art\u00edstica de Corposanpedro<\/figcaption><\/figure>\n\n\n\n<p><strong>Lanzamiento de programaci\u00f3n<\/strong><\/p>\n\n\n\n<p>Para este jueves est\u00e1 previsto el lanzamiento de la programaci\u00f3n oficial de la edici\u00f3n 62 del Festival del Bambuco en San Juan y San Pedro en el teatro Pigoanza de la capital del Huila. La Alcald\u00eda y Gobernaci\u00f3n, desarrollar\u00e1n un gran concierto, el cual ser\u00e1 totalmente gratis, donde se le dar\u00e1 la oportunidad al talento local y regional y a los artistas nacionales e internacionales.<\/p>\n\n\n\n<p>Finalmente, Sonia G\u00f3mez, Coordinadora art\u00edstica de Corposanpedro manifest\u00f3 que estos encuentros hacen parte de reuniones previas que tienen como prop\u00f3sito la organizaci\u00f3n de eventos conjuntos que realizar\u00e1 el departamento y el municipio en esta versi\u00f3n 62.<\/p>\n\n\n\n<p>\u201cEste a\u00f1o por decisi\u00f3n del gobernador Luis Enrique Duss\u00e1n y el alcalde Gorky Mu\u00f1oz nuestro festival tendr\u00e1 una sola imagen, la programaci\u00f3n ser\u00e1 condensada en una sola, de ah\u00ed venimos aunando esfuerzos para hacer de la actual versi\u00f3n uno de los mejores festivales para propios y turistas; esta uni\u00f3n fortalece nuestras tradiciones del Festival del Bambuco y para que se siga consolidando como el evento folcl\u00f3rico m\u00e1s importante de Colombia\u201d.<\/p>\n","protected":false},"excerpt":{"rendered":"<p>Con la uni\u00f3n de la Alcald\u00eda de Neiva y la Gobernaci\u00f3n del Huila,&nbsp; trabajan mancomunadamente para lo que ser\u00e1 la edici\u00f3n 62 del festival del Bambuco en San Juan y San Pedro 2023. Con el prop\u00f3sito de escuchar a los gestores culturales, comunidad en general y a las dem\u00e1s autoridades que integran las festividades, se [&hellip;]<\/p>\n","protected":false},"author":2,"featured_media":0,"comment_status":"open","ping_status":"open","sticky":false,"template":"","format":"standard","meta":{"footnotes":""},"categories":[36,31],"tags":[],"class_list":["post-48215","post","type-post","status-publish","format-standard","hentry","category-destacado","category-local"],"yoast_head":"<!-- This site is optimized with the Yoast SEO plugin v26.6 - https:\/\/yoast.com\/wordpress\/plugins\/seo\/ -->\n<title>En Neiva planifican edici\u00f3n 62 de las Fiestas de San Juan y San Pedro -<\/title>\n<meta name=\"robots\" content=\"index, follow, max-snippet:-1, max-image-preview:large, max-video-preview:-1\" \/>\n<link rel=\"canonical\" href=\"https:\/\/luchonoticias.com\/editor\/en-neiva-planifican-edicion-62-de-las-fiestas-de-san-juan-y-san-pedro\/\" \/>\n<meta property=\"og:locale\" content=\"es_ES\" \/>\n<meta property=\"og:type\" content=\"article\" \/>\n<meta property=\"og:title\" content=\"En Neiva planifican edici\u00f3n 62 de las Fiestas de San Juan y San Pedro -\" \/>\n<meta property=\"og:url\" content=\"https:\/\/luchonoticias.com\/editor\/en-neiva-planifican-edicion-62-de-las-fiestas-de-san-juan-y-san-pedro\/\" \/>\n<meta property=\"article:publisher\" content=\"https:\/\/www.facebook.com\/luchonoticiasneiva\" \/>\n<meta property=\"article:published_time\" content=\"2023-03-14T11:58:04+00:00\" \/>\n<meta property=\"article:modified_time\" content=\"2023-03-14T11:58:05+00:00\" \/>\n<meta property=\"og:image\" content=\"https:\/\/luchonoticias.com\/wp-content\/uploads\/2023\/03\/WhatsApp-Image-2023-03-13-at-9.06.36-PM-1-1024x768.jpeg\" \/>\n<meta name=\"author\" content=\"Editor General\" \/>\n<meta name=\"twitter:card\" content=\"summary_large_image\" \/>\n<meta name=\"twitter:label1\" content=\"Escrito por\" \/>\n\t<meta name=\"twitter:data1\" content=\"Editor General\" \/>\n\t<meta name=\"twitter:label2\" content=\"Tiempo de lectura\" \/>\n\t<meta name=\"twitter:data2\" content=\"3 minutos\" \/>\n<script type=\"application\/ld+json\" class=\"yoast-schema-graph\">{\"@context\":\"https:\/\/schema.org\",\"@graph\":[{\"@type\":\"Article\",\"@id\":\"https:\/\/luchonoticias.com\/editor\/en-neiva-planifican-edicion-62-de-las-fiestas-de-san-juan-y-san-pedro\/#article\",\"isPartOf\":{\"@id\":\"https:\/\/luchonoticias.com\/editor\/en-neiva-planifican-edicion-62-de-las-fiestas-de-san-juan-y-san-pedro\/\"},\"author\":{\"name\":\"Editor General\",\"@id\":\"https:\/\/luchonoticias.com\/editor\/#\/schema\/person\/29217990ddf6f14e35912b2866d591fb\"},\"headline\":\"En Neiva planifican edici\u00f3n 62 de las Fiestas de San Juan y San Pedro\",\"datePublished\":\"2023-03-14T11:58:04+00:00\",\"dateModified\":\"2023-03-14T11:58:05+00:00\",\"mainEntityOfPage\":{\"@id\":\"https:\/\/luchonoticias.com\/editor\/en-neiva-planifican-edicion-62-de-las-fiestas-de-san-juan-y-san-pedro\/\"},\"wordCount\":556,\"commentCount\":0,\"publisher\":{\"@id\":\"https:\/\/luchonoticias.com\/editor\/#\/schema\/person\/7a7fd911f58561fd056dbac7b55af9cd\"},\"image\":{\"@id\":\"https:\/\/luchonoticias.com\/editor\/en-neiva-planifican-edicion-62-de-las-fiestas-de-san-juan-y-san-pedro\/#primaryimage\"},\"thumbnailUrl\":\"https:\/\/luchonoticias.com\/wp-content\/uploads\/2023\/03\/WhatsApp-Image-2023-03-13-at-9.06.36-PM-1-1024x768.jpeg\",\"articleSection\":[\"Destacado\",\"Local\"],\"inLanguage\":\"es\",\"potentialAction\":[{\"@type\":\"CommentAction\",\"name\":\"Comment\",\"target\":[\"https:\/\/luchonoticias.com\/editor\/en-neiva-planifican-edicion-62-de-las-fiestas-de-san-juan-y-san-pedro\/#respond\"]}]},{\"@type\":\"WebPage\",\"@id\":\"https:\/\/luchonoticias.com\/editor\/en-neiva-planifican-edicion-62-de-las-fiestas-de-san-juan-y-san-pedro\/\",\"url\":\"https:\/\/luchonoticias.com\/editor\/en-neiva-planifican-edicion-62-de-las-fiestas-de-san-juan-y-san-pedro\/\",\"name\":\"En Neiva planifican edici\u00f3n 62 de las Fiestas de San Juan y San Pedro -\",\"isPartOf\":{\"@id\":\"https:\/\/luchonoticias.com\/editor\/#website\"},\"primaryImageOfPage\":{\"@id\":\"https:\/\/luchonoticias.com\/editor\/en-neiva-planifican-edicion-62-de-las-fiestas-de-san-juan-y-san-pedro\/#primaryimage\"},\"image\":{\"@id\":\"https:\/\/luchonoticias.com\/editor\/en-neiva-planifican-edicion-62-de-las-fiestas-de-san-juan-y-san-pedro\/#primaryimage\"},\"thumbnailUrl\":\"https:\/\/luchonoticias.com\/wp-content\/uploads\/2023\/03\/WhatsApp-Image-2023-03-13-at-9.06.36-PM-1-1024x768.jpeg\",\"datePublished\":\"2023-03-14T11:58:04+00:00\",\"dateModified\":\"2023-03-14T11:58:05+00:00\",\"breadcrumb\":{\"@id\":\"https:\/\/luchonoticias.com\/editor\/en-neiva-planifican-edicion-62-de-las-fiestas-de-san-juan-y-san-pedro\/#breadcrumb\"},\"inLanguage\":\"es\",\"potentialAction\":[{\"@type\":\"ReadAction\",\"target\":[\"https:\/\/luchonoticias.com\/editor\/en-neiva-planifican-edicion-62-de-las-fiestas-de-san-juan-y-san-pedro\/\"]}]},{\"@type\":\"ImageObject\",\"inLanguage\":\"es\",\"@id\":\"https:\/\/luchonoticias.com\/editor\/en-neiva-planifican-edicion-62-de-las-fiestas-de-san-juan-y-san-pedro\/#primaryimage\",\"url\":\"https:\/\/luchonoticias.com\/wp-content\/uploads\/2023\/03\/WhatsApp-Image-2023-03-13-at-9.06.36-PM-1-1024x768.jpeg\",\"contentUrl\":\"https:\/\/luchonoticias.com\/wp-content\/uploads\/2023\/03\/WhatsApp-Image-2023-03-13-at-9.06.36-PM-1-1024x768.jpeg\"},{\"@type\":\"BreadcrumbList\",\"@id\":\"https:\/\/luchonoticias.com\/editor\/en-neiva-planifican-edicion-62-de-las-fiestas-de-san-juan-y-san-pedro\/#breadcrumb\",\"itemListElement\":[{\"@type\":\"ListItem\",\"position\":1,\"name\":\"Portada\",\"item\":\"https:\/\/luchonoticias.com\/editor\/\"},{\"@type\":\"ListItem\",\"position\":2,\"name\":\"En Neiva planifican edici\u00f3n 62 de las Fiestas de San Juan y San Pedro\"}]},{\"@type\":\"WebSite\",\"@id\":\"https:\/\/luchonoticias.com\/editor\/#website\",\"url\":\"https:\/\/luchonoticias.com\/editor\/\",\"name\":\"\",\"description\":\"\",\"publisher\":{\"@id\":\"https:\/\/luchonoticias.com\/editor\/#\/schema\/person\/7a7fd911f58561fd056dbac7b55af9cd\"},\"potentialAction\":[{\"@type\":\"SearchAction\",\"target\":{\"@type\":\"EntryPoint\",\"urlTemplate\":\"https:\/\/luchonoticias.com\/editor\/?s={search_term_string}\"},\"query-input\":{\"@type\":\"PropertyValueSpecification\",\"valueRequired\":true,\"valueName\":\"search_term_string\"}}],\"inLanguage\":\"es\"},{\"@type\":[\"Person\",\"Organization\"],\"@id\":\"https:\/\/luchonoticias.com\/editor\/#\/schema\/person\/7a7fd911f58561fd056dbac7b55af9cd\",\"name\":\"admin\",\"image\":{\"@type\":\"ImageObject\",\"inLanguage\":\"es\",\"@id\":\"https:\/\/luchonoticias.com\/editor\/#\/schema\/person\/image\/\",\"url\":\"https:\/\/luchonoticias.com\/editor\/wp-content\/uploads\/2024\/02\/cropped-cropped-logolu.webp\",\"contentUrl\":\"https:\/\/luchonoticias.com\/editor\/wp-content\/uploads\/2024\/02\/cropped-cropped-logolu.webp\",\"width\":382,\"height\":170,\"caption\":\"admin\"},\"logo\":{\"@id\":\"https:\/\/luchonoticias.com\/editor\/#\/schema\/person\/image\/\"},\"sameAs\":[\"https:\/\/www.facebook.com\/luchonoticiasneiva\"]},{\"@type\":\"Person\",\"@id\":\"https:\/\/luchonoticias.com\/editor\/#\/schema\/person\/29217990ddf6f14e35912b2866d591fb\",\"name\":\"Editor General\",\"image\":{\"@type\":\"ImageObject\",\"inLanguage\":\"es\",\"@id\":\"https:\/\/luchonoticias.com\/editor\/#\/schema\/person\/image\/\",\"url\":\"https:\/\/luchonoticias.com\/editor\/wp-content\/uploads\/2024\/02\/cropped-cropped-logolu-150x150.webp\",\"contentUrl\":\"https:\/\/luchonoticias.com\/editor\/wp-content\/uploads\/2024\/02\/cropped-cropped-logolu-150x150.webp\",\"caption\":\"Editor General\"},\"sameAs\":[\"https:\/\/luchonoticias.com\/\"],\"url\":\"https:\/\/luchonoticias.com\/editor\/author\/editor-general\/\"}]}<\/script>\n<!-- \/ Yoast SEO plugin. -->","yoast_head_json":{"title":"En Neiva planifican edici\u00f3n 62 de las Fiestas de San Juan y San Pedro -","robots":{"index":"index","follow":"follow","max-snippet":"max-snippet:-1","max-image-preview":"max-image-preview:large","max-video-preview":"max-video-preview:-1"},"canonical":"https:\/\/luchonoticias.com\/editor\/en-neiva-planifican-edicion-62-de-las-fiestas-de-san-juan-y-san-pedro\/","og_locale":"es_ES","og_type":"article","og_title":"En Neiva planifican edici\u00f3n 62 de las Fiestas de San Juan y San Pedro -","og_url":"https:\/\/luchonoticias.com\/editor\/en-neiva-planifican-edicion-62-de-las-fiestas-de-san-juan-y-san-pedro\/","article_publisher":"https:\/\/www.facebook.com\/luchonoticiasneiva","article_published_time":"2023-03-14T11:58:04+00:00","article_modified_time":"2023-03-14T11:58:05+00:00","og_image":[{"url":"https:\/\/luchonoticias.com\/wp-content\/uploads\/2023\/03\/WhatsApp-Image-2023-03-13-at-9.06.36-PM-1-1024x768.jpeg","type":"","width":"","height":""}],"author":"Editor General","twitter_card":"summary_large_image","twitter_misc":{"Escrito por":"Editor General","Tiempo de lectura":"3 minutos"},"schema":{"@context":"https:\/\/schema.org","@graph":[{"@type":"Article","@id":"https:\/\/luchonoticias.com\/editor\/en-neiva-planifican-edicion-62-de-las-fiestas-de-san-juan-y-san-pedro\/#article","isPartOf":{"@id":"https:\/\/luchonoticias.com\/editor\/en-neiva-planifican-edicion-62-de-las-fiestas-de-san-juan-y-san-pedro\/"},"author":{"name":"Editor General","@id":"https:\/\/luchonoticias.com\/editor\/#\/schema\/person\/29217990ddf6f14e35912b2866d591fb"},"headline":"En Neiva planifican edici\u00f3n 62 de las Fiestas de San Juan y San Pedro","datePublished":"2023-03-14T11:58:04+00:00","dateModified":"2023-03-14T11:58:05+00:00","mainEntityOfPage":{"@id":"https:\/\/luchonoticias.com\/editor\/en-neiva-planifican-edicion-62-de-las-fiestas-de-san-juan-y-san-pedro\/"},"wordCount":556,"commentCount":0,"publisher":{"@id":"https:\/\/luchonoticias.com\/editor\/#\/schema\/person\/7a7fd911f58561fd056dbac7b55af9cd"},"image":{"@id":"https:\/\/luchonoticias.com\/editor\/en-neiva-planifican-edicion-62-de-las-fiestas-de-san-juan-y-san-pedro\/#primaryimage"},"thumbnailUrl":"https:\/\/luchonoticias.com\/wp-content\/uploads\/2023\/03\/WhatsApp-Image-2023-03-13-at-9.06.36-PM-1-1024x768.jpeg","articleSection":["Destacado","Local"],"inLanguage":"es","potentialAction":[{"@type":"CommentAction","name":"Comment","target":["https:\/\/luchonoticias.com\/editor\/en-neiva-planifican-edicion-62-de-las-fiestas-de-san-juan-y-san-pedro\/#respond"]}]},{"@type":"WebPage","@id":"https:\/\/luchonoticias.com\/editor\/en-neiva-planifican-edicion-62-de-las-fiestas-de-san-juan-y-san-pedro\/","url":"https:\/\/luchonoticias.com\/editor\/en-neiva-planifican-edicion-62-de-las-fiestas-de-san-juan-y-san-pedro\/","name":"En Neiva planifican edici\u00f3n 62 de las Fiestas de San Juan y San Pedro -","isPartOf":{"@id":"https:\/\/luchonoticias.com\/editor\/#website"},"primaryImageOfPage":{"@id":"https:\/\/luchonoticias.com\/editor\/en-neiva-planifican-edicion-62-de-las-fiestas-de-san-juan-y-san-pedro\/#primaryimage"},"image":{"@id":"https:\/\/luchonoticias.com\/editor\/en-neiva-planifican-edicion-62-de-las-fiestas-de-san-juan-y-san-pedro\/#primaryimage"},"thumbnailUrl":"https:\/\/luchonoticias.com\/wp-content\/uploads\/2023\/03\/WhatsApp-Image-2023-03-13-at-9.06.36-PM-1-1024x768.jpeg","datePublished":"2023-03-14T11:58:04+00:00","dateModified":"2023-03-14T11:58:05+00:00","breadcrumb":{"@id":"https:\/\/luchonoticias.com\/editor\/en-neiva-planifican-edicion-62-de-las-fiestas-de-san-juan-y-san-pedro\/#breadcrumb"},"inLanguage":"es","potentialAction":[{"@type":"ReadAction","target":["https:\/\/luchonoticias.com\/editor\/en-neiva-planifican-edicion-62-de-las-fiestas-de-san-juan-y-san-pedro\/"]}]},{"@type":"ImageObject","inLanguage":"es","@id":"https:\/\/luchonoticias.com\/editor\/en-neiva-planifican-edicion-62-de-las-fiestas-de-san-juan-y-san-pedro\/#primaryimage","url":"https:\/\/luchonoticias.com\/wp-content\/uploads\/2023\/03\/WhatsApp-Image-2023-03-13-at-9.06.36-PM-1-1024x768.jpeg","contentUrl":"https:\/\/luchonoticias.com\/wp-content\/uploads\/2023\/03\/WhatsApp-Image-2023-03-13-at-9.06.36-PM-1-1024x768.jpeg"},{"@type":"BreadcrumbList","@id":"https:\/\/luchonoticias.com\/editor\/en-neiva-planifican-edicion-62-de-las-fiestas-de-san-juan-y-san-pedro\/#breadcrumb","itemListElement":[{"@type":"ListItem","position":1,"name":"Portada","item":"https:\/\/luchonoticias.com\/editor\/"},{"@type":"ListItem","position":2,"name":"En Neiva planifican edici\u00f3n 62 de las Fiestas de San Juan y San Pedro"}]},{"@type":"WebSite","@id":"https:\/\/luchonoticias.com\/editor\/#website","url":"https:\/\/luchonoticias.com\/editor\/","name":"","description":"","publisher":{"@id":"https:\/\/luchonoticias.com\/editor\/#\/schema\/person\/7a7fd911f58561fd056dbac7b55af9cd"},"potentialAction":[{"@type":"SearchAction","target":{"@type":"EntryPoint","urlTemplate":"https:\/\/luchonoticias.com\/editor\/?s={search_term_string}"},"query-input":{"@type":"PropertyValueSpecification","valueRequired":true,"valueName":"search_term_string"}}],"inLanguage":"es"},{"@type":["Person","Organization"],"@id":"https:\/\/luchonoticias.com\/editor\/#\/schema\/person\/7a7fd911f58561fd056dbac7b55af9cd","name":"admin","image":{"@type":"ImageObject","inLanguage":"es","@id":"https:\/\/luchonoticias.com\/editor\/#\/schema\/person\/image\/","url":"https:\/\/luchonoticias.com\/editor\/wp-content\/uploads\/2024\/02\/cropped-cropped-logolu.webp","contentUrl":"https:\/\/luchonoticias.com\/editor\/wp-content\/uploads\/2024\/02\/cropped-cropped-logolu.webp","width":382,"height":170,"caption":"admin"},"logo":{"@id":"https:\/\/luchonoticias.com\/editor\/#\/schema\/person\/image\/"},"sameAs":["https:\/\/www.facebook.com\/luchonoticiasneiva"]},{"@type":"Person","@id":"https:\/\/luchonoticias.com\/editor\/#\/schema\/person\/29217990ddf6f14e35912b2866d591fb","name":"Editor General","image":{"@type":"ImageObject","inLanguage":"es","@id":"https:\/\/luchonoticias.com\/editor\/#\/schema\/person\/image\/","url":"https:\/\/luchonoticias.com\/editor\/wp-content\/uploads\/2024\/02\/cropped-cropped-logolu-150x150.webp","contentUrl":"https:\/\/luchonoticias.com\/editor\/wp-content\/uploads\/2024\/02\/cropped-cropped-logolu-150x150.webp","caption":"Editor General"},"sameAs":["https:\/\/luchonoticias.com\/"],"url":"https:\/\/luchonoticias.com\/editor\/author\/editor-general\/"}]}},"_links":{"self":[{"href":"https:\/\/luchonoticias.com\/editor\/wp-json\/wp\/v2\/posts\/48215","targetHints":{"allow":["GET"]}}],"collection":[{"href":"https:\/\/luchonoticias.com\/editor\/wp-json\/wp\/v2\/posts"}],"about":[{"href":"https:\/\/luchonoticias.com\/editor\/wp-json\/wp\/v2\/types\/post"}],"author":[{"embeddable":true,"href":"https:\/\/luchonoticias.com\/editor\/wp-json\/wp\/v2\/users\/2"}],"replies":[{"embeddable":true,"href":"https:\/\/luchonoticias.com\/editor\/wp-json\/wp\/v2\/comments?post=48215"}],"version-history":[{"count":0,"href":"https:\/\/luchonoticias.com\/editor\/wp-json\/wp\/v2\/posts\/48215\/revisions"}],"wp:attachment":[{"href":"https:\/\/luchonoticias.com\/editor\/wp-json\/wp\/v2\/media?parent=48215"}],"wp:term":[{"taxonomy":"category","embeddable":true,"href":"https:\/\/luchonoticias.com\/editor\/wp-json\/wp\/v2\/categories?post=48215"},{"taxonomy":"post_tag","embeddable":true,"href":"https:\/\/luchonoticias.com\/editor\/wp-json\/wp\/v2\/tags?post=48215"}],"curies":[{"name":"wp","href":"https:\/\/api.w.org\/{rel}","templated":true}]}}