{"id":48221,"date":"2023-03-14T07:03:56","date_gmt":"2023-03-14T12:03:56","guid":{"rendered":"https:\/\/luchonoticias.com\/?p=48221"},"modified":"2023-03-14T07:03:57","modified_gmt":"2023-03-14T12:03:57","slug":"policia-nacional-da-a-conocer-el-nuevo-cartel-de-los-mas-buscados-de-neiva","status":"publish","type":"post","link":"https:\/\/luchonoticias.com\/editor\/policia-nacional-da-a-conocer-el-nuevo-cartel-de-los-mas-buscados-de-neiva\/","title":{"rendered":"Polic\u00eda Nacional da a conocer el nuevo cartel de los m\u00e1s buscados de Neiva"},"content":{"rendered":"\n<p>La Polic\u00eda Nacional en desarrollo de la campa\u00f1a \u201cImplacables contra el delito\u201d, da a conocer en las \u00faltimas horas el cartel de los m\u00e1s buscados por la Polic\u00eda Metropolitana de Neiva.<\/p>\n\n\n\n<p>De acuerdo a las labores adelantadas por la seccional de investigaci\u00f3n criminal SIJIN, tendientes a dar con el paradero de los hombres m\u00e1s buscados en el \u00e1rea metropolitana de Neiva, estas personas estar\u00edan relacionadas por los delitos de homicidio en la modalidad de tentativa, fabricaci\u00f3n, tr\u00e1fico o porte de armas de fuego, lesiones dolosas y uso de menores en la comisi\u00f3n de delitos en los que se destacan:<\/p>\n\n\n\n<p><strong>Lo m\u00e1s buscados por homicidio<\/strong><\/p>\n\n\n\n<p>\u2022&nbsp;&nbsp;&nbsp;&nbsp;&nbsp;&nbsp;&nbsp;&nbsp;&nbsp;&nbsp;&nbsp;&nbsp; Hugo Alberto Peralta Aguilar: requerido por los delitos de homicidio, tr\u00e1fico, fabricaci\u00f3n o porte de armas de fuego, uso de menores en la comisi\u00f3n de delitos en la comuna 9 de la ciudad, presenta anotaciones por homicidio, tr\u00e1fico de estupefacientes y hurto calificado.<\/p>\n\n\n\n<p>\u2022&nbsp;&nbsp;&nbsp;&nbsp;&nbsp;&nbsp;&nbsp;&nbsp;&nbsp;&nbsp;&nbsp;&nbsp; Jaime Felipe Moreno Perilla: requerido por los delitos de Homicidio, tr\u00e1fico o porte de armas de fuego, por hechos sucedidos en la comuna 6, presenta anotaciones judiciales por hurto calificado, homicidio, fuga de presos, hurto y porte ilegal de armas de fuego.<\/p>\n\n\n\n<p>\u2022\u00a0\u00a0\u00a0\u00a0\u00a0\u00a0\u00a0\u00a0\u00a0\u00a0\u00a0\u00a0 Antony Yoani Dom\u00ednguez N\u00fa\u00f1ez: requerido por el delito de homicidio agravado por los hechos ocurridos en el corregimiento de vegalarga en el a\u00f1o 2022, quien presenta anotaciones judiciales por homicidio.<\/p>\n\n\n\n<figure class=\"wp-block-gallery has-nested-images columns-default is-cropped wp-block-gallery-1 is-layout-flex wp-block-gallery-is-layout-flex\">\n<figure class=\"wp-block-image size-large\"><img decoding=\"async\" data-id=\"48223\" src=\"https:\/\/luchonoticias.com\/wp-content\/uploads\/2023\/03\/WhatsApp-Image-2023-03-13-at-8.20.12-PM-1-772x1024.jpeg\" alt=\"\" class=\"wp-image-48223\"\/><\/figure>\n\n\n\n<figure class=\"wp-block-image size-large\"><img decoding=\"async\" data-id=\"48224\" src=\"https:\/\/luchonoticias.com\/wp-content\/uploads\/2023\/03\/WhatsApp-Image-2023-03-13-at-8.20.12-PM-769x1024.jpeg\" alt=\"\" class=\"wp-image-48224\"\/><\/figure>\n<\/figure>\n\n\n\n<p><strong>Los m\u00e1s buscados por el delito de hurto<\/strong><\/p>\n\n\n\n<p>\u2022&nbsp;&nbsp;&nbsp;&nbsp;&nbsp;&nbsp;&nbsp;&nbsp;&nbsp;&nbsp;&nbsp;&nbsp; Fernando Murcia Sierra: requerido por los delitos de Concierto para delinquir, hurto calificado y agravado, afectando el sector de la comuna 6, el sector de surabastos, el municipio de Palermo, adem\u00e1s la ciudad de Ibague, Tolima. Esta persona ser\u00eda integrante del grupo de delincuencia com\u00fan organizado conocido como \u201cLos Silenciosos\u201d y presenta anotaciones judiciales por hurto agravado y hurto calificado.<\/p>\n\n\n\n<p>\u2022&nbsp;&nbsp;&nbsp;&nbsp;&nbsp;&nbsp;&nbsp;&nbsp;&nbsp;&nbsp;&nbsp;&nbsp; Mar\u00eda Fernanda Vargas Roa: requerida por los delitos de Concierto para delinquir, Hurto agravado y calificado, con afectaci\u00f3n en la comuna 6, sector de surabastos, el municipio de Palermo, adem\u00e1s afectando la ciudad de Ibagu\u00e9, Tolima y quien ser\u00eda integrante del grupo de delincuencia com\u00fan organizado \u201cLos Silenciosos\u201d, esta mujer presenta anotaciones judiciales por Hurto calificado agravado y lesiones personales.<\/p>\n\n\n\n<p>\u2022&nbsp;&nbsp;&nbsp;&nbsp;&nbsp;&nbsp;&nbsp;&nbsp;&nbsp;&nbsp;&nbsp;&nbsp; Andr\u00e9s Felipe Bonilla Herrera: requerido por los delitos de hurto calificado, circunstancias de agravaci\u00f3n punitiva por hechos ocurridos en el a\u00f1o 2022 en la comuna 4 de Neiva, presenta anotaciones judiciales por Hurto en menor cuant\u00eda.<\/p>\n\n\n\n<p>\u2022&nbsp;&nbsp;&nbsp;&nbsp;&nbsp;&nbsp;&nbsp;&nbsp;&nbsp;&nbsp;&nbsp;&nbsp; Christian Miguel S\u00e1nchez Cruz: requerido por los delitos de concierto para delinquir, hurto calificado y agravado, est\u00e1 persona es integrante del grupo de delincuencia com\u00fan organizado \u201cLos contratistas\u201d dedicados al hurto a personas en las comunas 1, 3, 4, 5 y 7 de la ciudad de Neiva en barrios como Chical\u00e1, Altico, Calixto, Diego de Ospina y el Centro.<\/p>\n\n\n\n<p>\u2022&nbsp;&nbsp;&nbsp;&nbsp;&nbsp;&nbsp;&nbsp;&nbsp;&nbsp;&nbsp;&nbsp;&nbsp; Cristian Roberto Guevara Hurtado: requerido por los delitos de concierto para delinquir, hurto calificado y agravado, hizo parte del grupo de delincuencia com\u00fan organizado \u201cLos Contratistas\u201d dedicados al hurto a personas en las comunas 1, 3, 4, 5 y 7 de la ciudad de Neiva, en barrios como Chical\u00e1, Altico, Calixto, Diego de Ospina y el Centro.<\/p>\n\n\n\n<p>\u2022&nbsp;&nbsp;&nbsp;&nbsp;&nbsp;&nbsp;&nbsp;&nbsp;&nbsp;&nbsp;&nbsp;&nbsp; Juan David Cer\u00f3n Vargas: requerido por los delitos de hurto calificado agravado y lesiones personales, integrante del grupo de delincuencia com\u00fan organizado \u201cLos Libertadores\u201d, dedicados al hurto a personas y hurto a celulares en las comunas 1, 2, 3, 9 y 10 sectores como Santa In\u00e9s, Eduardo Santos, los Martires, Virgilio Barco y los Andes, este hombre presenta ademas anotaciones judiciales por lesiones personales.<\/p>\n\n\n\n<p>\u2022&nbsp;&nbsp;&nbsp;&nbsp;&nbsp;&nbsp;&nbsp;&nbsp;&nbsp;&nbsp;&nbsp;&nbsp; Luis Miguel Peralta Rodr\u00edguez: requerido por los delitos de hurto calificado agravado y lesiones personales, integrante del grupo de delincuencia organizado&nbsp; \u201cLos Libertadores\u201d dedicados al hurto a personas y hurto a celulares en las comunas 1, 2, 3, 9 y 10 en sectores como Santa In\u00e9s, Eduardo Santos, los Martires, Virgilio Barco y los Andes quien presenta adem\u00e1s anotaciones judiciales por hurto calificado.<\/p>\n\n\n\n<p>\u2022&nbsp;&nbsp;&nbsp;&nbsp;&nbsp;&nbsp;&nbsp;&nbsp;&nbsp;&nbsp;&nbsp;&nbsp; Diana Milena Rodr\u00edguez Ospina: requerida por los delitos de concierto para delinquir y tr\u00e1fico, fabricaci\u00f3n y porte de estupefacientes, esta mujer es integrante del grupo de delincuencia com\u00fan organizado \u201cLos Del Hueco\u201d dedicados al expendio de estupefacientes en la comuna 7 sector de San Mart\u00edn, presenta anotaciones judiciales por tr\u00e1fico de estupefacientes.<\/p>\n\n\n\n<p>Es de resaltar que el se\u00f1or Coronel\u00a0 Juan Pablo Ruiz Rodr\u00edguez comandante de la Polic\u00eda Metropolitana de Neiva en compa\u00f1\u00eda del Doctor Ra\u00fal Rivera Cort\u00e9s secretario de gobierno municipal realizaron un recorrido por las instalaciones y alrededores de la terminal de transporte de Neiva donde dieron a conocer personalmente a la ciudadan\u00eda el cartel de los m\u00e1s buscados recalcando que por la informaci\u00f3n que conduzca a la captura de estos presuntos actores criminales, se ofrece una recompensa de hasta 2 millones de pesos.<\/p>\n\n\n\n<figure class=\"wp-block-video\"><video controls src=\"https:\/\/luchonoticias.com\/wp-content\/uploads\/2023\/03\/WhatsApp-Video-2023-03-13-at-8.20.17-PM.mp4\"><\/video><\/figure>\n\n\n\n<p>La Polic\u00eda Nacional invita a la ciudadan\u00eda que en caso de poseer informaci\u00f3n conducente a su captura, puede comunicarse de manera reservada a la l\u00ednea directa 3203019619 o al correo menev.sijin@policia.gov.co, Absoluta Reserva.<\/p>\n","protected":false},"excerpt":{"rendered":"<p>La Polic\u00eda Nacional en desarrollo de la campa\u00f1a \u201cImplacables contra el delito\u201d, da a conocer en las \u00faltimas horas el cartel de los m\u00e1s buscados por la Polic\u00eda Metropolitana de Neiva. De acuerdo a las labores adelantadas por la seccional de investigaci\u00f3n criminal SIJIN, tendientes a dar con el paradero de los hombres m\u00e1s buscados [&hellip;]<\/p>\n","protected":false},"author":2,"featured_media":0,"comment_status":"open","ping_status":"open","sticky":false,"template":"","format":"standard","meta":{"footnotes":""},"categories":[36,29],"tags":[],"class_list":["post-48221","post","type-post","status-publish","format-standard","hentry","category-destacado","category-judicial"],"yoast_head":"<!-- This site is optimized with the Yoast SEO plugin v26.6 - https:\/\/yoast.com\/wordpress\/plugins\/seo\/ -->\n<title>Polic\u00eda Nacional da a conocer el nuevo cartel de los m\u00e1s buscados de Neiva -<\/title>\n<meta name=\"robots\" content=\"index, follow, max-snippet:-1, max-image-preview:large, max-video-preview:-1\" \/>\n<link rel=\"canonical\" href=\"https:\/\/luchonoticias.com\/editor\/policia-nacional-da-a-conocer-el-nuevo-cartel-de-los-mas-buscados-de-neiva\/\" \/>\n<meta property=\"og:locale\" content=\"es_ES\" \/>\n<meta property=\"og:type\" content=\"article\" \/>\n<meta property=\"og:title\" content=\"Polic\u00eda Nacional da a conocer el nuevo cartel de los m\u00e1s buscados de Neiva -\" \/>\n<meta property=\"og:url\" content=\"https:\/\/luchonoticias.com\/editor\/policia-nacional-da-a-conocer-el-nuevo-cartel-de-los-mas-buscados-de-neiva\/\" \/>\n<meta property=\"article:publisher\" content=\"https:\/\/www.facebook.com\/luchonoticiasneiva\" \/>\n<meta property=\"article:published_time\" content=\"2023-03-14T12:03:56+00:00\" \/>\n<meta property=\"article:modified_time\" content=\"2023-03-14T12:03:57+00:00\" \/>\n<meta property=\"og:image\" content=\"https:\/\/luchonoticias.com\/wp-content\/uploads\/2023\/03\/WhatsApp-Image-2023-03-13-at-8.20.12-PM-1-772x1024.jpeg\" \/>\n<meta name=\"author\" content=\"Editor General\" \/>\n<meta name=\"twitter:card\" content=\"summary_large_image\" \/>\n<meta name=\"twitter:label1\" content=\"Escrito por\" \/>\n\t<meta name=\"twitter:data1\" content=\"Editor General\" \/>\n\t<meta name=\"twitter:label2\" content=\"Tiempo de lectura\" \/>\n\t<meta name=\"twitter:data2\" content=\"5 minutos\" \/>\n<script type=\"application\/ld+json\" class=\"yoast-schema-graph\">{\"@context\":\"https:\/\/schema.org\",\"@graph\":[{\"@type\":\"Article\",\"@id\":\"https:\/\/luchonoticias.com\/editor\/policia-nacional-da-a-conocer-el-nuevo-cartel-de-los-mas-buscados-de-neiva\/#article\",\"isPartOf\":{\"@id\":\"https:\/\/luchonoticias.com\/editor\/policia-nacional-da-a-conocer-el-nuevo-cartel-de-los-mas-buscados-de-neiva\/\"},\"author\":{\"name\":\"Editor General\",\"@id\":\"https:\/\/luchonoticias.com\/editor\/#\/schema\/person\/29217990ddf6f14e35912b2866d591fb\"},\"headline\":\"Polic\u00eda Nacional da a conocer el nuevo cartel de los m\u00e1s buscados de Neiva\",\"datePublished\":\"2023-03-14T12:03:56+00:00\",\"dateModified\":\"2023-03-14T12:03:57+00:00\",\"mainEntityOfPage\":{\"@id\":\"https:\/\/luchonoticias.com\/editor\/policia-nacional-da-a-conocer-el-nuevo-cartel-de-los-mas-buscados-de-neiva\/\"},\"wordCount\":965,\"commentCount\":0,\"publisher\":{\"@id\":\"https:\/\/luchonoticias.com\/editor\/#\/schema\/person\/7a7fd911f58561fd056dbac7b55af9cd\"},\"image\":{\"@id\":\"https:\/\/luchonoticias.com\/editor\/policia-nacional-da-a-conocer-el-nuevo-cartel-de-los-mas-buscados-de-neiva\/#primaryimage\"},\"thumbnailUrl\":\"https:\/\/luchonoticias.com\/wp-content\/uploads\/2023\/03\/WhatsApp-Image-2023-03-13-at-8.20.12-PM-1-772x1024.jpeg\",\"articleSection\":[\"Destacado\",\"Judicial\"],\"inLanguage\":\"es\",\"potentialAction\":[{\"@type\":\"CommentAction\",\"name\":\"Comment\",\"target\":[\"https:\/\/luchonoticias.com\/editor\/policia-nacional-da-a-conocer-el-nuevo-cartel-de-los-mas-buscados-de-neiva\/#respond\"]}]},{\"@type\":\"WebPage\",\"@id\":\"https:\/\/luchonoticias.com\/editor\/policia-nacional-da-a-conocer-el-nuevo-cartel-de-los-mas-buscados-de-neiva\/\",\"url\":\"https:\/\/luchonoticias.com\/editor\/policia-nacional-da-a-conocer-el-nuevo-cartel-de-los-mas-buscados-de-neiva\/\",\"name\":\"Polic\u00eda Nacional da a conocer el nuevo cartel de los m\u00e1s buscados de Neiva -\",\"isPartOf\":{\"@id\":\"https:\/\/luchonoticias.com\/editor\/#website\"},\"primaryImageOfPage\":{\"@id\":\"https:\/\/luchonoticias.com\/editor\/policia-nacional-da-a-conocer-el-nuevo-cartel-de-los-mas-buscados-de-neiva\/#primaryimage\"},\"image\":{\"@id\":\"https:\/\/luchonoticias.com\/editor\/policia-nacional-da-a-conocer-el-nuevo-cartel-de-los-mas-buscados-de-neiva\/#primaryimage\"},\"thumbnailUrl\":\"https:\/\/luchonoticias.com\/wp-content\/uploads\/2023\/03\/WhatsApp-Image-2023-03-13-at-8.20.12-PM-1-772x1024.jpeg\",\"datePublished\":\"2023-03-14T12:03:56+00:00\",\"dateModified\":\"2023-03-14T12:03:57+00:00\",\"breadcrumb\":{\"@id\":\"https:\/\/luchonoticias.com\/editor\/policia-nacional-da-a-conocer-el-nuevo-cartel-de-los-mas-buscados-de-neiva\/#breadcrumb\"},\"inLanguage\":\"es\",\"potentialAction\":[{\"@type\":\"ReadAction\",\"target\":[\"https:\/\/luchonoticias.com\/editor\/policia-nacional-da-a-conocer-el-nuevo-cartel-de-los-mas-buscados-de-neiva\/\"]}]},{\"@type\":\"ImageObject\",\"inLanguage\":\"es\",\"@id\":\"https:\/\/luchonoticias.com\/editor\/policia-nacional-da-a-conocer-el-nuevo-cartel-de-los-mas-buscados-de-neiva\/#primaryimage\",\"url\":\"https:\/\/luchonoticias.com\/wp-content\/uploads\/2023\/03\/WhatsApp-Image-2023-03-13-at-8.20.12-PM-1-772x1024.jpeg\",\"contentUrl\":\"https:\/\/luchonoticias.com\/wp-content\/uploads\/2023\/03\/WhatsApp-Image-2023-03-13-at-8.20.12-PM-1-772x1024.jpeg\"},{\"@type\":\"BreadcrumbList\",\"@id\":\"https:\/\/luchonoticias.com\/editor\/policia-nacional-da-a-conocer-el-nuevo-cartel-de-los-mas-buscados-de-neiva\/#breadcrumb\",\"itemListElement\":[{\"@type\":\"ListItem\",\"position\":1,\"name\":\"Portada\",\"item\":\"https:\/\/luchonoticias.com\/editor\/\"},{\"@type\":\"ListItem\",\"position\":2,\"name\":\"Polic\u00eda Nacional da a conocer el nuevo cartel de los m\u00e1s buscados de Neiva\"}]},{\"@type\":\"WebSite\",\"@id\":\"https:\/\/luchonoticias.com\/editor\/#website\",\"url\":\"https:\/\/luchonoticias.com\/editor\/\",\"name\":\"\",\"description\":\"\",\"publisher\":{\"@id\":\"https:\/\/luchonoticias.com\/editor\/#\/schema\/person\/7a7fd911f58561fd056dbac7b55af9cd\"},\"potentialAction\":[{\"@type\":\"SearchAction\",\"target\":{\"@type\":\"EntryPoint\",\"urlTemplate\":\"https:\/\/luchonoticias.com\/editor\/?s={search_term_string}\"},\"query-input\":{\"@type\":\"PropertyValueSpecification\",\"valueRequired\":true,\"valueName\":\"search_term_string\"}}],\"inLanguage\":\"es\"},{\"@type\":[\"Person\",\"Organization\"],\"@id\":\"https:\/\/luchonoticias.com\/editor\/#\/schema\/person\/7a7fd911f58561fd056dbac7b55af9cd\",\"name\":\"admin\",\"image\":{\"@type\":\"ImageObject\",\"inLanguage\":\"es\",\"@id\":\"https:\/\/luchonoticias.com\/editor\/#\/schema\/person\/image\/\",\"url\":\"https:\/\/luchonoticias.com\/editor\/wp-content\/uploads\/2024\/02\/cropped-cropped-logolu.webp\",\"contentUrl\":\"https:\/\/luchonoticias.com\/editor\/wp-content\/uploads\/2024\/02\/cropped-cropped-logolu.webp\",\"width\":382,\"height\":170,\"caption\":\"admin\"},\"logo\":{\"@id\":\"https:\/\/luchonoticias.com\/editor\/#\/schema\/person\/image\/\"},\"sameAs\":[\"https:\/\/www.facebook.com\/luchonoticiasneiva\"]},{\"@type\":\"Person\",\"@id\":\"https:\/\/luchonoticias.com\/editor\/#\/schema\/person\/29217990ddf6f14e35912b2866d591fb\",\"name\":\"Editor General\",\"image\":{\"@type\":\"ImageObject\",\"inLanguage\":\"es\",\"@id\":\"https:\/\/luchonoticias.com\/editor\/#\/schema\/person\/image\/\",\"url\":\"https:\/\/luchonoticias.com\/editor\/wp-content\/uploads\/2024\/02\/cropped-cropped-logolu-150x150.webp\",\"contentUrl\":\"https:\/\/luchonoticias.com\/editor\/wp-content\/uploads\/2024\/02\/cropped-cropped-logolu-150x150.webp\",\"caption\":\"Editor General\"},\"sameAs\":[\"https:\/\/luchonoticias.com\/\"],\"url\":\"https:\/\/luchonoticias.com\/editor\/author\/editor-general\/\"}]}<\/script>\n<!-- \/ Yoast SEO plugin. -->","yoast_head_json":{"title":"Polic\u00eda Nacional da a conocer el nuevo cartel de los m\u00e1s buscados de Neiva -","robots":{"index":"index","follow":"follow","max-snippet":"max-snippet:-1","max-image-preview":"max-image-preview:large","max-video-preview":"max-video-preview:-1"},"canonical":"https:\/\/luchonoticias.com\/editor\/policia-nacional-da-a-conocer-el-nuevo-cartel-de-los-mas-buscados-de-neiva\/","og_locale":"es_ES","og_type":"article","og_title":"Polic\u00eda Nacional da a conocer el nuevo cartel de los m\u00e1s buscados de Neiva -","og_url":"https:\/\/luchonoticias.com\/editor\/policia-nacional-da-a-conocer-el-nuevo-cartel-de-los-mas-buscados-de-neiva\/","article_publisher":"https:\/\/www.facebook.com\/luchonoticiasneiva","article_published_time":"2023-03-14T12:03:56+00:00","article_modified_time":"2023-03-14T12:03:57+00:00","og_image":[{"url":"https:\/\/luchonoticias.com\/wp-content\/uploads\/2023\/03\/WhatsApp-Image-2023-03-13-at-8.20.12-PM-1-772x1024.jpeg","type":"","width":"","height":""}],"author":"Editor General","twitter_card":"summary_large_image","twitter_misc":{"Escrito por":"Editor General","Tiempo de lectura":"5 minutos"},"schema":{"@context":"https:\/\/schema.org","@graph":[{"@type":"Article","@id":"https:\/\/luchonoticias.com\/editor\/policia-nacional-da-a-conocer-el-nuevo-cartel-de-los-mas-buscados-de-neiva\/#article","isPartOf":{"@id":"https:\/\/luchonoticias.com\/editor\/policia-nacional-da-a-conocer-el-nuevo-cartel-de-los-mas-buscados-de-neiva\/"},"author":{"name":"Editor General","@id":"https:\/\/luchonoticias.com\/editor\/#\/schema\/person\/29217990ddf6f14e35912b2866d591fb"},"headline":"Polic\u00eda Nacional da a conocer el nuevo cartel de los m\u00e1s buscados de Neiva","datePublished":"2023-03-14T12:03:56+00:00","dateModified":"2023-03-14T12:03:57+00:00","mainEntityOfPage":{"@id":"https:\/\/luchonoticias.com\/editor\/policia-nacional-da-a-conocer-el-nuevo-cartel-de-los-mas-buscados-de-neiva\/"},"wordCount":965,"commentCount":0,"publisher":{"@id":"https:\/\/luchonoticias.com\/editor\/#\/schema\/person\/7a7fd911f58561fd056dbac7b55af9cd"},"image":{"@id":"https:\/\/luchonoticias.com\/editor\/policia-nacional-da-a-conocer-el-nuevo-cartel-de-los-mas-buscados-de-neiva\/#primaryimage"},"thumbnailUrl":"https:\/\/luchonoticias.com\/wp-content\/uploads\/2023\/03\/WhatsApp-Image-2023-03-13-at-8.20.12-PM-1-772x1024.jpeg","articleSection":["Destacado","Judicial"],"inLanguage":"es","potentialAction":[{"@type":"CommentAction","name":"Comment","target":["https:\/\/luchonoticias.com\/editor\/policia-nacional-da-a-conocer-el-nuevo-cartel-de-los-mas-buscados-de-neiva\/#respond"]}]},{"@type":"WebPage","@id":"https:\/\/luchonoticias.com\/editor\/policia-nacional-da-a-conocer-el-nuevo-cartel-de-los-mas-buscados-de-neiva\/","url":"https:\/\/luchonoticias.com\/editor\/policia-nacional-da-a-conocer-el-nuevo-cartel-de-los-mas-buscados-de-neiva\/","name":"Polic\u00eda Nacional da a conocer el nuevo cartel de los m\u00e1s buscados de Neiva -","isPartOf":{"@id":"https:\/\/luchonoticias.com\/editor\/#website"},"primaryImageOfPage":{"@id":"https:\/\/luchonoticias.com\/editor\/policia-nacional-da-a-conocer-el-nuevo-cartel-de-los-mas-buscados-de-neiva\/#primaryimage"},"image":{"@id":"https:\/\/luchonoticias.com\/editor\/policia-nacional-da-a-conocer-el-nuevo-cartel-de-los-mas-buscados-de-neiva\/#primaryimage"},"thumbnailUrl":"https:\/\/luchonoticias.com\/wp-content\/uploads\/2023\/03\/WhatsApp-Image-2023-03-13-at-8.20.12-PM-1-772x1024.jpeg","datePublished":"2023-03-14T12:03:56+00:00","dateModified":"2023-03-14T12:03:57+00:00","breadcrumb":{"@id":"https:\/\/luchonoticias.com\/editor\/policia-nacional-da-a-conocer-el-nuevo-cartel-de-los-mas-buscados-de-neiva\/#breadcrumb"},"inLanguage":"es","potentialAction":[{"@type":"ReadAction","target":["https:\/\/luchonoticias.com\/editor\/policia-nacional-da-a-conocer-el-nuevo-cartel-de-los-mas-buscados-de-neiva\/"]}]},{"@type":"ImageObject","inLanguage":"es","@id":"https:\/\/luchonoticias.com\/editor\/policia-nacional-da-a-conocer-el-nuevo-cartel-de-los-mas-buscados-de-neiva\/#primaryimage","url":"https:\/\/luchonoticias.com\/wp-content\/uploads\/2023\/03\/WhatsApp-Image-2023-03-13-at-8.20.12-PM-1-772x1024.jpeg","contentUrl":"https:\/\/luchonoticias.com\/wp-content\/uploads\/2023\/03\/WhatsApp-Image-2023-03-13-at-8.20.12-PM-1-772x1024.jpeg"},{"@type":"BreadcrumbList","@id":"https:\/\/luchonoticias.com\/editor\/policia-nacional-da-a-conocer-el-nuevo-cartel-de-los-mas-buscados-de-neiva\/#breadcrumb","itemListElement":[{"@type":"ListItem","position":1,"name":"Portada","item":"https:\/\/luchonoticias.com\/editor\/"},{"@type":"ListItem","position":2,"name":"Polic\u00eda Nacional da a conocer el nuevo cartel de los m\u00e1s buscados de Neiva"}]},{"@type":"WebSite","@id":"https:\/\/luchonoticias.com\/editor\/#website","url":"https:\/\/luchonoticias.com\/editor\/","name":"","description":"","publisher":{"@id":"https:\/\/luchonoticias.com\/editor\/#\/schema\/person\/7a7fd911f58561fd056dbac7b55af9cd"},"potentialAction":[{"@type":"SearchAction","target":{"@type":"EntryPoint","urlTemplate":"https:\/\/luchonoticias.com\/editor\/?s={search_term_string}"},"query-input":{"@type":"PropertyValueSpecification","valueRequired":true,"valueName":"search_term_string"}}],"inLanguage":"es"},{"@type":["Person","Organization"],"@id":"https:\/\/luchonoticias.com\/editor\/#\/schema\/person\/7a7fd911f58561fd056dbac7b55af9cd","name":"admin","image":{"@type":"ImageObject","inLanguage":"es","@id":"https:\/\/luchonoticias.com\/editor\/#\/schema\/person\/image\/","url":"https:\/\/luchonoticias.com\/editor\/wp-content\/uploads\/2024\/02\/cropped-cropped-logolu.webp","contentUrl":"https:\/\/luchonoticias.com\/editor\/wp-content\/uploads\/2024\/02\/cropped-cropped-logolu.webp","width":382,"height":170,"caption":"admin"},"logo":{"@id":"https:\/\/luchonoticias.com\/editor\/#\/schema\/person\/image\/"},"sameAs":["https:\/\/www.facebook.com\/luchonoticiasneiva"]},{"@type":"Person","@id":"https:\/\/luchonoticias.com\/editor\/#\/schema\/person\/29217990ddf6f14e35912b2866d591fb","name":"Editor General","image":{"@type":"ImageObject","inLanguage":"es","@id":"https:\/\/luchonoticias.com\/editor\/#\/schema\/person\/image\/","url":"https:\/\/luchonoticias.com\/editor\/wp-content\/uploads\/2024\/02\/cropped-cropped-logolu-150x150.webp","contentUrl":"https:\/\/luchonoticias.com\/editor\/wp-content\/uploads\/2024\/02\/cropped-cropped-logolu-150x150.webp","caption":"Editor General"},"sameAs":["https:\/\/luchonoticias.com\/"],"url":"https:\/\/luchonoticias.com\/editor\/author\/editor-general\/"}]}},"_links":{"self":[{"href":"https:\/\/luchonoticias.com\/editor\/wp-json\/wp\/v2\/posts\/48221","targetHints":{"allow":["GET"]}}],"collection":[{"href":"https:\/\/luchonoticias.com\/editor\/wp-json\/wp\/v2\/posts"}],"about":[{"href":"https:\/\/luchonoticias.com\/editor\/wp-json\/wp\/v2\/types\/post"}],"author":[{"embeddable":true,"href":"https:\/\/luchonoticias.com\/editor\/wp-json\/wp\/v2\/users\/2"}],"replies":[{"embeddable":true,"href":"https:\/\/luchonoticias.com\/editor\/wp-json\/wp\/v2\/comments?post=48221"}],"version-history":[{"count":0,"href":"https:\/\/luchonoticias.com\/editor\/wp-json\/wp\/v2\/posts\/48221\/revisions"}],"wp:attachment":[{"href":"https:\/\/luchonoticias.com\/editor\/wp-json\/wp\/v2\/media?parent=48221"}],"wp:term":[{"taxonomy":"category","embeddable":true,"href":"https:\/\/luchonoticias.com\/editor\/wp-json\/wp\/v2\/categories?post=48221"},{"taxonomy":"post_tag","embeddable":true,"href":"https:\/\/luchonoticias.com\/editor\/wp-json\/wp\/v2\/tags?post=48221"}],"curies":[{"name":"wp","href":"https:\/\/api.w.org\/{rel}","templated":true}]}}