{"id":48227,"date":"2023-03-14T07:05:37","date_gmt":"2023-03-14T12:05:37","guid":{"rendered":"https:\/\/luchonoticias.com\/?p=48227"},"modified":"2023-03-14T07:05:38","modified_gmt":"2023-03-14T12:05:38","slug":"asamblea-examino-estado-de-la-politica-publica-de-juventud-en-el-huila","status":"publish","type":"post","link":"https:\/\/luchonoticias.com\/editor\/asamblea-examino-estado-de-la-politica-publica-de-juventud-en-el-huila\/","title":{"rendered":"<strong>Asamblea examin\u00f3 estado de la Pol\u00edtica P\u00fablica de Juventud en el Huila<\/strong>"},"content":{"rendered":"\n<p>En sesi\u00f3n ordinaria realizada el d\u00eda lunes 13 de marzo la Asamblea Departamental analiz\u00f3 el avance e inversiones de la Pol\u00edtica P\u00fablica de Juventud en el departamento del Huila.<\/p>\n\n\n\n<p>La diputaci\u00f3n recibi\u00f3 un informe detallado de c\u00f3mo se han ejecutado los recursos aprobados por la Corporaci\u00f3n.<\/p>\n\n\n\n<p>Claudia Amaya, directora de la Oficina Asesora para la Mujer, Infancia, Adolescencia y Asuntos Sociales de la Gobernaci\u00f3n del Huila inform\u00f3 en el recinto que se han venido consolidando los equipos de trabajo y se ha tenido una labor en conjunto con la Secretar\u00eda de Agricultura y Secretar\u00eda de Educaci\u00f3n para brindar espacios a los j\u00f3venes del territorio huilense y puedan desarrollar sus diferentes iniciativas y proyectos.<\/p>\n\n\n\n<p>\u201cHemos atendido el llamado de la Asamblea para contar de las acciones que venimos trabajando en torno a la actualizaci\u00f3n de la Pol\u00edtica P\u00fablica de Juventud. Nos permite hoy decir que vamos a tener un equipo interdisciplinario, de especialistas, que de la mano de los consejeros de juventud y las plataformas sociales, van a ayudar en se prop\u00f3sito social\u201d, se\u00f1al\u00f3.<\/p>\n\n\n\n<figure class=\"wp-block-gallery has-nested-images columns-default is-cropped wp-block-gallery-1 is-layout-flex wp-block-gallery-is-layout-flex\">\n<figure class=\"wp-block-image size-large\"><img decoding=\"async\" data-id=\"48229\" src=\"https:\/\/luchonoticias.com\/wp-content\/uploads\/2023\/03\/WhatsApp-Image-2023-03-13-at-5.31.50-PM-1-1024x724.jpeg\" alt=\"\" class=\"wp-image-48229\"\/><\/figure>\n\n\n\n<figure class=\"wp-block-image size-large\"><img decoding=\"async\" data-id=\"48231\" src=\"https:\/\/luchonoticias.com\/wp-content\/uploads\/2023\/03\/WhatsApp-Image-2023-03-13-at-5.31.49-PM-1024x730.jpeg\" alt=\"\" class=\"wp-image-48231\"\/><\/figure>\n\n\n\n<figure class=\"wp-block-image size-large\"><img decoding=\"async\" data-id=\"48230\" src=\"https:\/\/luchonoticias.com\/wp-content\/uploads\/2023\/03\/WhatsApp-Image-2023-03-13-at-5.31.50-PM-1024x722.jpeg\" alt=\"\" class=\"wp-image-48230\"\/><\/figure>\n<\/figure>\n\n\n\n<p>Y agreg\u00f3 la funcionaria que \u201chemos hecho claridad y recalcado sobre uno conceptos o ideas equivocadas que ten\u00eda la Asamblea sobre las acciones que el gobierno viene desarrollando en favor de los j\u00f3venes. La Oficina de Asuntos Sociales ha mejorado el fortalecimiento de los consejos comunitarios\u201d, sostuvo Amaya.<\/p>\n\n\n\n<p>La diputada citante, Karol Vanessa Ortigoza, mostr\u00f3 preocupaci\u00f3n porque ese despacho no cuenta con la autonom\u00eda para entregar recursos que apoyen a los j\u00f3venes del departamento en sus ideas de negocio o capacitaciones para contar con garant\u00edas educativas.<\/p>\n\n\n\n<p>\u201cMuy preocupada porque hay varios compromisos sin cumplir; no se tiene todav\u00eda la actualizaci\u00f3n de la pol\u00edtica p\u00fablica de juventud, pese a que en la Asamblea aprobamos los recursos necesarios, hasta 200 millones de pesos para la construcci\u00f3n y actualizaci\u00f3n\u201d, manifest\u00f3.<\/p>\n\n\n\n<p>\u201cEstamos expuestos porque siguen estando pendiente el cap\u00edtulo de j\u00f3venes con el departamento del Huila\u201d, concluy\u00f3 la diputada.<\/p>\n\n\n\n<p>Con la realizaci\u00f3n de estos debates de control pol\u00edtico, la Asamblea Departamental busca velar por los intereses de los j\u00f3venes del departamento que necesitan mejores garant\u00edas para el desarrollo de la regi\u00f3n.<\/p>\n","protected":false},"excerpt":{"rendered":"<p>En sesi\u00f3n ordinaria realizada el d\u00eda lunes 13 de marzo la Asamblea Departamental analiz\u00f3 el avance e inversiones de la Pol\u00edtica P\u00fablica de Juventud en el departamento del Huila. La diputaci\u00f3n recibi\u00f3 un informe detallado de c\u00f3mo se han ejecutado los recursos aprobados por la Corporaci\u00f3n. Claudia Amaya, directora de la Oficina Asesora para la [&hellip;]<\/p>\n","protected":false},"author":2,"featured_media":0,"comment_status":"open","ping_status":"open","sticky":false,"template":"","format":"standard","meta":{"footnotes":""},"categories":[36,617],"tags":[],"class_list":["post-48227","post","type-post","status-publish","format-standard","hentry","category-destacado","category-politica"],"yoast_head":"<!-- This site is optimized with the Yoast SEO plugin v26.6 - https:\/\/yoast.com\/wordpress\/plugins\/seo\/ -->\n<title>Asamblea examin\u00f3 estado de la Pol\u00edtica P\u00fablica de Juventud en el Huila -<\/title>\n<meta name=\"robots\" content=\"index, follow, max-snippet:-1, max-image-preview:large, max-video-preview:-1\" \/>\n<link rel=\"canonical\" href=\"https:\/\/luchonoticias.com\/editor\/asamblea-examino-estado-de-la-politica-publica-de-juventud-en-el-huila\/\" \/>\n<meta property=\"og:locale\" content=\"es_ES\" \/>\n<meta property=\"og:type\" content=\"article\" \/>\n<meta property=\"og:title\" content=\"Asamblea examin\u00f3 estado de la Pol\u00edtica P\u00fablica de Juventud en el Huila -\" \/>\n<meta property=\"og:url\" content=\"https:\/\/luchonoticias.com\/editor\/asamblea-examino-estado-de-la-politica-publica-de-juventud-en-el-huila\/\" \/>\n<meta property=\"article:publisher\" content=\"https:\/\/www.facebook.com\/luchonoticiasneiva\" \/>\n<meta property=\"article:published_time\" content=\"2023-03-14T12:05:37+00:00\" \/>\n<meta property=\"article:modified_time\" content=\"2023-03-14T12:05:38+00:00\" \/>\n<meta property=\"og:image\" content=\"https:\/\/luchonoticias.com\/wp-content\/uploads\/2023\/03\/WhatsApp-Image-2023-03-13-at-5.31.50-PM-1-1024x724.jpeg\" \/>\n<meta name=\"author\" content=\"Editor General\" \/>\n<meta name=\"twitter:card\" content=\"summary_large_image\" \/>\n<meta name=\"twitter:label1\" content=\"Escrito por\" \/>\n\t<meta name=\"twitter:data1\" content=\"Editor General\" \/>\n\t<meta name=\"twitter:label2\" content=\"Tiempo de lectura\" \/>\n\t<meta name=\"twitter:data2\" content=\"2 minutos\" \/>\n<script type=\"application\/ld+json\" class=\"yoast-schema-graph\">{\"@context\":\"https:\/\/schema.org\",\"@graph\":[{\"@type\":\"Article\",\"@id\":\"https:\/\/luchonoticias.com\/editor\/asamblea-examino-estado-de-la-politica-publica-de-juventud-en-el-huila\/#article\",\"isPartOf\":{\"@id\":\"https:\/\/luchonoticias.com\/editor\/asamblea-examino-estado-de-la-politica-publica-de-juventud-en-el-huila\/\"},\"author\":{\"name\":\"Editor General\",\"@id\":\"https:\/\/luchonoticias.com\/editor\/#\/schema\/person\/29217990ddf6f14e35912b2866d591fb\"},\"headline\":\"Asamblea examin\u00f3 estado de la Pol\u00edtica P\u00fablica de Juventud en el Huila\",\"datePublished\":\"2023-03-14T12:05:37+00:00\",\"dateModified\":\"2023-03-14T12:05:38+00:00\",\"mainEntityOfPage\":{\"@id\":\"https:\/\/luchonoticias.com\/editor\/asamblea-examino-estado-de-la-politica-publica-de-juventud-en-el-huila\/\"},\"wordCount\":398,\"commentCount\":0,\"publisher\":{\"@id\":\"https:\/\/luchonoticias.com\/editor\/#\/schema\/person\/7a7fd911f58561fd056dbac7b55af9cd\"},\"image\":{\"@id\":\"https:\/\/luchonoticias.com\/editor\/asamblea-examino-estado-de-la-politica-publica-de-juventud-en-el-huila\/#primaryimage\"},\"thumbnailUrl\":\"https:\/\/luchonoticias.com\/wp-content\/uploads\/2023\/03\/WhatsApp-Image-2023-03-13-at-5.31.50-PM-1-1024x724.jpeg\",\"articleSection\":[\"Destacado\",\"Pol\u00edtica\"],\"inLanguage\":\"es\",\"potentialAction\":[{\"@type\":\"CommentAction\",\"name\":\"Comment\",\"target\":[\"https:\/\/luchonoticias.com\/editor\/asamblea-examino-estado-de-la-politica-publica-de-juventud-en-el-huila\/#respond\"]}]},{\"@type\":\"WebPage\",\"@id\":\"https:\/\/luchonoticias.com\/editor\/asamblea-examino-estado-de-la-politica-publica-de-juventud-en-el-huila\/\",\"url\":\"https:\/\/luchonoticias.com\/editor\/asamblea-examino-estado-de-la-politica-publica-de-juventud-en-el-huila\/\",\"name\":\"Asamblea examin\u00f3 estado de la Pol\u00edtica P\u00fablica de Juventud en el Huila -\",\"isPartOf\":{\"@id\":\"https:\/\/luchonoticias.com\/editor\/#website\"},\"primaryImageOfPage\":{\"@id\":\"https:\/\/luchonoticias.com\/editor\/asamblea-examino-estado-de-la-politica-publica-de-juventud-en-el-huila\/#primaryimage\"},\"image\":{\"@id\":\"https:\/\/luchonoticias.com\/editor\/asamblea-examino-estado-de-la-politica-publica-de-juventud-en-el-huila\/#primaryimage\"},\"thumbnailUrl\":\"https:\/\/luchonoticias.com\/wp-content\/uploads\/2023\/03\/WhatsApp-Image-2023-03-13-at-5.31.50-PM-1-1024x724.jpeg\",\"datePublished\":\"2023-03-14T12:05:37+00:00\",\"dateModified\":\"2023-03-14T12:05:38+00:00\",\"breadcrumb\":{\"@id\":\"https:\/\/luchonoticias.com\/editor\/asamblea-examino-estado-de-la-politica-publica-de-juventud-en-el-huila\/#breadcrumb\"},\"inLanguage\":\"es\",\"potentialAction\":[{\"@type\":\"ReadAction\",\"target\":[\"https:\/\/luchonoticias.com\/editor\/asamblea-examino-estado-de-la-politica-publica-de-juventud-en-el-huila\/\"]}]},{\"@type\":\"ImageObject\",\"inLanguage\":\"es\",\"@id\":\"https:\/\/luchonoticias.com\/editor\/asamblea-examino-estado-de-la-politica-publica-de-juventud-en-el-huila\/#primaryimage\",\"url\":\"https:\/\/luchonoticias.com\/wp-content\/uploads\/2023\/03\/WhatsApp-Image-2023-03-13-at-5.31.50-PM-1-1024x724.jpeg\",\"contentUrl\":\"https:\/\/luchonoticias.com\/wp-content\/uploads\/2023\/03\/WhatsApp-Image-2023-03-13-at-5.31.50-PM-1-1024x724.jpeg\"},{\"@type\":\"BreadcrumbList\",\"@id\":\"https:\/\/luchonoticias.com\/editor\/asamblea-examino-estado-de-la-politica-publica-de-juventud-en-el-huila\/#breadcrumb\",\"itemListElement\":[{\"@type\":\"ListItem\",\"position\":1,\"name\":\"Portada\",\"item\":\"https:\/\/luchonoticias.com\/editor\/\"},{\"@type\":\"ListItem\",\"position\":2,\"name\":\"Asamblea examin\u00f3 estado de la Pol\u00edtica P\u00fablica de Juventud en el Huila\"}]},{\"@type\":\"WebSite\",\"@id\":\"https:\/\/luchonoticias.com\/editor\/#website\",\"url\":\"https:\/\/luchonoticias.com\/editor\/\",\"name\":\"\",\"description\":\"\",\"publisher\":{\"@id\":\"https:\/\/luchonoticias.com\/editor\/#\/schema\/person\/7a7fd911f58561fd056dbac7b55af9cd\"},\"potentialAction\":[{\"@type\":\"SearchAction\",\"target\":{\"@type\":\"EntryPoint\",\"urlTemplate\":\"https:\/\/luchonoticias.com\/editor\/?s={search_term_string}\"},\"query-input\":{\"@type\":\"PropertyValueSpecification\",\"valueRequired\":true,\"valueName\":\"search_term_string\"}}],\"inLanguage\":\"es\"},{\"@type\":[\"Person\",\"Organization\"],\"@id\":\"https:\/\/luchonoticias.com\/editor\/#\/schema\/person\/7a7fd911f58561fd056dbac7b55af9cd\",\"name\":\"admin\",\"image\":{\"@type\":\"ImageObject\",\"inLanguage\":\"es\",\"@id\":\"https:\/\/luchonoticias.com\/editor\/#\/schema\/person\/image\/\",\"url\":\"https:\/\/luchonoticias.com\/editor\/wp-content\/uploads\/2024\/02\/cropped-cropped-logolu.webp\",\"contentUrl\":\"https:\/\/luchonoticias.com\/editor\/wp-content\/uploads\/2024\/02\/cropped-cropped-logolu.webp\",\"width\":382,\"height\":170,\"caption\":\"admin\"},\"logo\":{\"@id\":\"https:\/\/luchonoticias.com\/editor\/#\/schema\/person\/image\/\"},\"sameAs\":[\"https:\/\/www.facebook.com\/luchonoticiasneiva\"]},{\"@type\":\"Person\",\"@id\":\"https:\/\/luchonoticias.com\/editor\/#\/schema\/person\/29217990ddf6f14e35912b2866d591fb\",\"name\":\"Editor General\",\"image\":{\"@type\":\"ImageObject\",\"inLanguage\":\"es\",\"@id\":\"https:\/\/luchonoticias.com\/editor\/#\/schema\/person\/image\/\",\"url\":\"https:\/\/luchonoticias.com\/editor\/wp-content\/uploads\/2024\/02\/cropped-cropped-logolu-150x150.webp\",\"contentUrl\":\"https:\/\/luchonoticias.com\/editor\/wp-content\/uploads\/2024\/02\/cropped-cropped-logolu-150x150.webp\",\"caption\":\"Editor General\"},\"sameAs\":[\"https:\/\/luchonoticias.com\/\"],\"url\":\"https:\/\/luchonoticias.com\/editor\/author\/editor-general\/\"}]}<\/script>\n<!-- \/ Yoast SEO plugin. -->","yoast_head_json":{"title":"Asamblea examin\u00f3 estado de la Pol\u00edtica P\u00fablica de Juventud en el Huila -","robots":{"index":"index","follow":"follow","max-snippet":"max-snippet:-1","max-image-preview":"max-image-preview:large","max-video-preview":"max-video-preview:-1"},"canonical":"https:\/\/luchonoticias.com\/editor\/asamblea-examino-estado-de-la-politica-publica-de-juventud-en-el-huila\/","og_locale":"es_ES","og_type":"article","og_title":"Asamblea examin\u00f3 estado de la Pol\u00edtica P\u00fablica de Juventud en el Huila -","og_url":"https:\/\/luchonoticias.com\/editor\/asamblea-examino-estado-de-la-politica-publica-de-juventud-en-el-huila\/","article_publisher":"https:\/\/www.facebook.com\/luchonoticiasneiva","article_published_time":"2023-03-14T12:05:37+00:00","article_modified_time":"2023-03-14T12:05:38+00:00","og_image":[{"url":"https:\/\/luchonoticias.com\/wp-content\/uploads\/2023\/03\/WhatsApp-Image-2023-03-13-at-5.31.50-PM-1-1024x724.jpeg","type":"","width":"","height":""}],"author":"Editor General","twitter_card":"summary_large_image","twitter_misc":{"Escrito por":"Editor General","Tiempo de lectura":"2 minutos"},"schema":{"@context":"https:\/\/schema.org","@graph":[{"@type":"Article","@id":"https:\/\/luchonoticias.com\/editor\/asamblea-examino-estado-de-la-politica-publica-de-juventud-en-el-huila\/#article","isPartOf":{"@id":"https:\/\/luchonoticias.com\/editor\/asamblea-examino-estado-de-la-politica-publica-de-juventud-en-el-huila\/"},"author":{"name":"Editor General","@id":"https:\/\/luchonoticias.com\/editor\/#\/schema\/person\/29217990ddf6f14e35912b2866d591fb"},"headline":"Asamblea examin\u00f3 estado de la Pol\u00edtica P\u00fablica de Juventud en el Huila","datePublished":"2023-03-14T12:05:37+00:00","dateModified":"2023-03-14T12:05:38+00:00","mainEntityOfPage":{"@id":"https:\/\/luchonoticias.com\/editor\/asamblea-examino-estado-de-la-politica-publica-de-juventud-en-el-huila\/"},"wordCount":398,"commentCount":0,"publisher":{"@id":"https:\/\/luchonoticias.com\/editor\/#\/schema\/person\/7a7fd911f58561fd056dbac7b55af9cd"},"image":{"@id":"https:\/\/luchonoticias.com\/editor\/asamblea-examino-estado-de-la-politica-publica-de-juventud-en-el-huila\/#primaryimage"},"thumbnailUrl":"https:\/\/luchonoticias.com\/wp-content\/uploads\/2023\/03\/WhatsApp-Image-2023-03-13-at-5.31.50-PM-1-1024x724.jpeg","articleSection":["Destacado","Pol\u00edtica"],"inLanguage":"es","potentialAction":[{"@type":"CommentAction","name":"Comment","target":["https:\/\/luchonoticias.com\/editor\/asamblea-examino-estado-de-la-politica-publica-de-juventud-en-el-huila\/#respond"]}]},{"@type":"WebPage","@id":"https:\/\/luchonoticias.com\/editor\/asamblea-examino-estado-de-la-politica-publica-de-juventud-en-el-huila\/","url":"https:\/\/luchonoticias.com\/editor\/asamblea-examino-estado-de-la-politica-publica-de-juventud-en-el-huila\/","name":"Asamblea examin\u00f3 estado de la Pol\u00edtica P\u00fablica de Juventud en el Huila -","isPartOf":{"@id":"https:\/\/luchonoticias.com\/editor\/#website"},"primaryImageOfPage":{"@id":"https:\/\/luchonoticias.com\/editor\/asamblea-examino-estado-de-la-politica-publica-de-juventud-en-el-huila\/#primaryimage"},"image":{"@id":"https:\/\/luchonoticias.com\/editor\/asamblea-examino-estado-de-la-politica-publica-de-juventud-en-el-huila\/#primaryimage"},"thumbnailUrl":"https:\/\/luchonoticias.com\/wp-content\/uploads\/2023\/03\/WhatsApp-Image-2023-03-13-at-5.31.50-PM-1-1024x724.jpeg","datePublished":"2023-03-14T12:05:37+00:00","dateModified":"2023-03-14T12:05:38+00:00","breadcrumb":{"@id":"https:\/\/luchonoticias.com\/editor\/asamblea-examino-estado-de-la-politica-publica-de-juventud-en-el-huila\/#breadcrumb"},"inLanguage":"es","potentialAction":[{"@type":"ReadAction","target":["https:\/\/luchonoticias.com\/editor\/asamblea-examino-estado-de-la-politica-publica-de-juventud-en-el-huila\/"]}]},{"@type":"ImageObject","inLanguage":"es","@id":"https:\/\/luchonoticias.com\/editor\/asamblea-examino-estado-de-la-politica-publica-de-juventud-en-el-huila\/#primaryimage","url":"https:\/\/luchonoticias.com\/wp-content\/uploads\/2023\/03\/WhatsApp-Image-2023-03-13-at-5.31.50-PM-1-1024x724.jpeg","contentUrl":"https:\/\/luchonoticias.com\/wp-content\/uploads\/2023\/03\/WhatsApp-Image-2023-03-13-at-5.31.50-PM-1-1024x724.jpeg"},{"@type":"BreadcrumbList","@id":"https:\/\/luchonoticias.com\/editor\/asamblea-examino-estado-de-la-politica-publica-de-juventud-en-el-huila\/#breadcrumb","itemListElement":[{"@type":"ListItem","position":1,"name":"Portada","item":"https:\/\/luchonoticias.com\/editor\/"},{"@type":"ListItem","position":2,"name":"Asamblea examin\u00f3 estado de la Pol\u00edtica P\u00fablica de Juventud en el Huila"}]},{"@type":"WebSite","@id":"https:\/\/luchonoticias.com\/editor\/#website","url":"https:\/\/luchonoticias.com\/editor\/","name":"","description":"","publisher":{"@id":"https:\/\/luchonoticias.com\/editor\/#\/schema\/person\/7a7fd911f58561fd056dbac7b55af9cd"},"potentialAction":[{"@type":"SearchAction","target":{"@type":"EntryPoint","urlTemplate":"https:\/\/luchonoticias.com\/editor\/?s={search_term_string}"},"query-input":{"@type":"PropertyValueSpecification","valueRequired":true,"valueName":"search_term_string"}}],"inLanguage":"es"},{"@type":["Person","Organization"],"@id":"https:\/\/luchonoticias.com\/editor\/#\/schema\/person\/7a7fd911f58561fd056dbac7b55af9cd","name":"admin","image":{"@type":"ImageObject","inLanguage":"es","@id":"https:\/\/luchonoticias.com\/editor\/#\/schema\/person\/image\/","url":"https:\/\/luchonoticias.com\/editor\/wp-content\/uploads\/2024\/02\/cropped-cropped-logolu.webp","contentUrl":"https:\/\/luchonoticias.com\/editor\/wp-content\/uploads\/2024\/02\/cropped-cropped-logolu.webp","width":382,"height":170,"caption":"admin"},"logo":{"@id":"https:\/\/luchonoticias.com\/editor\/#\/schema\/person\/image\/"},"sameAs":["https:\/\/www.facebook.com\/luchonoticiasneiva"]},{"@type":"Person","@id":"https:\/\/luchonoticias.com\/editor\/#\/schema\/person\/29217990ddf6f14e35912b2866d591fb","name":"Editor General","image":{"@type":"ImageObject","inLanguage":"es","@id":"https:\/\/luchonoticias.com\/editor\/#\/schema\/person\/image\/","url":"https:\/\/luchonoticias.com\/editor\/wp-content\/uploads\/2024\/02\/cropped-cropped-logolu-150x150.webp","contentUrl":"https:\/\/luchonoticias.com\/editor\/wp-content\/uploads\/2024\/02\/cropped-cropped-logolu-150x150.webp","caption":"Editor General"},"sameAs":["https:\/\/luchonoticias.com\/"],"url":"https:\/\/luchonoticias.com\/editor\/author\/editor-general\/"}]}},"_links":{"self":[{"href":"https:\/\/luchonoticias.com\/editor\/wp-json\/wp\/v2\/posts\/48227","targetHints":{"allow":["GET"]}}],"collection":[{"href":"https:\/\/luchonoticias.com\/editor\/wp-json\/wp\/v2\/posts"}],"about":[{"href":"https:\/\/luchonoticias.com\/editor\/wp-json\/wp\/v2\/types\/post"}],"author":[{"embeddable":true,"href":"https:\/\/luchonoticias.com\/editor\/wp-json\/wp\/v2\/users\/2"}],"replies":[{"embeddable":true,"href":"https:\/\/luchonoticias.com\/editor\/wp-json\/wp\/v2\/comments?post=48227"}],"version-history":[{"count":0,"href":"https:\/\/luchonoticias.com\/editor\/wp-json\/wp\/v2\/posts\/48227\/revisions"}],"wp:attachment":[{"href":"https:\/\/luchonoticias.com\/editor\/wp-json\/wp\/v2\/media?parent=48227"}],"wp:term":[{"taxonomy":"category","embeddable":true,"href":"https:\/\/luchonoticias.com\/editor\/wp-json\/wp\/v2\/categories?post=48227"},{"taxonomy":"post_tag","embeddable":true,"href":"https:\/\/luchonoticias.com\/editor\/wp-json\/wp\/v2\/tags?post=48227"}],"curies":[{"name":"wp","href":"https:\/\/api.w.org\/{rel}","templated":true}]}}