{"id":48481,"date":"2023-03-17T07:21:03","date_gmt":"2023-03-17T12:21:03","guid":{"rendered":"https:\/\/luchonoticias.com\/?p=48481"},"modified":"2023-03-17T07:21:05","modified_gmt":"2023-03-17T12:21:05","slug":"ofensivas-contra-el-microtrafico-en-neiva-no-se-detendran-policia-metropolitana","status":"publish","type":"post","link":"https:\/\/luchonoticias.com\/editor\/ofensivas-contra-el-microtrafico-en-neiva-no-se-detendran-policia-metropolitana\/","title":{"rendered":"Ofensivas contra el microtr\u00e1fico en Neiva no se detendr\u00e1n: Polic\u00eda Metropolitana"},"content":{"rendered":"\n<p>Las autoridades neivanas, revelaron en las ultimas horas la capturada de dos sujetos en diferentes operativos policiales, el cual al parecer al momento de ser requerido por los uniformados de la Polic\u00eda Metropolitana, les fueron hallados grandes cantidades de estupefacientes.<\/p>\n\n\n\n<p>Seg\u00fan lo revelado por las fuentes oficiales el cual aclararon que los operativos contra el trafico de estupefacientes en la ciudad no se detendr\u00e1n, logr\u00f3 como primer resultado la captura de un hombre identificado como V\u00edctor Alfonso Palencia Casta\u00f1eda de 34 a\u00f1os de edad, quien al parecer tenia en su poder cerca de 62 cigarrillos de marihuana listo para su comercializaci\u00f3n.<\/p>\n\n\n\n<figure class=\"wp-block-image size-large\"><img decoding=\"async\" src=\"https:\/\/luchonoticias.com\/wp-content\/uploads\/2023\/03\/WhatsApp-Image-2023-03-16-at-3.40.56-PM-1024x710.jpeg\" alt=\"\" class=\"wp-image-48483\"\/><\/figure>\n\n\n\n<p>\u201cUniformados del CAI Alpes mediante labores de patrullaje, registro y control por la carrera 35 con calle 2 del barrio Los Alpes logran la captura en flagrancia de V\u00edctor Alfonso Palencia Casta\u00f1eda de 34 a\u00f1os de edad, quien al practicarle un registro se le encuentra en su poder 62 cigarrillos de marihuana listos para ser comercializados. La persona capturada ser\u00e1 dejada a disposici\u00f3n de autoridad competente por el delito de tr\u00e1fico, fabricaci\u00f3n y porte de estupefacientes donde un juez de control de garant\u00edas le definir\u00e1 la situaci\u00f3n judicial\u201d, indicaron las autoridades en un comunicado.<\/p>\n\n\n\n<p><strong>Sorprendido con 8 kilos de marihuana<\/strong><\/p>\n\n\n\n<p>Finalmente, las autoridades opitas dieron a conocer que como segundo resultado policial contra el trafico de estupefacientes en Neiva, fue capturado un sujeto identificado como Leider Hardinson Isco Otela, cuando intentaba cruzar el peaje de Neiva con 8 kilos de marihuana al interior del veh\u00edculo que conduc\u00eda.<\/p>\n\n\n\n<figure class=\"wp-block-image size-large\"><img decoding=\"async\" src=\"https:\/\/luchonoticias.com\/wp-content\/uploads\/2023\/03\/WhatsApp-Image-2023-03-16-at-3.41.52-PM-1024x768.jpeg\" alt=\"\" class=\"wp-image-48484\"\/><\/figure>\n\n\n\n<p>\u201cEsta acci\u00f3n policial se desarroll\u00f3 en el Peaje Neiva cuando uniformados de la Seccional de tr\u00e1nsito y transporte realizan un puesto de control y al verificar un veh\u00edculo de transporte p\u00fablico, logran la captura en flagrancia de Leider Hardinson Isco Otela. Es de resaltar que esta persona llevaba camuflado en lonas junto con naranjas y pl\u00e1tanos 6 paquetes envueltos en cinta vinipel negro y dentro de ellas 8 kilos de marihuana. El capturado ser\u00e1 dejado a disposici\u00f3n de autoridad competente por el delito de tr\u00e1fico, fabricaci\u00f3n y porte de estupefacientes donde un juez de control de garant\u00edas le definir\u00e1 la situaci\u00f3n judicial\u201d, concluyeron las fuentes oficiales.<\/p>\n","protected":false},"excerpt":{"rendered":"<p>Las autoridades neivanas, revelaron en las ultimas horas la capturada de dos sujetos en diferentes operativos policiales, el cual al parecer al momento de ser requerido por los uniformados de la Polic\u00eda Metropolitana, les fueron hallados grandes cantidades de estupefacientes. Seg\u00fan lo revelado por las fuentes oficiales el cual aclararon que los operativos contra el [&hellip;]<\/p>\n","protected":false},"author":2,"featured_media":0,"comment_status":"open","ping_status":"open","sticky":false,"template":"","format":"standard","meta":{"footnotes":""},"categories":[36,29],"tags":[],"class_list":["post-48481","post","type-post","status-publish","format-standard","hentry","category-destacado","category-judicial"],"yoast_head":"<!-- This site is optimized with the Yoast SEO plugin v26.6 - https:\/\/yoast.com\/wordpress\/plugins\/seo\/ -->\n<title>Ofensivas contra el microtr\u00e1fico en Neiva no se detendr\u00e1n: Polic\u00eda Metropolitana -<\/title>\n<meta name=\"robots\" content=\"index, follow, max-snippet:-1, max-image-preview:large, max-video-preview:-1\" \/>\n<link rel=\"canonical\" href=\"https:\/\/luchonoticias.com\/editor\/ofensivas-contra-el-microtrafico-en-neiva-no-se-detendran-policia-metropolitana\/\" \/>\n<meta property=\"og:locale\" content=\"es_ES\" \/>\n<meta property=\"og:type\" content=\"article\" \/>\n<meta property=\"og:title\" content=\"Ofensivas contra el microtr\u00e1fico en Neiva no se detendr\u00e1n: Polic\u00eda Metropolitana -\" \/>\n<meta property=\"og:url\" content=\"https:\/\/luchonoticias.com\/editor\/ofensivas-contra-el-microtrafico-en-neiva-no-se-detendran-policia-metropolitana\/\" \/>\n<meta property=\"article:publisher\" content=\"https:\/\/www.facebook.com\/luchonoticiasneiva\" \/>\n<meta property=\"article:published_time\" content=\"2023-03-17T12:21:03+00:00\" \/>\n<meta property=\"article:modified_time\" content=\"2023-03-17T12:21:05+00:00\" \/>\n<meta property=\"og:image\" content=\"https:\/\/luchonoticias.com\/wp-content\/uploads\/2023\/03\/WhatsApp-Image-2023-03-16-at-3.40.56-PM-1024x710.jpeg\" \/>\n<meta name=\"author\" content=\"Editor General\" \/>\n<meta name=\"twitter:card\" content=\"summary_large_image\" \/>\n<meta name=\"twitter:label1\" content=\"Escrito por\" \/>\n\t<meta name=\"twitter:data1\" content=\"Editor General\" \/>\n\t<meta name=\"twitter:label2\" content=\"Tiempo de lectura\" \/>\n\t<meta name=\"twitter:data2\" content=\"2 minutos\" \/>\n<script type=\"application\/ld+json\" class=\"yoast-schema-graph\">{\"@context\":\"https:\/\/schema.org\",\"@graph\":[{\"@type\":\"Article\",\"@id\":\"https:\/\/luchonoticias.com\/editor\/ofensivas-contra-el-microtrafico-en-neiva-no-se-detendran-policia-metropolitana\/#article\",\"isPartOf\":{\"@id\":\"https:\/\/luchonoticias.com\/editor\/ofensivas-contra-el-microtrafico-en-neiva-no-se-detendran-policia-metropolitana\/\"},\"author\":{\"name\":\"Editor General\",\"@id\":\"https:\/\/luchonoticias.com\/editor\/#\/schema\/person\/29217990ddf6f14e35912b2866d591fb\"},\"headline\":\"Ofensivas contra el microtr\u00e1fico en Neiva no se detendr\u00e1n: Polic\u00eda Metropolitana\",\"datePublished\":\"2023-03-17T12:21:03+00:00\",\"dateModified\":\"2023-03-17T12:21:05+00:00\",\"mainEntityOfPage\":{\"@id\":\"https:\/\/luchonoticias.com\/editor\/ofensivas-contra-el-microtrafico-en-neiva-no-se-detendran-policia-metropolitana\/\"},\"wordCount\":385,\"commentCount\":0,\"publisher\":{\"@id\":\"https:\/\/luchonoticias.com\/editor\/#\/schema\/person\/7a7fd911f58561fd056dbac7b55af9cd\"},\"image\":{\"@id\":\"https:\/\/luchonoticias.com\/editor\/ofensivas-contra-el-microtrafico-en-neiva-no-se-detendran-policia-metropolitana\/#primaryimage\"},\"thumbnailUrl\":\"https:\/\/luchonoticias.com\/wp-content\/uploads\/2023\/03\/WhatsApp-Image-2023-03-16-at-3.40.56-PM-1024x710.jpeg\",\"articleSection\":[\"Destacado\",\"Judicial\"],\"inLanguage\":\"es\",\"potentialAction\":[{\"@type\":\"CommentAction\",\"name\":\"Comment\",\"target\":[\"https:\/\/luchonoticias.com\/editor\/ofensivas-contra-el-microtrafico-en-neiva-no-se-detendran-policia-metropolitana\/#respond\"]}]},{\"@type\":\"WebPage\",\"@id\":\"https:\/\/luchonoticias.com\/editor\/ofensivas-contra-el-microtrafico-en-neiva-no-se-detendran-policia-metropolitana\/\",\"url\":\"https:\/\/luchonoticias.com\/editor\/ofensivas-contra-el-microtrafico-en-neiva-no-se-detendran-policia-metropolitana\/\",\"name\":\"Ofensivas contra el microtr\u00e1fico en Neiva no se detendr\u00e1n: Polic\u00eda Metropolitana -\",\"isPartOf\":{\"@id\":\"https:\/\/luchonoticias.com\/editor\/#website\"},\"primaryImageOfPage\":{\"@id\":\"https:\/\/luchonoticias.com\/editor\/ofensivas-contra-el-microtrafico-en-neiva-no-se-detendran-policia-metropolitana\/#primaryimage\"},\"image\":{\"@id\":\"https:\/\/luchonoticias.com\/editor\/ofensivas-contra-el-microtrafico-en-neiva-no-se-detendran-policia-metropolitana\/#primaryimage\"},\"thumbnailUrl\":\"https:\/\/luchonoticias.com\/wp-content\/uploads\/2023\/03\/WhatsApp-Image-2023-03-16-at-3.40.56-PM-1024x710.jpeg\",\"datePublished\":\"2023-03-17T12:21:03+00:00\",\"dateModified\":\"2023-03-17T12:21:05+00:00\",\"breadcrumb\":{\"@id\":\"https:\/\/luchonoticias.com\/editor\/ofensivas-contra-el-microtrafico-en-neiva-no-se-detendran-policia-metropolitana\/#breadcrumb\"},\"inLanguage\":\"es\",\"potentialAction\":[{\"@type\":\"ReadAction\",\"target\":[\"https:\/\/luchonoticias.com\/editor\/ofensivas-contra-el-microtrafico-en-neiva-no-se-detendran-policia-metropolitana\/\"]}]},{\"@type\":\"ImageObject\",\"inLanguage\":\"es\",\"@id\":\"https:\/\/luchonoticias.com\/editor\/ofensivas-contra-el-microtrafico-en-neiva-no-se-detendran-policia-metropolitana\/#primaryimage\",\"url\":\"https:\/\/luchonoticias.com\/wp-content\/uploads\/2023\/03\/WhatsApp-Image-2023-03-16-at-3.40.56-PM-1024x710.jpeg\",\"contentUrl\":\"https:\/\/luchonoticias.com\/wp-content\/uploads\/2023\/03\/WhatsApp-Image-2023-03-16-at-3.40.56-PM-1024x710.jpeg\"},{\"@type\":\"BreadcrumbList\",\"@id\":\"https:\/\/luchonoticias.com\/editor\/ofensivas-contra-el-microtrafico-en-neiva-no-se-detendran-policia-metropolitana\/#breadcrumb\",\"itemListElement\":[{\"@type\":\"ListItem\",\"position\":1,\"name\":\"Portada\",\"item\":\"https:\/\/luchonoticias.com\/editor\/\"},{\"@type\":\"ListItem\",\"position\":2,\"name\":\"Ofensivas contra el microtr\u00e1fico en Neiva no se detendr\u00e1n: Polic\u00eda Metropolitana\"}]},{\"@type\":\"WebSite\",\"@id\":\"https:\/\/luchonoticias.com\/editor\/#website\",\"url\":\"https:\/\/luchonoticias.com\/editor\/\",\"name\":\"\",\"description\":\"\",\"publisher\":{\"@id\":\"https:\/\/luchonoticias.com\/editor\/#\/schema\/person\/7a7fd911f58561fd056dbac7b55af9cd\"},\"potentialAction\":[{\"@type\":\"SearchAction\",\"target\":{\"@type\":\"EntryPoint\",\"urlTemplate\":\"https:\/\/luchonoticias.com\/editor\/?s={search_term_string}\"},\"query-input\":{\"@type\":\"PropertyValueSpecification\",\"valueRequired\":true,\"valueName\":\"search_term_string\"}}],\"inLanguage\":\"es\"},{\"@type\":[\"Person\",\"Organization\"],\"@id\":\"https:\/\/luchonoticias.com\/editor\/#\/schema\/person\/7a7fd911f58561fd056dbac7b55af9cd\",\"name\":\"admin\",\"image\":{\"@type\":\"ImageObject\",\"inLanguage\":\"es\",\"@id\":\"https:\/\/luchonoticias.com\/editor\/#\/schema\/person\/image\/\",\"url\":\"https:\/\/luchonoticias.com\/editor\/wp-content\/uploads\/2024\/02\/cropped-cropped-logolu.webp\",\"contentUrl\":\"https:\/\/luchonoticias.com\/editor\/wp-content\/uploads\/2024\/02\/cropped-cropped-logolu.webp\",\"width\":382,\"height\":170,\"caption\":\"admin\"},\"logo\":{\"@id\":\"https:\/\/luchonoticias.com\/editor\/#\/schema\/person\/image\/\"},\"sameAs\":[\"https:\/\/www.facebook.com\/luchonoticiasneiva\"]},{\"@type\":\"Person\",\"@id\":\"https:\/\/luchonoticias.com\/editor\/#\/schema\/person\/29217990ddf6f14e35912b2866d591fb\",\"name\":\"Editor General\",\"image\":{\"@type\":\"ImageObject\",\"inLanguage\":\"es\",\"@id\":\"https:\/\/luchonoticias.com\/editor\/#\/schema\/person\/image\/\",\"url\":\"https:\/\/luchonoticias.com\/editor\/wp-content\/uploads\/2024\/02\/cropped-cropped-logolu-150x150.webp\",\"contentUrl\":\"https:\/\/luchonoticias.com\/editor\/wp-content\/uploads\/2024\/02\/cropped-cropped-logolu-150x150.webp\",\"caption\":\"Editor General\"},\"sameAs\":[\"https:\/\/luchonoticias.com\/\"],\"url\":\"https:\/\/luchonoticias.com\/editor\/author\/editor-general\/\"}]}<\/script>\n<!-- \/ Yoast SEO plugin. -->","yoast_head_json":{"title":"Ofensivas contra el microtr\u00e1fico en Neiva no se detendr\u00e1n: Polic\u00eda Metropolitana -","robots":{"index":"index","follow":"follow","max-snippet":"max-snippet:-1","max-image-preview":"max-image-preview:large","max-video-preview":"max-video-preview:-1"},"canonical":"https:\/\/luchonoticias.com\/editor\/ofensivas-contra-el-microtrafico-en-neiva-no-se-detendran-policia-metropolitana\/","og_locale":"es_ES","og_type":"article","og_title":"Ofensivas contra el microtr\u00e1fico en Neiva no se detendr\u00e1n: Polic\u00eda Metropolitana -","og_url":"https:\/\/luchonoticias.com\/editor\/ofensivas-contra-el-microtrafico-en-neiva-no-se-detendran-policia-metropolitana\/","article_publisher":"https:\/\/www.facebook.com\/luchonoticiasneiva","article_published_time":"2023-03-17T12:21:03+00:00","article_modified_time":"2023-03-17T12:21:05+00:00","og_image":[{"url":"https:\/\/luchonoticias.com\/wp-content\/uploads\/2023\/03\/WhatsApp-Image-2023-03-16-at-3.40.56-PM-1024x710.jpeg","type":"","width":"","height":""}],"author":"Editor General","twitter_card":"summary_large_image","twitter_misc":{"Escrito por":"Editor General","Tiempo de lectura":"2 minutos"},"schema":{"@context":"https:\/\/schema.org","@graph":[{"@type":"Article","@id":"https:\/\/luchonoticias.com\/editor\/ofensivas-contra-el-microtrafico-en-neiva-no-se-detendran-policia-metropolitana\/#article","isPartOf":{"@id":"https:\/\/luchonoticias.com\/editor\/ofensivas-contra-el-microtrafico-en-neiva-no-se-detendran-policia-metropolitana\/"},"author":{"name":"Editor General","@id":"https:\/\/luchonoticias.com\/editor\/#\/schema\/person\/29217990ddf6f14e35912b2866d591fb"},"headline":"Ofensivas contra el microtr\u00e1fico en Neiva no se detendr\u00e1n: Polic\u00eda Metropolitana","datePublished":"2023-03-17T12:21:03+00:00","dateModified":"2023-03-17T12:21:05+00:00","mainEntityOfPage":{"@id":"https:\/\/luchonoticias.com\/editor\/ofensivas-contra-el-microtrafico-en-neiva-no-se-detendran-policia-metropolitana\/"},"wordCount":385,"commentCount":0,"publisher":{"@id":"https:\/\/luchonoticias.com\/editor\/#\/schema\/person\/7a7fd911f58561fd056dbac7b55af9cd"},"image":{"@id":"https:\/\/luchonoticias.com\/editor\/ofensivas-contra-el-microtrafico-en-neiva-no-se-detendran-policia-metropolitana\/#primaryimage"},"thumbnailUrl":"https:\/\/luchonoticias.com\/wp-content\/uploads\/2023\/03\/WhatsApp-Image-2023-03-16-at-3.40.56-PM-1024x710.jpeg","articleSection":["Destacado","Judicial"],"inLanguage":"es","potentialAction":[{"@type":"CommentAction","name":"Comment","target":["https:\/\/luchonoticias.com\/editor\/ofensivas-contra-el-microtrafico-en-neiva-no-se-detendran-policia-metropolitana\/#respond"]}]},{"@type":"WebPage","@id":"https:\/\/luchonoticias.com\/editor\/ofensivas-contra-el-microtrafico-en-neiva-no-se-detendran-policia-metropolitana\/","url":"https:\/\/luchonoticias.com\/editor\/ofensivas-contra-el-microtrafico-en-neiva-no-se-detendran-policia-metropolitana\/","name":"Ofensivas contra el microtr\u00e1fico en Neiva no se detendr\u00e1n: Polic\u00eda Metropolitana -","isPartOf":{"@id":"https:\/\/luchonoticias.com\/editor\/#website"},"primaryImageOfPage":{"@id":"https:\/\/luchonoticias.com\/editor\/ofensivas-contra-el-microtrafico-en-neiva-no-se-detendran-policia-metropolitana\/#primaryimage"},"image":{"@id":"https:\/\/luchonoticias.com\/editor\/ofensivas-contra-el-microtrafico-en-neiva-no-se-detendran-policia-metropolitana\/#primaryimage"},"thumbnailUrl":"https:\/\/luchonoticias.com\/wp-content\/uploads\/2023\/03\/WhatsApp-Image-2023-03-16-at-3.40.56-PM-1024x710.jpeg","datePublished":"2023-03-17T12:21:03+00:00","dateModified":"2023-03-17T12:21:05+00:00","breadcrumb":{"@id":"https:\/\/luchonoticias.com\/editor\/ofensivas-contra-el-microtrafico-en-neiva-no-se-detendran-policia-metropolitana\/#breadcrumb"},"inLanguage":"es","potentialAction":[{"@type":"ReadAction","target":["https:\/\/luchonoticias.com\/editor\/ofensivas-contra-el-microtrafico-en-neiva-no-se-detendran-policia-metropolitana\/"]}]},{"@type":"ImageObject","inLanguage":"es","@id":"https:\/\/luchonoticias.com\/editor\/ofensivas-contra-el-microtrafico-en-neiva-no-se-detendran-policia-metropolitana\/#primaryimage","url":"https:\/\/luchonoticias.com\/wp-content\/uploads\/2023\/03\/WhatsApp-Image-2023-03-16-at-3.40.56-PM-1024x710.jpeg","contentUrl":"https:\/\/luchonoticias.com\/wp-content\/uploads\/2023\/03\/WhatsApp-Image-2023-03-16-at-3.40.56-PM-1024x710.jpeg"},{"@type":"BreadcrumbList","@id":"https:\/\/luchonoticias.com\/editor\/ofensivas-contra-el-microtrafico-en-neiva-no-se-detendran-policia-metropolitana\/#breadcrumb","itemListElement":[{"@type":"ListItem","position":1,"name":"Portada","item":"https:\/\/luchonoticias.com\/editor\/"},{"@type":"ListItem","position":2,"name":"Ofensivas contra el microtr\u00e1fico en Neiva no se detendr\u00e1n: Polic\u00eda Metropolitana"}]},{"@type":"WebSite","@id":"https:\/\/luchonoticias.com\/editor\/#website","url":"https:\/\/luchonoticias.com\/editor\/","name":"","description":"","publisher":{"@id":"https:\/\/luchonoticias.com\/editor\/#\/schema\/person\/7a7fd911f58561fd056dbac7b55af9cd"},"potentialAction":[{"@type":"SearchAction","target":{"@type":"EntryPoint","urlTemplate":"https:\/\/luchonoticias.com\/editor\/?s={search_term_string}"},"query-input":{"@type":"PropertyValueSpecification","valueRequired":true,"valueName":"search_term_string"}}],"inLanguage":"es"},{"@type":["Person","Organization"],"@id":"https:\/\/luchonoticias.com\/editor\/#\/schema\/person\/7a7fd911f58561fd056dbac7b55af9cd","name":"admin","image":{"@type":"ImageObject","inLanguage":"es","@id":"https:\/\/luchonoticias.com\/editor\/#\/schema\/person\/image\/","url":"https:\/\/luchonoticias.com\/editor\/wp-content\/uploads\/2024\/02\/cropped-cropped-logolu.webp","contentUrl":"https:\/\/luchonoticias.com\/editor\/wp-content\/uploads\/2024\/02\/cropped-cropped-logolu.webp","width":382,"height":170,"caption":"admin"},"logo":{"@id":"https:\/\/luchonoticias.com\/editor\/#\/schema\/person\/image\/"},"sameAs":["https:\/\/www.facebook.com\/luchonoticiasneiva"]},{"@type":"Person","@id":"https:\/\/luchonoticias.com\/editor\/#\/schema\/person\/29217990ddf6f14e35912b2866d591fb","name":"Editor General","image":{"@type":"ImageObject","inLanguage":"es","@id":"https:\/\/luchonoticias.com\/editor\/#\/schema\/person\/image\/","url":"https:\/\/luchonoticias.com\/editor\/wp-content\/uploads\/2024\/02\/cropped-cropped-logolu-150x150.webp","contentUrl":"https:\/\/luchonoticias.com\/editor\/wp-content\/uploads\/2024\/02\/cropped-cropped-logolu-150x150.webp","caption":"Editor General"},"sameAs":["https:\/\/luchonoticias.com\/"],"url":"https:\/\/luchonoticias.com\/editor\/author\/editor-general\/"}]}},"_links":{"self":[{"href":"https:\/\/luchonoticias.com\/editor\/wp-json\/wp\/v2\/posts\/48481","targetHints":{"allow":["GET"]}}],"collection":[{"href":"https:\/\/luchonoticias.com\/editor\/wp-json\/wp\/v2\/posts"}],"about":[{"href":"https:\/\/luchonoticias.com\/editor\/wp-json\/wp\/v2\/types\/post"}],"author":[{"embeddable":true,"href":"https:\/\/luchonoticias.com\/editor\/wp-json\/wp\/v2\/users\/2"}],"replies":[{"embeddable":true,"href":"https:\/\/luchonoticias.com\/editor\/wp-json\/wp\/v2\/comments?post=48481"}],"version-history":[{"count":0,"href":"https:\/\/luchonoticias.com\/editor\/wp-json\/wp\/v2\/posts\/48481\/revisions"}],"wp:attachment":[{"href":"https:\/\/luchonoticias.com\/editor\/wp-json\/wp\/v2\/media?parent=48481"}],"wp:term":[{"taxonomy":"category","embeddable":true,"href":"https:\/\/luchonoticias.com\/editor\/wp-json\/wp\/v2\/categories?post=48481"},{"taxonomy":"post_tag","embeddable":true,"href":"https:\/\/luchonoticias.com\/editor\/wp-json\/wp\/v2\/tags?post=48481"}],"curies":[{"name":"wp","href":"https:\/\/api.w.org\/{rel}","templated":true}]}}