{"id":48486,"date":"2023-03-17T11:37:27","date_gmt":"2023-03-17T16:37:27","guid":{"rendered":"https:\/\/luchonoticias.com\/?p=48486"},"modified":"2023-03-17T11:37:28","modified_gmt":"2023-03-17T16:37:28","slug":"sena-huila-y-su-oferta-para-el-gremio-deportivo","status":"publish","type":"post","link":"https:\/\/luchonoticias.com\/editor\/sena-huila-y-su-oferta-para-el-gremio-deportivo\/","title":{"rendered":"Sena Huila y su oferta para el gremio deportivo"},"content":{"rendered":"\n<p>En su&nbsp;<strong>pol\u00edtica de emprendimiento<\/strong>&nbsp;que comprende generar cultura empresarial, el gobierno \u201cHuila Crece\u201d, el INDERHUILA y el SENA Huila,&nbsp;<strong>formar\u00e1n a los deportistas, entrenadores, dirigentes y su n\u00facleo familiar,<\/strong>&nbsp;en competencias t\u00e9cnicas que les permitir\u00e1 gestionar sus propios emprendimientos.<\/p>\n\n\n\n<p>\u201cMuy importante&nbsp;<strong>que los deportistas, entrenadores, dirigentes y sus familias se vinculen; que aprovechen esta cooperaci\u00f3n<\/strong>, pero, que tambi\u00e9n sientan qu\u00e9 hay un gobierno que los viene respaldando, qu\u00e9 motivamos a los talentos; y a los j\u00f3venes les decimos que si hay camino. Desarrollar sus talentos, es un camino fundamental y el estado est\u00e1 para que as\u00ed sea.\u201d Dijo el se\u00f1or gobernador del Huila, Luis Enrique Duss\u00e1n.<\/p>\n\n\n\n<p>A trav\u00e9s de esta jornada de articulaci\u00f3n institucional, en la que participaron presidentes de ligas deportivas, entrenadores, deportistas y padres de familia, la Gobernaci\u00f3n del Huila y el Inderhuila con su aliado el SENA Huila,&nbsp;<strong>le apuntan desde todos los \u00e1mbitos al emprendimiento, para desarrollar mucho mejor el departamento.<\/strong><\/p>\n\n\n\n<p>\u201cEsta articulaci\u00f3n&nbsp;<strong>servir\u00e1 para mejorar los niveles de cualificaci\u00f3n de los actores del sector deporte en el Huila<\/strong>, en otras especialidades como administrativa, sistemas, inform\u00e1tica, gastronom\u00eda, turismo y toda la oferta que tiene el SENA Huila, para que en un momento dado tengan una opci\u00f3n de vida diferente cuando culminen su ciclo deportivo\u201d, anunci\u00f3, Miguel Alirio Argote, coordinador de formaci\u00f3n profesional del SENA Huila.<\/p>\n\n\n\n<p>Surtida la presentaci\u00f3n del portafolio institucional del SENA Huila, se determinar\u00e1 con el Inderhuila los programas de formaci\u00f3n de la oferta especial empresarial, para iniciar el proceso de inscripci\u00f3n de las personas interesadas.<\/p>\n","protected":false},"excerpt":{"rendered":"<p>En su&nbsp;pol\u00edtica de emprendimiento&nbsp;que comprende generar cultura empresarial, el gobierno \u201cHuila Crece\u201d, el INDERHUILA y el SENA Huila,&nbsp;formar\u00e1n a los deportistas, entrenadores, dirigentes y su n\u00facleo familiar,&nbsp;en competencias t\u00e9cnicas que les permitir\u00e1 gestionar sus propios emprendimientos. \u201cMuy importante&nbsp;que los deportistas, entrenadores, dirigentes y sus familias se vinculen; que aprovechen esta cooperaci\u00f3n, pero, que tambi\u00e9n sientan [&hellip;]<\/p>\n","protected":false},"author":2,"featured_media":0,"comment_status":"open","ping_status":"open","sticky":false,"template":"","format":"standard","meta":{"footnotes":""},"categories":[34],"tags":[],"class_list":["post-48486","post","type-post","status-publish","format-standard","hentry","category-deportes"],"yoast_head":"<!-- This site is optimized with the Yoast SEO plugin v26.6 - https:\/\/yoast.com\/wordpress\/plugins\/seo\/ -->\n<title>Sena Huila y su oferta para el gremio deportivo -<\/title>\n<meta name=\"robots\" content=\"index, follow, max-snippet:-1, max-image-preview:large, max-video-preview:-1\" \/>\n<link rel=\"canonical\" href=\"https:\/\/luchonoticias.com\/editor\/sena-huila-y-su-oferta-para-el-gremio-deportivo\/\" \/>\n<meta property=\"og:locale\" content=\"es_ES\" \/>\n<meta property=\"og:type\" content=\"article\" \/>\n<meta property=\"og:title\" content=\"Sena Huila y su oferta para el gremio deportivo -\" \/>\n<meta property=\"og:url\" content=\"https:\/\/luchonoticias.com\/editor\/sena-huila-y-su-oferta-para-el-gremio-deportivo\/\" \/>\n<meta property=\"article:publisher\" content=\"https:\/\/www.facebook.com\/luchonoticiasneiva\" \/>\n<meta property=\"article:published_time\" content=\"2023-03-17T16:37:27+00:00\" \/>\n<meta property=\"article:modified_time\" content=\"2023-03-17T16:37:28+00:00\" \/>\n<meta name=\"author\" content=\"Editor General\" \/>\n<meta name=\"twitter:card\" content=\"summary_large_image\" \/>\n<meta name=\"twitter:label1\" content=\"Escrito por\" \/>\n\t<meta name=\"twitter:data1\" content=\"Editor General\" \/>\n\t<meta name=\"twitter:label2\" content=\"Tiempo de lectura\" \/>\n\t<meta name=\"twitter:data2\" content=\"1 minuto\" \/>\n<script type=\"application\/ld+json\" class=\"yoast-schema-graph\">{\"@context\":\"https:\/\/schema.org\",\"@graph\":[{\"@type\":\"Article\",\"@id\":\"https:\/\/luchonoticias.com\/editor\/sena-huila-y-su-oferta-para-el-gremio-deportivo\/#article\",\"isPartOf\":{\"@id\":\"https:\/\/luchonoticias.com\/editor\/sena-huila-y-su-oferta-para-el-gremio-deportivo\/\"},\"author\":{\"name\":\"Editor General\",\"@id\":\"https:\/\/luchonoticias.com\/editor\/#\/schema\/person\/29217990ddf6f14e35912b2866d591fb\"},\"headline\":\"Sena Huila y su oferta para el gremio deportivo\",\"datePublished\":\"2023-03-17T16:37:27+00:00\",\"dateModified\":\"2023-03-17T16:37:28+00:00\",\"mainEntityOfPage\":{\"@id\":\"https:\/\/luchonoticias.com\/editor\/sena-huila-y-su-oferta-para-el-gremio-deportivo\/\"},\"wordCount\":290,\"commentCount\":0,\"publisher\":{\"@id\":\"https:\/\/luchonoticias.com\/editor\/#\/schema\/person\/7a7fd911f58561fd056dbac7b55af9cd\"},\"articleSection\":[\"Deportes\"],\"inLanguage\":\"es\",\"potentialAction\":[{\"@type\":\"CommentAction\",\"name\":\"Comment\",\"target\":[\"https:\/\/luchonoticias.com\/editor\/sena-huila-y-su-oferta-para-el-gremio-deportivo\/#respond\"]}]},{\"@type\":\"WebPage\",\"@id\":\"https:\/\/luchonoticias.com\/editor\/sena-huila-y-su-oferta-para-el-gremio-deportivo\/\",\"url\":\"https:\/\/luchonoticias.com\/editor\/sena-huila-y-su-oferta-para-el-gremio-deportivo\/\",\"name\":\"Sena Huila y su oferta para el gremio deportivo -\",\"isPartOf\":{\"@id\":\"https:\/\/luchonoticias.com\/editor\/#website\"},\"datePublished\":\"2023-03-17T16:37:27+00:00\",\"dateModified\":\"2023-03-17T16:37:28+00:00\",\"breadcrumb\":{\"@id\":\"https:\/\/luchonoticias.com\/editor\/sena-huila-y-su-oferta-para-el-gremio-deportivo\/#breadcrumb\"},\"inLanguage\":\"es\",\"potentialAction\":[{\"@type\":\"ReadAction\",\"target\":[\"https:\/\/luchonoticias.com\/editor\/sena-huila-y-su-oferta-para-el-gremio-deportivo\/\"]}]},{\"@type\":\"BreadcrumbList\",\"@id\":\"https:\/\/luchonoticias.com\/editor\/sena-huila-y-su-oferta-para-el-gremio-deportivo\/#breadcrumb\",\"itemListElement\":[{\"@type\":\"ListItem\",\"position\":1,\"name\":\"Portada\",\"item\":\"https:\/\/luchonoticias.com\/editor\/\"},{\"@type\":\"ListItem\",\"position\":2,\"name\":\"Sena Huila y su oferta para el gremio deportivo\"}]},{\"@type\":\"WebSite\",\"@id\":\"https:\/\/luchonoticias.com\/editor\/#website\",\"url\":\"https:\/\/luchonoticias.com\/editor\/\",\"name\":\"\",\"description\":\"\",\"publisher\":{\"@id\":\"https:\/\/luchonoticias.com\/editor\/#\/schema\/person\/7a7fd911f58561fd056dbac7b55af9cd\"},\"potentialAction\":[{\"@type\":\"SearchAction\",\"target\":{\"@type\":\"EntryPoint\",\"urlTemplate\":\"https:\/\/luchonoticias.com\/editor\/?s={search_term_string}\"},\"query-input\":{\"@type\":\"PropertyValueSpecification\",\"valueRequired\":true,\"valueName\":\"search_term_string\"}}],\"inLanguage\":\"es\"},{\"@type\":[\"Person\",\"Organization\"],\"@id\":\"https:\/\/luchonoticias.com\/editor\/#\/schema\/person\/7a7fd911f58561fd056dbac7b55af9cd\",\"name\":\"admin\",\"image\":{\"@type\":\"ImageObject\",\"inLanguage\":\"es\",\"@id\":\"https:\/\/luchonoticias.com\/editor\/#\/schema\/person\/image\/\",\"url\":\"https:\/\/luchonoticias.com\/editor\/wp-content\/uploads\/2024\/02\/cropped-cropped-logolu.webp\",\"contentUrl\":\"https:\/\/luchonoticias.com\/editor\/wp-content\/uploads\/2024\/02\/cropped-cropped-logolu.webp\",\"width\":382,\"height\":170,\"caption\":\"admin\"},\"logo\":{\"@id\":\"https:\/\/luchonoticias.com\/editor\/#\/schema\/person\/image\/\"},\"sameAs\":[\"https:\/\/www.facebook.com\/luchonoticiasneiva\"]},{\"@type\":\"Person\",\"@id\":\"https:\/\/luchonoticias.com\/editor\/#\/schema\/person\/29217990ddf6f14e35912b2866d591fb\",\"name\":\"Editor General\",\"image\":{\"@type\":\"ImageObject\",\"inLanguage\":\"es\",\"@id\":\"https:\/\/luchonoticias.com\/editor\/#\/schema\/person\/image\/\",\"url\":\"https:\/\/luchonoticias.com\/editor\/wp-content\/uploads\/2024\/02\/cropped-cropped-logolu-150x150.webp\",\"contentUrl\":\"https:\/\/luchonoticias.com\/editor\/wp-content\/uploads\/2024\/02\/cropped-cropped-logolu-150x150.webp\",\"caption\":\"Editor General\"},\"sameAs\":[\"https:\/\/luchonoticias.com\/\"],\"url\":\"https:\/\/luchonoticias.com\/editor\/author\/editor-general\/\"}]}<\/script>\n<!-- \/ Yoast SEO plugin. -->","yoast_head_json":{"title":"Sena Huila y su oferta para el gremio deportivo -","robots":{"index":"index","follow":"follow","max-snippet":"max-snippet:-1","max-image-preview":"max-image-preview:large","max-video-preview":"max-video-preview:-1"},"canonical":"https:\/\/luchonoticias.com\/editor\/sena-huila-y-su-oferta-para-el-gremio-deportivo\/","og_locale":"es_ES","og_type":"article","og_title":"Sena Huila y su oferta para el gremio deportivo -","og_url":"https:\/\/luchonoticias.com\/editor\/sena-huila-y-su-oferta-para-el-gremio-deportivo\/","article_publisher":"https:\/\/www.facebook.com\/luchonoticiasneiva","article_published_time":"2023-03-17T16:37:27+00:00","article_modified_time":"2023-03-17T16:37:28+00:00","author":"Editor General","twitter_card":"summary_large_image","twitter_misc":{"Escrito por":"Editor General","Tiempo de lectura":"1 minuto"},"schema":{"@context":"https:\/\/schema.org","@graph":[{"@type":"Article","@id":"https:\/\/luchonoticias.com\/editor\/sena-huila-y-su-oferta-para-el-gremio-deportivo\/#article","isPartOf":{"@id":"https:\/\/luchonoticias.com\/editor\/sena-huila-y-su-oferta-para-el-gremio-deportivo\/"},"author":{"name":"Editor General","@id":"https:\/\/luchonoticias.com\/editor\/#\/schema\/person\/29217990ddf6f14e35912b2866d591fb"},"headline":"Sena Huila y su oferta para el gremio deportivo","datePublished":"2023-03-17T16:37:27+00:00","dateModified":"2023-03-17T16:37:28+00:00","mainEntityOfPage":{"@id":"https:\/\/luchonoticias.com\/editor\/sena-huila-y-su-oferta-para-el-gremio-deportivo\/"},"wordCount":290,"commentCount":0,"publisher":{"@id":"https:\/\/luchonoticias.com\/editor\/#\/schema\/person\/7a7fd911f58561fd056dbac7b55af9cd"},"articleSection":["Deportes"],"inLanguage":"es","potentialAction":[{"@type":"CommentAction","name":"Comment","target":["https:\/\/luchonoticias.com\/editor\/sena-huila-y-su-oferta-para-el-gremio-deportivo\/#respond"]}]},{"@type":"WebPage","@id":"https:\/\/luchonoticias.com\/editor\/sena-huila-y-su-oferta-para-el-gremio-deportivo\/","url":"https:\/\/luchonoticias.com\/editor\/sena-huila-y-su-oferta-para-el-gremio-deportivo\/","name":"Sena Huila y su oferta para el gremio deportivo -","isPartOf":{"@id":"https:\/\/luchonoticias.com\/editor\/#website"},"datePublished":"2023-03-17T16:37:27+00:00","dateModified":"2023-03-17T16:37:28+00:00","breadcrumb":{"@id":"https:\/\/luchonoticias.com\/editor\/sena-huila-y-su-oferta-para-el-gremio-deportivo\/#breadcrumb"},"inLanguage":"es","potentialAction":[{"@type":"ReadAction","target":["https:\/\/luchonoticias.com\/editor\/sena-huila-y-su-oferta-para-el-gremio-deportivo\/"]}]},{"@type":"BreadcrumbList","@id":"https:\/\/luchonoticias.com\/editor\/sena-huila-y-su-oferta-para-el-gremio-deportivo\/#breadcrumb","itemListElement":[{"@type":"ListItem","position":1,"name":"Portada","item":"https:\/\/luchonoticias.com\/editor\/"},{"@type":"ListItem","position":2,"name":"Sena Huila y su oferta para el gremio deportivo"}]},{"@type":"WebSite","@id":"https:\/\/luchonoticias.com\/editor\/#website","url":"https:\/\/luchonoticias.com\/editor\/","name":"","description":"","publisher":{"@id":"https:\/\/luchonoticias.com\/editor\/#\/schema\/person\/7a7fd911f58561fd056dbac7b55af9cd"},"potentialAction":[{"@type":"SearchAction","target":{"@type":"EntryPoint","urlTemplate":"https:\/\/luchonoticias.com\/editor\/?s={search_term_string}"},"query-input":{"@type":"PropertyValueSpecification","valueRequired":true,"valueName":"search_term_string"}}],"inLanguage":"es"},{"@type":["Person","Organization"],"@id":"https:\/\/luchonoticias.com\/editor\/#\/schema\/person\/7a7fd911f58561fd056dbac7b55af9cd","name":"admin","image":{"@type":"ImageObject","inLanguage":"es","@id":"https:\/\/luchonoticias.com\/editor\/#\/schema\/person\/image\/","url":"https:\/\/luchonoticias.com\/editor\/wp-content\/uploads\/2024\/02\/cropped-cropped-logolu.webp","contentUrl":"https:\/\/luchonoticias.com\/editor\/wp-content\/uploads\/2024\/02\/cropped-cropped-logolu.webp","width":382,"height":170,"caption":"admin"},"logo":{"@id":"https:\/\/luchonoticias.com\/editor\/#\/schema\/person\/image\/"},"sameAs":["https:\/\/www.facebook.com\/luchonoticiasneiva"]},{"@type":"Person","@id":"https:\/\/luchonoticias.com\/editor\/#\/schema\/person\/29217990ddf6f14e35912b2866d591fb","name":"Editor General","image":{"@type":"ImageObject","inLanguage":"es","@id":"https:\/\/luchonoticias.com\/editor\/#\/schema\/person\/image\/","url":"https:\/\/luchonoticias.com\/editor\/wp-content\/uploads\/2024\/02\/cropped-cropped-logolu-150x150.webp","contentUrl":"https:\/\/luchonoticias.com\/editor\/wp-content\/uploads\/2024\/02\/cropped-cropped-logolu-150x150.webp","caption":"Editor General"},"sameAs":["https:\/\/luchonoticias.com\/"],"url":"https:\/\/luchonoticias.com\/editor\/author\/editor-general\/"}]}},"_links":{"self":[{"href":"https:\/\/luchonoticias.com\/editor\/wp-json\/wp\/v2\/posts\/48486","targetHints":{"allow":["GET"]}}],"collection":[{"href":"https:\/\/luchonoticias.com\/editor\/wp-json\/wp\/v2\/posts"}],"about":[{"href":"https:\/\/luchonoticias.com\/editor\/wp-json\/wp\/v2\/types\/post"}],"author":[{"embeddable":true,"href":"https:\/\/luchonoticias.com\/editor\/wp-json\/wp\/v2\/users\/2"}],"replies":[{"embeddable":true,"href":"https:\/\/luchonoticias.com\/editor\/wp-json\/wp\/v2\/comments?post=48486"}],"version-history":[{"count":0,"href":"https:\/\/luchonoticias.com\/editor\/wp-json\/wp\/v2\/posts\/48486\/revisions"}],"wp:attachment":[{"href":"https:\/\/luchonoticias.com\/editor\/wp-json\/wp\/v2\/media?parent=48486"}],"wp:term":[{"taxonomy":"category","embeddable":true,"href":"https:\/\/luchonoticias.com\/editor\/wp-json\/wp\/v2\/categories?post=48486"},{"taxonomy":"post_tag","embeddable":true,"href":"https:\/\/luchonoticias.com\/editor\/wp-json\/wp\/v2\/tags?post=48486"}],"curies":[{"name":"wp","href":"https:\/\/api.w.org\/{rel}","templated":true}]}}