{"id":48490,"date":"2023-03-17T11:39:39","date_gmt":"2023-03-17T16:39:39","guid":{"rendered":"https:\/\/luchonoticias.com\/?p=48490"},"modified":"2023-03-17T11:39:40","modified_gmt":"2023-03-17T16:39:40","slug":"capacitacion-en-lenguaje-de-senas-para-la-secretaria-de-salud","status":"publish","type":"post","link":"https:\/\/luchonoticias.com\/editor\/capacitacion-en-lenguaje-de-senas-para-la-secretaria-de-salud\/","title":{"rendered":"Capacitaci\u00f3n en lenguaje de se\u00f1as para la Secretar\u00eda de Salud"},"content":{"rendered":"\n<p>Inici\u00f3 el&nbsp;<strong>ciclo de talleres sobre conocimientos de lenguaje de se\u00f1as&nbsp;<\/strong>colombiana dirigido a servidores p\u00fablicos, funcionarios de planta y contratistas de la Secretar\u00eda de Salud Departamental, que permite&nbsp;<strong>avanzar en la prestaci\u00f3n de servicios y atenci\u00f3n de la poblaci\u00f3n con discapacidad auditiva.<\/strong><\/p>\n\n\n\n<p>\u201cEs muy importante el conocimiento en lenguaje de se\u00f1as, para que&nbsp;<strong>seamos m\u00e1s inclusivos con las personas con discapacidad que se acercan a la dependencia<\/strong>&nbsp;a pedir orientaci\u00f3n e informaci\u00f3n en temas de salud, para eliminar las barreras comunicativas que se puedan presentar con la poblaci\u00f3n\u201d, destac\u00f3 Elizabeth Moreno del componente de Discapacidad de la Secretar\u00eda de Salud del Huila.<\/p>\n\n\n\n<p>El lenguaje de se\u00f1as es&nbsp;<strong>fundamental para la comunicaci\u00f3n con personas sordas o con dificultades auditivas<\/strong>, ya que les permite expresarse y comprender el mundo que les rodea de una manera m\u00e1s completa y accesible.<\/p>\n\n\n\n<p>El aprendizaje y uso del lenguaje de se\u00f1as tambi\u00e9n puede&nbsp;<strong>beneficiar la atenci\u00f3n y prestaci\u00f3n de servicios en salud<\/strong>&nbsp;a personas con trastornos del habla o del lenguaje o con barreras ling\u00fc\u00edsticas.<\/p>\n\n\n\n<p>\u201cEl taller&nbsp;<strong>se desarrollar\u00e1 en las instalaciones de la Secretar\u00eda de Salud Departamental durante cinco jornadas<\/strong>&nbsp;el d\u00eda mi\u00e9rcoles, donde se har\u00e1 \u00e9nfasis en la pr\u00e1ctica e interpretaci\u00f3n del lenguaje de se\u00f1as que se maneja en Colombia\u201d, agreg\u00f3 la funcionaria.<\/p>\n\n\n\n<p>El lenguaje de se\u00f1as tiene su propia gram\u00e1tica, sintaxis y vocabulario, lo que lo convierte en una herramienta pertinente para la inclusi\u00f3n y la igualdad de oportunidades.<\/p>\n\n\n\n<p>En el departamento existe Asorhuil, que es la Asociaci\u00f3n de Sordos del Huila que cuenta con personas capacitadas para brindar instrucci\u00f3n en lenguaje de se\u00f1as para el sector educativo, comercial y empresarial.<\/p>\n","protected":false},"excerpt":{"rendered":"<p>Inici\u00f3 el&nbsp;ciclo de talleres sobre conocimientos de lenguaje de se\u00f1as&nbsp;colombiana dirigido a servidores p\u00fablicos, funcionarios de planta y contratistas de la Secretar\u00eda de Salud Departamental, que permite&nbsp;avanzar en la prestaci\u00f3n de servicios y atenci\u00f3n de la poblaci\u00f3n con discapacidad auditiva. \u201cEs muy importante el conocimiento en lenguaje de se\u00f1as, para que&nbsp;seamos m\u00e1s inclusivos con las [&hellip;]<\/p>\n","protected":false},"author":2,"featured_media":0,"comment_status":"open","ping_status":"open","sticky":false,"template":"","format":"standard","meta":{"footnotes":""},"categories":[33],"tags":[],"class_list":["post-48490","post","type-post","status-publish","format-standard","hentry","category-huila"],"yoast_head":"<!-- This site is optimized with the Yoast SEO plugin v26.6 - https:\/\/yoast.com\/wordpress\/plugins\/seo\/ -->\n<title>Capacitaci\u00f3n en lenguaje de se\u00f1as para la Secretar\u00eda de Salud -<\/title>\n<meta name=\"robots\" content=\"index, follow, max-snippet:-1, max-image-preview:large, max-video-preview:-1\" \/>\n<link rel=\"canonical\" href=\"https:\/\/luchonoticias.com\/editor\/capacitacion-en-lenguaje-de-senas-para-la-secretaria-de-salud\/\" \/>\n<meta property=\"og:locale\" content=\"es_ES\" \/>\n<meta property=\"og:type\" content=\"article\" \/>\n<meta property=\"og:title\" content=\"Capacitaci\u00f3n en lenguaje de se\u00f1as para la Secretar\u00eda de Salud -\" \/>\n<meta property=\"og:url\" content=\"https:\/\/luchonoticias.com\/editor\/capacitacion-en-lenguaje-de-senas-para-la-secretaria-de-salud\/\" \/>\n<meta property=\"article:publisher\" content=\"https:\/\/www.facebook.com\/luchonoticiasneiva\" \/>\n<meta property=\"article:published_time\" content=\"2023-03-17T16:39:39+00:00\" \/>\n<meta property=\"article:modified_time\" content=\"2023-03-17T16:39:40+00:00\" \/>\n<meta name=\"author\" content=\"Editor General\" \/>\n<meta name=\"twitter:card\" content=\"summary_large_image\" \/>\n<meta name=\"twitter:label1\" content=\"Escrito por\" \/>\n\t<meta name=\"twitter:data1\" content=\"Editor General\" \/>\n\t<meta name=\"twitter:label2\" content=\"Tiempo de lectura\" \/>\n\t<meta name=\"twitter:data2\" content=\"2 minutos\" \/>\n<script type=\"application\/ld+json\" class=\"yoast-schema-graph\">{\"@context\":\"https:\/\/schema.org\",\"@graph\":[{\"@type\":\"Article\",\"@id\":\"https:\/\/luchonoticias.com\/editor\/capacitacion-en-lenguaje-de-senas-para-la-secretaria-de-salud\/#article\",\"isPartOf\":{\"@id\":\"https:\/\/luchonoticias.com\/editor\/capacitacion-en-lenguaje-de-senas-para-la-secretaria-de-salud\/\"},\"author\":{\"name\":\"Editor General\",\"@id\":\"https:\/\/luchonoticias.com\/editor\/#\/schema\/person\/29217990ddf6f14e35912b2866d591fb\"},\"headline\":\"Capacitaci\u00f3n en lenguaje de se\u00f1as para la Secretar\u00eda de Salud\",\"datePublished\":\"2023-03-17T16:39:39+00:00\",\"dateModified\":\"2023-03-17T16:39:40+00:00\",\"mainEntityOfPage\":{\"@id\":\"https:\/\/luchonoticias.com\/editor\/capacitacion-en-lenguaje-de-senas-para-la-secretaria-de-salud\/\"},\"wordCount\":324,\"commentCount\":0,\"publisher\":{\"@id\":\"https:\/\/luchonoticias.com\/editor\/#\/schema\/person\/7a7fd911f58561fd056dbac7b55af9cd\"},\"articleSection\":[\"Huila\"],\"inLanguage\":\"es\",\"potentialAction\":[{\"@type\":\"CommentAction\",\"name\":\"Comment\",\"target\":[\"https:\/\/luchonoticias.com\/editor\/capacitacion-en-lenguaje-de-senas-para-la-secretaria-de-salud\/#respond\"]}]},{\"@type\":\"WebPage\",\"@id\":\"https:\/\/luchonoticias.com\/editor\/capacitacion-en-lenguaje-de-senas-para-la-secretaria-de-salud\/\",\"url\":\"https:\/\/luchonoticias.com\/editor\/capacitacion-en-lenguaje-de-senas-para-la-secretaria-de-salud\/\",\"name\":\"Capacitaci\u00f3n en lenguaje de se\u00f1as para la Secretar\u00eda de Salud -\",\"isPartOf\":{\"@id\":\"https:\/\/luchonoticias.com\/editor\/#website\"},\"datePublished\":\"2023-03-17T16:39:39+00:00\",\"dateModified\":\"2023-03-17T16:39:40+00:00\",\"breadcrumb\":{\"@id\":\"https:\/\/luchonoticias.com\/editor\/capacitacion-en-lenguaje-de-senas-para-la-secretaria-de-salud\/#breadcrumb\"},\"inLanguage\":\"es\",\"potentialAction\":[{\"@type\":\"ReadAction\",\"target\":[\"https:\/\/luchonoticias.com\/editor\/capacitacion-en-lenguaje-de-senas-para-la-secretaria-de-salud\/\"]}]},{\"@type\":\"BreadcrumbList\",\"@id\":\"https:\/\/luchonoticias.com\/editor\/capacitacion-en-lenguaje-de-senas-para-la-secretaria-de-salud\/#breadcrumb\",\"itemListElement\":[{\"@type\":\"ListItem\",\"position\":1,\"name\":\"Portada\",\"item\":\"https:\/\/luchonoticias.com\/editor\/\"},{\"@type\":\"ListItem\",\"position\":2,\"name\":\"Capacitaci\u00f3n en lenguaje de se\u00f1as para la Secretar\u00eda de Salud\"}]},{\"@type\":\"WebSite\",\"@id\":\"https:\/\/luchonoticias.com\/editor\/#website\",\"url\":\"https:\/\/luchonoticias.com\/editor\/\",\"name\":\"\",\"description\":\"\",\"publisher\":{\"@id\":\"https:\/\/luchonoticias.com\/editor\/#\/schema\/person\/7a7fd911f58561fd056dbac7b55af9cd\"},\"potentialAction\":[{\"@type\":\"SearchAction\",\"target\":{\"@type\":\"EntryPoint\",\"urlTemplate\":\"https:\/\/luchonoticias.com\/editor\/?s={search_term_string}\"},\"query-input\":{\"@type\":\"PropertyValueSpecification\",\"valueRequired\":true,\"valueName\":\"search_term_string\"}}],\"inLanguage\":\"es\"},{\"@type\":[\"Person\",\"Organization\"],\"@id\":\"https:\/\/luchonoticias.com\/editor\/#\/schema\/person\/7a7fd911f58561fd056dbac7b55af9cd\",\"name\":\"admin\",\"image\":{\"@type\":\"ImageObject\",\"inLanguage\":\"es\",\"@id\":\"https:\/\/luchonoticias.com\/editor\/#\/schema\/person\/image\/\",\"url\":\"https:\/\/luchonoticias.com\/editor\/wp-content\/uploads\/2024\/02\/cropped-cropped-logolu.webp\",\"contentUrl\":\"https:\/\/luchonoticias.com\/editor\/wp-content\/uploads\/2024\/02\/cropped-cropped-logolu.webp\",\"width\":382,\"height\":170,\"caption\":\"admin\"},\"logo\":{\"@id\":\"https:\/\/luchonoticias.com\/editor\/#\/schema\/person\/image\/\"},\"sameAs\":[\"https:\/\/www.facebook.com\/luchonoticiasneiva\"]},{\"@type\":\"Person\",\"@id\":\"https:\/\/luchonoticias.com\/editor\/#\/schema\/person\/29217990ddf6f14e35912b2866d591fb\",\"name\":\"Editor General\",\"image\":{\"@type\":\"ImageObject\",\"inLanguage\":\"es\",\"@id\":\"https:\/\/luchonoticias.com\/editor\/#\/schema\/person\/image\/\",\"url\":\"https:\/\/luchonoticias.com\/editor\/wp-content\/uploads\/2024\/02\/cropped-cropped-logolu-150x150.webp\",\"contentUrl\":\"https:\/\/luchonoticias.com\/editor\/wp-content\/uploads\/2024\/02\/cropped-cropped-logolu-150x150.webp\",\"caption\":\"Editor General\"},\"sameAs\":[\"https:\/\/luchonoticias.com\/\"],\"url\":\"https:\/\/luchonoticias.com\/editor\/author\/editor-general\/\"}]}<\/script>\n<!-- \/ Yoast SEO plugin. -->","yoast_head_json":{"title":"Capacitaci\u00f3n en lenguaje de se\u00f1as para la Secretar\u00eda de Salud -","robots":{"index":"index","follow":"follow","max-snippet":"max-snippet:-1","max-image-preview":"max-image-preview:large","max-video-preview":"max-video-preview:-1"},"canonical":"https:\/\/luchonoticias.com\/editor\/capacitacion-en-lenguaje-de-senas-para-la-secretaria-de-salud\/","og_locale":"es_ES","og_type":"article","og_title":"Capacitaci\u00f3n en lenguaje de se\u00f1as para la Secretar\u00eda de Salud -","og_url":"https:\/\/luchonoticias.com\/editor\/capacitacion-en-lenguaje-de-senas-para-la-secretaria-de-salud\/","article_publisher":"https:\/\/www.facebook.com\/luchonoticiasneiva","article_published_time":"2023-03-17T16:39:39+00:00","article_modified_time":"2023-03-17T16:39:40+00:00","author":"Editor General","twitter_card":"summary_large_image","twitter_misc":{"Escrito por":"Editor General","Tiempo de lectura":"2 minutos"},"schema":{"@context":"https:\/\/schema.org","@graph":[{"@type":"Article","@id":"https:\/\/luchonoticias.com\/editor\/capacitacion-en-lenguaje-de-senas-para-la-secretaria-de-salud\/#article","isPartOf":{"@id":"https:\/\/luchonoticias.com\/editor\/capacitacion-en-lenguaje-de-senas-para-la-secretaria-de-salud\/"},"author":{"name":"Editor General","@id":"https:\/\/luchonoticias.com\/editor\/#\/schema\/person\/29217990ddf6f14e35912b2866d591fb"},"headline":"Capacitaci\u00f3n en lenguaje de se\u00f1as para la Secretar\u00eda de Salud","datePublished":"2023-03-17T16:39:39+00:00","dateModified":"2023-03-17T16:39:40+00:00","mainEntityOfPage":{"@id":"https:\/\/luchonoticias.com\/editor\/capacitacion-en-lenguaje-de-senas-para-la-secretaria-de-salud\/"},"wordCount":324,"commentCount":0,"publisher":{"@id":"https:\/\/luchonoticias.com\/editor\/#\/schema\/person\/7a7fd911f58561fd056dbac7b55af9cd"},"articleSection":["Huila"],"inLanguage":"es","potentialAction":[{"@type":"CommentAction","name":"Comment","target":["https:\/\/luchonoticias.com\/editor\/capacitacion-en-lenguaje-de-senas-para-la-secretaria-de-salud\/#respond"]}]},{"@type":"WebPage","@id":"https:\/\/luchonoticias.com\/editor\/capacitacion-en-lenguaje-de-senas-para-la-secretaria-de-salud\/","url":"https:\/\/luchonoticias.com\/editor\/capacitacion-en-lenguaje-de-senas-para-la-secretaria-de-salud\/","name":"Capacitaci\u00f3n en lenguaje de se\u00f1as para la Secretar\u00eda de Salud -","isPartOf":{"@id":"https:\/\/luchonoticias.com\/editor\/#website"},"datePublished":"2023-03-17T16:39:39+00:00","dateModified":"2023-03-17T16:39:40+00:00","breadcrumb":{"@id":"https:\/\/luchonoticias.com\/editor\/capacitacion-en-lenguaje-de-senas-para-la-secretaria-de-salud\/#breadcrumb"},"inLanguage":"es","potentialAction":[{"@type":"ReadAction","target":["https:\/\/luchonoticias.com\/editor\/capacitacion-en-lenguaje-de-senas-para-la-secretaria-de-salud\/"]}]},{"@type":"BreadcrumbList","@id":"https:\/\/luchonoticias.com\/editor\/capacitacion-en-lenguaje-de-senas-para-la-secretaria-de-salud\/#breadcrumb","itemListElement":[{"@type":"ListItem","position":1,"name":"Portada","item":"https:\/\/luchonoticias.com\/editor\/"},{"@type":"ListItem","position":2,"name":"Capacitaci\u00f3n en lenguaje de se\u00f1as para la Secretar\u00eda de Salud"}]},{"@type":"WebSite","@id":"https:\/\/luchonoticias.com\/editor\/#website","url":"https:\/\/luchonoticias.com\/editor\/","name":"","description":"","publisher":{"@id":"https:\/\/luchonoticias.com\/editor\/#\/schema\/person\/7a7fd911f58561fd056dbac7b55af9cd"},"potentialAction":[{"@type":"SearchAction","target":{"@type":"EntryPoint","urlTemplate":"https:\/\/luchonoticias.com\/editor\/?s={search_term_string}"},"query-input":{"@type":"PropertyValueSpecification","valueRequired":true,"valueName":"search_term_string"}}],"inLanguage":"es"},{"@type":["Person","Organization"],"@id":"https:\/\/luchonoticias.com\/editor\/#\/schema\/person\/7a7fd911f58561fd056dbac7b55af9cd","name":"admin","image":{"@type":"ImageObject","inLanguage":"es","@id":"https:\/\/luchonoticias.com\/editor\/#\/schema\/person\/image\/","url":"https:\/\/luchonoticias.com\/editor\/wp-content\/uploads\/2024\/02\/cropped-cropped-logolu.webp","contentUrl":"https:\/\/luchonoticias.com\/editor\/wp-content\/uploads\/2024\/02\/cropped-cropped-logolu.webp","width":382,"height":170,"caption":"admin"},"logo":{"@id":"https:\/\/luchonoticias.com\/editor\/#\/schema\/person\/image\/"},"sameAs":["https:\/\/www.facebook.com\/luchonoticiasneiva"]},{"@type":"Person","@id":"https:\/\/luchonoticias.com\/editor\/#\/schema\/person\/29217990ddf6f14e35912b2866d591fb","name":"Editor General","image":{"@type":"ImageObject","inLanguage":"es","@id":"https:\/\/luchonoticias.com\/editor\/#\/schema\/person\/image\/","url":"https:\/\/luchonoticias.com\/editor\/wp-content\/uploads\/2024\/02\/cropped-cropped-logolu-150x150.webp","contentUrl":"https:\/\/luchonoticias.com\/editor\/wp-content\/uploads\/2024\/02\/cropped-cropped-logolu-150x150.webp","caption":"Editor General"},"sameAs":["https:\/\/luchonoticias.com\/"],"url":"https:\/\/luchonoticias.com\/editor\/author\/editor-general\/"}]}},"_links":{"self":[{"href":"https:\/\/luchonoticias.com\/editor\/wp-json\/wp\/v2\/posts\/48490","targetHints":{"allow":["GET"]}}],"collection":[{"href":"https:\/\/luchonoticias.com\/editor\/wp-json\/wp\/v2\/posts"}],"about":[{"href":"https:\/\/luchonoticias.com\/editor\/wp-json\/wp\/v2\/types\/post"}],"author":[{"embeddable":true,"href":"https:\/\/luchonoticias.com\/editor\/wp-json\/wp\/v2\/users\/2"}],"replies":[{"embeddable":true,"href":"https:\/\/luchonoticias.com\/editor\/wp-json\/wp\/v2\/comments?post=48490"}],"version-history":[{"count":0,"href":"https:\/\/luchonoticias.com\/editor\/wp-json\/wp\/v2\/posts\/48490\/revisions"}],"wp:attachment":[{"href":"https:\/\/luchonoticias.com\/editor\/wp-json\/wp\/v2\/media?parent=48490"}],"wp:term":[{"taxonomy":"category","embeddable":true,"href":"https:\/\/luchonoticias.com\/editor\/wp-json\/wp\/v2\/categories?post=48490"},{"taxonomy":"post_tag","embeddable":true,"href":"https:\/\/luchonoticias.com\/editor\/wp-json\/wp\/v2\/tags?post=48490"}],"curies":[{"name":"wp","href":"https:\/\/api.w.org\/{rel}","templated":true}]}}