{"id":48496,"date":"2023-03-17T14:05:15","date_gmt":"2023-03-17T19:05:15","guid":{"rendered":"https:\/\/luchonoticias.com\/?p=48496"},"modified":"2023-03-17T14:05:16","modified_gmt":"2023-03-17T19:05:16","slug":"condenado-por-delitos-sexuales-contra-menores-de-edad","status":"publish","type":"post","link":"https:\/\/luchonoticias.com\/editor\/condenado-por-delitos-sexuales-contra-menores-de-edad\/","title":{"rendered":"Condenado por delitos sexuales contra menores de edad"},"content":{"rendered":"\n<p>La contundencia del material probatorio aportado por la Fiscal\u00eda General de la Naci\u00f3n permiti\u00f3 que dos jueces de la Rep\u00fablica condenaran a penas de 12 y 24 a\u00f1os de prisi\u00f3n a dos hombres, responsables de delitos sexuales contra menores de edad.<\/p>\n\n\n\n<p>Se trata de Reinel Hurtado S\u00e1nchez de 50 a\u00f1os, quien fue imputado con el delito de acceso carnal abusivo con menor de 14 a\u00f1os. La Fiscal\u00eda demostr\u00f3 que esta persona incurri\u00f3 en conductas de \u00edndole sexual contra un menor de 5 a\u00f1os, hechos por los que fue condenado a 12 a\u00f1os de prisi\u00f3n.<\/p>\n\n\n\n<p>Seg\u00fan la investigaci\u00f3n, los hechos se presentaron el 12 de julio de 2022 en la vereda el Salado de Suaza (Huila) donde el menor de edad fue agredido en varias oportunidades cuando se encontraba s\u00f3lo en su casa. Ex\u00e1menes m\u00e9dicos practicados a la v\u00edctima corroboraron lo dicho por el menor de edad. La sentencia de primera instancia qued\u00f3 en firme.<\/p>\n\n\n\n<p>El segundo caso implica a Javier Silva S\u00e1enz, de 43 a\u00f1os, quien abus\u00f3 sexualmente de una menor de 5 a\u00f1os. La Fiscal\u00eda determin\u00f3 que la menor fue enga\u00f1ada por el agresor, quien simulando juegos y prometi\u00e9ndole dulces la agredi\u00f3 sexualmente.<\/p>\n\n\n\n<p>La Fiscal\u00eda evidenci\u00f3 que estos hechos ocurrieron en Palermo (Huila) donde el procesado, conocido de la familia de la v\u00edctima, someti\u00f3 a la menor a actos de \u00edndole sexual y la indujo a ver contenido sexual para adultos.<\/p>\n\n\n\n<p>Silva S\u00e1enz fue hallado responsable del delito de acceso carnal abusivo con menor de 14 a\u00f1os agravado, acto sexual abusivo con menor de 14 a\u00f1os agravado. El hombre fue sentenciado a 24 a\u00f1os de prisi\u00f3n.<\/p>\n","protected":false},"excerpt":{"rendered":"<p>La contundencia del material probatorio aportado por la Fiscal\u00eda General de la Naci\u00f3n permiti\u00f3 que dos jueces de la Rep\u00fablica condenaran a penas de 12 y 24 a\u00f1os de prisi\u00f3n a dos hombres, responsables de delitos sexuales contra menores de edad. Se trata de Reinel Hurtado S\u00e1nchez de 50 a\u00f1os, quien fue imputado con el [&hellip;]<\/p>\n","protected":false},"author":2,"featured_media":0,"comment_status":"open","ping_status":"open","sticky":false,"template":"","format":"standard","meta":{"footnotes":""},"categories":[36,29],"tags":[],"class_list":["post-48496","post","type-post","status-publish","format-standard","hentry","category-destacado","category-judicial"],"yoast_head":"<!-- This site is optimized with the Yoast SEO plugin v26.6 - https:\/\/yoast.com\/wordpress\/plugins\/seo\/ -->\n<title>Condenado por delitos sexuales contra menores de edad -<\/title>\n<meta name=\"robots\" content=\"index, follow, max-snippet:-1, max-image-preview:large, max-video-preview:-1\" \/>\n<link rel=\"canonical\" href=\"https:\/\/luchonoticias.com\/editor\/condenado-por-delitos-sexuales-contra-menores-de-edad\/\" \/>\n<meta property=\"og:locale\" content=\"es_ES\" \/>\n<meta property=\"og:type\" content=\"article\" \/>\n<meta property=\"og:title\" content=\"Condenado por delitos sexuales contra menores de edad -\" \/>\n<meta property=\"og:url\" content=\"https:\/\/luchonoticias.com\/editor\/condenado-por-delitos-sexuales-contra-menores-de-edad\/\" \/>\n<meta property=\"article:publisher\" content=\"https:\/\/www.facebook.com\/luchonoticiasneiva\" \/>\n<meta property=\"article:published_time\" content=\"2023-03-17T19:05:15+00:00\" \/>\n<meta property=\"article:modified_time\" content=\"2023-03-17T19:05:16+00:00\" \/>\n<meta name=\"author\" content=\"Editor General\" \/>\n<meta name=\"twitter:card\" content=\"summary_large_image\" \/>\n<meta name=\"twitter:label1\" content=\"Escrito por\" \/>\n\t<meta name=\"twitter:data1\" content=\"Editor General\" \/>\n\t<meta name=\"twitter:label2\" content=\"Tiempo de lectura\" \/>\n\t<meta name=\"twitter:data2\" content=\"1 minuto\" \/>\n<script type=\"application\/ld+json\" class=\"yoast-schema-graph\">{\"@context\":\"https:\/\/schema.org\",\"@graph\":[{\"@type\":\"Article\",\"@id\":\"https:\/\/luchonoticias.com\/editor\/condenado-por-delitos-sexuales-contra-menores-de-edad\/#article\",\"isPartOf\":{\"@id\":\"https:\/\/luchonoticias.com\/editor\/condenado-por-delitos-sexuales-contra-menores-de-edad\/\"},\"author\":{\"name\":\"Editor General\",\"@id\":\"https:\/\/luchonoticias.com\/editor\/#\/schema\/person\/29217990ddf6f14e35912b2866d591fb\"},\"headline\":\"Condenado por delitos sexuales contra menores de edad\",\"datePublished\":\"2023-03-17T19:05:15+00:00\",\"dateModified\":\"2023-03-17T19:05:16+00:00\",\"mainEntityOfPage\":{\"@id\":\"https:\/\/luchonoticias.com\/editor\/condenado-por-delitos-sexuales-contra-menores-de-edad\/\"},\"wordCount\":293,\"commentCount\":0,\"publisher\":{\"@id\":\"https:\/\/luchonoticias.com\/editor\/#\/schema\/person\/7a7fd911f58561fd056dbac7b55af9cd\"},\"articleSection\":[\"Destacado\",\"Judicial\"],\"inLanguage\":\"es\",\"potentialAction\":[{\"@type\":\"CommentAction\",\"name\":\"Comment\",\"target\":[\"https:\/\/luchonoticias.com\/editor\/condenado-por-delitos-sexuales-contra-menores-de-edad\/#respond\"]}]},{\"@type\":\"WebPage\",\"@id\":\"https:\/\/luchonoticias.com\/editor\/condenado-por-delitos-sexuales-contra-menores-de-edad\/\",\"url\":\"https:\/\/luchonoticias.com\/editor\/condenado-por-delitos-sexuales-contra-menores-de-edad\/\",\"name\":\"Condenado por delitos sexuales contra menores de edad -\",\"isPartOf\":{\"@id\":\"https:\/\/luchonoticias.com\/editor\/#website\"},\"datePublished\":\"2023-03-17T19:05:15+00:00\",\"dateModified\":\"2023-03-17T19:05:16+00:00\",\"breadcrumb\":{\"@id\":\"https:\/\/luchonoticias.com\/editor\/condenado-por-delitos-sexuales-contra-menores-de-edad\/#breadcrumb\"},\"inLanguage\":\"es\",\"potentialAction\":[{\"@type\":\"ReadAction\",\"target\":[\"https:\/\/luchonoticias.com\/editor\/condenado-por-delitos-sexuales-contra-menores-de-edad\/\"]}]},{\"@type\":\"BreadcrumbList\",\"@id\":\"https:\/\/luchonoticias.com\/editor\/condenado-por-delitos-sexuales-contra-menores-de-edad\/#breadcrumb\",\"itemListElement\":[{\"@type\":\"ListItem\",\"position\":1,\"name\":\"Portada\",\"item\":\"https:\/\/luchonoticias.com\/editor\/\"},{\"@type\":\"ListItem\",\"position\":2,\"name\":\"Condenado por delitos sexuales contra menores de edad\"}]},{\"@type\":\"WebSite\",\"@id\":\"https:\/\/luchonoticias.com\/editor\/#website\",\"url\":\"https:\/\/luchonoticias.com\/editor\/\",\"name\":\"\",\"description\":\"\",\"publisher\":{\"@id\":\"https:\/\/luchonoticias.com\/editor\/#\/schema\/person\/7a7fd911f58561fd056dbac7b55af9cd\"},\"potentialAction\":[{\"@type\":\"SearchAction\",\"target\":{\"@type\":\"EntryPoint\",\"urlTemplate\":\"https:\/\/luchonoticias.com\/editor\/?s={search_term_string}\"},\"query-input\":{\"@type\":\"PropertyValueSpecification\",\"valueRequired\":true,\"valueName\":\"search_term_string\"}}],\"inLanguage\":\"es\"},{\"@type\":[\"Person\",\"Organization\"],\"@id\":\"https:\/\/luchonoticias.com\/editor\/#\/schema\/person\/7a7fd911f58561fd056dbac7b55af9cd\",\"name\":\"admin\",\"image\":{\"@type\":\"ImageObject\",\"inLanguage\":\"es\",\"@id\":\"https:\/\/luchonoticias.com\/editor\/#\/schema\/person\/image\/\",\"url\":\"https:\/\/luchonoticias.com\/editor\/wp-content\/uploads\/2024\/02\/cropped-cropped-logolu.webp\",\"contentUrl\":\"https:\/\/luchonoticias.com\/editor\/wp-content\/uploads\/2024\/02\/cropped-cropped-logolu.webp\",\"width\":382,\"height\":170,\"caption\":\"admin\"},\"logo\":{\"@id\":\"https:\/\/luchonoticias.com\/editor\/#\/schema\/person\/image\/\"},\"sameAs\":[\"https:\/\/www.facebook.com\/luchonoticiasneiva\"]},{\"@type\":\"Person\",\"@id\":\"https:\/\/luchonoticias.com\/editor\/#\/schema\/person\/29217990ddf6f14e35912b2866d591fb\",\"name\":\"Editor General\",\"image\":{\"@type\":\"ImageObject\",\"inLanguage\":\"es\",\"@id\":\"https:\/\/luchonoticias.com\/editor\/#\/schema\/person\/image\/\",\"url\":\"https:\/\/luchonoticias.com\/editor\/wp-content\/uploads\/2024\/02\/cropped-cropped-logolu-150x150.webp\",\"contentUrl\":\"https:\/\/luchonoticias.com\/editor\/wp-content\/uploads\/2024\/02\/cropped-cropped-logolu-150x150.webp\",\"caption\":\"Editor General\"},\"sameAs\":[\"https:\/\/luchonoticias.com\/\"],\"url\":\"https:\/\/luchonoticias.com\/editor\/author\/editor-general\/\"}]}<\/script>\n<!-- \/ Yoast SEO plugin. -->","yoast_head_json":{"title":"Condenado por delitos sexuales contra menores de edad -","robots":{"index":"index","follow":"follow","max-snippet":"max-snippet:-1","max-image-preview":"max-image-preview:large","max-video-preview":"max-video-preview:-1"},"canonical":"https:\/\/luchonoticias.com\/editor\/condenado-por-delitos-sexuales-contra-menores-de-edad\/","og_locale":"es_ES","og_type":"article","og_title":"Condenado por delitos sexuales contra menores de edad -","og_url":"https:\/\/luchonoticias.com\/editor\/condenado-por-delitos-sexuales-contra-menores-de-edad\/","article_publisher":"https:\/\/www.facebook.com\/luchonoticiasneiva","article_published_time":"2023-03-17T19:05:15+00:00","article_modified_time":"2023-03-17T19:05:16+00:00","author":"Editor General","twitter_card":"summary_large_image","twitter_misc":{"Escrito por":"Editor General","Tiempo de lectura":"1 minuto"},"schema":{"@context":"https:\/\/schema.org","@graph":[{"@type":"Article","@id":"https:\/\/luchonoticias.com\/editor\/condenado-por-delitos-sexuales-contra-menores-de-edad\/#article","isPartOf":{"@id":"https:\/\/luchonoticias.com\/editor\/condenado-por-delitos-sexuales-contra-menores-de-edad\/"},"author":{"name":"Editor General","@id":"https:\/\/luchonoticias.com\/editor\/#\/schema\/person\/29217990ddf6f14e35912b2866d591fb"},"headline":"Condenado por delitos sexuales contra menores de edad","datePublished":"2023-03-17T19:05:15+00:00","dateModified":"2023-03-17T19:05:16+00:00","mainEntityOfPage":{"@id":"https:\/\/luchonoticias.com\/editor\/condenado-por-delitos-sexuales-contra-menores-de-edad\/"},"wordCount":293,"commentCount":0,"publisher":{"@id":"https:\/\/luchonoticias.com\/editor\/#\/schema\/person\/7a7fd911f58561fd056dbac7b55af9cd"},"articleSection":["Destacado","Judicial"],"inLanguage":"es","potentialAction":[{"@type":"CommentAction","name":"Comment","target":["https:\/\/luchonoticias.com\/editor\/condenado-por-delitos-sexuales-contra-menores-de-edad\/#respond"]}]},{"@type":"WebPage","@id":"https:\/\/luchonoticias.com\/editor\/condenado-por-delitos-sexuales-contra-menores-de-edad\/","url":"https:\/\/luchonoticias.com\/editor\/condenado-por-delitos-sexuales-contra-menores-de-edad\/","name":"Condenado por delitos sexuales contra menores de edad -","isPartOf":{"@id":"https:\/\/luchonoticias.com\/editor\/#website"},"datePublished":"2023-03-17T19:05:15+00:00","dateModified":"2023-03-17T19:05:16+00:00","breadcrumb":{"@id":"https:\/\/luchonoticias.com\/editor\/condenado-por-delitos-sexuales-contra-menores-de-edad\/#breadcrumb"},"inLanguage":"es","potentialAction":[{"@type":"ReadAction","target":["https:\/\/luchonoticias.com\/editor\/condenado-por-delitos-sexuales-contra-menores-de-edad\/"]}]},{"@type":"BreadcrumbList","@id":"https:\/\/luchonoticias.com\/editor\/condenado-por-delitos-sexuales-contra-menores-de-edad\/#breadcrumb","itemListElement":[{"@type":"ListItem","position":1,"name":"Portada","item":"https:\/\/luchonoticias.com\/editor\/"},{"@type":"ListItem","position":2,"name":"Condenado por delitos sexuales contra menores de edad"}]},{"@type":"WebSite","@id":"https:\/\/luchonoticias.com\/editor\/#website","url":"https:\/\/luchonoticias.com\/editor\/","name":"","description":"","publisher":{"@id":"https:\/\/luchonoticias.com\/editor\/#\/schema\/person\/7a7fd911f58561fd056dbac7b55af9cd"},"potentialAction":[{"@type":"SearchAction","target":{"@type":"EntryPoint","urlTemplate":"https:\/\/luchonoticias.com\/editor\/?s={search_term_string}"},"query-input":{"@type":"PropertyValueSpecification","valueRequired":true,"valueName":"search_term_string"}}],"inLanguage":"es"},{"@type":["Person","Organization"],"@id":"https:\/\/luchonoticias.com\/editor\/#\/schema\/person\/7a7fd911f58561fd056dbac7b55af9cd","name":"admin","image":{"@type":"ImageObject","inLanguage":"es","@id":"https:\/\/luchonoticias.com\/editor\/#\/schema\/person\/image\/","url":"https:\/\/luchonoticias.com\/editor\/wp-content\/uploads\/2024\/02\/cropped-cropped-logolu.webp","contentUrl":"https:\/\/luchonoticias.com\/editor\/wp-content\/uploads\/2024\/02\/cropped-cropped-logolu.webp","width":382,"height":170,"caption":"admin"},"logo":{"@id":"https:\/\/luchonoticias.com\/editor\/#\/schema\/person\/image\/"},"sameAs":["https:\/\/www.facebook.com\/luchonoticiasneiva"]},{"@type":"Person","@id":"https:\/\/luchonoticias.com\/editor\/#\/schema\/person\/29217990ddf6f14e35912b2866d591fb","name":"Editor General","image":{"@type":"ImageObject","inLanguage":"es","@id":"https:\/\/luchonoticias.com\/editor\/#\/schema\/person\/image\/","url":"https:\/\/luchonoticias.com\/editor\/wp-content\/uploads\/2024\/02\/cropped-cropped-logolu-150x150.webp","contentUrl":"https:\/\/luchonoticias.com\/editor\/wp-content\/uploads\/2024\/02\/cropped-cropped-logolu-150x150.webp","caption":"Editor General"},"sameAs":["https:\/\/luchonoticias.com\/"],"url":"https:\/\/luchonoticias.com\/editor\/author\/editor-general\/"}]}},"_links":{"self":[{"href":"https:\/\/luchonoticias.com\/editor\/wp-json\/wp\/v2\/posts\/48496","targetHints":{"allow":["GET"]}}],"collection":[{"href":"https:\/\/luchonoticias.com\/editor\/wp-json\/wp\/v2\/posts"}],"about":[{"href":"https:\/\/luchonoticias.com\/editor\/wp-json\/wp\/v2\/types\/post"}],"author":[{"embeddable":true,"href":"https:\/\/luchonoticias.com\/editor\/wp-json\/wp\/v2\/users\/2"}],"replies":[{"embeddable":true,"href":"https:\/\/luchonoticias.com\/editor\/wp-json\/wp\/v2\/comments?post=48496"}],"version-history":[{"count":0,"href":"https:\/\/luchonoticias.com\/editor\/wp-json\/wp\/v2\/posts\/48496\/revisions"}],"wp:attachment":[{"href":"https:\/\/luchonoticias.com\/editor\/wp-json\/wp\/v2\/media?parent=48496"}],"wp:term":[{"taxonomy":"category","embeddable":true,"href":"https:\/\/luchonoticias.com\/editor\/wp-json\/wp\/v2\/categories?post=48496"},{"taxonomy":"post_tag","embeddable":true,"href":"https:\/\/luchonoticias.com\/editor\/wp-json\/wp\/v2\/tags?post=48496"}],"curies":[{"name":"wp","href":"https:\/\/api.w.org\/{rel}","templated":true}]}}