{"id":48499,"date":"2023-03-17T14:08:58","date_gmt":"2023-03-17T19:08:58","guid":{"rendered":"https:\/\/luchonoticias.com\/?p=48499"},"modified":"2023-03-17T14:08:59","modified_gmt":"2023-03-17T19:08:59","slug":"capturado-sujeto-al-parecer-cuando-pretendia-violar-a-una-joven-de-15-anos-en-villavieja","status":"publish","type":"post","link":"https:\/\/luchonoticias.com\/editor\/capturado-sujeto-al-parecer-cuando-pretendia-violar-a-una-joven-de-15-anos-en-villavieja\/","title":{"rendered":"Capturado sujeto al parecer cuando pretend\u00eda violar a una joven de 15 a\u00f1os en Villavieja"},"content":{"rendered":"\n<p>Por voces de auxilio, la patrulla del cuadrante lleg\u00f3 hasta una vivienda en el casco urbano del municipio de Villavieja, donde presuntamente un sujeto estaba intentando violar a una menor de 15 a\u00f1os de edad.<\/p>\n\n\n\n<p>De acuerdo a la informaci\u00f3n suministrada por la progenitora de la ni\u00f1a, el sujeto dentro de la vivienda utilizando la fuerza trat\u00f3 de acceder sexualmente a la menor luego de haberle tocado sus partes \u00edntimas.<\/p>\n\n\n\n<p>La patrulla del cuadrante procedi\u00f3 a leerle los derechos del capturado y a ponerlo a buen recaudo de la Fiscal\u00eda General de la Naci\u00f3n, en las \u00faltimas horas un juez de la Rep\u00fablica le dict\u00f3 medida de aseguramiento en centro carcelario.\u00a0<\/p>\n\n\n\n<figure class=\"wp-block-video\"><video controls src=\"https:\/\/luchonoticias.com\/wp-content\/uploads\/2023\/03\/WhatsApp-Video-2023-03-17-at-9.53.27-AM.mp4\"><\/video><\/figure>\n\n\n\n<p>Gracias a las actividades de prevenci\u00f3n en cabeza de Caravanas por la Vida, este a\u00f1o se tiene una reducci\u00f3n del -52% en la comisi\u00f3n de delitos sexuales.<\/p>\n","protected":false},"excerpt":{"rendered":"<p>Por voces de auxilio, la patrulla del cuadrante lleg\u00f3 hasta una vivienda en el casco urbano del municipio de Villavieja, donde presuntamente un sujeto estaba intentando violar a una menor de 15 a\u00f1os de edad. De acuerdo a la informaci\u00f3n suministrada por la progenitora de la ni\u00f1a, el sujeto dentro de la vivienda utilizando la [&hellip;]<\/p>\n","protected":false},"author":2,"featured_media":0,"comment_status":"open","ping_status":"open","sticky":false,"template":"","format":"standard","meta":{"footnotes":""},"categories":[36,29,3962],"tags":[],"class_list":["post-48499","post","type-post","status-publish","format-standard","hentry","category-destacado","category-judicial","category-videos"],"yoast_head":"<!-- This site is optimized with the Yoast SEO plugin v26.6 - https:\/\/yoast.com\/wordpress\/plugins\/seo\/ -->\n<title>Capturado sujeto al parecer cuando pretend\u00eda violar a una joven de 15 a\u00f1os en Villavieja -<\/title>\n<meta name=\"robots\" content=\"index, follow, max-snippet:-1, max-image-preview:large, max-video-preview:-1\" \/>\n<link rel=\"canonical\" href=\"https:\/\/luchonoticias.com\/editor\/capturado-sujeto-al-parecer-cuando-pretendia-violar-a-una-joven-de-15-anos-en-villavieja\/\" \/>\n<meta property=\"og:locale\" content=\"es_ES\" \/>\n<meta property=\"og:type\" content=\"article\" \/>\n<meta property=\"og:title\" content=\"Capturado sujeto al parecer cuando pretend\u00eda violar a una joven de 15 a\u00f1os en Villavieja -\" \/>\n<meta property=\"og:url\" content=\"https:\/\/luchonoticias.com\/editor\/capturado-sujeto-al-parecer-cuando-pretendia-violar-a-una-joven-de-15-anos-en-villavieja\/\" \/>\n<meta property=\"article:publisher\" content=\"https:\/\/www.facebook.com\/luchonoticiasneiva\" \/>\n<meta property=\"article:published_time\" content=\"2023-03-17T19:08:58+00:00\" \/>\n<meta property=\"article:modified_time\" content=\"2023-03-17T19:08:59+00:00\" \/>\n<meta name=\"author\" content=\"Editor General\" \/>\n<meta name=\"twitter:card\" content=\"summary_large_image\" \/>\n<meta name=\"twitter:label1\" content=\"Escrito por\" \/>\n\t<meta name=\"twitter:data1\" content=\"Editor General\" \/>\n\t<meta name=\"twitter:label2\" content=\"Tiempo de lectura\" \/>\n\t<meta name=\"twitter:data2\" content=\"1 minuto\" \/>\n<script type=\"application\/ld+json\" class=\"yoast-schema-graph\">{\"@context\":\"https:\/\/schema.org\",\"@graph\":[{\"@type\":\"Article\",\"@id\":\"https:\/\/luchonoticias.com\/editor\/capturado-sujeto-al-parecer-cuando-pretendia-violar-a-una-joven-de-15-anos-en-villavieja\/#article\",\"isPartOf\":{\"@id\":\"https:\/\/luchonoticias.com\/editor\/capturado-sujeto-al-parecer-cuando-pretendia-violar-a-una-joven-de-15-anos-en-villavieja\/\"},\"author\":{\"name\":\"Editor General\",\"@id\":\"https:\/\/luchonoticias.com\/editor\/#\/schema\/person\/29217990ddf6f14e35912b2866d591fb\"},\"headline\":\"Capturado sujeto al parecer cuando pretend\u00eda violar a una joven de 15 a\u00f1os en Villavieja\",\"datePublished\":\"2023-03-17T19:08:58+00:00\",\"dateModified\":\"2023-03-17T19:08:59+00:00\",\"mainEntityOfPage\":{\"@id\":\"https:\/\/luchonoticias.com\/editor\/capturado-sujeto-al-parecer-cuando-pretendia-violar-a-una-joven-de-15-anos-en-villavieja\/\"},\"wordCount\":163,\"commentCount\":0,\"publisher\":{\"@id\":\"https:\/\/luchonoticias.com\/editor\/#\/schema\/person\/7a7fd911f58561fd056dbac7b55af9cd\"},\"articleSection\":[\"Destacado\",\"Judicial\",\"Videos\"],\"inLanguage\":\"es\",\"potentialAction\":[{\"@type\":\"CommentAction\",\"name\":\"Comment\",\"target\":[\"https:\/\/luchonoticias.com\/editor\/capturado-sujeto-al-parecer-cuando-pretendia-violar-a-una-joven-de-15-anos-en-villavieja\/#respond\"]}]},{\"@type\":\"WebPage\",\"@id\":\"https:\/\/luchonoticias.com\/editor\/capturado-sujeto-al-parecer-cuando-pretendia-violar-a-una-joven-de-15-anos-en-villavieja\/\",\"url\":\"https:\/\/luchonoticias.com\/editor\/capturado-sujeto-al-parecer-cuando-pretendia-violar-a-una-joven-de-15-anos-en-villavieja\/\",\"name\":\"Capturado sujeto al parecer cuando pretend\u00eda violar a una joven de 15 a\u00f1os en Villavieja -\",\"isPartOf\":{\"@id\":\"https:\/\/luchonoticias.com\/editor\/#website\"},\"datePublished\":\"2023-03-17T19:08:58+00:00\",\"dateModified\":\"2023-03-17T19:08:59+00:00\",\"breadcrumb\":{\"@id\":\"https:\/\/luchonoticias.com\/editor\/capturado-sujeto-al-parecer-cuando-pretendia-violar-a-una-joven-de-15-anos-en-villavieja\/#breadcrumb\"},\"inLanguage\":\"es\",\"potentialAction\":[{\"@type\":\"ReadAction\",\"target\":[\"https:\/\/luchonoticias.com\/editor\/capturado-sujeto-al-parecer-cuando-pretendia-violar-a-una-joven-de-15-anos-en-villavieja\/\"]}]},{\"@type\":\"BreadcrumbList\",\"@id\":\"https:\/\/luchonoticias.com\/editor\/capturado-sujeto-al-parecer-cuando-pretendia-violar-a-una-joven-de-15-anos-en-villavieja\/#breadcrumb\",\"itemListElement\":[{\"@type\":\"ListItem\",\"position\":1,\"name\":\"Portada\",\"item\":\"https:\/\/luchonoticias.com\/editor\/\"},{\"@type\":\"ListItem\",\"position\":2,\"name\":\"Capturado sujeto al parecer cuando pretend\u00eda violar a una joven de 15 a\u00f1os en Villavieja\"}]},{\"@type\":\"WebSite\",\"@id\":\"https:\/\/luchonoticias.com\/editor\/#website\",\"url\":\"https:\/\/luchonoticias.com\/editor\/\",\"name\":\"\",\"description\":\"\",\"publisher\":{\"@id\":\"https:\/\/luchonoticias.com\/editor\/#\/schema\/person\/7a7fd911f58561fd056dbac7b55af9cd\"},\"potentialAction\":[{\"@type\":\"SearchAction\",\"target\":{\"@type\":\"EntryPoint\",\"urlTemplate\":\"https:\/\/luchonoticias.com\/editor\/?s={search_term_string}\"},\"query-input\":{\"@type\":\"PropertyValueSpecification\",\"valueRequired\":true,\"valueName\":\"search_term_string\"}}],\"inLanguage\":\"es\"},{\"@type\":[\"Person\",\"Organization\"],\"@id\":\"https:\/\/luchonoticias.com\/editor\/#\/schema\/person\/7a7fd911f58561fd056dbac7b55af9cd\",\"name\":\"admin\",\"image\":{\"@type\":\"ImageObject\",\"inLanguage\":\"es\",\"@id\":\"https:\/\/luchonoticias.com\/editor\/#\/schema\/person\/image\/\",\"url\":\"https:\/\/luchonoticias.com\/editor\/wp-content\/uploads\/2024\/02\/cropped-cropped-logolu.webp\",\"contentUrl\":\"https:\/\/luchonoticias.com\/editor\/wp-content\/uploads\/2024\/02\/cropped-cropped-logolu.webp\",\"width\":382,\"height\":170,\"caption\":\"admin\"},\"logo\":{\"@id\":\"https:\/\/luchonoticias.com\/editor\/#\/schema\/person\/image\/\"},\"sameAs\":[\"https:\/\/www.facebook.com\/luchonoticiasneiva\"]},{\"@type\":\"Person\",\"@id\":\"https:\/\/luchonoticias.com\/editor\/#\/schema\/person\/29217990ddf6f14e35912b2866d591fb\",\"name\":\"Editor General\",\"image\":{\"@type\":\"ImageObject\",\"inLanguage\":\"es\",\"@id\":\"https:\/\/luchonoticias.com\/editor\/#\/schema\/person\/image\/\",\"url\":\"https:\/\/luchonoticias.com\/editor\/wp-content\/uploads\/2024\/02\/cropped-cropped-logolu-150x150.webp\",\"contentUrl\":\"https:\/\/luchonoticias.com\/editor\/wp-content\/uploads\/2024\/02\/cropped-cropped-logolu-150x150.webp\",\"caption\":\"Editor General\"},\"sameAs\":[\"https:\/\/luchonoticias.com\/\"],\"url\":\"https:\/\/luchonoticias.com\/editor\/author\/editor-general\/\"}]}<\/script>\n<!-- \/ Yoast SEO plugin. -->","yoast_head_json":{"title":"Capturado sujeto al parecer cuando pretend\u00eda violar a una joven de 15 a\u00f1os en Villavieja -","robots":{"index":"index","follow":"follow","max-snippet":"max-snippet:-1","max-image-preview":"max-image-preview:large","max-video-preview":"max-video-preview:-1"},"canonical":"https:\/\/luchonoticias.com\/editor\/capturado-sujeto-al-parecer-cuando-pretendia-violar-a-una-joven-de-15-anos-en-villavieja\/","og_locale":"es_ES","og_type":"article","og_title":"Capturado sujeto al parecer cuando pretend\u00eda violar a una joven de 15 a\u00f1os en Villavieja -","og_url":"https:\/\/luchonoticias.com\/editor\/capturado-sujeto-al-parecer-cuando-pretendia-violar-a-una-joven-de-15-anos-en-villavieja\/","article_publisher":"https:\/\/www.facebook.com\/luchonoticiasneiva","article_published_time":"2023-03-17T19:08:58+00:00","article_modified_time":"2023-03-17T19:08:59+00:00","author":"Editor General","twitter_card":"summary_large_image","twitter_misc":{"Escrito por":"Editor General","Tiempo de lectura":"1 minuto"},"schema":{"@context":"https:\/\/schema.org","@graph":[{"@type":"Article","@id":"https:\/\/luchonoticias.com\/editor\/capturado-sujeto-al-parecer-cuando-pretendia-violar-a-una-joven-de-15-anos-en-villavieja\/#article","isPartOf":{"@id":"https:\/\/luchonoticias.com\/editor\/capturado-sujeto-al-parecer-cuando-pretendia-violar-a-una-joven-de-15-anos-en-villavieja\/"},"author":{"name":"Editor General","@id":"https:\/\/luchonoticias.com\/editor\/#\/schema\/person\/29217990ddf6f14e35912b2866d591fb"},"headline":"Capturado sujeto al parecer cuando pretend\u00eda violar a una joven de 15 a\u00f1os en Villavieja","datePublished":"2023-03-17T19:08:58+00:00","dateModified":"2023-03-17T19:08:59+00:00","mainEntityOfPage":{"@id":"https:\/\/luchonoticias.com\/editor\/capturado-sujeto-al-parecer-cuando-pretendia-violar-a-una-joven-de-15-anos-en-villavieja\/"},"wordCount":163,"commentCount":0,"publisher":{"@id":"https:\/\/luchonoticias.com\/editor\/#\/schema\/person\/7a7fd911f58561fd056dbac7b55af9cd"},"articleSection":["Destacado","Judicial","Videos"],"inLanguage":"es","potentialAction":[{"@type":"CommentAction","name":"Comment","target":["https:\/\/luchonoticias.com\/editor\/capturado-sujeto-al-parecer-cuando-pretendia-violar-a-una-joven-de-15-anos-en-villavieja\/#respond"]}]},{"@type":"WebPage","@id":"https:\/\/luchonoticias.com\/editor\/capturado-sujeto-al-parecer-cuando-pretendia-violar-a-una-joven-de-15-anos-en-villavieja\/","url":"https:\/\/luchonoticias.com\/editor\/capturado-sujeto-al-parecer-cuando-pretendia-violar-a-una-joven-de-15-anos-en-villavieja\/","name":"Capturado sujeto al parecer cuando pretend\u00eda violar a una joven de 15 a\u00f1os en Villavieja -","isPartOf":{"@id":"https:\/\/luchonoticias.com\/editor\/#website"},"datePublished":"2023-03-17T19:08:58+00:00","dateModified":"2023-03-17T19:08:59+00:00","breadcrumb":{"@id":"https:\/\/luchonoticias.com\/editor\/capturado-sujeto-al-parecer-cuando-pretendia-violar-a-una-joven-de-15-anos-en-villavieja\/#breadcrumb"},"inLanguage":"es","potentialAction":[{"@type":"ReadAction","target":["https:\/\/luchonoticias.com\/editor\/capturado-sujeto-al-parecer-cuando-pretendia-violar-a-una-joven-de-15-anos-en-villavieja\/"]}]},{"@type":"BreadcrumbList","@id":"https:\/\/luchonoticias.com\/editor\/capturado-sujeto-al-parecer-cuando-pretendia-violar-a-una-joven-de-15-anos-en-villavieja\/#breadcrumb","itemListElement":[{"@type":"ListItem","position":1,"name":"Portada","item":"https:\/\/luchonoticias.com\/editor\/"},{"@type":"ListItem","position":2,"name":"Capturado sujeto al parecer cuando pretend\u00eda violar a una joven de 15 a\u00f1os en Villavieja"}]},{"@type":"WebSite","@id":"https:\/\/luchonoticias.com\/editor\/#website","url":"https:\/\/luchonoticias.com\/editor\/","name":"","description":"","publisher":{"@id":"https:\/\/luchonoticias.com\/editor\/#\/schema\/person\/7a7fd911f58561fd056dbac7b55af9cd"},"potentialAction":[{"@type":"SearchAction","target":{"@type":"EntryPoint","urlTemplate":"https:\/\/luchonoticias.com\/editor\/?s={search_term_string}"},"query-input":{"@type":"PropertyValueSpecification","valueRequired":true,"valueName":"search_term_string"}}],"inLanguage":"es"},{"@type":["Person","Organization"],"@id":"https:\/\/luchonoticias.com\/editor\/#\/schema\/person\/7a7fd911f58561fd056dbac7b55af9cd","name":"admin","image":{"@type":"ImageObject","inLanguage":"es","@id":"https:\/\/luchonoticias.com\/editor\/#\/schema\/person\/image\/","url":"https:\/\/luchonoticias.com\/editor\/wp-content\/uploads\/2024\/02\/cropped-cropped-logolu.webp","contentUrl":"https:\/\/luchonoticias.com\/editor\/wp-content\/uploads\/2024\/02\/cropped-cropped-logolu.webp","width":382,"height":170,"caption":"admin"},"logo":{"@id":"https:\/\/luchonoticias.com\/editor\/#\/schema\/person\/image\/"},"sameAs":["https:\/\/www.facebook.com\/luchonoticiasneiva"]},{"@type":"Person","@id":"https:\/\/luchonoticias.com\/editor\/#\/schema\/person\/29217990ddf6f14e35912b2866d591fb","name":"Editor General","image":{"@type":"ImageObject","inLanguage":"es","@id":"https:\/\/luchonoticias.com\/editor\/#\/schema\/person\/image\/","url":"https:\/\/luchonoticias.com\/editor\/wp-content\/uploads\/2024\/02\/cropped-cropped-logolu-150x150.webp","contentUrl":"https:\/\/luchonoticias.com\/editor\/wp-content\/uploads\/2024\/02\/cropped-cropped-logolu-150x150.webp","caption":"Editor General"},"sameAs":["https:\/\/luchonoticias.com\/"],"url":"https:\/\/luchonoticias.com\/editor\/author\/editor-general\/"}]}},"_links":{"self":[{"href":"https:\/\/luchonoticias.com\/editor\/wp-json\/wp\/v2\/posts\/48499","targetHints":{"allow":["GET"]}}],"collection":[{"href":"https:\/\/luchonoticias.com\/editor\/wp-json\/wp\/v2\/posts"}],"about":[{"href":"https:\/\/luchonoticias.com\/editor\/wp-json\/wp\/v2\/types\/post"}],"author":[{"embeddable":true,"href":"https:\/\/luchonoticias.com\/editor\/wp-json\/wp\/v2\/users\/2"}],"replies":[{"embeddable":true,"href":"https:\/\/luchonoticias.com\/editor\/wp-json\/wp\/v2\/comments?post=48499"}],"version-history":[{"count":0,"href":"https:\/\/luchonoticias.com\/editor\/wp-json\/wp\/v2\/posts\/48499\/revisions"}],"wp:attachment":[{"href":"https:\/\/luchonoticias.com\/editor\/wp-json\/wp\/v2\/media?parent=48499"}],"wp:term":[{"taxonomy":"category","embeddable":true,"href":"https:\/\/luchonoticias.com\/editor\/wp-json\/wp\/v2\/categories?post=48499"},{"taxonomy":"post_tag","embeddable":true,"href":"https:\/\/luchonoticias.com\/editor\/wp-json\/wp\/v2\/tags?post=48499"}],"curies":[{"name":"wp","href":"https:\/\/api.w.org\/{rel}","templated":true}]}}