{"id":48549,"date":"2023-03-18T07:30:13","date_gmt":"2023-03-18T12:30:13","guid":{"rendered":"https:\/\/luchonoticias.com\/?p=48549"},"modified":"2023-03-18T07:30:14","modified_gmt":"2023-03-18T12:30:14","slug":"comision-de-paz-de-la-camara-de-representantes-hace-llamado-urgente-a-los-grupos-armados-en-los-territorios","status":"publish","type":"post","link":"https:\/\/luchonoticias.com\/editor\/comision-de-paz-de-la-camara-de-representantes-hace-llamado-urgente-a-los-grupos-armados-en-los-territorios\/","title":{"rendered":"Comisi\u00f3n de Paz de la C\u00e1mara de Representantes hace llamado urgente a los grupos armados en los territorios"},"content":{"rendered":"\n<p>Expresamos nuestra preocupaci\u00f3n por la grave situaci\u00f3n de desplazamiento forzado que est\u00e1n sufriendo personas en proceso de reincorporaci\u00f3n de la antigua guerrilla de las FARC en los Espacios Territoriales de Capacitaci\u00f3n y Reincorporaci\u00f3n &#8211; ETCR, los m\u00e1s recientes hechos se presentaron en el Centro Poblado de Mariana P\u00e1ez en Mesetas, Meta. Donde m\u00e1s de 200 familias, 86 mujeres, la gran mayor\u00eda madres cabeza de hogar, alrededor de 80 ni\u00f1os y ni\u00f1as, entre ellos 30 de brazos, hombres y mujeres de la tercera edad y poblaci\u00f3n con discapacidad, han sido obligados a abandonar estas instalaciones, as\u00ed como&nbsp;asumir la p\u00e9rdida total de la infraestructura y proyectos productivos desarrollados en los \u00faltimos 6 a\u00f1os, al parecer por amenazas de un actor armado de la zona.<\/p>\n\n\n\n<p>El desplazamiento y confinamiento silencioso responde a las amenazas y hechos victimizantes que suman a la fecha seg\u00fan Indepaz, 351 firmantes de paz asesinados desde la firma del acuerdo, 1435 l\u00edderes y lideresas sociales de todo el pa\u00eds y miles de desplazados a las principales ciudades y municipios, situaci\u00f3n que se repite en distintas zonas del pa\u00eds. En Carrizal, en Remedios Antioquia, en Arauca, en la v\u00eda a Cartagena del Chaira &#8211; Caquet\u00e1 hace 3 d\u00edas se \u201cmont\u00f3\u201d un ret\u00e9n ilegal que duro m\u00e1s de 2 horas, los alcaldes de san Vicente del Cagu\u00e1n y Cartagena del Chaira est\u00e1n despachando desde Florencia por falta de garant\u00edas de seguridad, la situaci\u00f3n en el Bajo Cauca no es mejor, en el municipio de remedios firmantes del espacio Juan Carlos Casta\u00f1eda y campesinos de la zona han sido amenazados y est\u00e1n siendo desplazados por AGC, las disidencias y el ELN.<\/p>\n\n\n\n<p>La paz total no puede significar el desconocimiento de lo alcanzado, ni el abuso, control territorial y hostigamiento a las comunidades por parte de los interesados en los di\u00e1logos sean de orden pol\u00edtico o estructuras criminales de alto impacto. Urge el acatamiento de ceses de fuego y el respeto de los derechos de las comunidades. En este momento hist\u00f3rico que vive Colombia, la paz total necesita de todas las voluntades y acciones reales que den confianza a todos los actores sociales y pol\u00edticos que garanticen la vida digna, sin miedo y con pol\u00edticas p\u00fablicas que fortalezcan el buen vivir de las y los colombianos.<\/p>\n\n\n\n<p>Hacemos un llamado al presidente Gustavo Petro, al Ministro de la Defensa Iv\u00e1n Vel\u00e1squez, al Alto Comisionado para la Paz, Danilo Rueda, a la directora de la Unidad para la Implementaci\u00f3n del Acuerdo de Paz, Gloria Cuartas, a la directora de la Agencia para la Reincorporaci\u00f3n y la Normalizaci\u00f3n, Alejandra Miller, a los pa\u00edses garantes y a la Misi\u00f3n de Verificaci\u00f3n de la ONU y la MAPP OEA a que atienda de inmediato esta situaci\u00f3n que afecta gravemente la consecuci\u00f3n y el desarrollo de la Paz Total y la Implementaci\u00f3n del Acuerdo Final de Paz.<\/p>\n","protected":false},"excerpt":{"rendered":"<p>Expresamos nuestra preocupaci\u00f3n por la grave situaci\u00f3n de desplazamiento forzado que est\u00e1n sufriendo personas en proceso de reincorporaci\u00f3n de la antigua guerrilla de las FARC en los Espacios Territoriales de Capacitaci\u00f3n y Reincorporaci\u00f3n &#8211; ETCR, los m\u00e1s recientes hechos se presentaron en el Centro Poblado de Mariana P\u00e1ez en Mesetas, Meta. Donde m\u00e1s de 200 [&hellip;]<\/p>\n","protected":false},"author":2,"featured_media":0,"comment_status":"open","ping_status":"open","sticky":false,"template":"","format":"standard","meta":{"footnotes":""},"categories":[36,617],"tags":[],"class_list":["post-48549","post","type-post","status-publish","format-standard","hentry","category-destacado","category-politica"],"yoast_head":"<!-- This site is optimized with the Yoast SEO plugin v26.6 - https:\/\/yoast.com\/wordpress\/plugins\/seo\/ -->\n<title>Comisi\u00f3n de Paz de la C\u00e1mara de Representantes hace llamado urgente a los grupos armados en los territorios -<\/title>\n<meta name=\"robots\" content=\"index, follow, max-snippet:-1, max-image-preview:large, max-video-preview:-1\" \/>\n<link rel=\"canonical\" href=\"https:\/\/luchonoticias.com\/editor\/comision-de-paz-de-la-camara-de-representantes-hace-llamado-urgente-a-los-grupos-armados-en-los-territorios\/\" \/>\n<meta property=\"og:locale\" content=\"es_ES\" \/>\n<meta property=\"og:type\" content=\"article\" \/>\n<meta property=\"og:title\" content=\"Comisi\u00f3n de Paz de la C\u00e1mara de Representantes hace llamado urgente a los grupos armados en los territorios -\" \/>\n<meta property=\"og:url\" content=\"https:\/\/luchonoticias.com\/editor\/comision-de-paz-de-la-camara-de-representantes-hace-llamado-urgente-a-los-grupos-armados-en-los-territorios\/\" \/>\n<meta property=\"article:publisher\" content=\"https:\/\/www.facebook.com\/luchonoticiasneiva\" \/>\n<meta property=\"article:published_time\" content=\"2023-03-18T12:30:13+00:00\" \/>\n<meta property=\"article:modified_time\" content=\"2023-03-18T12:30:14+00:00\" \/>\n<meta name=\"author\" content=\"Editor General\" \/>\n<meta name=\"twitter:card\" content=\"summary_large_image\" \/>\n<meta name=\"twitter:label1\" content=\"Escrito por\" \/>\n\t<meta name=\"twitter:data1\" content=\"Editor General\" \/>\n\t<meta name=\"twitter:label2\" content=\"Tiempo de lectura\" \/>\n\t<meta name=\"twitter:data2\" content=\"3 minutos\" \/>\n<script type=\"application\/ld+json\" class=\"yoast-schema-graph\">{\"@context\":\"https:\/\/schema.org\",\"@graph\":[{\"@type\":\"Article\",\"@id\":\"https:\/\/luchonoticias.com\/editor\/comision-de-paz-de-la-camara-de-representantes-hace-llamado-urgente-a-los-grupos-armados-en-los-territorios\/#article\",\"isPartOf\":{\"@id\":\"https:\/\/luchonoticias.com\/editor\/comision-de-paz-de-la-camara-de-representantes-hace-llamado-urgente-a-los-grupos-armados-en-los-territorios\/\"},\"author\":{\"name\":\"Editor General\",\"@id\":\"https:\/\/luchonoticias.com\/editor\/#\/schema\/person\/29217990ddf6f14e35912b2866d591fb\"},\"headline\":\"Comisi\u00f3n de Paz de la C\u00e1mara de Representantes hace llamado urgente a los grupos armados en los territorios\",\"datePublished\":\"2023-03-18T12:30:13+00:00\",\"dateModified\":\"2023-03-18T12:30:14+00:00\",\"mainEntityOfPage\":{\"@id\":\"https:\/\/luchonoticias.com\/editor\/comision-de-paz-de-la-camara-de-representantes-hace-llamado-urgente-a-los-grupos-armados-en-los-territorios\/\"},\"wordCount\":528,\"commentCount\":0,\"publisher\":{\"@id\":\"https:\/\/luchonoticias.com\/editor\/#\/schema\/person\/7a7fd911f58561fd056dbac7b55af9cd\"},\"articleSection\":[\"Destacado\",\"Pol\u00edtica\"],\"inLanguage\":\"es\",\"potentialAction\":[{\"@type\":\"CommentAction\",\"name\":\"Comment\",\"target\":[\"https:\/\/luchonoticias.com\/editor\/comision-de-paz-de-la-camara-de-representantes-hace-llamado-urgente-a-los-grupos-armados-en-los-territorios\/#respond\"]}]},{\"@type\":\"WebPage\",\"@id\":\"https:\/\/luchonoticias.com\/editor\/comision-de-paz-de-la-camara-de-representantes-hace-llamado-urgente-a-los-grupos-armados-en-los-territorios\/\",\"url\":\"https:\/\/luchonoticias.com\/editor\/comision-de-paz-de-la-camara-de-representantes-hace-llamado-urgente-a-los-grupos-armados-en-los-territorios\/\",\"name\":\"Comisi\u00f3n de Paz de la C\u00e1mara de Representantes hace llamado urgente a los grupos armados en los territorios -\",\"isPartOf\":{\"@id\":\"https:\/\/luchonoticias.com\/editor\/#website\"},\"datePublished\":\"2023-03-18T12:30:13+00:00\",\"dateModified\":\"2023-03-18T12:30:14+00:00\",\"breadcrumb\":{\"@id\":\"https:\/\/luchonoticias.com\/editor\/comision-de-paz-de-la-camara-de-representantes-hace-llamado-urgente-a-los-grupos-armados-en-los-territorios\/#breadcrumb\"},\"inLanguage\":\"es\",\"potentialAction\":[{\"@type\":\"ReadAction\",\"target\":[\"https:\/\/luchonoticias.com\/editor\/comision-de-paz-de-la-camara-de-representantes-hace-llamado-urgente-a-los-grupos-armados-en-los-territorios\/\"]}]},{\"@type\":\"BreadcrumbList\",\"@id\":\"https:\/\/luchonoticias.com\/editor\/comision-de-paz-de-la-camara-de-representantes-hace-llamado-urgente-a-los-grupos-armados-en-los-territorios\/#breadcrumb\",\"itemListElement\":[{\"@type\":\"ListItem\",\"position\":1,\"name\":\"Portada\",\"item\":\"https:\/\/luchonoticias.com\/editor\/\"},{\"@type\":\"ListItem\",\"position\":2,\"name\":\"Comisi\u00f3n de Paz de la C\u00e1mara de Representantes hace llamado urgente a los grupos armados en los territorios\"}]},{\"@type\":\"WebSite\",\"@id\":\"https:\/\/luchonoticias.com\/editor\/#website\",\"url\":\"https:\/\/luchonoticias.com\/editor\/\",\"name\":\"\",\"description\":\"\",\"publisher\":{\"@id\":\"https:\/\/luchonoticias.com\/editor\/#\/schema\/person\/7a7fd911f58561fd056dbac7b55af9cd\"},\"potentialAction\":[{\"@type\":\"SearchAction\",\"target\":{\"@type\":\"EntryPoint\",\"urlTemplate\":\"https:\/\/luchonoticias.com\/editor\/?s={search_term_string}\"},\"query-input\":{\"@type\":\"PropertyValueSpecification\",\"valueRequired\":true,\"valueName\":\"search_term_string\"}}],\"inLanguage\":\"es\"},{\"@type\":[\"Person\",\"Organization\"],\"@id\":\"https:\/\/luchonoticias.com\/editor\/#\/schema\/person\/7a7fd911f58561fd056dbac7b55af9cd\",\"name\":\"admin\",\"image\":{\"@type\":\"ImageObject\",\"inLanguage\":\"es\",\"@id\":\"https:\/\/luchonoticias.com\/editor\/#\/schema\/person\/image\/\",\"url\":\"https:\/\/luchonoticias.com\/editor\/wp-content\/uploads\/2024\/02\/cropped-cropped-logolu.webp\",\"contentUrl\":\"https:\/\/luchonoticias.com\/editor\/wp-content\/uploads\/2024\/02\/cropped-cropped-logolu.webp\",\"width\":382,\"height\":170,\"caption\":\"admin\"},\"logo\":{\"@id\":\"https:\/\/luchonoticias.com\/editor\/#\/schema\/person\/image\/\"},\"sameAs\":[\"https:\/\/www.facebook.com\/luchonoticiasneiva\"]},{\"@type\":\"Person\",\"@id\":\"https:\/\/luchonoticias.com\/editor\/#\/schema\/person\/29217990ddf6f14e35912b2866d591fb\",\"name\":\"Editor General\",\"image\":{\"@type\":\"ImageObject\",\"inLanguage\":\"es\",\"@id\":\"https:\/\/luchonoticias.com\/editor\/#\/schema\/person\/image\/\",\"url\":\"https:\/\/luchonoticias.com\/editor\/wp-content\/uploads\/2024\/02\/cropped-cropped-logolu-150x150.webp\",\"contentUrl\":\"https:\/\/luchonoticias.com\/editor\/wp-content\/uploads\/2024\/02\/cropped-cropped-logolu-150x150.webp\",\"caption\":\"Editor General\"},\"sameAs\":[\"https:\/\/luchonoticias.com\/\"],\"url\":\"https:\/\/luchonoticias.com\/editor\/author\/editor-general\/\"}]}<\/script>\n<!-- \/ Yoast SEO plugin. -->","yoast_head_json":{"title":"Comisi\u00f3n de Paz de la C\u00e1mara de Representantes hace llamado urgente a los grupos armados en los territorios -","robots":{"index":"index","follow":"follow","max-snippet":"max-snippet:-1","max-image-preview":"max-image-preview:large","max-video-preview":"max-video-preview:-1"},"canonical":"https:\/\/luchonoticias.com\/editor\/comision-de-paz-de-la-camara-de-representantes-hace-llamado-urgente-a-los-grupos-armados-en-los-territorios\/","og_locale":"es_ES","og_type":"article","og_title":"Comisi\u00f3n de Paz de la C\u00e1mara de Representantes hace llamado urgente a los grupos armados en los territorios -","og_url":"https:\/\/luchonoticias.com\/editor\/comision-de-paz-de-la-camara-de-representantes-hace-llamado-urgente-a-los-grupos-armados-en-los-territorios\/","article_publisher":"https:\/\/www.facebook.com\/luchonoticiasneiva","article_published_time":"2023-03-18T12:30:13+00:00","article_modified_time":"2023-03-18T12:30:14+00:00","author":"Editor General","twitter_card":"summary_large_image","twitter_misc":{"Escrito por":"Editor General","Tiempo de lectura":"3 minutos"},"schema":{"@context":"https:\/\/schema.org","@graph":[{"@type":"Article","@id":"https:\/\/luchonoticias.com\/editor\/comision-de-paz-de-la-camara-de-representantes-hace-llamado-urgente-a-los-grupos-armados-en-los-territorios\/#article","isPartOf":{"@id":"https:\/\/luchonoticias.com\/editor\/comision-de-paz-de-la-camara-de-representantes-hace-llamado-urgente-a-los-grupos-armados-en-los-territorios\/"},"author":{"name":"Editor General","@id":"https:\/\/luchonoticias.com\/editor\/#\/schema\/person\/29217990ddf6f14e35912b2866d591fb"},"headline":"Comisi\u00f3n de Paz de la C\u00e1mara de Representantes hace llamado urgente a los grupos armados en los territorios","datePublished":"2023-03-18T12:30:13+00:00","dateModified":"2023-03-18T12:30:14+00:00","mainEntityOfPage":{"@id":"https:\/\/luchonoticias.com\/editor\/comision-de-paz-de-la-camara-de-representantes-hace-llamado-urgente-a-los-grupos-armados-en-los-territorios\/"},"wordCount":528,"commentCount":0,"publisher":{"@id":"https:\/\/luchonoticias.com\/editor\/#\/schema\/person\/7a7fd911f58561fd056dbac7b55af9cd"},"articleSection":["Destacado","Pol\u00edtica"],"inLanguage":"es","potentialAction":[{"@type":"CommentAction","name":"Comment","target":["https:\/\/luchonoticias.com\/editor\/comision-de-paz-de-la-camara-de-representantes-hace-llamado-urgente-a-los-grupos-armados-en-los-territorios\/#respond"]}]},{"@type":"WebPage","@id":"https:\/\/luchonoticias.com\/editor\/comision-de-paz-de-la-camara-de-representantes-hace-llamado-urgente-a-los-grupos-armados-en-los-territorios\/","url":"https:\/\/luchonoticias.com\/editor\/comision-de-paz-de-la-camara-de-representantes-hace-llamado-urgente-a-los-grupos-armados-en-los-territorios\/","name":"Comisi\u00f3n de Paz de la C\u00e1mara de Representantes hace llamado urgente a los grupos armados en los territorios -","isPartOf":{"@id":"https:\/\/luchonoticias.com\/editor\/#website"},"datePublished":"2023-03-18T12:30:13+00:00","dateModified":"2023-03-18T12:30:14+00:00","breadcrumb":{"@id":"https:\/\/luchonoticias.com\/editor\/comision-de-paz-de-la-camara-de-representantes-hace-llamado-urgente-a-los-grupos-armados-en-los-territorios\/#breadcrumb"},"inLanguage":"es","potentialAction":[{"@type":"ReadAction","target":["https:\/\/luchonoticias.com\/editor\/comision-de-paz-de-la-camara-de-representantes-hace-llamado-urgente-a-los-grupos-armados-en-los-territorios\/"]}]},{"@type":"BreadcrumbList","@id":"https:\/\/luchonoticias.com\/editor\/comision-de-paz-de-la-camara-de-representantes-hace-llamado-urgente-a-los-grupos-armados-en-los-territorios\/#breadcrumb","itemListElement":[{"@type":"ListItem","position":1,"name":"Portada","item":"https:\/\/luchonoticias.com\/editor\/"},{"@type":"ListItem","position":2,"name":"Comisi\u00f3n de Paz de la C\u00e1mara de Representantes hace llamado urgente a los grupos armados en los territorios"}]},{"@type":"WebSite","@id":"https:\/\/luchonoticias.com\/editor\/#website","url":"https:\/\/luchonoticias.com\/editor\/","name":"","description":"","publisher":{"@id":"https:\/\/luchonoticias.com\/editor\/#\/schema\/person\/7a7fd911f58561fd056dbac7b55af9cd"},"potentialAction":[{"@type":"SearchAction","target":{"@type":"EntryPoint","urlTemplate":"https:\/\/luchonoticias.com\/editor\/?s={search_term_string}"},"query-input":{"@type":"PropertyValueSpecification","valueRequired":true,"valueName":"search_term_string"}}],"inLanguage":"es"},{"@type":["Person","Organization"],"@id":"https:\/\/luchonoticias.com\/editor\/#\/schema\/person\/7a7fd911f58561fd056dbac7b55af9cd","name":"admin","image":{"@type":"ImageObject","inLanguage":"es","@id":"https:\/\/luchonoticias.com\/editor\/#\/schema\/person\/image\/","url":"https:\/\/luchonoticias.com\/editor\/wp-content\/uploads\/2024\/02\/cropped-cropped-logolu.webp","contentUrl":"https:\/\/luchonoticias.com\/editor\/wp-content\/uploads\/2024\/02\/cropped-cropped-logolu.webp","width":382,"height":170,"caption":"admin"},"logo":{"@id":"https:\/\/luchonoticias.com\/editor\/#\/schema\/person\/image\/"},"sameAs":["https:\/\/www.facebook.com\/luchonoticiasneiva"]},{"@type":"Person","@id":"https:\/\/luchonoticias.com\/editor\/#\/schema\/person\/29217990ddf6f14e35912b2866d591fb","name":"Editor General","image":{"@type":"ImageObject","inLanguage":"es","@id":"https:\/\/luchonoticias.com\/editor\/#\/schema\/person\/image\/","url":"https:\/\/luchonoticias.com\/editor\/wp-content\/uploads\/2024\/02\/cropped-cropped-logolu-150x150.webp","contentUrl":"https:\/\/luchonoticias.com\/editor\/wp-content\/uploads\/2024\/02\/cropped-cropped-logolu-150x150.webp","caption":"Editor General"},"sameAs":["https:\/\/luchonoticias.com\/"],"url":"https:\/\/luchonoticias.com\/editor\/author\/editor-general\/"}]}},"_links":{"self":[{"href":"https:\/\/luchonoticias.com\/editor\/wp-json\/wp\/v2\/posts\/48549","targetHints":{"allow":["GET"]}}],"collection":[{"href":"https:\/\/luchonoticias.com\/editor\/wp-json\/wp\/v2\/posts"}],"about":[{"href":"https:\/\/luchonoticias.com\/editor\/wp-json\/wp\/v2\/types\/post"}],"author":[{"embeddable":true,"href":"https:\/\/luchonoticias.com\/editor\/wp-json\/wp\/v2\/users\/2"}],"replies":[{"embeddable":true,"href":"https:\/\/luchonoticias.com\/editor\/wp-json\/wp\/v2\/comments?post=48549"}],"version-history":[{"count":0,"href":"https:\/\/luchonoticias.com\/editor\/wp-json\/wp\/v2\/posts\/48549\/revisions"}],"wp:attachment":[{"href":"https:\/\/luchonoticias.com\/editor\/wp-json\/wp\/v2\/media?parent=48549"}],"wp:term":[{"taxonomy":"category","embeddable":true,"href":"https:\/\/luchonoticias.com\/editor\/wp-json\/wp\/v2\/categories?post=48549"},{"taxonomy":"post_tag","embeddable":true,"href":"https:\/\/luchonoticias.com\/editor\/wp-json\/wp\/v2\/tags?post=48549"}],"curies":[{"name":"wp","href":"https:\/\/api.w.org\/{rel}","templated":true}]}}