{"id":48552,"date":"2023-03-18T10:06:38","date_gmt":"2023-03-18T15:06:38","guid":{"rendered":"https:\/\/luchonoticias.com\/?p=48552"},"modified":"2023-03-18T10:06:39","modified_gmt":"2023-03-18T15:06:39","slug":"socializan-proyecto-dirigido-a-las-pasifloras","status":"publish","type":"post","link":"https:\/\/luchonoticias.com\/editor\/socializan-proyecto-dirigido-a-las-pasifloras\/","title":{"rendered":"Socializan proyecto dirigido a las pasifloras"},"content":{"rendered":"\n<p>El departamento del&nbsp;<strong>Huila tiene un gran potencial para la producci\u00f3n de frutas<\/strong>, donde el grupo de las pasifloras ocupa un papel preponderante debido a las condiciones agroclim\u00e1ticas propicias para su desarrollo, sumado a la alta demanda en los mercados nacionales, y el inter\u00e9s de nuevos compradores internacionales por frutas como la granadilla, gulupa, maracuy\u00e1, y cholupa, esta \u00faltima protegida con denominaci\u00f3n de origen.<\/p>\n\n\n\n<p>No obstante, durante las \u00faltimas d\u00e9cadas<strong>&nbsp;el potencial productivo del departamento sufri\u00f3 un bajonazo debido al ataque de la secadera,<\/strong>&nbsp;una enfermedad producida por la familia de hongos fusarium, a la que son susceptibles principalmente el maracuy\u00e1 y la granadilla, con el agravante que los suelos infectados por ese pat\u00f3geno, dif\u00edcilmente pueden utilizarse de nuevo para este tipo de cultivos.<\/p>\n\n\n\n<p>En virtud de ello,&nbsp;<strong>se le dio luz verde al proyecto \u201cInvestigaci\u00f3n y desarrollo de estrategias de tolerancia\/resistencia a Fusarium<\/strong>&nbsp;spp. mediante selecci\u00f3n gen\u00e9tica para recuperar la productividad de pasifloras (granadilla y maracuy\u00e1) en el departamento del Huila\u201d, financiado con recursos por el orden de los $2.725.000.640, que&nbsp;<strong>impactar\u00e1 a los municipios de Rivera, Guadalupe, Suaza, Pitalito, Algeciras, y Garz\u00f3n<\/strong>, localidades con el mayor potencial para este tipo de frutas.<\/p>\n\n\n\n<h5 class=\"wp-block-heading\">Socializaci\u00f3n de los alcances del proyecto<\/h5>\n\n\n\n<p>Precisamente para dar a conocer los alcances de este novedoso proyecto,&nbsp;<strong>se adelant\u00f3 una mesa de trabajo<\/strong>&nbsp;liderada por la Gobernaci\u00f3n del Huila y Agrosavia, en el municipio de Rivera, a la que asistieron productores de pasifloras, asociaciones, enlaces agropecuarios, y dem\u00e1s interesados en el tema, donde fueron despejadas las dudas sobre el desarrollo de la investigaci\u00f3n.<\/p>\n\n\n\n<p>Este mismo ejercicio se ha venido desarrollando en los municipios del sur del Huila, donde<strong>&nbsp;el proyecto ha tenido una gran aceptaci\u00f3n por parte de los productores,<\/strong>&nbsp;quienes esperan al cierre de la investigaci\u00f3n, unos positivos resultados que permitan trazar un plan de manejo para encarar este problema sanitario.<\/p>\n\n\n\n<p>Al t\u00e9rmino de este proyecto de Ciencia y Tecnolog\u00eda que tendr\u00e1 una ejecuci\u00f3n de 48 meses,&nbsp;<strong>se espera Identificar genotipos potenciales como patrones para b\u00fasqueda de fuentes de tolerancia\/resistencia a Fusarium spp<\/strong>, seleccionar genotipos elites de maracuy\u00e1 y ecotipos regionales de maracuy\u00e1 y granadilla para ser usados como copa sobre patrones seleccionados, as\u00ed como estandarizar un m\u00e9todo de propagaci\u00f3n vegetativa de los materiales seleccionados con el fin de establecerlos y conservarlos.<\/p>\n","protected":false},"excerpt":{"rendered":"<p>El departamento del&nbsp;Huila tiene un gran potencial para la producci\u00f3n de frutas, donde el grupo de las pasifloras ocupa un papel preponderante debido a las condiciones agroclim\u00e1ticas propicias para su desarrollo, sumado a la alta demanda en los mercados nacionales, y el inter\u00e9s de nuevos compradores internacionales por frutas como la granadilla, gulupa, maracuy\u00e1, y [&hellip;]<\/p>\n","protected":false},"author":2,"featured_media":0,"comment_status":"open","ping_status":"open","sticky":false,"template":"","format":"standard","meta":{"footnotes":""},"categories":[33],"tags":[],"class_list":["post-48552","post","type-post","status-publish","format-standard","hentry","category-huila"],"yoast_head":"<!-- This site is optimized with the Yoast SEO plugin v26.6 - https:\/\/yoast.com\/wordpress\/plugins\/seo\/ -->\n<title>Socializan proyecto dirigido a las pasifloras -<\/title>\n<meta name=\"robots\" content=\"index, follow, max-snippet:-1, max-image-preview:large, max-video-preview:-1\" \/>\n<link rel=\"canonical\" href=\"https:\/\/luchonoticias.com\/editor\/socializan-proyecto-dirigido-a-las-pasifloras\/\" \/>\n<meta property=\"og:locale\" content=\"es_ES\" \/>\n<meta property=\"og:type\" content=\"article\" \/>\n<meta property=\"og:title\" content=\"Socializan proyecto dirigido a las pasifloras -\" \/>\n<meta property=\"og:url\" content=\"https:\/\/luchonoticias.com\/editor\/socializan-proyecto-dirigido-a-las-pasifloras\/\" \/>\n<meta property=\"article:publisher\" content=\"https:\/\/www.facebook.com\/luchonoticiasneiva\" \/>\n<meta property=\"article:published_time\" content=\"2023-03-18T15:06:38+00:00\" \/>\n<meta property=\"article:modified_time\" content=\"2023-03-18T15:06:39+00:00\" \/>\n<meta name=\"author\" content=\"Editor General\" \/>\n<meta name=\"twitter:card\" content=\"summary_large_image\" \/>\n<meta name=\"twitter:label1\" content=\"Escrito por\" \/>\n\t<meta name=\"twitter:data1\" content=\"Editor General\" \/>\n\t<meta name=\"twitter:label2\" content=\"Tiempo de lectura\" \/>\n\t<meta name=\"twitter:data2\" content=\"2 minutos\" \/>\n<script type=\"application\/ld+json\" class=\"yoast-schema-graph\">{\"@context\":\"https:\/\/schema.org\",\"@graph\":[{\"@type\":\"Article\",\"@id\":\"https:\/\/luchonoticias.com\/editor\/socializan-proyecto-dirigido-a-las-pasifloras\/#article\",\"isPartOf\":{\"@id\":\"https:\/\/luchonoticias.com\/editor\/socializan-proyecto-dirigido-a-las-pasifloras\/\"},\"author\":{\"name\":\"Editor General\",\"@id\":\"https:\/\/luchonoticias.com\/editor\/#\/schema\/person\/29217990ddf6f14e35912b2866d591fb\"},\"headline\":\"Socializan proyecto dirigido a las pasifloras\",\"datePublished\":\"2023-03-18T15:06:38+00:00\",\"dateModified\":\"2023-03-18T15:06:39+00:00\",\"mainEntityOfPage\":{\"@id\":\"https:\/\/luchonoticias.com\/editor\/socializan-proyecto-dirigido-a-las-pasifloras\/\"},\"wordCount\":417,\"commentCount\":0,\"publisher\":{\"@id\":\"https:\/\/luchonoticias.com\/editor\/#\/schema\/person\/7a7fd911f58561fd056dbac7b55af9cd\"},\"articleSection\":[\"Huila\"],\"inLanguage\":\"es\",\"potentialAction\":[{\"@type\":\"CommentAction\",\"name\":\"Comment\",\"target\":[\"https:\/\/luchonoticias.com\/editor\/socializan-proyecto-dirigido-a-las-pasifloras\/#respond\"]}]},{\"@type\":\"WebPage\",\"@id\":\"https:\/\/luchonoticias.com\/editor\/socializan-proyecto-dirigido-a-las-pasifloras\/\",\"url\":\"https:\/\/luchonoticias.com\/editor\/socializan-proyecto-dirigido-a-las-pasifloras\/\",\"name\":\"Socializan proyecto dirigido a las pasifloras -\",\"isPartOf\":{\"@id\":\"https:\/\/luchonoticias.com\/editor\/#website\"},\"datePublished\":\"2023-03-18T15:06:38+00:00\",\"dateModified\":\"2023-03-18T15:06:39+00:00\",\"breadcrumb\":{\"@id\":\"https:\/\/luchonoticias.com\/editor\/socializan-proyecto-dirigido-a-las-pasifloras\/#breadcrumb\"},\"inLanguage\":\"es\",\"potentialAction\":[{\"@type\":\"ReadAction\",\"target\":[\"https:\/\/luchonoticias.com\/editor\/socializan-proyecto-dirigido-a-las-pasifloras\/\"]}]},{\"@type\":\"BreadcrumbList\",\"@id\":\"https:\/\/luchonoticias.com\/editor\/socializan-proyecto-dirigido-a-las-pasifloras\/#breadcrumb\",\"itemListElement\":[{\"@type\":\"ListItem\",\"position\":1,\"name\":\"Portada\",\"item\":\"https:\/\/luchonoticias.com\/editor\/\"},{\"@type\":\"ListItem\",\"position\":2,\"name\":\"Socializan proyecto dirigido a las pasifloras\"}]},{\"@type\":\"WebSite\",\"@id\":\"https:\/\/luchonoticias.com\/editor\/#website\",\"url\":\"https:\/\/luchonoticias.com\/editor\/\",\"name\":\"\",\"description\":\"\",\"publisher\":{\"@id\":\"https:\/\/luchonoticias.com\/editor\/#\/schema\/person\/7a7fd911f58561fd056dbac7b55af9cd\"},\"potentialAction\":[{\"@type\":\"SearchAction\",\"target\":{\"@type\":\"EntryPoint\",\"urlTemplate\":\"https:\/\/luchonoticias.com\/editor\/?s={search_term_string}\"},\"query-input\":{\"@type\":\"PropertyValueSpecification\",\"valueRequired\":true,\"valueName\":\"search_term_string\"}}],\"inLanguage\":\"es\"},{\"@type\":[\"Person\",\"Organization\"],\"@id\":\"https:\/\/luchonoticias.com\/editor\/#\/schema\/person\/7a7fd911f58561fd056dbac7b55af9cd\",\"name\":\"admin\",\"image\":{\"@type\":\"ImageObject\",\"inLanguage\":\"es\",\"@id\":\"https:\/\/luchonoticias.com\/editor\/#\/schema\/person\/image\/\",\"url\":\"https:\/\/luchonoticias.com\/editor\/wp-content\/uploads\/2024\/02\/cropped-cropped-logolu.webp\",\"contentUrl\":\"https:\/\/luchonoticias.com\/editor\/wp-content\/uploads\/2024\/02\/cropped-cropped-logolu.webp\",\"width\":382,\"height\":170,\"caption\":\"admin\"},\"logo\":{\"@id\":\"https:\/\/luchonoticias.com\/editor\/#\/schema\/person\/image\/\"},\"sameAs\":[\"https:\/\/www.facebook.com\/luchonoticiasneiva\"]},{\"@type\":\"Person\",\"@id\":\"https:\/\/luchonoticias.com\/editor\/#\/schema\/person\/29217990ddf6f14e35912b2866d591fb\",\"name\":\"Editor General\",\"image\":{\"@type\":\"ImageObject\",\"inLanguage\":\"es\",\"@id\":\"https:\/\/luchonoticias.com\/editor\/#\/schema\/person\/image\/\",\"url\":\"https:\/\/luchonoticias.com\/editor\/wp-content\/uploads\/2024\/02\/cropped-cropped-logolu-150x150.webp\",\"contentUrl\":\"https:\/\/luchonoticias.com\/editor\/wp-content\/uploads\/2024\/02\/cropped-cropped-logolu-150x150.webp\",\"caption\":\"Editor General\"},\"sameAs\":[\"https:\/\/luchonoticias.com\/\"],\"url\":\"https:\/\/luchonoticias.com\/editor\/author\/editor-general\/\"}]}<\/script>\n<!-- \/ Yoast SEO plugin. -->","yoast_head_json":{"title":"Socializan proyecto dirigido a las pasifloras -","robots":{"index":"index","follow":"follow","max-snippet":"max-snippet:-1","max-image-preview":"max-image-preview:large","max-video-preview":"max-video-preview:-1"},"canonical":"https:\/\/luchonoticias.com\/editor\/socializan-proyecto-dirigido-a-las-pasifloras\/","og_locale":"es_ES","og_type":"article","og_title":"Socializan proyecto dirigido a las pasifloras -","og_url":"https:\/\/luchonoticias.com\/editor\/socializan-proyecto-dirigido-a-las-pasifloras\/","article_publisher":"https:\/\/www.facebook.com\/luchonoticiasneiva","article_published_time":"2023-03-18T15:06:38+00:00","article_modified_time":"2023-03-18T15:06:39+00:00","author":"Editor General","twitter_card":"summary_large_image","twitter_misc":{"Escrito por":"Editor General","Tiempo de lectura":"2 minutos"},"schema":{"@context":"https:\/\/schema.org","@graph":[{"@type":"Article","@id":"https:\/\/luchonoticias.com\/editor\/socializan-proyecto-dirigido-a-las-pasifloras\/#article","isPartOf":{"@id":"https:\/\/luchonoticias.com\/editor\/socializan-proyecto-dirigido-a-las-pasifloras\/"},"author":{"name":"Editor General","@id":"https:\/\/luchonoticias.com\/editor\/#\/schema\/person\/29217990ddf6f14e35912b2866d591fb"},"headline":"Socializan proyecto dirigido a las pasifloras","datePublished":"2023-03-18T15:06:38+00:00","dateModified":"2023-03-18T15:06:39+00:00","mainEntityOfPage":{"@id":"https:\/\/luchonoticias.com\/editor\/socializan-proyecto-dirigido-a-las-pasifloras\/"},"wordCount":417,"commentCount":0,"publisher":{"@id":"https:\/\/luchonoticias.com\/editor\/#\/schema\/person\/7a7fd911f58561fd056dbac7b55af9cd"},"articleSection":["Huila"],"inLanguage":"es","potentialAction":[{"@type":"CommentAction","name":"Comment","target":["https:\/\/luchonoticias.com\/editor\/socializan-proyecto-dirigido-a-las-pasifloras\/#respond"]}]},{"@type":"WebPage","@id":"https:\/\/luchonoticias.com\/editor\/socializan-proyecto-dirigido-a-las-pasifloras\/","url":"https:\/\/luchonoticias.com\/editor\/socializan-proyecto-dirigido-a-las-pasifloras\/","name":"Socializan proyecto dirigido a las pasifloras -","isPartOf":{"@id":"https:\/\/luchonoticias.com\/editor\/#website"},"datePublished":"2023-03-18T15:06:38+00:00","dateModified":"2023-03-18T15:06:39+00:00","breadcrumb":{"@id":"https:\/\/luchonoticias.com\/editor\/socializan-proyecto-dirigido-a-las-pasifloras\/#breadcrumb"},"inLanguage":"es","potentialAction":[{"@type":"ReadAction","target":["https:\/\/luchonoticias.com\/editor\/socializan-proyecto-dirigido-a-las-pasifloras\/"]}]},{"@type":"BreadcrumbList","@id":"https:\/\/luchonoticias.com\/editor\/socializan-proyecto-dirigido-a-las-pasifloras\/#breadcrumb","itemListElement":[{"@type":"ListItem","position":1,"name":"Portada","item":"https:\/\/luchonoticias.com\/editor\/"},{"@type":"ListItem","position":2,"name":"Socializan proyecto dirigido a las pasifloras"}]},{"@type":"WebSite","@id":"https:\/\/luchonoticias.com\/editor\/#website","url":"https:\/\/luchonoticias.com\/editor\/","name":"","description":"","publisher":{"@id":"https:\/\/luchonoticias.com\/editor\/#\/schema\/person\/7a7fd911f58561fd056dbac7b55af9cd"},"potentialAction":[{"@type":"SearchAction","target":{"@type":"EntryPoint","urlTemplate":"https:\/\/luchonoticias.com\/editor\/?s={search_term_string}"},"query-input":{"@type":"PropertyValueSpecification","valueRequired":true,"valueName":"search_term_string"}}],"inLanguage":"es"},{"@type":["Person","Organization"],"@id":"https:\/\/luchonoticias.com\/editor\/#\/schema\/person\/7a7fd911f58561fd056dbac7b55af9cd","name":"admin","image":{"@type":"ImageObject","inLanguage":"es","@id":"https:\/\/luchonoticias.com\/editor\/#\/schema\/person\/image\/","url":"https:\/\/luchonoticias.com\/editor\/wp-content\/uploads\/2024\/02\/cropped-cropped-logolu.webp","contentUrl":"https:\/\/luchonoticias.com\/editor\/wp-content\/uploads\/2024\/02\/cropped-cropped-logolu.webp","width":382,"height":170,"caption":"admin"},"logo":{"@id":"https:\/\/luchonoticias.com\/editor\/#\/schema\/person\/image\/"},"sameAs":["https:\/\/www.facebook.com\/luchonoticiasneiva"]},{"@type":"Person","@id":"https:\/\/luchonoticias.com\/editor\/#\/schema\/person\/29217990ddf6f14e35912b2866d591fb","name":"Editor General","image":{"@type":"ImageObject","inLanguage":"es","@id":"https:\/\/luchonoticias.com\/editor\/#\/schema\/person\/image\/","url":"https:\/\/luchonoticias.com\/editor\/wp-content\/uploads\/2024\/02\/cropped-cropped-logolu-150x150.webp","contentUrl":"https:\/\/luchonoticias.com\/editor\/wp-content\/uploads\/2024\/02\/cropped-cropped-logolu-150x150.webp","caption":"Editor General"},"sameAs":["https:\/\/luchonoticias.com\/"],"url":"https:\/\/luchonoticias.com\/editor\/author\/editor-general\/"}]}},"_links":{"self":[{"href":"https:\/\/luchonoticias.com\/editor\/wp-json\/wp\/v2\/posts\/48552","targetHints":{"allow":["GET"]}}],"collection":[{"href":"https:\/\/luchonoticias.com\/editor\/wp-json\/wp\/v2\/posts"}],"about":[{"href":"https:\/\/luchonoticias.com\/editor\/wp-json\/wp\/v2\/types\/post"}],"author":[{"embeddable":true,"href":"https:\/\/luchonoticias.com\/editor\/wp-json\/wp\/v2\/users\/2"}],"replies":[{"embeddable":true,"href":"https:\/\/luchonoticias.com\/editor\/wp-json\/wp\/v2\/comments?post=48552"}],"version-history":[{"count":0,"href":"https:\/\/luchonoticias.com\/editor\/wp-json\/wp\/v2\/posts\/48552\/revisions"}],"wp:attachment":[{"href":"https:\/\/luchonoticias.com\/editor\/wp-json\/wp\/v2\/media?parent=48552"}],"wp:term":[{"taxonomy":"category","embeddable":true,"href":"https:\/\/luchonoticias.com\/editor\/wp-json\/wp\/v2\/categories?post=48552"},{"taxonomy":"post_tag","embeddable":true,"href":"https:\/\/luchonoticias.com\/editor\/wp-json\/wp\/v2\/tags?post=48552"}],"curies":[{"name":"wp","href":"https:\/\/api.w.org\/{rel}","templated":true}]}}