{"id":48557,"date":"2023-03-18T14:05:01","date_gmt":"2023-03-18T19:05:01","guid":{"rendered":"https:\/\/luchonoticias.com\/?p=48557"},"modified":"2023-03-18T14:05:02","modified_gmt":"2023-03-18T19:05:02","slug":"petro-invita-a-victimas-de-la-protesta-social-a-establecer-comunicacion-con-el-gobierno-para-el-proceso-de-reparacion","status":"publish","type":"post","link":"https:\/\/luchonoticias.com\/editor\/petro-invita-a-victimas-de-la-protesta-social-a-establecer-comunicacion-con-el-gobierno-para-el-proceso-de-reparacion\/","title":{"rendered":"Petro invita a v\u00edctimas de la protesta social a establecer comunicaci\u00f3n con el Gobierno para el proceso de reparaci\u00f3n"},"content":{"rendered":"\n<p>En desarrollo de la tercera jornada de \u2018Gobierno Escucha\u2019, que se realiz\u00f3 este viernes en el municipio de Quinch\u00eda (Risaralda), el Presidente Gustavo Petro invit\u00f3 a las v\u00edctimas de Estado, en el marco de la protesta social del 2021 a establecer un di\u00e1logo con el Gobierno Nacional, con el fin de avanzar en los mecanismos de reparaci\u00f3n.<\/p>\n\n\n\n<p>\u201cHay que establecer una comunicaci\u00f3n entre una asociaci\u00f3n de v\u00edctimas y el Gobierno para fijar las condiciones de esa reparaci\u00f3n de v\u00edctimas que produjo el Estado; es necesario que podamos sanar esa herida\u201d, dijo el Mandatario.<\/p>\n\n\n\n<p>El Jefe de Estado hizo referencia al tema al entablar un di\u00e1logo p\u00fablico con Sidssy Uribe, hermana de Lucas Villa, quien fue asesinado en mayo del 2021 en la ciudad de Pereira durante las jornadas del paro nacional.<\/p>\n\n\n\n<p>De hecho, el Presidente Petro le concedi\u00f3 la palabra a la hermana de Villa, quien exigi\u00f3 justicia.<\/p>\n\n\n\n<p>\u201cVengo como v\u00edctima a reclamar por justicia, porque ya son dos a\u00f1os del homicidio de mi hermano Lucas Villa; no hay justicia, y justamente yo quisiera recordarles que hoy 17 de marzo mi hermano Lucas Villa estar\u00eda cumpliendo 39 a\u00f1os. No solamente somos v\u00edctimas del paro, los l\u00edderes y lideresas sociales a\u00fan tenemos temor\u201d, manifest\u00f3 Sidssy Uribe.<\/p>\n\n\n\n<p>Al respecto, el Presidente Petro record\u00f3 que la Comisi\u00f3n Interamericana de Derechos Humanos (CIDH) fij\u00f3 unas recomendaciones frente a lo ocurrido en la protesta social.<\/p>\n\n\n\n<p>\u201cDe esas recomendaciones hubo una sobre la reforma a la Polic\u00eda; hubo otras que tienen que ver con la indemnizaci\u00f3n, con la reparaci\u00f3n, hasta donde es posible, de los familiares o las v\u00edctimas sobrevivientes del estallido social\u201d, sostuvo el Mandatario.<\/p>\n\n\n\n<p>Cabe recordar que el Gobierno Nacional y la Comisi\u00f3n Interamericana de Derechos Humanos (CIDH) acordaron en enero pasado la creaci\u00f3n de un mecanismo de seguimiento a las recomendaciones presentadas por este organismo en un informe sobre los hechos ocurridos durante la protesta social en Colombia, entre los a\u00f1os 2020 y 2021.<\/p>\n\n\n\n<p>En ese momento, la Presidenta de la CIDH, Julissa Mantilla, explic\u00f3 que en el citado informe la Comisi\u00f3n \u201creconoce los hechos concretos del estallido, pero las causas estructurales y, sobretodo, este seguimiento de recomendaciones implica abordar la situaci\u00f3n, garantizar el derecho a la protesta, el respeto a la interseccionalidad, el rechazo que se tiene que dar a la judicializaci\u00f3n de la protesta\u201d.<\/p>\n\n\n\n<p>Al final de la jornada de di\u00e1logo, el Presidente Petro se refiri\u00f3 a compromisos del Gobierno Nacional para el desarrollo de la regi\u00f3n de obras de infraestructura.<\/p>\n","protected":false},"excerpt":{"rendered":"<p>En desarrollo de la tercera jornada de \u2018Gobierno Escucha\u2019, que se realiz\u00f3 este viernes en el municipio de Quinch\u00eda (Risaralda), el Presidente Gustavo Petro invit\u00f3 a las v\u00edctimas de Estado, en el marco de la protesta social del 2021 a establecer un di\u00e1logo con el Gobierno Nacional, con el fin de avanzar en los mecanismos [&hellip;]<\/p>\n","protected":false},"author":2,"featured_media":0,"comment_status":"open","ping_status":"open","sticky":false,"template":"","format":"standard","meta":{"footnotes":""},"categories":[36,32],"tags":[],"class_list":["post-48557","post","type-post","status-publish","format-standard","hentry","category-destacado","category-nacional"],"yoast_head":"<!-- This site is optimized with the Yoast SEO plugin v26.6 - https:\/\/yoast.com\/wordpress\/plugins\/seo\/ -->\n<title>Petro invita a v\u00edctimas de la protesta social a establecer comunicaci\u00f3n con el Gobierno para el proceso de reparaci\u00f3n -<\/title>\n<meta name=\"robots\" content=\"index, follow, max-snippet:-1, max-image-preview:large, max-video-preview:-1\" \/>\n<link rel=\"canonical\" href=\"https:\/\/luchonoticias.com\/editor\/petro-invita-a-victimas-de-la-protesta-social-a-establecer-comunicacion-con-el-gobierno-para-el-proceso-de-reparacion\/\" \/>\n<meta property=\"og:locale\" content=\"es_ES\" \/>\n<meta property=\"og:type\" content=\"article\" \/>\n<meta property=\"og:title\" content=\"Petro invita a v\u00edctimas de la protesta social a establecer comunicaci\u00f3n con el Gobierno para el proceso de reparaci\u00f3n -\" \/>\n<meta property=\"og:url\" content=\"https:\/\/luchonoticias.com\/editor\/petro-invita-a-victimas-de-la-protesta-social-a-establecer-comunicacion-con-el-gobierno-para-el-proceso-de-reparacion\/\" \/>\n<meta property=\"article:publisher\" content=\"https:\/\/www.facebook.com\/luchonoticiasneiva\" \/>\n<meta property=\"article:published_time\" content=\"2023-03-18T19:05:01+00:00\" \/>\n<meta property=\"article:modified_time\" content=\"2023-03-18T19:05:02+00:00\" \/>\n<meta name=\"author\" content=\"Editor General\" \/>\n<meta name=\"twitter:card\" content=\"summary_large_image\" \/>\n<meta name=\"twitter:label1\" content=\"Escrito por\" \/>\n\t<meta name=\"twitter:data1\" content=\"Editor General\" \/>\n\t<meta name=\"twitter:label2\" content=\"Tiempo de lectura\" \/>\n\t<meta name=\"twitter:data2\" content=\"2 minutos\" \/>\n<script type=\"application\/ld+json\" class=\"yoast-schema-graph\">{\"@context\":\"https:\/\/schema.org\",\"@graph\":[{\"@type\":\"Article\",\"@id\":\"https:\/\/luchonoticias.com\/editor\/petro-invita-a-victimas-de-la-protesta-social-a-establecer-comunicacion-con-el-gobierno-para-el-proceso-de-reparacion\/#article\",\"isPartOf\":{\"@id\":\"https:\/\/luchonoticias.com\/editor\/petro-invita-a-victimas-de-la-protesta-social-a-establecer-comunicacion-con-el-gobierno-para-el-proceso-de-reparacion\/\"},\"author\":{\"name\":\"Editor General\",\"@id\":\"https:\/\/luchonoticias.com\/editor\/#\/schema\/person\/29217990ddf6f14e35912b2866d591fb\"},\"headline\":\"Petro invita a v\u00edctimas de la protesta social a establecer comunicaci\u00f3n con el Gobierno para el proceso de reparaci\u00f3n\",\"datePublished\":\"2023-03-18T19:05:01+00:00\",\"dateModified\":\"2023-03-18T19:05:02+00:00\",\"mainEntityOfPage\":{\"@id\":\"https:\/\/luchonoticias.com\/editor\/petro-invita-a-victimas-de-la-protesta-social-a-establecer-comunicacion-con-el-gobierno-para-el-proceso-de-reparacion\/\"},\"wordCount\":457,\"commentCount\":0,\"publisher\":{\"@id\":\"https:\/\/luchonoticias.com\/editor\/#\/schema\/person\/7a7fd911f58561fd056dbac7b55af9cd\"},\"articleSection\":[\"Destacado\",\"Nacional\"],\"inLanguage\":\"es\",\"potentialAction\":[{\"@type\":\"CommentAction\",\"name\":\"Comment\",\"target\":[\"https:\/\/luchonoticias.com\/editor\/petro-invita-a-victimas-de-la-protesta-social-a-establecer-comunicacion-con-el-gobierno-para-el-proceso-de-reparacion\/#respond\"]}]},{\"@type\":\"WebPage\",\"@id\":\"https:\/\/luchonoticias.com\/editor\/petro-invita-a-victimas-de-la-protesta-social-a-establecer-comunicacion-con-el-gobierno-para-el-proceso-de-reparacion\/\",\"url\":\"https:\/\/luchonoticias.com\/editor\/petro-invita-a-victimas-de-la-protesta-social-a-establecer-comunicacion-con-el-gobierno-para-el-proceso-de-reparacion\/\",\"name\":\"Petro invita a v\u00edctimas de la protesta social a establecer comunicaci\u00f3n con el Gobierno para el proceso de reparaci\u00f3n -\",\"isPartOf\":{\"@id\":\"https:\/\/luchonoticias.com\/editor\/#website\"},\"datePublished\":\"2023-03-18T19:05:01+00:00\",\"dateModified\":\"2023-03-18T19:05:02+00:00\",\"breadcrumb\":{\"@id\":\"https:\/\/luchonoticias.com\/editor\/petro-invita-a-victimas-de-la-protesta-social-a-establecer-comunicacion-con-el-gobierno-para-el-proceso-de-reparacion\/#breadcrumb\"},\"inLanguage\":\"es\",\"potentialAction\":[{\"@type\":\"ReadAction\",\"target\":[\"https:\/\/luchonoticias.com\/editor\/petro-invita-a-victimas-de-la-protesta-social-a-establecer-comunicacion-con-el-gobierno-para-el-proceso-de-reparacion\/\"]}]},{\"@type\":\"BreadcrumbList\",\"@id\":\"https:\/\/luchonoticias.com\/editor\/petro-invita-a-victimas-de-la-protesta-social-a-establecer-comunicacion-con-el-gobierno-para-el-proceso-de-reparacion\/#breadcrumb\",\"itemListElement\":[{\"@type\":\"ListItem\",\"position\":1,\"name\":\"Portada\",\"item\":\"https:\/\/luchonoticias.com\/editor\/\"},{\"@type\":\"ListItem\",\"position\":2,\"name\":\"Petro invita a v\u00edctimas de la protesta social a establecer comunicaci\u00f3n con el Gobierno para el proceso de reparaci\u00f3n\"}]},{\"@type\":\"WebSite\",\"@id\":\"https:\/\/luchonoticias.com\/editor\/#website\",\"url\":\"https:\/\/luchonoticias.com\/editor\/\",\"name\":\"\",\"description\":\"\",\"publisher\":{\"@id\":\"https:\/\/luchonoticias.com\/editor\/#\/schema\/person\/7a7fd911f58561fd056dbac7b55af9cd\"},\"potentialAction\":[{\"@type\":\"SearchAction\",\"target\":{\"@type\":\"EntryPoint\",\"urlTemplate\":\"https:\/\/luchonoticias.com\/editor\/?s={search_term_string}\"},\"query-input\":{\"@type\":\"PropertyValueSpecification\",\"valueRequired\":true,\"valueName\":\"search_term_string\"}}],\"inLanguage\":\"es\"},{\"@type\":[\"Person\",\"Organization\"],\"@id\":\"https:\/\/luchonoticias.com\/editor\/#\/schema\/person\/7a7fd911f58561fd056dbac7b55af9cd\",\"name\":\"admin\",\"image\":{\"@type\":\"ImageObject\",\"inLanguage\":\"es\",\"@id\":\"https:\/\/luchonoticias.com\/editor\/#\/schema\/person\/image\/\",\"url\":\"https:\/\/luchonoticias.com\/editor\/wp-content\/uploads\/2024\/02\/cropped-cropped-logolu.webp\",\"contentUrl\":\"https:\/\/luchonoticias.com\/editor\/wp-content\/uploads\/2024\/02\/cropped-cropped-logolu.webp\",\"width\":382,\"height\":170,\"caption\":\"admin\"},\"logo\":{\"@id\":\"https:\/\/luchonoticias.com\/editor\/#\/schema\/person\/image\/\"},\"sameAs\":[\"https:\/\/www.facebook.com\/luchonoticiasneiva\"]},{\"@type\":\"Person\",\"@id\":\"https:\/\/luchonoticias.com\/editor\/#\/schema\/person\/29217990ddf6f14e35912b2866d591fb\",\"name\":\"Editor General\",\"image\":{\"@type\":\"ImageObject\",\"inLanguage\":\"es\",\"@id\":\"https:\/\/luchonoticias.com\/editor\/#\/schema\/person\/image\/\",\"url\":\"https:\/\/luchonoticias.com\/editor\/wp-content\/uploads\/2024\/02\/cropped-cropped-logolu-150x150.webp\",\"contentUrl\":\"https:\/\/luchonoticias.com\/editor\/wp-content\/uploads\/2024\/02\/cropped-cropped-logolu-150x150.webp\",\"caption\":\"Editor General\"},\"sameAs\":[\"https:\/\/luchonoticias.com\/\"],\"url\":\"https:\/\/luchonoticias.com\/editor\/author\/editor-general\/\"}]}<\/script>\n<!-- \/ Yoast SEO plugin. -->","yoast_head_json":{"title":"Petro invita a v\u00edctimas de la protesta social a establecer comunicaci\u00f3n con el Gobierno para el proceso de reparaci\u00f3n -","robots":{"index":"index","follow":"follow","max-snippet":"max-snippet:-1","max-image-preview":"max-image-preview:large","max-video-preview":"max-video-preview:-1"},"canonical":"https:\/\/luchonoticias.com\/editor\/petro-invita-a-victimas-de-la-protesta-social-a-establecer-comunicacion-con-el-gobierno-para-el-proceso-de-reparacion\/","og_locale":"es_ES","og_type":"article","og_title":"Petro invita a v\u00edctimas de la protesta social a establecer comunicaci\u00f3n con el Gobierno para el proceso de reparaci\u00f3n -","og_url":"https:\/\/luchonoticias.com\/editor\/petro-invita-a-victimas-de-la-protesta-social-a-establecer-comunicacion-con-el-gobierno-para-el-proceso-de-reparacion\/","article_publisher":"https:\/\/www.facebook.com\/luchonoticiasneiva","article_published_time":"2023-03-18T19:05:01+00:00","article_modified_time":"2023-03-18T19:05:02+00:00","author":"Editor General","twitter_card":"summary_large_image","twitter_misc":{"Escrito por":"Editor General","Tiempo de lectura":"2 minutos"},"schema":{"@context":"https:\/\/schema.org","@graph":[{"@type":"Article","@id":"https:\/\/luchonoticias.com\/editor\/petro-invita-a-victimas-de-la-protesta-social-a-establecer-comunicacion-con-el-gobierno-para-el-proceso-de-reparacion\/#article","isPartOf":{"@id":"https:\/\/luchonoticias.com\/editor\/petro-invita-a-victimas-de-la-protesta-social-a-establecer-comunicacion-con-el-gobierno-para-el-proceso-de-reparacion\/"},"author":{"name":"Editor General","@id":"https:\/\/luchonoticias.com\/editor\/#\/schema\/person\/29217990ddf6f14e35912b2866d591fb"},"headline":"Petro invita a v\u00edctimas de la protesta social a establecer comunicaci\u00f3n con el Gobierno para el proceso de reparaci\u00f3n","datePublished":"2023-03-18T19:05:01+00:00","dateModified":"2023-03-18T19:05:02+00:00","mainEntityOfPage":{"@id":"https:\/\/luchonoticias.com\/editor\/petro-invita-a-victimas-de-la-protesta-social-a-establecer-comunicacion-con-el-gobierno-para-el-proceso-de-reparacion\/"},"wordCount":457,"commentCount":0,"publisher":{"@id":"https:\/\/luchonoticias.com\/editor\/#\/schema\/person\/7a7fd911f58561fd056dbac7b55af9cd"},"articleSection":["Destacado","Nacional"],"inLanguage":"es","potentialAction":[{"@type":"CommentAction","name":"Comment","target":["https:\/\/luchonoticias.com\/editor\/petro-invita-a-victimas-de-la-protesta-social-a-establecer-comunicacion-con-el-gobierno-para-el-proceso-de-reparacion\/#respond"]}]},{"@type":"WebPage","@id":"https:\/\/luchonoticias.com\/editor\/petro-invita-a-victimas-de-la-protesta-social-a-establecer-comunicacion-con-el-gobierno-para-el-proceso-de-reparacion\/","url":"https:\/\/luchonoticias.com\/editor\/petro-invita-a-victimas-de-la-protesta-social-a-establecer-comunicacion-con-el-gobierno-para-el-proceso-de-reparacion\/","name":"Petro invita a v\u00edctimas de la protesta social a establecer comunicaci\u00f3n con el Gobierno para el proceso de reparaci\u00f3n -","isPartOf":{"@id":"https:\/\/luchonoticias.com\/editor\/#website"},"datePublished":"2023-03-18T19:05:01+00:00","dateModified":"2023-03-18T19:05:02+00:00","breadcrumb":{"@id":"https:\/\/luchonoticias.com\/editor\/petro-invita-a-victimas-de-la-protesta-social-a-establecer-comunicacion-con-el-gobierno-para-el-proceso-de-reparacion\/#breadcrumb"},"inLanguage":"es","potentialAction":[{"@type":"ReadAction","target":["https:\/\/luchonoticias.com\/editor\/petro-invita-a-victimas-de-la-protesta-social-a-establecer-comunicacion-con-el-gobierno-para-el-proceso-de-reparacion\/"]}]},{"@type":"BreadcrumbList","@id":"https:\/\/luchonoticias.com\/editor\/petro-invita-a-victimas-de-la-protesta-social-a-establecer-comunicacion-con-el-gobierno-para-el-proceso-de-reparacion\/#breadcrumb","itemListElement":[{"@type":"ListItem","position":1,"name":"Portada","item":"https:\/\/luchonoticias.com\/editor\/"},{"@type":"ListItem","position":2,"name":"Petro invita a v\u00edctimas de la protesta social a establecer comunicaci\u00f3n con el Gobierno para el proceso de reparaci\u00f3n"}]},{"@type":"WebSite","@id":"https:\/\/luchonoticias.com\/editor\/#website","url":"https:\/\/luchonoticias.com\/editor\/","name":"","description":"","publisher":{"@id":"https:\/\/luchonoticias.com\/editor\/#\/schema\/person\/7a7fd911f58561fd056dbac7b55af9cd"},"potentialAction":[{"@type":"SearchAction","target":{"@type":"EntryPoint","urlTemplate":"https:\/\/luchonoticias.com\/editor\/?s={search_term_string}"},"query-input":{"@type":"PropertyValueSpecification","valueRequired":true,"valueName":"search_term_string"}}],"inLanguage":"es"},{"@type":["Person","Organization"],"@id":"https:\/\/luchonoticias.com\/editor\/#\/schema\/person\/7a7fd911f58561fd056dbac7b55af9cd","name":"admin","image":{"@type":"ImageObject","inLanguage":"es","@id":"https:\/\/luchonoticias.com\/editor\/#\/schema\/person\/image\/","url":"https:\/\/luchonoticias.com\/editor\/wp-content\/uploads\/2024\/02\/cropped-cropped-logolu.webp","contentUrl":"https:\/\/luchonoticias.com\/editor\/wp-content\/uploads\/2024\/02\/cropped-cropped-logolu.webp","width":382,"height":170,"caption":"admin"},"logo":{"@id":"https:\/\/luchonoticias.com\/editor\/#\/schema\/person\/image\/"},"sameAs":["https:\/\/www.facebook.com\/luchonoticiasneiva"]},{"@type":"Person","@id":"https:\/\/luchonoticias.com\/editor\/#\/schema\/person\/29217990ddf6f14e35912b2866d591fb","name":"Editor General","image":{"@type":"ImageObject","inLanguage":"es","@id":"https:\/\/luchonoticias.com\/editor\/#\/schema\/person\/image\/","url":"https:\/\/luchonoticias.com\/editor\/wp-content\/uploads\/2024\/02\/cropped-cropped-logolu-150x150.webp","contentUrl":"https:\/\/luchonoticias.com\/editor\/wp-content\/uploads\/2024\/02\/cropped-cropped-logolu-150x150.webp","caption":"Editor General"},"sameAs":["https:\/\/luchonoticias.com\/"],"url":"https:\/\/luchonoticias.com\/editor\/author\/editor-general\/"}]}},"_links":{"self":[{"href":"https:\/\/luchonoticias.com\/editor\/wp-json\/wp\/v2\/posts\/48557","targetHints":{"allow":["GET"]}}],"collection":[{"href":"https:\/\/luchonoticias.com\/editor\/wp-json\/wp\/v2\/posts"}],"about":[{"href":"https:\/\/luchonoticias.com\/editor\/wp-json\/wp\/v2\/types\/post"}],"author":[{"embeddable":true,"href":"https:\/\/luchonoticias.com\/editor\/wp-json\/wp\/v2\/users\/2"}],"replies":[{"embeddable":true,"href":"https:\/\/luchonoticias.com\/editor\/wp-json\/wp\/v2\/comments?post=48557"}],"version-history":[{"count":0,"href":"https:\/\/luchonoticias.com\/editor\/wp-json\/wp\/v2\/posts\/48557\/revisions"}],"wp:attachment":[{"href":"https:\/\/luchonoticias.com\/editor\/wp-json\/wp\/v2\/media?parent=48557"}],"wp:term":[{"taxonomy":"category","embeddable":true,"href":"https:\/\/luchonoticias.com\/editor\/wp-json\/wp\/v2\/categories?post=48557"},{"taxonomy":"post_tag","embeddable":true,"href":"https:\/\/luchonoticias.com\/editor\/wp-json\/wp\/v2\/tags?post=48557"}],"curies":[{"name":"wp","href":"https:\/\/api.w.org\/{rel}","templated":true}]}}