{"id":48564,"date":"2023-03-18T14:19:51","date_gmt":"2023-03-18T19:19:51","guid":{"rendered":"https:\/\/luchonoticias.com\/?p=48564"},"modified":"2023-03-18T14:19:52","modified_gmt":"2023-03-18T19:19:52","slug":"desarticulado-mercado-ilegal-entre-frontera-de-colombia-y-ecuador","status":"publish","type":"post","link":"https:\/\/luchonoticias.com\/editor\/desarticulado-mercado-ilegal-entre-frontera-de-colombia-y-ecuador\/","title":{"rendered":"Desarticulado mercado ilegal entre frontera de Colombia y Ecuador"},"content":{"rendered":"\n<p>La Fiscal\u00eda General de la Naci\u00f3n identific\u00f3 un mercado ilegal en zona de frontera con Ecuador en el que se ofrecen productos de uso masivo y personal falsos, poniendo en riesgo la salud y la vida de los consumidores.<\/p>\n\n\n\n<p>En diligencias de registro y allanamiento realizadas en cinco inmuebles de Pasto (Nari\u00f1o), funcionarios del CTI incautaron cuatro toneladas de preservativos, anti\u00e1cidos para calmar el malestar estomacal, talcos para pies, analg\u00e9sicos, cuchillas de afeitar, ung\u00fcentos, aceites, desodorantes y geles antibacteriales, entre otro productos falsificados que estaban empacados y listos para ser distribuidos.<\/p>\n\n\n\n<p>Durante la investigaci\u00f3n se estableci\u00f3 que los medicamentos y dem\u00e1s art\u00edculos eran elaborados clandestinamente en Bogot\u00e1 y Medell\u00edn (Antioquia); y enviados a Pasto en veh\u00edculos de acarreos o usados para el transporte de animales, verduras o tub\u00e9rculos, sin ninguna medida de salubridad y de conservaci\u00f3n.<\/p>\n\n\n\n<figure class=\"wp-block-gallery has-nested-images columns-default is-cropped wp-block-gallery-1 is-layout-flex wp-block-gallery-is-layout-flex\">\n<figure class=\"wp-block-image size-large\"><img decoding=\"async\" data-id=\"48566\" src=\"https:\/\/luchonoticias.com\/wp-content\/uploads\/2023\/03\/WhatsApp-Image-2023-03-18-at-8.03.40-AM-1-793x1024.jpeg\" alt=\"\" class=\"wp-image-48566\"\/><\/figure>\n\n\n\n<figure class=\"wp-block-image size-large\"><img decoding=\"async\" data-id=\"48568\" src=\"https:\/\/luchonoticias.com\/wp-content\/uploads\/2023\/03\/WhatsApp-Image-2023-03-18-at-8.03.40-AM-1024x637.jpeg\" alt=\"\" class=\"wp-image-48568\"\/><\/figure>\n\n\n\n<figure class=\"wp-block-image size-large\"><img decoding=\"async\" data-id=\"48567\" src=\"https:\/\/luchonoticias.com\/wp-content\/uploads\/2023\/03\/WhatsApp-Image-2023-03-18-at-8.03.39-AM-1024x568.jpeg\" alt=\"\" class=\"wp-image-48567\"\/><\/figure>\n<\/figure>\n\n\n\n<p>A su llegada a Nari\u00f1o, la mercanc\u00eda la recib\u00eda una red delictiva se\u00f1alada de acopiarla y comercializarla en tiendas, droguer\u00edas y otros establecimientos de comercio. Dos de los presuntos articuladores de esta organizaci\u00f3n fueron capturados en los procedimientos, se trata de Gonzalo Antonio Colorado Garc\u00eda y V\u00edctor David Delgado G\u00f3mez.<\/p>\n\n\n\n<p>Estas personas fueron presentadas ante un juez de control de garant\u00edas y una fiscal del Eje Tem\u00e1tico de Propiedad Intelectual de la Direcci\u00f3n Especializada contra la Violaciones a los Derechos Humanos les imput\u00f3 los delitos de: concierto para delinquir, corrupci\u00f3n de alimentos, productos m\u00e9dicos o material profil\u00e1ctico; usurpaci\u00f3n de derechos de propiedad industrial; e imitaci\u00f3n o simulaci\u00f3n de alimentos, productos o sustancias.<\/p>\n\n\n\n<p>Los procesados aceptaron los cargos y deber\u00e1n cumplir medida de aseguramiento privativa de la libertad en centro carcelario.<\/p>\n\n\n\n<figure class=\"wp-block-gallery has-nested-images columns-default is-cropped wp-block-gallery-2 is-layout-flex wp-block-gallery-is-layout-flex\">\n<figure class=\"wp-block-image size-large\"><img decoding=\"async\" data-id=\"48569\" src=\"https:\/\/luchonoticias.com\/wp-content\/uploads\/2023\/03\/WhatsApp-Image-2023-03-18-at-8.03.42-AM-1-762x1024.jpeg\" alt=\"\" class=\"wp-image-48569\"\/><\/figure>\n\n\n\n<figure class=\"wp-block-image size-large\"><img decoding=\"async\" data-id=\"48570\" src=\"https:\/\/luchonoticias.com\/wp-content\/uploads\/2023\/03\/WhatsApp-Image-2023-03-18-at-8.03.42-AM-631x1024.jpeg\" alt=\"\" class=\"wp-image-48570\"\/><\/figure>\n<\/figure>\n\n\n\n<p><strong>Un peligro inminente<\/strong><\/p>\n\n\n\n<p>El material de prueba recopilado y las verificaciones t\u00e9cnicas permitieron establecer que los medicamentos y otros productos comercializados por esta estructura delictiva ser\u00edan preparados mediante la mezcla indiscriminada de distintos productos o cambiando la apariencia de art\u00edculos descontinuados o en mal estado.<\/p>\n\n\n\n<p>Por ejemplo, qued\u00f3 en evidencia que vend\u00edan preservativos vencidos o de mala calidad, tra\u00eddos subrepticiamente de otros pa\u00edses, a los que les hab\u00eda sido modificados los empaques y la presentaci\u00f3n para hacerlos pasar como condones de reconocidas marcas.<\/p>\n\n\n\n<figure class=\"wp-block-audio\"><audio controls src=\"https:\/\/luchonoticias.com\/wp-content\/uploads\/2023\/03\/AUDIO_DECLA_DIR_CUNDINAMARCA.mp3\" autoplay><\/audio><figcaption class=\"wp-element-caption\">Carlos Manuel Silva Vargas. Director Fiscal\u00edas Seccional Cundinamarca.<\/figcaption><\/figure>\n\n\n\n<p>Algo similar ocurr\u00eda con las m\u00e1quinas de afeitar o los anti\u00e1cidos usados para la llenura o el malestar estomacal, los cuales conten\u00edan altas cantidades de bicarbonato de sodio y otros compuestos.<\/p>\n\n\n\n<p>Los estudios avanzan para establecer si estos medicamentos y productos ser\u00edan la causa de algunas intoxicaciones reportadas en Pasto durante el \u00faltimo a\u00f1o. De igual manera, las investigaciones contin\u00faan para ubicar a otras personas que har\u00edan parte de la red de distribuci\u00f3n y ubicar los centros ilegales de producci\u00f3n en Bogot\u00e1 y Medell\u00edn.<\/p>\n","protected":false},"excerpt":{"rendered":"<p>La Fiscal\u00eda General de la Naci\u00f3n identific\u00f3 un mercado ilegal en zona de frontera con Ecuador en el que se ofrecen productos de uso masivo y personal falsos, poniendo en riesgo la salud y la vida de los consumidores. En diligencias de registro y allanamiento realizadas en cinco inmuebles de Pasto (Nari\u00f1o), funcionarios del CTI [&hellip;]<\/p>\n","protected":false},"author":2,"featured_media":0,"comment_status":"open","ping_status":"open","sticky":false,"template":"","format":"standard","meta":{"footnotes":""},"categories":[36,29],"tags":[],"class_list":["post-48564","post","type-post","status-publish","format-standard","hentry","category-destacado","category-judicial"],"yoast_head":"<!-- This site is optimized with the Yoast SEO plugin v26.6 - https:\/\/yoast.com\/wordpress\/plugins\/seo\/ -->\n<title>Desarticulado mercado ilegal entre frontera de Colombia y Ecuador -<\/title>\n<meta name=\"robots\" content=\"index, follow, max-snippet:-1, max-image-preview:large, max-video-preview:-1\" \/>\n<link rel=\"canonical\" href=\"https:\/\/luchonoticias.com\/editor\/desarticulado-mercado-ilegal-entre-frontera-de-colombia-y-ecuador\/\" \/>\n<meta property=\"og:locale\" content=\"es_ES\" \/>\n<meta property=\"og:type\" content=\"article\" \/>\n<meta property=\"og:title\" content=\"Desarticulado mercado ilegal entre frontera de Colombia y Ecuador -\" \/>\n<meta property=\"og:url\" content=\"https:\/\/luchonoticias.com\/editor\/desarticulado-mercado-ilegal-entre-frontera-de-colombia-y-ecuador\/\" \/>\n<meta property=\"article:publisher\" content=\"https:\/\/www.facebook.com\/luchonoticiasneiva\" \/>\n<meta property=\"article:published_time\" content=\"2023-03-18T19:19:51+00:00\" \/>\n<meta property=\"article:modified_time\" content=\"2023-03-18T19:19:52+00:00\" \/>\n<meta property=\"og:image\" content=\"https:\/\/luchonoticias.com\/wp-content\/uploads\/2023\/03\/WhatsApp-Image-2023-03-18-at-8.03.40-AM-1-793x1024.jpeg\" \/>\n<meta name=\"author\" content=\"Editor General\" \/>\n<meta name=\"twitter:card\" content=\"summary_large_image\" \/>\n<meta name=\"twitter:label1\" content=\"Escrito por\" \/>\n\t<meta name=\"twitter:data1\" content=\"Editor General\" \/>\n\t<meta name=\"twitter:label2\" content=\"Tiempo de lectura\" \/>\n\t<meta name=\"twitter:data2\" content=\"2 minutos\" \/>\n<script type=\"application\/ld+json\" class=\"yoast-schema-graph\">{\"@context\":\"https:\/\/schema.org\",\"@graph\":[{\"@type\":\"Article\",\"@id\":\"https:\/\/luchonoticias.com\/editor\/desarticulado-mercado-ilegal-entre-frontera-de-colombia-y-ecuador\/#article\",\"isPartOf\":{\"@id\":\"https:\/\/luchonoticias.com\/editor\/desarticulado-mercado-ilegal-entre-frontera-de-colombia-y-ecuador\/\"},\"author\":{\"name\":\"Editor General\",\"@id\":\"https:\/\/luchonoticias.com\/editor\/#\/schema\/person\/29217990ddf6f14e35912b2866d591fb\"},\"headline\":\"Desarticulado mercado ilegal entre frontera de Colombia y Ecuador\",\"datePublished\":\"2023-03-18T19:19:51+00:00\",\"dateModified\":\"2023-03-18T19:19:52+00:00\",\"mainEntityOfPage\":{\"@id\":\"https:\/\/luchonoticias.com\/editor\/desarticulado-mercado-ilegal-entre-frontera-de-colombia-y-ecuador\/\"},\"wordCount\":502,\"commentCount\":0,\"publisher\":{\"@id\":\"https:\/\/luchonoticias.com\/editor\/#\/schema\/person\/7a7fd911f58561fd056dbac7b55af9cd\"},\"image\":{\"@id\":\"https:\/\/luchonoticias.com\/editor\/desarticulado-mercado-ilegal-entre-frontera-de-colombia-y-ecuador\/#primaryimage\"},\"thumbnailUrl\":\"https:\/\/luchonoticias.com\/wp-content\/uploads\/2023\/03\/WhatsApp-Image-2023-03-18-at-8.03.40-AM-1-793x1024.jpeg\",\"articleSection\":[\"Destacado\",\"Judicial\"],\"inLanguage\":\"es\",\"potentialAction\":[{\"@type\":\"CommentAction\",\"name\":\"Comment\",\"target\":[\"https:\/\/luchonoticias.com\/editor\/desarticulado-mercado-ilegal-entre-frontera-de-colombia-y-ecuador\/#respond\"]}]},{\"@type\":\"WebPage\",\"@id\":\"https:\/\/luchonoticias.com\/editor\/desarticulado-mercado-ilegal-entre-frontera-de-colombia-y-ecuador\/\",\"url\":\"https:\/\/luchonoticias.com\/editor\/desarticulado-mercado-ilegal-entre-frontera-de-colombia-y-ecuador\/\",\"name\":\"Desarticulado mercado ilegal entre frontera de Colombia y Ecuador -\",\"isPartOf\":{\"@id\":\"https:\/\/luchonoticias.com\/editor\/#website\"},\"primaryImageOfPage\":{\"@id\":\"https:\/\/luchonoticias.com\/editor\/desarticulado-mercado-ilegal-entre-frontera-de-colombia-y-ecuador\/#primaryimage\"},\"image\":{\"@id\":\"https:\/\/luchonoticias.com\/editor\/desarticulado-mercado-ilegal-entre-frontera-de-colombia-y-ecuador\/#primaryimage\"},\"thumbnailUrl\":\"https:\/\/luchonoticias.com\/wp-content\/uploads\/2023\/03\/WhatsApp-Image-2023-03-18-at-8.03.40-AM-1-793x1024.jpeg\",\"datePublished\":\"2023-03-18T19:19:51+00:00\",\"dateModified\":\"2023-03-18T19:19:52+00:00\",\"breadcrumb\":{\"@id\":\"https:\/\/luchonoticias.com\/editor\/desarticulado-mercado-ilegal-entre-frontera-de-colombia-y-ecuador\/#breadcrumb\"},\"inLanguage\":\"es\",\"potentialAction\":[{\"@type\":\"ReadAction\",\"target\":[\"https:\/\/luchonoticias.com\/editor\/desarticulado-mercado-ilegal-entre-frontera-de-colombia-y-ecuador\/\"]}]},{\"@type\":\"ImageObject\",\"inLanguage\":\"es\",\"@id\":\"https:\/\/luchonoticias.com\/editor\/desarticulado-mercado-ilegal-entre-frontera-de-colombia-y-ecuador\/#primaryimage\",\"url\":\"https:\/\/luchonoticias.com\/wp-content\/uploads\/2023\/03\/WhatsApp-Image-2023-03-18-at-8.03.40-AM-1-793x1024.jpeg\",\"contentUrl\":\"https:\/\/luchonoticias.com\/wp-content\/uploads\/2023\/03\/WhatsApp-Image-2023-03-18-at-8.03.40-AM-1-793x1024.jpeg\"},{\"@type\":\"BreadcrumbList\",\"@id\":\"https:\/\/luchonoticias.com\/editor\/desarticulado-mercado-ilegal-entre-frontera-de-colombia-y-ecuador\/#breadcrumb\",\"itemListElement\":[{\"@type\":\"ListItem\",\"position\":1,\"name\":\"Portada\",\"item\":\"https:\/\/luchonoticias.com\/editor\/\"},{\"@type\":\"ListItem\",\"position\":2,\"name\":\"Desarticulado mercado ilegal entre frontera de Colombia y Ecuador\"}]},{\"@type\":\"WebSite\",\"@id\":\"https:\/\/luchonoticias.com\/editor\/#website\",\"url\":\"https:\/\/luchonoticias.com\/editor\/\",\"name\":\"\",\"description\":\"\",\"publisher\":{\"@id\":\"https:\/\/luchonoticias.com\/editor\/#\/schema\/person\/7a7fd911f58561fd056dbac7b55af9cd\"},\"potentialAction\":[{\"@type\":\"SearchAction\",\"target\":{\"@type\":\"EntryPoint\",\"urlTemplate\":\"https:\/\/luchonoticias.com\/editor\/?s={search_term_string}\"},\"query-input\":{\"@type\":\"PropertyValueSpecification\",\"valueRequired\":true,\"valueName\":\"search_term_string\"}}],\"inLanguage\":\"es\"},{\"@type\":[\"Person\",\"Organization\"],\"@id\":\"https:\/\/luchonoticias.com\/editor\/#\/schema\/person\/7a7fd911f58561fd056dbac7b55af9cd\",\"name\":\"admin\",\"image\":{\"@type\":\"ImageObject\",\"inLanguage\":\"es\",\"@id\":\"https:\/\/luchonoticias.com\/editor\/#\/schema\/person\/image\/\",\"url\":\"https:\/\/luchonoticias.com\/editor\/wp-content\/uploads\/2024\/02\/cropped-cropped-logolu.webp\",\"contentUrl\":\"https:\/\/luchonoticias.com\/editor\/wp-content\/uploads\/2024\/02\/cropped-cropped-logolu.webp\",\"width\":382,\"height\":170,\"caption\":\"admin\"},\"logo\":{\"@id\":\"https:\/\/luchonoticias.com\/editor\/#\/schema\/person\/image\/\"},\"sameAs\":[\"https:\/\/www.facebook.com\/luchonoticiasneiva\"]},{\"@type\":\"Person\",\"@id\":\"https:\/\/luchonoticias.com\/editor\/#\/schema\/person\/29217990ddf6f14e35912b2866d591fb\",\"name\":\"Editor General\",\"image\":{\"@type\":\"ImageObject\",\"inLanguage\":\"es\",\"@id\":\"https:\/\/luchonoticias.com\/editor\/#\/schema\/person\/image\/\",\"url\":\"https:\/\/luchonoticias.com\/editor\/wp-content\/uploads\/2024\/02\/cropped-cropped-logolu-150x150.webp\",\"contentUrl\":\"https:\/\/luchonoticias.com\/editor\/wp-content\/uploads\/2024\/02\/cropped-cropped-logolu-150x150.webp\",\"caption\":\"Editor General\"},\"sameAs\":[\"https:\/\/luchonoticias.com\/\"],\"url\":\"https:\/\/luchonoticias.com\/editor\/author\/editor-general\/\"}]}<\/script>\n<!-- \/ Yoast SEO plugin. -->","yoast_head_json":{"title":"Desarticulado mercado ilegal entre frontera de Colombia y Ecuador -","robots":{"index":"index","follow":"follow","max-snippet":"max-snippet:-1","max-image-preview":"max-image-preview:large","max-video-preview":"max-video-preview:-1"},"canonical":"https:\/\/luchonoticias.com\/editor\/desarticulado-mercado-ilegal-entre-frontera-de-colombia-y-ecuador\/","og_locale":"es_ES","og_type":"article","og_title":"Desarticulado mercado ilegal entre frontera de Colombia y Ecuador -","og_url":"https:\/\/luchonoticias.com\/editor\/desarticulado-mercado-ilegal-entre-frontera-de-colombia-y-ecuador\/","article_publisher":"https:\/\/www.facebook.com\/luchonoticiasneiva","article_published_time":"2023-03-18T19:19:51+00:00","article_modified_time":"2023-03-18T19:19:52+00:00","og_image":[{"url":"https:\/\/luchonoticias.com\/wp-content\/uploads\/2023\/03\/WhatsApp-Image-2023-03-18-at-8.03.40-AM-1-793x1024.jpeg","type":"","width":"","height":""}],"author":"Editor General","twitter_card":"summary_large_image","twitter_misc":{"Escrito por":"Editor General","Tiempo de lectura":"2 minutos"},"schema":{"@context":"https:\/\/schema.org","@graph":[{"@type":"Article","@id":"https:\/\/luchonoticias.com\/editor\/desarticulado-mercado-ilegal-entre-frontera-de-colombia-y-ecuador\/#article","isPartOf":{"@id":"https:\/\/luchonoticias.com\/editor\/desarticulado-mercado-ilegal-entre-frontera-de-colombia-y-ecuador\/"},"author":{"name":"Editor General","@id":"https:\/\/luchonoticias.com\/editor\/#\/schema\/person\/29217990ddf6f14e35912b2866d591fb"},"headline":"Desarticulado mercado ilegal entre frontera de Colombia y Ecuador","datePublished":"2023-03-18T19:19:51+00:00","dateModified":"2023-03-18T19:19:52+00:00","mainEntityOfPage":{"@id":"https:\/\/luchonoticias.com\/editor\/desarticulado-mercado-ilegal-entre-frontera-de-colombia-y-ecuador\/"},"wordCount":502,"commentCount":0,"publisher":{"@id":"https:\/\/luchonoticias.com\/editor\/#\/schema\/person\/7a7fd911f58561fd056dbac7b55af9cd"},"image":{"@id":"https:\/\/luchonoticias.com\/editor\/desarticulado-mercado-ilegal-entre-frontera-de-colombia-y-ecuador\/#primaryimage"},"thumbnailUrl":"https:\/\/luchonoticias.com\/wp-content\/uploads\/2023\/03\/WhatsApp-Image-2023-03-18-at-8.03.40-AM-1-793x1024.jpeg","articleSection":["Destacado","Judicial"],"inLanguage":"es","potentialAction":[{"@type":"CommentAction","name":"Comment","target":["https:\/\/luchonoticias.com\/editor\/desarticulado-mercado-ilegal-entre-frontera-de-colombia-y-ecuador\/#respond"]}]},{"@type":"WebPage","@id":"https:\/\/luchonoticias.com\/editor\/desarticulado-mercado-ilegal-entre-frontera-de-colombia-y-ecuador\/","url":"https:\/\/luchonoticias.com\/editor\/desarticulado-mercado-ilegal-entre-frontera-de-colombia-y-ecuador\/","name":"Desarticulado mercado ilegal entre frontera de Colombia y Ecuador -","isPartOf":{"@id":"https:\/\/luchonoticias.com\/editor\/#website"},"primaryImageOfPage":{"@id":"https:\/\/luchonoticias.com\/editor\/desarticulado-mercado-ilegal-entre-frontera-de-colombia-y-ecuador\/#primaryimage"},"image":{"@id":"https:\/\/luchonoticias.com\/editor\/desarticulado-mercado-ilegal-entre-frontera-de-colombia-y-ecuador\/#primaryimage"},"thumbnailUrl":"https:\/\/luchonoticias.com\/wp-content\/uploads\/2023\/03\/WhatsApp-Image-2023-03-18-at-8.03.40-AM-1-793x1024.jpeg","datePublished":"2023-03-18T19:19:51+00:00","dateModified":"2023-03-18T19:19:52+00:00","breadcrumb":{"@id":"https:\/\/luchonoticias.com\/editor\/desarticulado-mercado-ilegal-entre-frontera-de-colombia-y-ecuador\/#breadcrumb"},"inLanguage":"es","potentialAction":[{"@type":"ReadAction","target":["https:\/\/luchonoticias.com\/editor\/desarticulado-mercado-ilegal-entre-frontera-de-colombia-y-ecuador\/"]}]},{"@type":"ImageObject","inLanguage":"es","@id":"https:\/\/luchonoticias.com\/editor\/desarticulado-mercado-ilegal-entre-frontera-de-colombia-y-ecuador\/#primaryimage","url":"https:\/\/luchonoticias.com\/wp-content\/uploads\/2023\/03\/WhatsApp-Image-2023-03-18-at-8.03.40-AM-1-793x1024.jpeg","contentUrl":"https:\/\/luchonoticias.com\/wp-content\/uploads\/2023\/03\/WhatsApp-Image-2023-03-18-at-8.03.40-AM-1-793x1024.jpeg"},{"@type":"BreadcrumbList","@id":"https:\/\/luchonoticias.com\/editor\/desarticulado-mercado-ilegal-entre-frontera-de-colombia-y-ecuador\/#breadcrumb","itemListElement":[{"@type":"ListItem","position":1,"name":"Portada","item":"https:\/\/luchonoticias.com\/editor\/"},{"@type":"ListItem","position":2,"name":"Desarticulado mercado ilegal entre frontera de Colombia y Ecuador"}]},{"@type":"WebSite","@id":"https:\/\/luchonoticias.com\/editor\/#website","url":"https:\/\/luchonoticias.com\/editor\/","name":"","description":"","publisher":{"@id":"https:\/\/luchonoticias.com\/editor\/#\/schema\/person\/7a7fd911f58561fd056dbac7b55af9cd"},"potentialAction":[{"@type":"SearchAction","target":{"@type":"EntryPoint","urlTemplate":"https:\/\/luchonoticias.com\/editor\/?s={search_term_string}"},"query-input":{"@type":"PropertyValueSpecification","valueRequired":true,"valueName":"search_term_string"}}],"inLanguage":"es"},{"@type":["Person","Organization"],"@id":"https:\/\/luchonoticias.com\/editor\/#\/schema\/person\/7a7fd911f58561fd056dbac7b55af9cd","name":"admin","image":{"@type":"ImageObject","inLanguage":"es","@id":"https:\/\/luchonoticias.com\/editor\/#\/schema\/person\/image\/","url":"https:\/\/luchonoticias.com\/editor\/wp-content\/uploads\/2024\/02\/cropped-cropped-logolu.webp","contentUrl":"https:\/\/luchonoticias.com\/editor\/wp-content\/uploads\/2024\/02\/cropped-cropped-logolu.webp","width":382,"height":170,"caption":"admin"},"logo":{"@id":"https:\/\/luchonoticias.com\/editor\/#\/schema\/person\/image\/"},"sameAs":["https:\/\/www.facebook.com\/luchonoticiasneiva"]},{"@type":"Person","@id":"https:\/\/luchonoticias.com\/editor\/#\/schema\/person\/29217990ddf6f14e35912b2866d591fb","name":"Editor General","image":{"@type":"ImageObject","inLanguage":"es","@id":"https:\/\/luchonoticias.com\/editor\/#\/schema\/person\/image\/","url":"https:\/\/luchonoticias.com\/editor\/wp-content\/uploads\/2024\/02\/cropped-cropped-logolu-150x150.webp","contentUrl":"https:\/\/luchonoticias.com\/editor\/wp-content\/uploads\/2024\/02\/cropped-cropped-logolu-150x150.webp","caption":"Editor General"},"sameAs":["https:\/\/luchonoticias.com\/"],"url":"https:\/\/luchonoticias.com\/editor\/author\/editor-general\/"}]}},"_links":{"self":[{"href":"https:\/\/luchonoticias.com\/editor\/wp-json\/wp\/v2\/posts\/48564","targetHints":{"allow":["GET"]}}],"collection":[{"href":"https:\/\/luchonoticias.com\/editor\/wp-json\/wp\/v2\/posts"}],"about":[{"href":"https:\/\/luchonoticias.com\/editor\/wp-json\/wp\/v2\/types\/post"}],"author":[{"embeddable":true,"href":"https:\/\/luchonoticias.com\/editor\/wp-json\/wp\/v2\/users\/2"}],"replies":[{"embeddable":true,"href":"https:\/\/luchonoticias.com\/editor\/wp-json\/wp\/v2\/comments?post=48564"}],"version-history":[{"count":0,"href":"https:\/\/luchonoticias.com\/editor\/wp-json\/wp\/v2\/posts\/48564\/revisions"}],"wp:attachment":[{"href":"https:\/\/luchonoticias.com\/editor\/wp-json\/wp\/v2\/media?parent=48564"}],"wp:term":[{"taxonomy":"category","embeddable":true,"href":"https:\/\/luchonoticias.com\/editor\/wp-json\/wp\/v2\/categories?post=48564"},{"taxonomy":"post_tag","embeddable":true,"href":"https:\/\/luchonoticias.com\/editor\/wp-json\/wp\/v2\/tags?post=48564"}],"curies":[{"name":"wp","href":"https:\/\/api.w.org\/{rel}","templated":true}]}}